{"id":6073,"date":"2009-10-23T10:38:03","date_gmt":"2009-10-23T08:38:03","guid":{"rendered":"http:\/\/konsumpf.de\/?p=6073"},"modified":"2009-10-21T20:17:26","modified_gmt":"2009-10-21T18:17:26","slug":"zwei-aktionstipps-fur-den-samstag-flashmob-in-kiel-und-carrotmob-in-berlin","status":"publish","type":"post","link":"https:\/\/konsumpf.de\/?p=6073","title":{"rendered":"Zwei Aktionstipps f\u00fcr den Samstag: Flashmob in Kiel und Carrotmob in Berlin"},"content":{"rendered":"<p>Was kann man an einem Samstag Besseres machen, als \u201esch\u00f6n shoppen\u201c zu gehen? Sehr viel. F\u00fcr Leser in Kiel und in Berlin bieten sich morgen, am <strong>24.10.<\/strong>, konkret zwei Aktionen an, denen auch eine sinnvolle Absicht zugrunde liegt.<\/p>\n<p>In <strong>Kiel<\/strong> wird am weltweiten Klimaaktionstag auf dem Rathausplatz versucht, gerade die Kieler Verantwortlichen aufzur\u00fctteln, die sich durch wenig klimabewusste Planungen (so wurde zusammen mit Vattenfall ein neues Kohlekraftwerk geplant und erst durch B\u00fcrgerinitiativen verhindert) nicht gerade mit Ruhm bekleckert haben. Hier der Aufruf von BUNDjugend und Attac:<\/p>\n<blockquote><p>Attac wird mit einem Stand und vielen Leuten dabei sein, au\u00dferdem mit einer Mobilisierungszeitung f\u00fcr den Klimagipfel in Kopenhagen.<br \/>\nVorab schon mal eine Internetseite mit vielen Links zu diesem Thema:<br \/>\n<a href=\"http:\/\/www.gegenstromberlin.net\">www.gegenstromberlin.net<\/a><\/p>\n<p>Die Aktion wird in Kooperation mit der &#8220;Klimastadt&#8221; Kiel durchgef\u00fchrt, ok, aber bisher hat diese Stadt sich in ihren Planungen nicht als besonders klimabewusst hervorgetan. Der Ausbau des Flughafens und des Kohlekraftwerkes wurden von B\u00fcrgerinitiativen blockiert und nicht von der tieferen Einsicht der Ratsversammlung od. eines B\u00fcrgermeisters. Von daher w\u00e4re eine gro\u00dfe Beteiligung zu begr\u00fc\u00dfen, um Herrn Todeskino\/der Ratsversammlung vor Augen zu f\u00fchren, dass die B\u00fcrger sehr wohl eine Klimastadt wollen und unterst\u00fctzen.<\/p>\n<p><strong>24.10.2009 weltweiter Klimaaktionstag<br \/>\nGro\u00dfer Luftbild-Flashmob auf dem Kieler Rathausplatz, 11 Uhr gehts los! <\/strong><\/p>\n<p><em>ACT NOW! &#8211; Handelt jetzt!<\/em><br \/>\nWeltweit werden an diesem Tag Gruppen fordern, die Treibhausgaskonzentration weltweit auf 350 ppm zu reduzieren (heute 390 ppm), um sicherzustellen, dass die globale Erw\u00e4rmung bei unter 2\u00b0C bleibt.<br \/>\nAuch die BUNDjugend Schleswig-Holstein ist dabei. Mit einem riesigen Luftbild wollen wir unsere Forderung deutlich machen. Und dazu brauchen wir Dich, Deine Familie, Freunde, Bekannte, Verwandte&#8230; Denn wir wollen mit Menschen die Forderung auf dem Rathausplatz in Kiel formen und wollen dabei die magische Zahl von 350 Aktiven knacken.<br \/>\nF\u00fcr Musik, kleine Ansprachen und Infost\u00e4nde ist gesorgt! Auch unser B\u00fcrgermeister Herr Todeskino wird die Aktion begleiten und eine kleine Rede halten.<br \/>\n\u2013 In Kooperation mit der Stadt Kiel \u2013<br \/>\nZieh Dir etwas Buntes an. ;-)<\/p><\/blockquote>\n<p><a href=\"http:\/\/konsumpf.de\/wp-content\/uploads\/2009\/10\/carrotmob2_plakat_blogsize.jpg\"><img loading=\"lazy\" decoding=\"async\" class=\"aligncenter size-full wp-image-6077\" title=\"carrotmob2_plakat_blogsize\" src=\"http:\/\/konsumpf.de\/wp-content\/uploads\/2009\/10\/carrotmob2_plakat_blogsize.jpg\" alt=\"carrotmob2_plakat_blogsize\" width=\"337\" height=\"234\" srcset=\"https:\/\/konsumpf.de\/wp-content\/uploads\/2009\/10\/carrotmob2_plakat_blogsize.jpg 500w, https:\/\/konsumpf.de\/wp-content\/uploads\/2009\/10\/carrotmob2_plakat_blogsize-300x208.jpg 300w\" sizes=\"(max-width: 337px) 100vw, 337px\" \/><\/a><\/p>\n<p>Die zweite Samstagsaktion hat ebenfalls mit dem Klimaaktionstag zu tun \u2013 es geht um den <strong>2. Carrotmob in Berlin. <\/strong>\u00dcber Sinn und Unsinn von Flash- und Carrotmobs kann man sicherlich vortrefflich streiten, aber es ist schon mal zu begr\u00fc\u00dfen, wenn Menschen sich engagieren, statt alles nur gedankenlos hinzunehmen und br\u00e4sig in der Sitzschnecke abzuh\u00e4ngen. Hier die Pressemitteilung der Veranstalter (siehe dazu auch diesen Beitrag in <a href=\"http:\/\/www.bloggerpatenschaften.de\/carrotmob-2-in-berlin\/\">Blogpatenschaften<\/a>):<\/p>\n<blockquote><p>Carrotmob Berlin<br \/>\n<strong>&#8216;Sex sells&#8217; war gestern \u2013 Carrotmob st\u00fcrmt den hei\u00dfesten Imbiss in Berlin-Mitte!<\/strong><\/p>\n<p>24. 10. 2009, 10 Uhr, Berlin-Mitte \u2013 Hunderte von Menschen schreiben wieder einmal Geschichte: n\u00e4mlich Ihre eigene. Sie entern einen Laden im Zentrum der Hauptstadt mit einem simplen Ziel vor Augen: &#8220;Essen gehen und die Welt ver\u00e4ndern!&#8221; Das geht \u2013 weil Sie nur das Gesch\u00e4ft mit Kundschaft belohnen, das bereit ist, ihre Forderungen umzusetzen. Aus der Machtlosigkeit des Einzelnen wird so die Macht der Konsumenten.<\/p>\n<p>Die Suche nach einem geeigneten Imbiss landete einen Volltreffer: Mit satten 45 des Tagesumsatzes wird Jens Riewe, Inhaber von eve&amp;adam\u2019s, sein Gesch\u00e4ft energieeffizienter umbauen, seine CO2-Bilanz verbessern und damit direkt etwas f\u00fcrs Klima tun. Und eine Masse &#8220;williger Konsumenten&#8221; wird ihm dabei helfen.<\/p>\n<p>Ausgew\u00e4hlt wurde der Laden, der bereit ist, in einer Wettbewerbssituation mit 30 anderen Imbissbetrieben, mehr als die Anderen in energiesparende Ma\u00dfnahmen zu investieren. Der Carrotmob gibt dem Besitzer die Chance, sein Nachhaltigkeits-Image und seine Bekanntheit zu steigern und au\u00dferdem an dem Tag der Aktion eine Menge Umsatz mehr zu machen! F\u00fcr ihn hei\u00dft das ganz klar: Ein Wettbewerbsvorteil gegen\u00fcber der Konkurrenz. F\u00fcr den Konsumenten hei\u00dft das: Den \u201cErfolg und Misserfolg am Markt\u201d mit sozialer und \u00f6kologischer Verantwortung zu verbinden.<\/p>\n<p>Das Konzept \u00fcberzeugt durch den hohen Nutzen f\u00fcr alle Beteiligten, den aktiven Ansatz, mit kleinen Schritten Gro\u00dfes zu erreichen und durch die fortschrittliche Organisation: \u00dcber das Internet schlie\u00dfen sich die \u201eCarrotmobber\u201c, wie bei einem Flashmob, zusammen und speisen alle zusammen. Jens Riewe wird 45 des durch den Mob generierten Umsatzes in Energiesparma\u00dfnahmen in seiner \u201ebiosalad&amp;smoothie bar\u201c investieren. Damit der Erl\u00f6s sinnvoll angelegt wird, wurde Christian Reha, Energieberater der Kampagne &#8220;Klima-sucht-Schutz&#8221;, zu Rate gezogen. Energiesparma\u00dfnahmen werden nun je nach Erl\u00f6s der Aktion an der Beleuchtung, der K\u00fchlung und der Warmwasseranlage ansetzen und die CO2-Bilanz durch \u00d6kostrom verbessern.<\/p>\n<p>Am Klima-Aktionstag, dem 24. Oktober, sollen Politiker an ihre Verantwortung f\u00fcr den Planeten erinnert werden, damit sie sich auf der UN-Klima-Konferenz im Dezember in Kopenhagen f\u00fcr Nachhaltigkeit und Klimaschutz einsetzen. Die derzeitige Konzentration von CO\u00b2 in der Atmosph\u00e4re muss auf 350ppm gesenkt werden, um den Klimawandel zu stoppen \u2013 aus diesem Grund steht die Zahl 350 beim Klima-Aktionstag im Mittelpunkt. Au\u00dfer den 350ct Aktionen beim Carrotmob, werden ab 15 Uhr 350 Raver angestimmt von Dr. Motte in der \u201eSilent Climate Parade\u201c vom Potsdamer Platz zum Alex tanzen, die Klimapiraten 350 Rosen an die Klimakanzlerin \u00fcberreichen, 350 Tonnen CO\u00b2 durch Emissionszertifikate gel\u00f6scht und 350 Taucherbrillen und Schnorchel f\u00fcr ein Berlin unter Wasser verteilt werden.<\/p>\n<p>Mehr Infos zum Carrotmob Berlin: www.carrotmobberlin.com<br \/>\nGrafiken f\u00fcr Print- und Onlinemedien: <a href=\"http:\/\/www.carrotmobberlin.com\/press\">www.carrotmobberlin.com\/press<\/a> + PM in RTF\/DOC\/PDF<\/p>\n<p><strong>Pressekontakt<\/strong><br \/>\nIm Vorfeld: Tanja Peuker, +49 (0) 176 27 11 05 12<br \/>\nAm Carrotmob-Tag selbst: Alexander Steinhart, +49 (0) 178 198 46 50<br \/>\nMail: berlin@carrotmob.de<\/p>\n<p><strong>Eventablauf<\/strong><br \/>\nBeginn: 10 Uhr, Ende: 20 Uhr<br \/>\nMusik: u.a. 18.30 Uhr die Indie-Band New Found Land<br \/>\nOrt: eve&amp;adam&#8217;s \u2013 biosalad&amp;smoothie bar, Rosa-Luxembourg-Str. 24-26, 10178 Berlin<\/p>\n<p>Zu Carrotmob Berlin<br \/>\nEin Carrotmob ist ein Netzwerk von \u00f6kologisch bewussten Konsumenten, die durch strategischen Konsum die Unternehmenswelt nachhaltig zum Positiven ver\u00e4ndern wollen. Dazu bieten wir Gesch\u00e4ften Anreize, umwelt- und sozialvertr\u00e4gliche Entscheidungen zu treffen. Es werden diejenigen Gesch\u00e4fte unterst\u00fctzt, die den vergleichsweise gr\u00f6\u00dften Beitrag dazu leisten werden. Bei der ersten Aktion im Juni wurde ein Berliner Sp\u00e4ti gemobt: In nur drei Stunden wurde damit soviel Umsatz wie in normal drei Stunden generiert und 35 davon f\u00fcr umweltfreundliche Ma\u00dfnahmen investiert. Die Carrotmobs in Berlin werden von einer Gruppe junger Leute freiwillig und unentgeltlich ins Rollen gebracht: \u201eF\u00fcr uns alle ist Nachhaltigkeit seit l\u00e4ngerem ein wichtiges Thema und damit das jeder versteht, war es Zeit etwas Neues zu probieren.\u201c<\/p>\n<p>Zu 350.ORG<br \/>\nGegr\u00fcndet vom Author und Umweltsch\u00fctzer Bill McKibben ist 350.org die erste gro\u00dfangelegte globale Kampagne gegen Klimawandel. Zu ihren Anh\u00e4ngern geh\u00f6ren f\u00fchrende Wissenschaftler wie Rajendra Pachauri (IPCC) oder James Hansen (NASA), Regierungen von 89 L\u00e4ndern und sehr viele verschieden Nichtregierungsorganisationen aus den Bereichen Umwelt, Gesundheit, Entwicklung und Religion. Alle sind sich einig, dass die aktuelle Menge an CO2 in der Atmosph\u00e4re \u2013 390 ppm \u2013 dem Planeten und seinen verletzlichsten Bewohnern Schaden zuf\u00fcgt und dass die Regierungen bei der Klimakonferenz in Kopenhagen handeln m\u00fcssen, um den CO2-Gehalt der Atmosph\u00e4re schnell zu senken.\u00a0 Mehr Infos: <a href=\"http:\/\/www.350.org \">http:\/\/www.350.org <\/a><\/p><\/blockquote>\n<h3 class='related_post_title'>Verwandte Beitr\u00e4ge:<\/h3><ul class='related_post'><li><a href=\"http:\/\/konsumpf.de\/?p=13866\" title=\"McPlanet.com 2012 in Berlin\">McPlanet.com 2012 in Berlin<\/a><\/li><li><a href=\"http:\/\/konsumpf.de\/?p=13292\" title=\"KonsUmkehr in Kiel\">KonsUmkehr in Kiel<\/a><\/li><li><a href=\"http:\/\/konsumpf.de\/?p=13203\" title=\"Weltweiter Aktionstag am 15. Oktober \u2013 auch in Kiel\">Weltweiter Aktionstag am 15. Oktober \u2013 auch in Kiel<\/a><\/li><li><a href=\"http:\/\/konsumpf.de\/?p=10214\" title=\"Surftipp: PPP-Irrweg &#8211; gegen Geheimvertr\u00e4ge mit Gro\u00dfinvestoren\">Surftipp: PPP-Irrweg &#8211; gegen Geheimvertr\u00e4ge mit Gro\u00dfinvestoren<\/a><\/li><li><a href=\"http:\/\/konsumpf.de\/?p=8659\" title=\"Ausstellung im Kieler Rathaus: \u201eSteueroasen und Offshore-Zentren in Europa\u201c\">Ausstellung im Kieler Rathaus: \u201eSteueroasen und Offshore-Zentren in Europa\u201c<\/a><\/li><\/ul>","protected":false},"excerpt":{"rendered":"<p>Was kann man an einem Samstag Besseres machen, als \u201esch\u00f6n shoppen\u201c zu gehen? Sehr viel. F\u00fcr Leser in Kiel und in Berlin bieten sich morgen, am 24.10., konkret zwei Aktionen an, denen auch eine sinnvolle Absicht zugrunde liegt. In Kiel wird am weltweiten Klimaaktionstag auf dem Rathausplatz versucht, gerade die Kieler Verantwortlichen aufzur\u00fctteln, die sich [&hellip;]<\/p>\n","protected":false},"author":1,"featured_media":0,"comment_status":"open","ping_status":"open","sticky":false,"template":"","format":"standard","meta":{"footnotes":""},"categories":[216,54,50],"tags":[703,90,99,789,60,716,348],"yoast_head":"<!-- This site is optimized with the Yoast SEO plugin v24.4 - https:\/\/yoast.com\/wordpress\/plugins\/seo\/ -->\n<title>Zwei Aktionstipps f\u00fcr den Samstag: Flashmob in Kiel und Carrotmob in Berlin - Konsumpf - Forum f\u00fcr kreative Konsumkritik - Culture Jamming, Nachhaltigkeit, Konzernkritik, Adbusting<\/title>\n<meta name=\"robots\" content=\"index, follow, max-snippet:-1, max-image-preview:large, max-video-preview:-1\" \/>\n<link rel=\"canonical\" href=\"https:\/\/konsumpf.de\/?p=6073\" \/>\n<meta property=\"og:locale\" content=\"de_DE\" \/>\n<meta property=\"og:type\" content=\"article\" \/>\n<meta property=\"og:title\" content=\"Zwei Aktionstipps f\u00fcr den Samstag: Flashmob in Kiel und Carrotmob in Berlin - Konsumpf - Forum f\u00fcr kreative Konsumkritik - Culture Jamming, Nachhaltigkeit, Konzernkritik, Adbusting\" \/>\n<meta property=\"og:description\" content=\"Was kann man an einem Samstag Besseres machen, als \u201esch\u00f6n shoppen\u201c zu gehen? Sehr viel. F\u00fcr Leser in Kiel und in Berlin bieten sich morgen, am 24.10., konkret zwei Aktionen an, denen auch eine sinnvolle Absicht zugrunde liegt. In Kiel wird am weltweiten Klimaaktionstag auf dem Rathausplatz versucht, gerade die Kieler Verantwortlichen aufzur\u00fctteln, die sich [&hellip;]\" \/>\n<meta property=\"og:url\" content=\"https:\/\/konsumpf.de\/?p=6073\" \/>\n<meta property=\"og:site_name\" content=\"Konsumpf - Forum f\u00fcr kreative Konsumkritik - Culture Jamming, Nachhaltigkeit, Konzernkritik, Adbusting\" \/>\n<meta property=\"article:published_time\" content=\"2009-10-23T08:38:03+00:00\" \/>\n<meta property=\"og:image\" content=\"http:\/\/konsumpf.de\/wp-content\/uploads\/2009\/10\/carrotmob2_plakat_blogsize.jpg\" \/>\n<meta name=\"author\" content=\"Peter M.\" \/>\n<meta name=\"twitter:card\" content=\"summary_large_image\" \/>\n<meta name=\"twitter:label1\" content=\"Verfasst von\" \/>\n\t<meta name=\"twitter:data1\" content=\"Peter M.\" \/>\n\t<meta name=\"twitter:label2\" content=\"Gesch\u00e4tzte Lesezeit\" \/>\n\t<meta name=\"twitter:data2\" content=\"6\u00a0Minuten\" \/>\n<script type=\"application\/ld+json\" class=\"yoast-schema-graph\">{\"@context\":\"https:\/\/schema.org\",\"@graph\":[{\"@type\":\"WebPage\",\"@id\":\"https:\/\/konsumpf.de\/?p=6073\",\"url\":\"https:\/\/konsumpf.de\/?p=6073\",\"name\":\"Zwei Aktionstipps f\u00fcr den Samstag: Flashmob in Kiel und Carrotmob in Berlin - Konsumpf - Forum f\u00fcr kreative Konsumkritik - Culture Jamming, Nachhaltigkeit, Konzernkritik, Adbusting\",\"isPartOf\":{\"@id\":\"https:\/\/konsumpf.de\/#website\"},\"primaryImageOfPage\":{\"@id\":\"https:\/\/konsumpf.de\/?p=6073#primaryimage\"},\"image\":{\"@id\":\"https:\/\/konsumpf.de\/?p=6073#primaryimage\"},\"thumbnailUrl\":\"http:\/\/konsumpf.de\/wp-content\/uploads\/2009\/10\/carrotmob2_plakat_blogsize.jpg\",\"datePublished\":\"2009-10-23T08:38:03+00:00\",\"author\":{\"@id\":\"https:\/\/konsumpf.de\/#\/schema\/person\/e595a6d286b26994e7e0926d70699070\"},\"breadcrumb\":{\"@id\":\"https:\/\/konsumpf.de\/?p=6073#breadcrumb\"},\"inLanguage\":\"de\",\"potentialAction\":[{\"@type\":\"ReadAction\",\"target\":[\"https:\/\/konsumpf.de\/?p=6073\"]}]},{\"@type\":\"ImageObject\",\"inLanguage\":\"de\",\"@id\":\"https:\/\/konsumpf.de\/?p=6073#primaryimage\",\"url\":\"https:\/\/konsumpf.de\/wp-content\/uploads\/2009\/10\/carrotmob2_plakat_blogsize.jpg\",\"contentUrl\":\"https:\/\/konsumpf.de\/wp-content\/uploads\/2009\/10\/carrotmob2_plakat_blogsize.jpg\",\"width\":\"500\",\"height\":\"348\"},{\"@type\":\"BreadcrumbList\",\"@id\":\"https:\/\/konsumpf.de\/?p=6073#breadcrumb\",\"itemListElement\":[{\"@type\":\"ListItem\",\"position\":1,\"name\":\"Startseite\",\"item\":\"https:\/\/konsumpf.de\/\"},{\"@type\":\"ListItem\",\"position\":2,\"name\":\"Zwei Aktionstipps f\u00fcr den Samstag: Flashmob in Kiel und Carrotmob in Berlin\"}]},{\"@type\":\"WebSite\",\"@id\":\"https:\/\/konsumpf.de\/#website\",\"url\":\"https:\/\/konsumpf.de\/\",\"name\":\"Konsumpf - Forum f\u00fcr kreative Konsumkritik - Culture Jamming, Nachhaltigkeit, Konzernkritik, Adbusting\",\"description\":\"\",\"potentialAction\":[{\"@type\":\"SearchAction\",\"target\":{\"@type\":\"EntryPoint\",\"urlTemplate\":\"https:\/\/konsumpf.de\/?s={search_term_string}\"},\"query-input\":{\"@type\":\"PropertyValueSpecification\",\"valueRequired\":true,\"valueName\":\"search_term_string\"}}],\"inLanguage\":\"de\"},{\"@type\":\"Person\",\"@id\":\"https:\/\/konsumpf.de\/#\/schema\/person\/e595a6d286b26994e7e0926d70699070\",\"name\":\"Peter M.\",\"sameAs\":[\"http:\/\/konsumpf.de\"]}]}<\/script>\n<!-- \/ Yoast SEO plugin. -->","yoast_head_json":{"title":"Zwei Aktionstipps f\u00fcr den Samstag: Flashmob in Kiel und Carrotmob in Berlin - Konsumpf - Forum f\u00fcr kreative Konsumkritik - Culture Jamming, Nachhaltigkeit, Konzernkritik, Adbusting","robots":{"index":"index","follow":"follow","max-snippet":"max-snippet:-1","max-image-preview":"max-image-preview:large","max-video-preview":"max-video-preview:-1"},"canonical":"https:\/\/konsumpf.de\/?p=6073","og_locale":"de_DE","og_type":"article","og_title":"Zwei Aktionstipps f\u00fcr den Samstag: Flashmob in Kiel und Carrotmob in Berlin - Konsumpf - Forum f\u00fcr kreative Konsumkritik - Culture Jamming, Nachhaltigkeit, Konzernkritik, Adbusting","og_description":"Was kann man an einem Samstag Besseres machen, als \u201esch\u00f6n shoppen\u201c zu gehen? Sehr viel. F\u00fcr Leser in Kiel und in Berlin bieten sich morgen, am 24.10., konkret zwei Aktionen an, denen auch eine sinnvolle Absicht zugrunde liegt. In Kiel wird am weltweiten Klimaaktionstag auf dem Rathausplatz versucht, gerade die Kieler Verantwortlichen aufzur\u00fctteln, die sich [&hellip;]","og_url":"https:\/\/konsumpf.de\/?p=6073","og_site_name":"Konsumpf - Forum f\u00fcr kreative Konsumkritik - Culture Jamming, Nachhaltigkeit, Konzernkritik, Adbusting","article_published_time":"2009-10-23T08:38:03+00:00","og_image":[{"url":"http:\/\/konsumpf.de\/wp-content\/uploads\/2009\/10\/carrotmob2_plakat_blogsize.jpg","type":"","width":"","height":""}],"author":"Peter M.","twitter_card":"summary_large_image","twitter_misc":{"Verfasst von":"Peter M.","Gesch\u00e4tzte Lesezeit":"6\u00a0Minuten"},"schema":{"@context":"https:\/\/schema.org","@graph":[{"@type":"WebPage","@id":"https:\/\/konsumpf.de\/?p=6073","url":"https:\/\/konsumpf.de\/?p=6073","name":"Zwei Aktionstipps f\u00fcr den Samstag: Flashmob in Kiel und Carrotmob in Berlin - Konsumpf - Forum f\u00fcr kreative Konsumkritik - Culture Jamming, Nachhaltigkeit, Konzernkritik, Adbusting","isPartOf":{"@id":"https:\/\/konsumpf.de\/#website"},"primaryImageOfPage":{"@id":"https:\/\/konsumpf.de\/?p=6073#primaryimage"},"image":{"@id":"https:\/\/konsumpf.de\/?p=6073#primaryimage"},"thumbnailUrl":"http:\/\/konsumpf.de\/wp-content\/uploads\/2009\/10\/carrotmob2_plakat_blogsize.jpg","datePublished":"2009-10-23T08:38:03+00:00","author":{"@id":"https:\/\/konsumpf.de\/#\/schema\/person\/e595a6d286b26994e7e0926d70699070"},"breadcrumb":{"@id":"https:\/\/konsumpf.de\/?p=6073#breadcrumb"},"inLanguage":"de","potentialAction":[{"@type":"ReadAction","target":["https:\/\/konsumpf.de\/?p=6073"]}]},{"@type":"ImageObject","inLanguage":"de","@id":"https:\/\/konsumpf.de\/?p=6073#primaryimage","url":"https:\/\/konsumpf.de\/wp-content\/uploads\/2009\/10\/carrotmob2_plakat_blogsize.jpg","contentUrl":"https:\/\/konsumpf.de\/wp-content\/uploads\/2009\/10\/carrotmob2_plakat_blogsize.jpg","width":"500","height":"348"},{"@type":"BreadcrumbList","@id":"https:\/\/konsumpf.de\/?p=6073#breadcrumb","itemListElement":[{"@type":"ListItem","position":1,"name":"Startseite","item":"https:\/\/konsumpf.de\/"},{"@type":"ListItem","position":2,"name":"Zwei Aktionstipps f\u00fcr den Samstag: Flashmob in Kiel und Carrotmob in Berlin"}]},{"@type":"WebSite","@id":"https:\/\/konsumpf.de\/#website","url":"https:\/\/konsumpf.de\/","name":"Konsumpf - Forum f\u00fcr kreative Konsumkritik - Culture Jamming, Nachhaltigkeit, Konzernkritik, Adbusting","description":"","potentialAction":[{"@type":"SearchAction","target":{"@type":"EntryPoint","urlTemplate":"https:\/\/konsumpf.de\/?s={search_term_string}"},"query-input":{"@type":"PropertyValueSpecification","valueRequired":true,"valueName":"search_term_string"}}],"inLanguage":"de"},{"@type":"Person","@id":"https:\/\/konsumpf.de\/#\/schema\/person\/e595a6d286b26994e7e0926d70699070","name":"Peter M.","sameAs":["http:\/\/konsumpf.de"]}]}},"_links":{"self":[{"href":"https:\/\/konsumpf.de\/index.php?rest_route=\/wp\/v2\/posts\/6073"}],"collection":[{"href":"https:\/\/konsumpf.de\/index.php?rest_route=\/wp\/v2\/posts"}],"about":[{"href":"https:\/\/konsumpf.de\/index.php?rest_route=\/wp\/v2\/types\/post"}],"author":[{"embeddable":true,"href":"https:\/\/konsumpf.de\/index.php?rest_route=\/wp\/v2\/users\/1"}],"replies":[{"embeddable":true,"href":"https:\/\/konsumpf.de\/index.php?rest_route=%2Fwp%2Fv2%2Fcomments&post=6073"}],"version-history":[{"count":8,"href":"https:\/\/konsumpf.de\/index.php?rest_route=\/wp\/v2\/posts\/6073\/revisions"}],"predecessor-version":[{"id":6088,"href":"https:\/\/konsumpf.de\/index.php?rest_route=\/wp\/v2\/posts\/6073\/revisions\/6088"}],"wp:attachment":[{"href":"https:\/\/konsumpf.de\/index.php?rest_route=%2Fwp%2Fv2%2Fmedia&parent=6073"}],"wp:term":[{"taxonomy":"category","embeddable":true,"href":"https:\/\/konsumpf.de\/index.php?rest_route=%2Fwp%2Fv2%2Fcategories&post=6073"},{"taxonomy":"post_tag","embeddable":true,"href":"https:\/\/konsumpf.de\/index.php?rest_route=%2Fwp%2Fv2%2Ftags&post=6073"}],"curies":[{"name":"wp","href":"https:\/\/api.w.org\/{rel}","templated":true}]}}