{"id":605,"date":"2008-10-25T21:09:07","date_gmt":"2008-10-25T19:09:07","guid":{"rendered":"http:\/\/konsumpf.de\/?p=605"},"modified":"2008-10-25T21:10:14","modified_gmt":"2008-10-25T19:10:14","slug":"%e2%80%9eder-markt-ist-in-ordnung%e2%80%9d","status":"publish","type":"post","link":"https:\/\/konsumpf.de\/?p=605","title":{"rendered":"\u201eDer Markt ist in Ordnung\u201d"},"content":{"rendered":"<p>Gerade eben stie\u00df ich beim <a href=\"http:\/\/www.alarmschrei.de\/2008\/10\/07\/es-ist-nur-wer-kommt-hin\/\" target=\"_blank\">Alarmschrei-Blog<\/a> auf dieses an Realsatire grenzende Transkript eines Radiointerviews mit dem FDP-Haushaltsexperten <strong>J\u00fcrgen Koppelin<\/strong>, Motto \u201eDer Markt ist super, nur die Marktteilnehmer haben eben Bockmist gebaut\u201d, d.h. f\u00fcr die FDP existiert offenbar so etwas wie eine \u00fcber den Menschen schwebende metaphysische Entit\u00e4t&#8230;<\/p>\n<blockquote><p><em>Moderator:<\/em> Die FDP hat jahrelang immer wieder argumentiert, man solle dem Markt vertrauen und sich nicht einmischen. Jetzt haben wir gesehen, was dabei herauskommt. Ist die FDP, sind Sie jetzt schlauer?<\/p>\n<p><em>Koppelin:<\/em> Der Markt ist in Ordnung, das ist, liegt ja teilweise \u2026 \u00fcberwiegend auch an den Managern. Das hat daran gelegen, das muss man ja auch offen sagen, dass die Krise ja in den USA begonnen hat. Wir wollen ja mal die Urheber nennen. Das ist in den USA gewesen, das gro\u00dfe Problem, damals mit den Niedrigzinsen. Dann hat man unglaublich vielen Menschen billige Hypotheken angedreht, die sie anschlie\u00dfend nicht bezahlen konnten, und unsere Banken, unsere Manager der Banken, sind auf diese Geschichte, diese Gesch\u00e4fte reingefallen.<\/p>\n<p><em>Moderator:<\/em> Das <strong>ist<\/strong> doch der Markt.<\/p>\n<p><em>Koppelin:<\/em> Das ist nicht der Markt, das ist das Verhalten der Manager. Wenn ich Treu und Glauben mache, oder wenn ich, wie ich fordere, sage, oder warum m\u00fcssen unsere Bankmanager, das hat sich in den letzten Jahren so eingeb\u00fcrgert, m\u00fcssen zum Jahresende noch Boni kriegen, nach Umsatz, und die haben sich die Taschen gef\u00fcllt, nachdem sie vorher schon die dicken Geh\u00e4lter bekamen. Das ist nicht Markt, das ist ein Fehlverhalten bei den Banken, das ist ein Fehlverhalten auch bei den Aufsichtsgremien von Banken \u2026<\/p>\n<p><em>Moderator:<\/em> Aber \u2026<\/p>\n<p><em>Koppelin:<\/em> \u2026 und da muss mal Einhalt geboten werden.<\/p>\n<p><em>Moderator: <\/em>Der Markt hat doch mit seinen Regeln aber m\u00f6glich gemacht, dass solche Menschen f\u00fchrende Positionen in diesem Business haben.<\/p>\n<p><em>Koppelin:<\/em> Nein, nicht da \u2026 das m\u00fcssen Sie \u2026 Der Markt, der Markt selber ist ok. Es ist nur, wer kommt hin, wer kriegt Managerfunktionen, und da habe ich den Eindruck, manchen fehlt\u2019s da wirklich, ja, nicht nur an der guten Ausbildung, sondern, sie waren nur noch auf Schn\u00e4ppchenjagd. Das hat mit Markt nichts zu tun.<\/p><\/blockquote>\n<p>Lest unbedingt auch die <a href=\"http:\/\/www.alarmschrei.de\/2008\/10\/07\/es-ist-nur-wer-kommt-hin\/\" target=\"_blank\">entsprechende Kommentare &amp; Diskussionen bei Alarmschrei<\/a>, es lohnt sich!<\/p>\n<h3 class='related_post_title'>Verwandte Beitr\u00e4ge:<\/h3><ul class='related_post'><li><a href=\"http:\/\/konsumpf.de\/?p=2621\" title=\"Na bitte!\">Na bitte!<\/a><\/li><li><a href=\"http:\/\/konsumpf.de\/?p=1045\" title=\"\u201eDas System steckt nicht in einer Krise \u2013 die Krise ist das System\u201d (Teil 1\/2)\">\u201eDas System steckt nicht in einer Krise \u2013 die Krise ist das System\u201d (Teil 1\/2)<\/a><\/li><li><a href=\"http:\/\/konsumpf.de\/?p=15351\" title=\"Maus oder M\u00e4use? Wie der Markt die Moral untergr\u00e4bt\">Maus oder M\u00e4use? Wie der Markt die Moral untergr\u00e4bt<\/a><\/li><li><a href=\"http:\/\/konsumpf.de\/?p=15320\" title=\"Steht das System des Wirtschaftswachstums vor dem Kollaps?\">Steht das System des Wirtschaftswachstums vor dem Kollaps?<\/a><\/li><li><a href=\"http:\/\/konsumpf.de\/?p=15200\" title=\"Der gro\u00dfe Reibach und Tanz der Geier\">Der gro\u00dfe Reibach und Tanz der Geier<\/a><\/li><\/ul>","protected":false},"excerpt":{"rendered":"<p>Gerade eben stie\u00df ich beim Alarmschrei-Blog auf dieses an Realsatire grenzende Transkript eines Radiointerviews mit dem FDP-Haushaltsexperten J\u00fcrgen Koppelin, Motto \u201eDer Markt ist super, nur die Marktteilnehmer haben eben Bockmist gebaut\u201d, d.h. f\u00fcr die FDP existiert offenbar so etwas wie eine \u00fcber den Menschen schwebende metaphysische Entit\u00e4t&#8230; Moderator: Die FDP hat jahrelang immer wieder argumentiert, [&hellip;]<\/p>\n","protected":false},"author":1,"featured_media":0,"comment_status":"open","ping_status":"open","sticky":false,"template":"","format":"standard","meta":{"footnotes":""},"categories":[10,12,78],"tags":[86,14,87],"yoast_head":"<!-- This site is optimized with the Yoast SEO plugin v24.4 - https:\/\/yoast.com\/wordpress\/plugins\/seo\/ -->\n<title>\u201eDer Markt ist in Ordnung\u201d - Konsumpf - Forum f\u00fcr kreative Konsumkritik - Culture Jamming, Nachhaltigkeit, Konzernkritik, Adbusting<\/title>\n<meta name=\"robots\" content=\"index, follow, max-snippet:-1, max-image-preview:large, max-video-preview:-1\" \/>\n<link rel=\"canonical\" href=\"https:\/\/konsumpf.de\/?p=605\" \/>\n<meta property=\"og:locale\" content=\"de_DE\" \/>\n<meta property=\"og:type\" content=\"article\" \/>\n<meta property=\"og:title\" content=\"\u201eDer Markt ist in Ordnung\u201d - Konsumpf - Forum f\u00fcr kreative Konsumkritik - Culture Jamming, Nachhaltigkeit, Konzernkritik, Adbusting\" \/>\n<meta property=\"og:description\" content=\"Gerade eben stie\u00df ich beim Alarmschrei-Blog auf dieses an Realsatire grenzende Transkript eines Radiointerviews mit dem FDP-Haushaltsexperten J\u00fcrgen Koppelin, Motto \u201eDer Markt ist super, nur die Marktteilnehmer haben eben Bockmist gebaut\u201d, d.h. f\u00fcr die FDP existiert offenbar so etwas wie eine \u00fcber den Menschen schwebende metaphysische Entit\u00e4t&#8230; Moderator: Die FDP hat jahrelang immer wieder argumentiert, [&hellip;]\" \/>\n<meta property=\"og:url\" content=\"https:\/\/konsumpf.de\/?p=605\" \/>\n<meta property=\"og:site_name\" content=\"Konsumpf - Forum f\u00fcr kreative Konsumkritik - Culture Jamming, Nachhaltigkeit, Konzernkritik, Adbusting\" \/>\n<meta property=\"article:published_time\" content=\"2008-10-25T19:09:07+00:00\" \/>\n<meta property=\"article:modified_time\" content=\"2008-10-25T19:10:14+00:00\" \/>\n<meta name=\"author\" content=\"Peter M.\" \/>\n<meta name=\"twitter:card\" content=\"summary_large_image\" \/>\n<meta name=\"twitter:label1\" content=\"Verfasst von\" \/>\n\t<meta name=\"twitter:data1\" content=\"Peter M.\" \/>\n\t<meta name=\"twitter:label2\" content=\"Gesch\u00e4tzte Lesezeit\" \/>\n\t<meta name=\"twitter:data2\" content=\"2\u00a0Minuten\" \/>\n<script type=\"application\/ld+json\" class=\"yoast-schema-graph\">{\"@context\":\"https:\/\/schema.org\",\"@graph\":[{\"@type\":\"WebPage\",\"@id\":\"https:\/\/konsumpf.de\/?p=605\",\"url\":\"https:\/\/konsumpf.de\/?p=605\",\"name\":\"\u201eDer Markt ist in Ordnung\u201d - Konsumpf - Forum f\u00fcr kreative Konsumkritik - Culture Jamming, Nachhaltigkeit, Konzernkritik, Adbusting\",\"isPartOf\":{\"@id\":\"https:\/\/konsumpf.de\/#website\"},\"datePublished\":\"2008-10-25T19:09:07+00:00\",\"dateModified\":\"2008-10-25T19:10:14+00:00\",\"author\":{\"@id\":\"https:\/\/konsumpf.de\/#\/schema\/person\/e595a6d286b26994e7e0926d70699070\"},\"breadcrumb\":{\"@id\":\"https:\/\/konsumpf.de\/?p=605#breadcrumb\"},\"inLanguage\":\"de\",\"potentialAction\":[{\"@type\":\"ReadAction\",\"target\":[\"https:\/\/konsumpf.de\/?p=605\"]}]},{\"@type\":\"BreadcrumbList\",\"@id\":\"https:\/\/konsumpf.de\/?p=605#breadcrumb\",\"itemListElement\":[{\"@type\":\"ListItem\",\"position\":1,\"name\":\"Startseite\",\"item\":\"https:\/\/konsumpf.de\/\"},{\"@type\":\"ListItem\",\"position\":2,\"name\":\"\u201eDer Markt ist in Ordnung\u201d\"}]},{\"@type\":\"WebSite\",\"@id\":\"https:\/\/konsumpf.de\/#website\",\"url\":\"https:\/\/konsumpf.de\/\",\"name\":\"Konsumpf - Forum f\u00fcr kreative Konsumkritik - Culture Jamming, Nachhaltigkeit, Konzernkritik, Adbusting\",\"description\":\"\",\"potentialAction\":[{\"@type\":\"SearchAction\",\"target\":{\"@type\":\"EntryPoint\",\"urlTemplate\":\"https:\/\/konsumpf.de\/?s={search_term_string}\"},\"query-input\":{\"@type\":\"PropertyValueSpecification\",\"valueRequired\":true,\"valueName\":\"search_term_string\"}}],\"inLanguage\":\"de\"},{\"@type\":\"Person\",\"@id\":\"https:\/\/konsumpf.de\/#\/schema\/person\/e595a6d286b26994e7e0926d70699070\",\"name\":\"Peter M.\",\"sameAs\":[\"http:\/\/konsumpf.de\"]}]}<\/script>\n<!-- \/ Yoast SEO plugin. -->","yoast_head_json":{"title":"\u201eDer Markt ist in Ordnung\u201d - Konsumpf - Forum f\u00fcr kreative Konsumkritik - Culture Jamming, Nachhaltigkeit, Konzernkritik, Adbusting","robots":{"index":"index","follow":"follow","max-snippet":"max-snippet:-1","max-image-preview":"max-image-preview:large","max-video-preview":"max-video-preview:-1"},"canonical":"https:\/\/konsumpf.de\/?p=605","og_locale":"de_DE","og_type":"article","og_title":"\u201eDer Markt ist in Ordnung\u201d - Konsumpf - Forum f\u00fcr kreative Konsumkritik - Culture Jamming, Nachhaltigkeit, Konzernkritik, Adbusting","og_description":"Gerade eben stie\u00df ich beim Alarmschrei-Blog auf dieses an Realsatire grenzende Transkript eines Radiointerviews mit dem FDP-Haushaltsexperten J\u00fcrgen Koppelin, Motto \u201eDer Markt ist super, nur die Marktteilnehmer haben eben Bockmist gebaut\u201d, d.h. f\u00fcr die FDP existiert offenbar so etwas wie eine \u00fcber den Menschen schwebende metaphysische Entit\u00e4t&#8230; Moderator: Die FDP hat jahrelang immer wieder argumentiert, [&hellip;]","og_url":"https:\/\/konsumpf.de\/?p=605","og_site_name":"Konsumpf - Forum f\u00fcr kreative Konsumkritik - Culture Jamming, Nachhaltigkeit, Konzernkritik, Adbusting","article_published_time":"2008-10-25T19:09:07+00:00","article_modified_time":"2008-10-25T19:10:14+00:00","author":"Peter M.","twitter_card":"summary_large_image","twitter_misc":{"Verfasst von":"Peter M.","Gesch\u00e4tzte Lesezeit":"2\u00a0Minuten"},"schema":{"@context":"https:\/\/schema.org","@graph":[{"@type":"WebPage","@id":"https:\/\/konsumpf.de\/?p=605","url":"https:\/\/konsumpf.de\/?p=605","name":"\u201eDer Markt ist in Ordnung\u201d - Konsumpf - Forum f\u00fcr kreative Konsumkritik - Culture Jamming, Nachhaltigkeit, Konzernkritik, Adbusting","isPartOf":{"@id":"https:\/\/konsumpf.de\/#website"},"datePublished":"2008-10-25T19:09:07+00:00","dateModified":"2008-10-25T19:10:14+00:00","author":{"@id":"https:\/\/konsumpf.de\/#\/schema\/person\/e595a6d286b26994e7e0926d70699070"},"breadcrumb":{"@id":"https:\/\/konsumpf.de\/?p=605#breadcrumb"},"inLanguage":"de","potentialAction":[{"@type":"ReadAction","target":["https:\/\/konsumpf.de\/?p=605"]}]},{"@type":"BreadcrumbList","@id":"https:\/\/konsumpf.de\/?p=605#breadcrumb","itemListElement":[{"@type":"ListItem","position":1,"name":"Startseite","item":"https:\/\/konsumpf.de\/"},{"@type":"ListItem","position":2,"name":"\u201eDer Markt ist in Ordnung\u201d"}]},{"@type":"WebSite","@id":"https:\/\/konsumpf.de\/#website","url":"https:\/\/konsumpf.de\/","name":"Konsumpf - Forum f\u00fcr kreative Konsumkritik - Culture Jamming, Nachhaltigkeit, Konzernkritik, Adbusting","description":"","potentialAction":[{"@type":"SearchAction","target":{"@type":"EntryPoint","urlTemplate":"https:\/\/konsumpf.de\/?s={search_term_string}"},"query-input":{"@type":"PropertyValueSpecification","valueRequired":true,"valueName":"search_term_string"}}],"inLanguage":"de"},{"@type":"Person","@id":"https:\/\/konsumpf.de\/#\/schema\/person\/e595a6d286b26994e7e0926d70699070","name":"Peter M.","sameAs":["http:\/\/konsumpf.de"]}]}},"_links":{"self":[{"href":"https:\/\/konsumpf.de\/index.php?rest_route=\/wp\/v2\/posts\/605"}],"collection":[{"href":"https:\/\/konsumpf.de\/index.php?rest_route=\/wp\/v2\/posts"}],"about":[{"href":"https:\/\/konsumpf.de\/index.php?rest_route=\/wp\/v2\/types\/post"}],"author":[{"embeddable":true,"href":"https:\/\/konsumpf.de\/index.php?rest_route=\/wp\/v2\/users\/1"}],"replies":[{"embeddable":true,"href":"https:\/\/konsumpf.de\/index.php?rest_route=%2Fwp%2Fv2%2Fcomments&post=605"}],"version-history":[{"count":2,"href":"https:\/\/konsumpf.de\/index.php?rest_route=\/wp\/v2\/posts\/605\/revisions"}],"predecessor-version":[{"id":607,"href":"https:\/\/konsumpf.de\/index.php?rest_route=\/wp\/v2\/posts\/605\/revisions\/607"}],"wp:attachment":[{"href":"https:\/\/konsumpf.de\/index.php?rest_route=%2Fwp%2Fv2%2Fmedia&parent=605"}],"wp:term":[{"taxonomy":"category","embeddable":true,"href":"https:\/\/konsumpf.de\/index.php?rest_route=%2Fwp%2Fv2%2Fcategories&post=605"},{"taxonomy":"post_tag","embeddable":true,"href":"https:\/\/konsumpf.de\/index.php?rest_route=%2Fwp%2Fv2%2Ftags&post=605"}],"curies":[{"name":"wp","href":"https:\/\/api.w.org\/{rel}","templated":true}]}}