{"id":6038,"date":"2009-10-16T10:19:09","date_gmt":"2009-10-16T08:19:09","guid":{"rendered":"http:\/\/konsumpf.de\/?p=6038"},"modified":"2010-11-03T10:01:25","modified_gmt":"2010-11-03T09:01:25","slug":"alptraum-atommull","status":"publish","type":"post","link":"https:\/\/konsumpf.de\/?p=6038","title":{"rendered":"Albtraum Atomm\u00fcll"},"content":{"rendered":"<p>Auf diesen tollen Film, der gerade bei <strong>Arte<\/strong> lief und den man sich noch einige Tage lang im Netz anschauen kann, m\u00f6chte ich unbedingt hinweisen (danke an Blogleserin Pan Dora f\u00fcr den Tipp!). Gerade FDP-J\u00fcnger und andere Atomfreaks sollten mal ein Auge hierauf werfen \u2013 \u201e<a href=\"http:\/\/plus7.arte.tv\/de\/1697660,CmC=2883850,scheduleId=2853790.html\"><strong>Albtraum Atomm\u00fcll<\/strong><\/a>\u201c:<\/p>\n<blockquote>\n<p class=\"headline\">W\u00e4hrend die Gefahren der Erderw\u00e4rmung immer mehr ins \u00f6ffentliche Bewusstsein dringen, preisen Industrielle und Politiker die Atomkraft als die geeignetste Energiequelle der Zukunft an: sauber, kontrollierbar und gefahrlos f\u00fcr Umwelt und Gesundheit. F\u00fcr den Verbraucher ist es schwer, den Wahrheitsgehalt dieser Aussagen zu beurteilen. Der Dokumentarfilm &#8220;Albtraum Atomm\u00fcll&#8221; versucht, Licht ins Dunkel zu bringen.<\/p>\n<\/blockquote>\n<blockquote><p>Die Wellen schlagen hoch, wenn um das F\u00fcr und Wider der Atomkraft gestritten wird. Lohnt es sich wirklich, diese Art der Energieproduktion zu f\u00f6rdern, w\u00e4hrend die meisten europ\u00e4ischen L\u00e4nder schon beschlossen haben, sie aufzugeben? Im Mittelpunkt der Debatte steht die Angst vor der Zeitbombe Atomm\u00fcll, der Achillesferse des Atomzeitalters.<br \/>\nObwohl sich die Vertreter der Atomindustrie in Verharmlosung \u00fcben, macht der Atomm\u00fcll den Menschen Angst, denn die Wissenschaftler k\u00f6nnen bis auf weiteres keine akzeptable L\u00f6sung anbieten, und die Politiker sprechen m\u00f6glichst nicht dar\u00fcber. Viele Fragen bleiben offen: Wie gef\u00e4hrlich ist der Atomm\u00fcll? Wie wird damit umgegangen? Welche L\u00f6sungen werden angeboten?<br \/>\nDer Dokumentarfilm &#8220;Albtraum Atomm\u00fcll&#8221; macht sich in Frankreich, Russland, den USA und Deutschland auf die Suche nach der Wahrheit \u00fcber den Atomm\u00fcll. Dabei geht es nicht zuletzt auch um Fragen nach der Informationspolitik zu diesem Thema, es geht um die verschiedenen Akteure und Interessengruppen und darum, inwieweit man \u00fcberhaupt von einem &#8220;demokratischen Umgang&#8221; mit dem Thema Atomkraft sprechen kann.<\/p><\/blockquote>\n<p><a href=\"http:\/\/plus7.arte.tv\/de\/1697660,CmC=2883850,scheduleId=2853790.html\"><img loading=\"lazy\" decoding=\"async\" class=\"aligncenter size-full wp-image-6042\" title=\"bild-4\" src=\"http:\/\/konsumpf.de\/wp-content\/uploads\/2009\/10\/bild-4.png\" alt=\"bild-4\" width=\"313\" height=\"177\" srcset=\"https:\/\/konsumpf.de\/wp-content\/uploads\/2009\/10\/bild-4.png 313w, https:\/\/konsumpf.de\/wp-content\/uploads\/2009\/10\/bild-4-300x169.png 300w\" sizes=\"(max-width: 313px) 100vw, 313px\" \/><\/a>Mehr Infos zu dem Thema gibt es auch auf der Website von <a href=\"http:\/\/www.ausgestrahlt.de\"><strong>ausgestrahlt.de<\/strong><\/a>.<\/p>\n<p>EDIT. Danke f\u00fcr den Hinweis, die Doku kann man sich nun auch in 10 Teilen auf YouTube anschauen \u2013 hier Teil 1:<\/p>\n<p><object width=\"500\" height=\"300\"><param name=\"movie\" value=\"http:\/\/www.youtube.com\/v\/goRps1l125U?fs=1&amp;hl=de_DE\"><\/param><param name=\"allowFullScreen\" value=\"true\"><\/param><param name=\"allowscriptaccess\" value=\"always\"><\/param><embed src=\"http:\/\/www.youtube.com\/v\/goRps1l125U?fs=1&amp;hl=de_DE\" type=\"application\/x-shockwave-flash\" allowscriptaccess=\"always\" allowfullscreen=\"true\" width=\"500\" height=\"300\"><\/embed><\/object><\/p>\n<h3 class='related_post_title'>Verwandte Beitr\u00e4ge:<\/h3><ul class='related_post'><li><a href=\"http:\/\/konsumpf.de\/?p=11183\" title=\"Die Atom-Debatte reloaded\">Die Atom-Debatte reloaded<\/a><\/li><li><a href=\"http:\/\/konsumpf.de\/?p=9868\" title=\"Noch mal ein paar Fakten zur Atomenergie\">Noch mal ein paar Fakten zur Atomenergie<\/a><\/li><li><a href=\"http:\/\/konsumpf.de\/?p=8857\" title=\"Widerstand gegen Atompl\u00e4ne und Geheimvertr\u00e4ge\">Widerstand gegen Atompl\u00e4ne und Geheimvertr\u00e4ge<\/a><\/li><li><a href=\"http:\/\/konsumpf.de\/?p=7089\" title=\"Studie der Citibank: Atomenergie ist unwirtschaftlich\">Studie der Citibank: Atomenergie ist unwirtschaftlich<\/a><\/li><li><a href=\"http:\/\/konsumpf.de\/?p=6224\" title=\"Nuking the climate \u2013 Strahlendes Klima\">Nuking the climate \u2013 Strahlendes Klima<\/a><\/li><\/ul>","protected":false},"excerpt":{"rendered":"<p>Auf diesen tollen Film, der gerade bei Arte lief und den man sich noch einige Tage lang im Netz anschauen kann, m\u00f6chte ich unbedingt hinweisen (danke an Blogleserin Pan Dora f\u00fcr den Tipp!). Gerade FDP-J\u00fcnger und andere Atomfreaks sollten mal ein Auge hierauf werfen \u2013 \u201eAlbtraum Atomm\u00fcll\u201c: W\u00e4hrend die Gefahren der Erderw\u00e4rmung immer mehr ins [&hellip;]<\/p>\n","protected":false},"author":1,"featured_media":0,"comment_status":"open","ping_status":"open","sticky":false,"template":"","format":"standard","meta":{"footnotes":""},"categories":[69,320,50,78],"tags":[169,92,75,402,575],"yoast_head":"<!-- This site is optimized with the Yoast SEO plugin v24.4 - https:\/\/yoast.com\/wordpress\/plugins\/seo\/ -->\n<title>Albtraum Atomm\u00fcll - Konsumpf - Forum f\u00fcr kreative Konsumkritik - Culture Jamming, Nachhaltigkeit, Konzernkritik, Adbusting<\/title>\n<meta name=\"robots\" content=\"index, follow, max-snippet:-1, max-image-preview:large, max-video-preview:-1\" \/>\n<link rel=\"canonical\" href=\"https:\/\/konsumpf.de\/?p=6038\" \/>\n<meta property=\"og:locale\" content=\"de_DE\" \/>\n<meta property=\"og:type\" content=\"article\" \/>\n<meta property=\"og:title\" content=\"Albtraum Atomm\u00fcll - Konsumpf - Forum f\u00fcr kreative Konsumkritik - Culture Jamming, Nachhaltigkeit, Konzernkritik, Adbusting\" \/>\n<meta property=\"og:description\" content=\"Auf diesen tollen Film, der gerade bei Arte lief und den man sich noch einige Tage lang im Netz anschauen kann, m\u00f6chte ich unbedingt hinweisen (danke an Blogleserin Pan Dora f\u00fcr den Tipp!). Gerade FDP-J\u00fcnger und andere Atomfreaks sollten mal ein Auge hierauf werfen \u2013 \u201eAlbtraum Atomm\u00fcll\u201c: W\u00e4hrend die Gefahren der Erderw\u00e4rmung immer mehr ins [&hellip;]\" \/>\n<meta property=\"og:url\" content=\"https:\/\/konsumpf.de\/?p=6038\" \/>\n<meta property=\"og:site_name\" content=\"Konsumpf - Forum f\u00fcr kreative Konsumkritik - Culture Jamming, Nachhaltigkeit, Konzernkritik, Adbusting\" \/>\n<meta property=\"article:published_time\" content=\"2009-10-16T08:19:09+00:00\" \/>\n<meta property=\"article:modified_time\" content=\"2010-11-03T09:01:25+00:00\" \/>\n<meta property=\"og:image\" content=\"http:\/\/konsumpf.de\/wp-content\/uploads\/2009\/10\/bild-4.png\" \/>\n<meta name=\"author\" content=\"Peter M.\" \/>\n<meta name=\"twitter:card\" content=\"summary_large_image\" \/>\n<meta name=\"twitter:label1\" content=\"Verfasst von\" \/>\n\t<meta name=\"twitter:data1\" content=\"Peter M.\" \/>\n\t<meta name=\"twitter:label2\" content=\"Gesch\u00e4tzte Lesezeit\" \/>\n\t<meta name=\"twitter:data2\" content=\"2\u00a0Minuten\" \/>\n<script type=\"application\/ld+json\" class=\"yoast-schema-graph\">{\"@context\":\"https:\/\/schema.org\",\"@graph\":[{\"@type\":\"WebPage\",\"@id\":\"https:\/\/konsumpf.de\/?p=6038\",\"url\":\"https:\/\/konsumpf.de\/?p=6038\",\"name\":\"Albtraum Atomm\u00fcll - Konsumpf - Forum f\u00fcr kreative Konsumkritik - Culture Jamming, Nachhaltigkeit, Konzernkritik, Adbusting\",\"isPartOf\":{\"@id\":\"https:\/\/konsumpf.de\/#website\"},\"primaryImageOfPage\":{\"@id\":\"https:\/\/konsumpf.de\/?p=6038#primaryimage\"},\"image\":{\"@id\":\"https:\/\/konsumpf.de\/?p=6038#primaryimage\"},\"thumbnailUrl\":\"http:\/\/konsumpf.de\/wp-content\/uploads\/2009\/10\/bild-4.png\",\"datePublished\":\"2009-10-16T08:19:09+00:00\",\"dateModified\":\"2010-11-03T09:01:25+00:00\",\"author\":{\"@id\":\"https:\/\/konsumpf.de\/#\/schema\/person\/e595a6d286b26994e7e0926d70699070\"},\"breadcrumb\":{\"@id\":\"https:\/\/konsumpf.de\/?p=6038#breadcrumb\"},\"inLanguage\":\"de\",\"potentialAction\":[{\"@type\":\"ReadAction\",\"target\":[\"https:\/\/konsumpf.de\/?p=6038\"]}]},{\"@type\":\"ImageObject\",\"inLanguage\":\"de\",\"@id\":\"https:\/\/konsumpf.de\/?p=6038#primaryimage\",\"url\":\"https:\/\/konsumpf.de\/wp-content\/uploads\/2009\/10\/bild-4.png\",\"contentUrl\":\"https:\/\/konsumpf.de\/wp-content\/uploads\/2009\/10\/bild-4.png\",\"width\":\"313\",\"height\":\"177\"},{\"@type\":\"BreadcrumbList\",\"@id\":\"https:\/\/konsumpf.de\/?p=6038#breadcrumb\",\"itemListElement\":[{\"@type\":\"ListItem\",\"position\":1,\"name\":\"Startseite\",\"item\":\"https:\/\/konsumpf.de\/\"},{\"@type\":\"ListItem\",\"position\":2,\"name\":\"Albtraum Atomm\u00fcll\"}]},{\"@type\":\"WebSite\",\"@id\":\"https:\/\/konsumpf.de\/#website\",\"url\":\"https:\/\/konsumpf.de\/\",\"name\":\"Konsumpf - Forum f\u00fcr kreative Konsumkritik - Culture Jamming, Nachhaltigkeit, Konzernkritik, Adbusting\",\"description\":\"\",\"potentialAction\":[{\"@type\":\"SearchAction\",\"target\":{\"@type\":\"EntryPoint\",\"urlTemplate\":\"https:\/\/konsumpf.de\/?s={search_term_string}\"},\"query-input\":{\"@type\":\"PropertyValueSpecification\",\"valueRequired\":true,\"valueName\":\"search_term_string\"}}],\"inLanguage\":\"de\"},{\"@type\":\"Person\",\"@id\":\"https:\/\/konsumpf.de\/#\/schema\/person\/e595a6d286b26994e7e0926d70699070\",\"name\":\"Peter M.\",\"sameAs\":[\"http:\/\/konsumpf.de\"]}]}<\/script>\n<!-- \/ Yoast SEO plugin. -->","yoast_head_json":{"title":"Albtraum Atomm\u00fcll - Konsumpf - Forum f\u00fcr kreative Konsumkritik - Culture Jamming, Nachhaltigkeit, Konzernkritik, Adbusting","robots":{"index":"index","follow":"follow","max-snippet":"max-snippet:-1","max-image-preview":"max-image-preview:large","max-video-preview":"max-video-preview:-1"},"canonical":"https:\/\/konsumpf.de\/?p=6038","og_locale":"de_DE","og_type":"article","og_title":"Albtraum Atomm\u00fcll - Konsumpf - Forum f\u00fcr kreative Konsumkritik - Culture Jamming, Nachhaltigkeit, Konzernkritik, Adbusting","og_description":"Auf diesen tollen Film, der gerade bei Arte lief und den man sich noch einige Tage lang im Netz anschauen kann, m\u00f6chte ich unbedingt hinweisen (danke an Blogleserin Pan Dora f\u00fcr den Tipp!). Gerade FDP-J\u00fcnger und andere Atomfreaks sollten mal ein Auge hierauf werfen \u2013 \u201eAlbtraum Atomm\u00fcll\u201c: W\u00e4hrend die Gefahren der Erderw\u00e4rmung immer mehr ins [&hellip;]","og_url":"https:\/\/konsumpf.de\/?p=6038","og_site_name":"Konsumpf - Forum f\u00fcr kreative Konsumkritik - Culture Jamming, Nachhaltigkeit, Konzernkritik, Adbusting","article_published_time":"2009-10-16T08:19:09+00:00","article_modified_time":"2010-11-03T09:01:25+00:00","og_image":[{"url":"http:\/\/konsumpf.de\/wp-content\/uploads\/2009\/10\/bild-4.png","type":"","width":"","height":""}],"author":"Peter M.","twitter_card":"summary_large_image","twitter_misc":{"Verfasst von":"Peter M.","Gesch\u00e4tzte Lesezeit":"2\u00a0Minuten"},"schema":{"@context":"https:\/\/schema.org","@graph":[{"@type":"WebPage","@id":"https:\/\/konsumpf.de\/?p=6038","url":"https:\/\/konsumpf.de\/?p=6038","name":"Albtraum Atomm\u00fcll - Konsumpf - Forum f\u00fcr kreative Konsumkritik - Culture Jamming, Nachhaltigkeit, Konzernkritik, Adbusting","isPartOf":{"@id":"https:\/\/konsumpf.de\/#website"},"primaryImageOfPage":{"@id":"https:\/\/konsumpf.de\/?p=6038#primaryimage"},"image":{"@id":"https:\/\/konsumpf.de\/?p=6038#primaryimage"},"thumbnailUrl":"http:\/\/konsumpf.de\/wp-content\/uploads\/2009\/10\/bild-4.png","datePublished":"2009-10-16T08:19:09+00:00","dateModified":"2010-11-03T09:01:25+00:00","author":{"@id":"https:\/\/konsumpf.de\/#\/schema\/person\/e595a6d286b26994e7e0926d70699070"},"breadcrumb":{"@id":"https:\/\/konsumpf.de\/?p=6038#breadcrumb"},"inLanguage":"de","potentialAction":[{"@type":"ReadAction","target":["https:\/\/konsumpf.de\/?p=6038"]}]},{"@type":"ImageObject","inLanguage":"de","@id":"https:\/\/konsumpf.de\/?p=6038#primaryimage","url":"https:\/\/konsumpf.de\/wp-content\/uploads\/2009\/10\/bild-4.png","contentUrl":"https:\/\/konsumpf.de\/wp-content\/uploads\/2009\/10\/bild-4.png","width":"313","height":"177"},{"@type":"BreadcrumbList","@id":"https:\/\/konsumpf.de\/?p=6038#breadcrumb","itemListElement":[{"@type":"ListItem","position":1,"name":"Startseite","item":"https:\/\/konsumpf.de\/"},{"@type":"ListItem","position":2,"name":"Albtraum Atomm\u00fcll"}]},{"@type":"WebSite","@id":"https:\/\/konsumpf.de\/#website","url":"https:\/\/konsumpf.de\/","name":"Konsumpf - Forum f\u00fcr kreative Konsumkritik - Culture Jamming, Nachhaltigkeit, Konzernkritik, Adbusting","description":"","potentialAction":[{"@type":"SearchAction","target":{"@type":"EntryPoint","urlTemplate":"https:\/\/konsumpf.de\/?s={search_term_string}"},"query-input":{"@type":"PropertyValueSpecification","valueRequired":true,"valueName":"search_term_string"}}],"inLanguage":"de"},{"@type":"Person","@id":"https:\/\/konsumpf.de\/#\/schema\/person\/e595a6d286b26994e7e0926d70699070","name":"Peter M.","sameAs":["http:\/\/konsumpf.de"]}]}},"_links":{"self":[{"href":"https:\/\/konsumpf.de\/index.php?rest_route=\/wp\/v2\/posts\/6038"}],"collection":[{"href":"https:\/\/konsumpf.de\/index.php?rest_route=\/wp\/v2\/posts"}],"about":[{"href":"https:\/\/konsumpf.de\/index.php?rest_route=\/wp\/v2\/types\/post"}],"author":[{"embeddable":true,"href":"https:\/\/konsumpf.de\/index.php?rest_route=\/wp\/v2\/users\/1"}],"replies":[{"embeddable":true,"href":"https:\/\/konsumpf.de\/index.php?rest_route=%2Fwp%2Fv2%2Fcomments&post=6038"}],"version-history":[{"count":8,"href":"https:\/\/konsumpf.de\/index.php?rest_route=\/wp\/v2\/posts\/6038\/revisions"}],"predecessor-version":[{"id":9681,"href":"https:\/\/konsumpf.de\/index.php?rest_route=\/wp\/v2\/posts\/6038\/revisions\/9681"}],"wp:attachment":[{"href":"https:\/\/konsumpf.de\/index.php?rest_route=%2Fwp%2Fv2%2Fmedia&parent=6038"}],"wp:term":[{"taxonomy":"category","embeddable":true,"href":"https:\/\/konsumpf.de\/index.php?rest_route=%2Fwp%2Fv2%2Fcategories&post=6038"},{"taxonomy":"post_tag","embeddable":true,"href":"https:\/\/konsumpf.de\/index.php?rest_route=%2Fwp%2Fv2%2Ftags&post=6038"}],"curies":[{"name":"wp","href":"https:\/\/api.w.org\/{rel}","templated":true}]}}