{"id":5994,"date":"2009-10-12T10:04:26","date_gmt":"2009-10-12T08:04:26","guid":{"rendered":"http:\/\/konsumpf.de\/?p=5994"},"modified":"2009-10-10T15:27:37","modified_gmt":"2009-10-10T13:27:37","slug":"veranstaltungstipp-fur-kiel-deutsche-gentechnik-verflechtung-von-staat-und-konzernen","status":"publish","type":"post","link":"https:\/\/konsumpf.de\/?p=5994","title":{"rendered":"Veranstaltungstipp f\u00fcr Kiel: Deutsche Gentechnik &#8211; Verflechtung von Staat und Konzernen"},"content":{"rendered":"<p><a href=\"http:\/\/konsumpf.de\/wp-content\/uploads\/2009\/10\/deutsche-gentechnik.gif\"><img loading=\"lazy\" decoding=\"async\" class=\"aligncenter size-full wp-image-5997\" title=\"deutsche-gentechnik\" src=\"http:\/\/konsumpf.de\/wp-content\/uploads\/2009\/10\/deutsche-gentechnik.gif\" alt=\"deutsche-gentechnik\" width=\"350\" height=\"495\" srcset=\"https:\/\/konsumpf.de\/wp-content\/uploads\/2009\/10\/deutsche-gentechnik.gif 350w, https:\/\/konsumpf.de\/wp-content\/uploads\/2009\/10\/deutsche-gentechnik-212x300.gif 212w\" sizes=\"(max-width: 350px) 100vw, 350px\" \/><\/a>Ich m\u00f6chte Euch heute auf eine interessante Veranstaltung von Attac zum Thema Gentechnik und Lobbyismus hinweisen, die am Mittwoch, den 14.10. in der Kieler Pumpe stattfindet:<\/p>\n<p><strong>Deutsche Gentechnik \u2013 Verflechtung von Staat und Konzernen<\/strong><br \/>\n<strong>Vortrag und Diskussion: J\u00f6rg Bergstedt<br \/>\nMittwoch 14.10. \u2022 19 Uhr<br \/>\nPumpe \u2022 Ha\u00dfstr. 22 \u2022 Kiel <\/strong><\/p>\n<p>Warum werden in Deutschland Jahr f\u00fcr Jahr immer neue Versuchsfelder angelegt, obwohl 80 Prozent der Menschen keine Gentechnik im Essen wollen? Warum flie\u00dfen Steuergelder auch dieser 80 Prozent fast nur noch in die Gentechnik, wenn es um landwirtschaftliche Forschung geht?<\/p>\n<p>Der Blick hinter die Kulissen der Gentechnik mit ihren skandal\u00f6sen Strukturen und Zust\u00e4nden bei Genehmigungen und Geldvergabe bietet eine ersch\u00fctternde Erkl\u00e4rung, warum die \u00fcberw\u00e4ltigende Ablehnung und der gesetzlich eigentlich vorhandene Schutz gentechnikfreier Landwirtschaft (einschlie\u00dflich Imkerei) gegen\u00fcber der gr\u00fcnen Gentechnik so wenig Wirkung hat. Denn: In den vergangenen Jahrzehnten sind alle relevanten Posten in Genehmigungsbeh\u00f6rden, Bundesfachanstalten und geldvergebenden Ministerien mit Gentechnikbef\u00fcrworterInnen besetzt worden. Die meisten von ihnen sind direkt in die Gentechnikkonzerne eingebunden. Undurchsichtige Geflechte von Kleinstunternehmen und seltsamen Biotechnologieparks namens Biotechfarm oder Agrobiotechnikum sind entstanden, zwischen denen Auftr\u00e4ge und Gelder erst veruntreut und dann hin- und hergeschoben werden, bis sich ihre Spur auf den Konten der Beteiligten verliert. Es wird Zeit f\u00fcr einen Widerstand in Deutschland.<\/p>\n<p>Veranstalter:<br \/>\n<a href=\"http:\/\/www.attac-kiel.de\">www.attac-kiel.de<\/a> |\u00a0 <a href=\"http:\/\/www.gentechnikfrei-sh.de\">www.gentechnikfrei-sh.de<\/a><\/p>\n<h3 class='related_post_title'>Verwandte Beitr\u00e4ge:<\/h3><ul class='related_post'><li><a href=\"http:\/\/konsumpf.de\/?p=13203\" title=\"Weltweiter Aktionstag am 15. Oktober \u2013 auch in Kiel\">Weltweiter Aktionstag am 15. Oktober \u2013 auch in Kiel<\/a><\/li><li><a href=\"http:\/\/konsumpf.de\/?p=5694\" title=\"Surftipp: Biotech-Seilschaften \u2013 der Gentechnik-Filz\">Surftipp: Biotech-Seilschaften \u2013 der Gentechnik-Filz<\/a><\/li><li><a href=\"http:\/\/konsumpf.de\/?p=14848\" title=\"Werden Sie doch Lobbyist!\">Werden Sie doch Lobbyist!<\/a><\/li><li><a href=\"http:\/\/konsumpf.de\/?p=14629\" title=\"Gen-Kartoffeln kommen uns nicht in die T\u00fcte!\">Gen-Kartoffeln kommen uns nicht in die T\u00fcte!<\/a><\/li><li><a href=\"http:\/\/konsumpf.de\/?p=14396\" title=\"Die Gen-Verschw\u00f6rung \u2013 Eine Spurensuche\">Die Gen-Verschw\u00f6rung \u2013 Eine Spurensuche<\/a><\/li><\/ul>","protected":false},"excerpt":{"rendered":"<p>Ich m\u00f6chte Euch heute auf eine interessante Veranstaltung von Attac zum Thema Gentechnik und Lobbyismus hinweisen, die am Mittwoch, den 14.10. in der Kieler Pumpe stattfindet: Deutsche Gentechnik \u2013 Verflechtung von Staat und Konzernen Vortrag und Diskussion: J\u00f6rg Bergstedt Mittwoch 14.10. \u2022 19 Uhr Pumpe \u2022 Ha\u00dfstr. 22 \u2022 Kiel Warum werden in Deutschland Jahr [&hellip;]<\/p>\n","protected":false},"author":1,"featured_media":0,"comment_status":"open","ping_status":"open","sticky":false,"template":"","format":"standard","meta":{"footnotes":""},"categories":[12,320,53,50,78],"tags":[90,1071,145,647,1070,348,2884,479],"yoast_head":"<!-- This site is optimized with the Yoast SEO plugin v24.4 - https:\/\/yoast.com\/wordpress\/plugins\/seo\/ -->\n<title>Veranstaltungstipp f\u00fcr Kiel: Deutsche Gentechnik - Verflechtung von Staat und Konzernen - Konsumpf - Forum f\u00fcr kreative Konsumkritik - Culture Jamming, Nachhaltigkeit, Konzernkritik, Adbusting<\/title>\n<meta name=\"robots\" content=\"index, follow, max-snippet:-1, max-image-preview:large, max-video-preview:-1\" \/>\n<link rel=\"canonical\" href=\"https:\/\/konsumpf.de\/?p=5994\" \/>\n<meta property=\"og:locale\" content=\"de_DE\" \/>\n<meta property=\"og:type\" content=\"article\" \/>\n<meta property=\"og:title\" content=\"Veranstaltungstipp f\u00fcr Kiel: Deutsche Gentechnik - Verflechtung von Staat und Konzernen - Konsumpf - Forum f\u00fcr kreative Konsumkritik - Culture Jamming, Nachhaltigkeit, Konzernkritik, Adbusting\" \/>\n<meta property=\"og:description\" content=\"Ich m\u00f6chte Euch heute auf eine interessante Veranstaltung von Attac zum Thema Gentechnik und Lobbyismus hinweisen, die am Mittwoch, den 14.10. in der Kieler Pumpe stattfindet: Deutsche Gentechnik \u2013 Verflechtung von Staat und Konzernen Vortrag und Diskussion: J\u00f6rg Bergstedt Mittwoch 14.10. \u2022 19 Uhr Pumpe \u2022 Ha\u00dfstr. 22 \u2022 Kiel Warum werden in Deutschland Jahr [&hellip;]\" \/>\n<meta property=\"og:url\" content=\"https:\/\/konsumpf.de\/?p=5994\" \/>\n<meta property=\"og:site_name\" content=\"Konsumpf - Forum f\u00fcr kreative Konsumkritik - Culture Jamming, Nachhaltigkeit, Konzernkritik, Adbusting\" \/>\n<meta property=\"article:published_time\" content=\"2009-10-12T08:04:26+00:00\" \/>\n<meta property=\"og:image\" content=\"http:\/\/konsumpf.de\/wp-content\/uploads\/2009\/10\/deutsche-gentechnik.gif\" \/>\n<meta name=\"author\" content=\"Peter M.\" \/>\n<meta name=\"twitter:card\" content=\"summary_large_image\" \/>\n<meta name=\"twitter:label1\" content=\"Verfasst von\" \/>\n\t<meta name=\"twitter:data1\" content=\"Peter M.\" \/>\n\t<meta name=\"twitter:label2\" content=\"Gesch\u00e4tzte Lesezeit\" \/>\n\t<meta name=\"twitter:data2\" content=\"1\u00a0Minute\" \/>\n<script type=\"application\/ld+json\" class=\"yoast-schema-graph\">{\"@context\":\"https:\/\/schema.org\",\"@graph\":[{\"@type\":\"WebPage\",\"@id\":\"https:\/\/konsumpf.de\/?p=5994\",\"url\":\"https:\/\/konsumpf.de\/?p=5994\",\"name\":\"Veranstaltungstipp f\u00fcr Kiel: Deutsche Gentechnik - Verflechtung von Staat und Konzernen - Konsumpf - Forum f\u00fcr kreative Konsumkritik - Culture Jamming, Nachhaltigkeit, Konzernkritik, Adbusting\",\"isPartOf\":{\"@id\":\"https:\/\/konsumpf.de\/#website\"},\"primaryImageOfPage\":{\"@id\":\"https:\/\/konsumpf.de\/?p=5994#primaryimage\"},\"image\":{\"@id\":\"https:\/\/konsumpf.de\/?p=5994#primaryimage\"},\"thumbnailUrl\":\"http:\/\/konsumpf.de\/wp-content\/uploads\/2009\/10\/deutsche-gentechnik.gif\",\"datePublished\":\"2009-10-12T08:04:26+00:00\",\"author\":{\"@id\":\"https:\/\/konsumpf.de\/#\/schema\/person\/e595a6d286b26994e7e0926d70699070\"},\"breadcrumb\":{\"@id\":\"https:\/\/konsumpf.de\/?p=5994#breadcrumb\"},\"inLanguage\":\"de\",\"potentialAction\":[{\"@type\":\"ReadAction\",\"target\":[\"https:\/\/konsumpf.de\/?p=5994\"]}]},{\"@type\":\"ImageObject\",\"inLanguage\":\"de\",\"@id\":\"https:\/\/konsumpf.de\/?p=5994#primaryimage\",\"url\":\"https:\/\/konsumpf.de\/wp-content\/uploads\/2009\/10\/deutsche-gentechnik.gif\",\"contentUrl\":\"https:\/\/konsumpf.de\/wp-content\/uploads\/2009\/10\/deutsche-gentechnik.gif\",\"width\":\"350\",\"height\":\"495\"},{\"@type\":\"BreadcrumbList\",\"@id\":\"https:\/\/konsumpf.de\/?p=5994#breadcrumb\",\"itemListElement\":[{\"@type\":\"ListItem\",\"position\":1,\"name\":\"Startseite\",\"item\":\"https:\/\/konsumpf.de\/\"},{\"@type\":\"ListItem\",\"position\":2,\"name\":\"Veranstaltungstipp f\u00fcr Kiel: Deutsche Gentechnik &#8211; Verflechtung von Staat und Konzernen\"}]},{\"@type\":\"WebSite\",\"@id\":\"https:\/\/konsumpf.de\/#website\",\"url\":\"https:\/\/konsumpf.de\/\",\"name\":\"Konsumpf - Forum f\u00fcr kreative Konsumkritik - Culture Jamming, Nachhaltigkeit, Konzernkritik, Adbusting\",\"description\":\"\",\"potentialAction\":[{\"@type\":\"SearchAction\",\"target\":{\"@type\":\"EntryPoint\",\"urlTemplate\":\"https:\/\/konsumpf.de\/?s={search_term_string}\"},\"query-input\":{\"@type\":\"PropertyValueSpecification\",\"valueRequired\":true,\"valueName\":\"search_term_string\"}}],\"inLanguage\":\"de\"},{\"@type\":\"Person\",\"@id\":\"https:\/\/konsumpf.de\/#\/schema\/person\/e595a6d286b26994e7e0926d70699070\",\"name\":\"Peter M.\",\"sameAs\":[\"http:\/\/konsumpf.de\"]}]}<\/script>\n<!-- \/ Yoast SEO plugin. -->","yoast_head_json":{"title":"Veranstaltungstipp f\u00fcr Kiel: Deutsche Gentechnik - Verflechtung von Staat und Konzernen - Konsumpf - Forum f\u00fcr kreative Konsumkritik - Culture Jamming, Nachhaltigkeit, Konzernkritik, Adbusting","robots":{"index":"index","follow":"follow","max-snippet":"max-snippet:-1","max-image-preview":"max-image-preview:large","max-video-preview":"max-video-preview:-1"},"canonical":"https:\/\/konsumpf.de\/?p=5994","og_locale":"de_DE","og_type":"article","og_title":"Veranstaltungstipp f\u00fcr Kiel: Deutsche Gentechnik - Verflechtung von Staat und Konzernen - Konsumpf - Forum f\u00fcr kreative Konsumkritik - Culture Jamming, Nachhaltigkeit, Konzernkritik, Adbusting","og_description":"Ich m\u00f6chte Euch heute auf eine interessante Veranstaltung von Attac zum Thema Gentechnik und Lobbyismus hinweisen, die am Mittwoch, den 14.10. in der Kieler Pumpe stattfindet: Deutsche Gentechnik \u2013 Verflechtung von Staat und Konzernen Vortrag und Diskussion: J\u00f6rg Bergstedt Mittwoch 14.10. \u2022 19 Uhr Pumpe \u2022 Ha\u00dfstr. 22 \u2022 Kiel Warum werden in Deutschland Jahr [&hellip;]","og_url":"https:\/\/konsumpf.de\/?p=5994","og_site_name":"Konsumpf - Forum f\u00fcr kreative Konsumkritik - Culture Jamming, Nachhaltigkeit, Konzernkritik, Adbusting","article_published_time":"2009-10-12T08:04:26+00:00","og_image":[{"url":"http:\/\/konsumpf.de\/wp-content\/uploads\/2009\/10\/deutsche-gentechnik.gif","type":"","width":"","height":""}],"author":"Peter M.","twitter_card":"summary_large_image","twitter_misc":{"Verfasst von":"Peter M.","Gesch\u00e4tzte Lesezeit":"1\u00a0Minute"},"schema":{"@context":"https:\/\/schema.org","@graph":[{"@type":"WebPage","@id":"https:\/\/konsumpf.de\/?p=5994","url":"https:\/\/konsumpf.de\/?p=5994","name":"Veranstaltungstipp f\u00fcr Kiel: Deutsche Gentechnik - Verflechtung von Staat und Konzernen - Konsumpf - Forum f\u00fcr kreative Konsumkritik - Culture Jamming, Nachhaltigkeit, Konzernkritik, Adbusting","isPartOf":{"@id":"https:\/\/konsumpf.de\/#website"},"primaryImageOfPage":{"@id":"https:\/\/konsumpf.de\/?p=5994#primaryimage"},"image":{"@id":"https:\/\/konsumpf.de\/?p=5994#primaryimage"},"thumbnailUrl":"http:\/\/konsumpf.de\/wp-content\/uploads\/2009\/10\/deutsche-gentechnik.gif","datePublished":"2009-10-12T08:04:26+00:00","author":{"@id":"https:\/\/konsumpf.de\/#\/schema\/person\/e595a6d286b26994e7e0926d70699070"},"breadcrumb":{"@id":"https:\/\/konsumpf.de\/?p=5994#breadcrumb"},"inLanguage":"de","potentialAction":[{"@type":"ReadAction","target":["https:\/\/konsumpf.de\/?p=5994"]}]},{"@type":"ImageObject","inLanguage":"de","@id":"https:\/\/konsumpf.de\/?p=5994#primaryimage","url":"https:\/\/konsumpf.de\/wp-content\/uploads\/2009\/10\/deutsche-gentechnik.gif","contentUrl":"https:\/\/konsumpf.de\/wp-content\/uploads\/2009\/10\/deutsche-gentechnik.gif","width":"350","height":"495"},{"@type":"BreadcrumbList","@id":"https:\/\/konsumpf.de\/?p=5994#breadcrumb","itemListElement":[{"@type":"ListItem","position":1,"name":"Startseite","item":"https:\/\/konsumpf.de\/"},{"@type":"ListItem","position":2,"name":"Veranstaltungstipp f\u00fcr Kiel: Deutsche Gentechnik &#8211; Verflechtung von Staat und Konzernen"}]},{"@type":"WebSite","@id":"https:\/\/konsumpf.de\/#website","url":"https:\/\/konsumpf.de\/","name":"Konsumpf - Forum f\u00fcr kreative Konsumkritik - Culture Jamming, Nachhaltigkeit, Konzernkritik, Adbusting","description":"","potentialAction":[{"@type":"SearchAction","target":{"@type":"EntryPoint","urlTemplate":"https:\/\/konsumpf.de\/?s={search_term_string}"},"query-input":{"@type":"PropertyValueSpecification","valueRequired":true,"valueName":"search_term_string"}}],"inLanguage":"de"},{"@type":"Person","@id":"https:\/\/konsumpf.de\/#\/schema\/person\/e595a6d286b26994e7e0926d70699070","name":"Peter M.","sameAs":["http:\/\/konsumpf.de"]}]}},"_links":{"self":[{"href":"https:\/\/konsumpf.de\/index.php?rest_route=\/wp\/v2\/posts\/5994"}],"collection":[{"href":"https:\/\/konsumpf.de\/index.php?rest_route=\/wp\/v2\/posts"}],"about":[{"href":"https:\/\/konsumpf.de\/index.php?rest_route=\/wp\/v2\/types\/post"}],"author":[{"embeddable":true,"href":"https:\/\/konsumpf.de\/index.php?rest_route=\/wp\/v2\/users\/1"}],"replies":[{"embeddable":true,"href":"https:\/\/konsumpf.de\/index.php?rest_route=%2Fwp%2Fv2%2Fcomments&post=5994"}],"version-history":[{"count":4,"href":"https:\/\/konsumpf.de\/index.php?rest_route=\/wp\/v2\/posts\/5994\/revisions"}],"predecessor-version":[{"id":5999,"href":"https:\/\/konsumpf.de\/index.php?rest_route=\/wp\/v2\/posts\/5994\/revisions\/5999"}],"wp:attachment":[{"href":"https:\/\/konsumpf.de\/index.php?rest_route=%2Fwp%2Fv2%2Fmedia&parent=5994"}],"wp:term":[{"taxonomy":"category","embeddable":true,"href":"https:\/\/konsumpf.de\/index.php?rest_route=%2Fwp%2Fv2%2Fcategories&post=5994"},{"taxonomy":"post_tag","embeddable":true,"href":"https:\/\/konsumpf.de\/index.php?rest_route=%2Fwp%2Fv2%2Ftags&post=5994"}],"curies":[{"name":"wp","href":"https:\/\/api.w.org\/{rel}","templated":true}]}}