{"id":5890,"date":"2009-10-02T09:58:02","date_gmt":"2009-10-02T07:58:02","guid":{"rendered":"http:\/\/konsumpf.de\/?p=5890"},"modified":"2009-10-03T11:28:42","modified_gmt":"2009-10-03T09:28:42","slug":"den-ausstieg-aus-dem-ausstieg-verhindern","status":"publish","type":"post","link":"https:\/\/konsumpf.de\/?p=5890","title":{"rendered":"Den Ausstieg aus dem Ausstieg verhindern!"},"content":{"rendered":"<p><a href=\"http:\/\/konsumpf.de\/wp-content\/uploads\/2009\/09\/atomausstieg_mittext_bg.jpg\"><img loading=\"lazy\" decoding=\"async\" class=\"aligncenter size-full wp-image-5892\" title=\"atomausstieg_mittext_bg\" src=\"http:\/\/konsumpf.de\/wp-content\/uploads\/2009\/09\/atomausstieg_mittext_bg.jpg\" alt=\"atomausstieg_mittext_bg\" width=\"450\" height=\"265\" srcset=\"https:\/\/konsumpf.de\/wp-content\/uploads\/2009\/09\/atomausstieg_mittext_bg.jpg 450w, https:\/\/konsumpf.de\/wp-content\/uploads\/2009\/09\/atomausstieg_mittext_bg-300x176.jpg 300w\" sizes=\"(max-width: 450px) 100vw, 450px\" \/><\/a><\/p>\n<p>Nach der absolvierten Bundestagswahl gilt es, die schlimmsten Konsequenzen von Schwarz-Gelb zu verhindern oder doch zumindest zu bremsen. Die Internetaktivistenplattform <strong>Campact!<\/strong> hat derzeit eine neue Kampagne gestartet, in der es darum geht, den von CDU &amp; FDP angepeilten Ausstieg aus dem Atomausstieg bzw. die Verl\u00e4ngerung der Laufzeiten der Atomkraftwerke (die, seien wir ehrlich, doch ausschlie\u00dflich den Gewinnen der gro\u00dfen Energiekonzerne zugute kommt und nicht etwa zu niedrigeren Stromkosten f\u00fchrt) zu vermeiden. <strong>Also bitte alle mitmachen<\/strong> (&gt;&gt; <a href=\"http:\/\/www.campact.de\/atom2\/sn6\/signer\">HIER<\/a>) \u2013 das geht schnell und einfach und unkompliziert, und je h\u00f6her die Zahl der Unterzeichner, desto st\u00e4rker auch das damit gesendete Signal. Man muss es zumindest versuchen, auch wenn man ja schon bei der E-Petition zu diesen Kinderpornographiesperren gesehen hat, wieviel sich \u201edie Politik\u201c um die W\u00fcnsche der B\u00fcrger k\u00fcmmert \u2013 n\u00e4mlich gar nicht&#8230;<\/p>\n<p>Zum Thema passt auch die aktuelle Meldung aus der S\u00fcddeutschen Zeitung: \u201e<a href=\"http:\/\/www.sueddeutsche.de\/politik\/353\/487756\/text\/\">Schavan h\u00e4lt angeblich brisante Atomstudie zur\u00fcck<\/a>\u201c:<\/p>\n<blockquote><p>Ein bislang unbekanntes Gutachten k\u00f6nnte die Debatte um die Kernkraft in Deutschland neu befeuern. Bundesforschungsministerin Annette Schavan (CDU) h\u00e4lt laut einem Zeitungsbericht seit zw\u00f6lf Wochen ein brisantes Gutachten zur Atomenergie unter Verschluss, das sie selbst in Auftrag gegeben hat.<\/p>\n<p>Nach Angaben der <em>Financial Times Deutschland <\/em>regen in der Studie rund hundert Forscher unter anderem den Neubau von Atomkraftwerken in Deutschland an.<\/p>\n<p>Au\u00dferdem werben sie daf\u00fcr, an anderen Standorten als Gorleben nach atomaren Endlagern zu suchen. Schavan, die als Vertraute von Bundeskanzlerin Angela Merkel (CDU) gilt, seien die Atom-Empfehlungen offenbar zu heikel.<\/p><\/blockquote>\n<p>Erg\u00e4nzung: Statt nur auf die Politik zu warten, kann nat\u00fcrlich jeder auch von sich aus schon einen Teil zum Atomausstieg beitragen \u2013 indem er den Stromanbieter wechselt und die vier gro\u00dfen Konzerne mit ihren Ablegern wie Entega oder e wie einfach hinter sich l\u00e4sst. Mehr Infos dazu gibt es, wie ich schon mal berichtete, auf <a href=\"http:\/\/www.atomausstieg-selber-machen.de\"><strong>www.atomausstieg-selber-machen.de<\/strong><\/a>.<\/p>\n<h3 class='related_post_title'>Verwandte Beitr\u00e4ge:<\/h3><ul class='related_post'><li><a href=\"http:\/\/konsumpf.de\/?p=7421\" title=\"Noch ein Veranstaltungstipp: Morgen, 10.4. Anti-Atomkette in vielen deutschen St\u00e4dten\">Noch ein Veranstaltungstipp: Morgen, 10.4. Anti-Atomkette in vielen deutschen St\u00e4dten<\/a><\/li><li><a href=\"http:\/\/konsumpf.de\/?p=14138\" title=\"\u00d6ffentlichkeit unerw\u00fcnscht \u2013 ethecon kritisiert Blockadehaltung von TEPCO\">\u00d6ffentlichkeit unerw\u00fcnscht \u2013 ethecon kritisiert Blockadehaltung von TEPCO<\/a><\/li><li><a href=\"http:\/\/konsumpf.de\/?p=11278\" title=\"quer \u00fcber die schwarz-gelbe Atomwende und die Gefahren der Kernenergie\">quer \u00fcber die schwarz-gelbe Atomwende und die Gefahren der Kernenergie<\/a><\/li><li><a href=\"http:\/\/konsumpf.de\/?p=11236\" title=\"Lesetipps: Atomkraft Sonder-Edition\">Lesetipps: Atomkraft Sonder-Edition<\/a><\/li><li><a href=\"http:\/\/konsumpf.de\/?p=10433\" title=\"Der satirische Jahresr\u00fcckblick 2010\">Der satirische Jahresr\u00fcckblick 2010<\/a><\/li><\/ul>","protected":false},"excerpt":{"rendered":"<p>Nach der absolvierten Bundestagswahl gilt es, die schlimmsten Konsequenzen von Schwarz-Gelb zu verhindern oder doch zumindest zu bremsen. Die Internetaktivistenplattform Campact! hat derzeit eine neue Kampagne gestartet, in der es darum geht, den von CDU &amp; FDP angepeilten Ausstieg aus dem Atomausstieg bzw. die Verl\u00e4ngerung der Laufzeiten der Atomkraftwerke (die, seien wir ehrlich, doch ausschlie\u00dflich [&hellip;]<\/p>\n","protected":false},"author":1,"featured_media":0,"comment_status":"open","ping_status":"open","sticky":false,"template":"","format":"standard","meta":{"footnotes":""},"categories":[69,53,50],"tags":[93,2873,388,1050,1051,479],"yoast_head":"<!-- This site is optimized with the Yoast SEO plugin v24.4 - https:\/\/yoast.com\/wordpress\/plugins\/seo\/ -->\n<title>Den Ausstieg aus dem Ausstieg verhindern! - Konsumpf - Forum f\u00fcr kreative Konsumkritik - Culture Jamming, Nachhaltigkeit, Konzernkritik, Adbusting<\/title>\n<meta name=\"robots\" content=\"index, follow, max-snippet:-1, max-image-preview:large, max-video-preview:-1\" \/>\n<link rel=\"canonical\" href=\"https:\/\/konsumpf.de\/?p=5890\" \/>\n<meta property=\"og:locale\" content=\"de_DE\" \/>\n<meta property=\"og:type\" content=\"article\" \/>\n<meta property=\"og:title\" content=\"Den Ausstieg aus dem Ausstieg verhindern! - Konsumpf - Forum f\u00fcr kreative Konsumkritik - Culture Jamming, Nachhaltigkeit, Konzernkritik, Adbusting\" \/>\n<meta property=\"og:description\" content=\"Nach der absolvierten Bundestagswahl gilt es, die schlimmsten Konsequenzen von Schwarz-Gelb zu verhindern oder doch zumindest zu bremsen. Die Internetaktivistenplattform Campact! hat derzeit eine neue Kampagne gestartet, in der es darum geht, den von CDU &amp; FDP angepeilten Ausstieg aus dem Atomausstieg bzw. die Verl\u00e4ngerung der Laufzeiten der Atomkraftwerke (die, seien wir ehrlich, doch ausschlie\u00dflich [&hellip;]\" \/>\n<meta property=\"og:url\" content=\"https:\/\/konsumpf.de\/?p=5890\" \/>\n<meta property=\"og:site_name\" content=\"Konsumpf - Forum f\u00fcr kreative Konsumkritik - Culture Jamming, Nachhaltigkeit, Konzernkritik, Adbusting\" \/>\n<meta property=\"article:published_time\" content=\"2009-10-02T07:58:02+00:00\" \/>\n<meta property=\"article:modified_time\" content=\"2009-10-03T09:28:42+00:00\" \/>\n<meta property=\"og:image\" content=\"http:\/\/konsumpf.de\/wp-content\/uploads\/2009\/09\/atomausstieg_mittext_bg.jpg\" \/>\n<meta name=\"author\" content=\"Peter M.\" \/>\n<meta name=\"twitter:card\" content=\"summary_large_image\" \/>\n<meta name=\"twitter:label1\" content=\"Verfasst von\" \/>\n\t<meta name=\"twitter:data1\" content=\"Peter M.\" \/>\n\t<meta name=\"twitter:label2\" content=\"Gesch\u00e4tzte Lesezeit\" \/>\n\t<meta name=\"twitter:data2\" content=\"2\u00a0Minuten\" \/>\n<script type=\"application\/ld+json\" class=\"yoast-schema-graph\">{\"@context\":\"https:\/\/schema.org\",\"@graph\":[{\"@type\":\"WebPage\",\"@id\":\"https:\/\/konsumpf.de\/?p=5890\",\"url\":\"https:\/\/konsumpf.de\/?p=5890\",\"name\":\"Den Ausstieg aus dem Ausstieg verhindern! - Konsumpf - Forum f\u00fcr kreative Konsumkritik - Culture Jamming, Nachhaltigkeit, Konzernkritik, Adbusting\",\"isPartOf\":{\"@id\":\"https:\/\/konsumpf.de\/#website\"},\"primaryImageOfPage\":{\"@id\":\"https:\/\/konsumpf.de\/?p=5890#primaryimage\"},\"image\":{\"@id\":\"https:\/\/konsumpf.de\/?p=5890#primaryimage\"},\"thumbnailUrl\":\"http:\/\/konsumpf.de\/wp-content\/uploads\/2009\/09\/atomausstieg_mittext_bg.jpg\",\"datePublished\":\"2009-10-02T07:58:02+00:00\",\"dateModified\":\"2009-10-03T09:28:42+00:00\",\"author\":{\"@id\":\"https:\/\/konsumpf.de\/#\/schema\/person\/e595a6d286b26994e7e0926d70699070\"},\"breadcrumb\":{\"@id\":\"https:\/\/konsumpf.de\/?p=5890#breadcrumb\"},\"inLanguage\":\"de\",\"potentialAction\":[{\"@type\":\"ReadAction\",\"target\":[\"https:\/\/konsumpf.de\/?p=5890\"]}]},{\"@type\":\"ImageObject\",\"inLanguage\":\"de\",\"@id\":\"https:\/\/konsumpf.de\/?p=5890#primaryimage\",\"url\":\"https:\/\/konsumpf.de\/wp-content\/uploads\/2009\/09\/atomausstieg_mittext_bg.jpg\",\"contentUrl\":\"https:\/\/konsumpf.de\/wp-content\/uploads\/2009\/09\/atomausstieg_mittext_bg.jpg\",\"width\":\"450\",\"height\":\"265\"},{\"@type\":\"BreadcrumbList\",\"@id\":\"https:\/\/konsumpf.de\/?p=5890#breadcrumb\",\"itemListElement\":[{\"@type\":\"ListItem\",\"position\":1,\"name\":\"Startseite\",\"item\":\"https:\/\/konsumpf.de\/\"},{\"@type\":\"ListItem\",\"position\":2,\"name\":\"Den Ausstieg aus dem Ausstieg verhindern!\"}]},{\"@type\":\"WebSite\",\"@id\":\"https:\/\/konsumpf.de\/#website\",\"url\":\"https:\/\/konsumpf.de\/\",\"name\":\"Konsumpf - Forum f\u00fcr kreative Konsumkritik - Culture Jamming, Nachhaltigkeit, Konzernkritik, Adbusting\",\"description\":\"\",\"potentialAction\":[{\"@type\":\"SearchAction\",\"target\":{\"@type\":\"EntryPoint\",\"urlTemplate\":\"https:\/\/konsumpf.de\/?s={search_term_string}\"},\"query-input\":{\"@type\":\"PropertyValueSpecification\",\"valueRequired\":true,\"valueName\":\"search_term_string\"}}],\"inLanguage\":\"de\"},{\"@type\":\"Person\",\"@id\":\"https:\/\/konsumpf.de\/#\/schema\/person\/e595a6d286b26994e7e0926d70699070\",\"name\":\"Peter M.\",\"sameAs\":[\"http:\/\/konsumpf.de\"]}]}<\/script>\n<!-- \/ Yoast SEO plugin. -->","yoast_head_json":{"title":"Den Ausstieg aus dem Ausstieg verhindern! - Konsumpf - Forum f\u00fcr kreative Konsumkritik - Culture Jamming, Nachhaltigkeit, Konzernkritik, Adbusting","robots":{"index":"index","follow":"follow","max-snippet":"max-snippet:-1","max-image-preview":"max-image-preview:large","max-video-preview":"max-video-preview:-1"},"canonical":"https:\/\/konsumpf.de\/?p=5890","og_locale":"de_DE","og_type":"article","og_title":"Den Ausstieg aus dem Ausstieg verhindern! - Konsumpf - Forum f\u00fcr kreative Konsumkritik - Culture Jamming, Nachhaltigkeit, Konzernkritik, Adbusting","og_description":"Nach der absolvierten Bundestagswahl gilt es, die schlimmsten Konsequenzen von Schwarz-Gelb zu verhindern oder doch zumindest zu bremsen. Die Internetaktivistenplattform Campact! hat derzeit eine neue Kampagne gestartet, in der es darum geht, den von CDU &amp; FDP angepeilten Ausstieg aus dem Atomausstieg bzw. die Verl\u00e4ngerung der Laufzeiten der Atomkraftwerke (die, seien wir ehrlich, doch ausschlie\u00dflich [&hellip;]","og_url":"https:\/\/konsumpf.de\/?p=5890","og_site_name":"Konsumpf - Forum f\u00fcr kreative Konsumkritik - Culture Jamming, Nachhaltigkeit, Konzernkritik, Adbusting","article_published_time":"2009-10-02T07:58:02+00:00","article_modified_time":"2009-10-03T09:28:42+00:00","og_image":[{"url":"http:\/\/konsumpf.de\/wp-content\/uploads\/2009\/09\/atomausstieg_mittext_bg.jpg","type":"","width":"","height":""}],"author":"Peter M.","twitter_card":"summary_large_image","twitter_misc":{"Verfasst von":"Peter M.","Gesch\u00e4tzte Lesezeit":"2\u00a0Minuten"},"schema":{"@context":"https:\/\/schema.org","@graph":[{"@type":"WebPage","@id":"https:\/\/konsumpf.de\/?p=5890","url":"https:\/\/konsumpf.de\/?p=5890","name":"Den Ausstieg aus dem Ausstieg verhindern! - Konsumpf - Forum f\u00fcr kreative Konsumkritik - Culture Jamming, Nachhaltigkeit, Konzernkritik, Adbusting","isPartOf":{"@id":"https:\/\/konsumpf.de\/#website"},"primaryImageOfPage":{"@id":"https:\/\/konsumpf.de\/?p=5890#primaryimage"},"image":{"@id":"https:\/\/konsumpf.de\/?p=5890#primaryimage"},"thumbnailUrl":"http:\/\/konsumpf.de\/wp-content\/uploads\/2009\/09\/atomausstieg_mittext_bg.jpg","datePublished":"2009-10-02T07:58:02+00:00","dateModified":"2009-10-03T09:28:42+00:00","author":{"@id":"https:\/\/konsumpf.de\/#\/schema\/person\/e595a6d286b26994e7e0926d70699070"},"breadcrumb":{"@id":"https:\/\/konsumpf.de\/?p=5890#breadcrumb"},"inLanguage":"de","potentialAction":[{"@type":"ReadAction","target":["https:\/\/konsumpf.de\/?p=5890"]}]},{"@type":"ImageObject","inLanguage":"de","@id":"https:\/\/konsumpf.de\/?p=5890#primaryimage","url":"https:\/\/konsumpf.de\/wp-content\/uploads\/2009\/09\/atomausstieg_mittext_bg.jpg","contentUrl":"https:\/\/konsumpf.de\/wp-content\/uploads\/2009\/09\/atomausstieg_mittext_bg.jpg","width":"450","height":"265"},{"@type":"BreadcrumbList","@id":"https:\/\/konsumpf.de\/?p=5890#breadcrumb","itemListElement":[{"@type":"ListItem","position":1,"name":"Startseite","item":"https:\/\/konsumpf.de\/"},{"@type":"ListItem","position":2,"name":"Den Ausstieg aus dem Ausstieg verhindern!"}]},{"@type":"WebSite","@id":"https:\/\/konsumpf.de\/#website","url":"https:\/\/konsumpf.de\/","name":"Konsumpf - Forum f\u00fcr kreative Konsumkritik - Culture Jamming, Nachhaltigkeit, Konzernkritik, Adbusting","description":"","potentialAction":[{"@type":"SearchAction","target":{"@type":"EntryPoint","urlTemplate":"https:\/\/konsumpf.de\/?s={search_term_string}"},"query-input":{"@type":"PropertyValueSpecification","valueRequired":true,"valueName":"search_term_string"}}],"inLanguage":"de"},{"@type":"Person","@id":"https:\/\/konsumpf.de\/#\/schema\/person\/e595a6d286b26994e7e0926d70699070","name":"Peter M.","sameAs":["http:\/\/konsumpf.de"]}]}},"_links":{"self":[{"href":"https:\/\/konsumpf.de\/index.php?rest_route=\/wp\/v2\/posts\/5890"}],"collection":[{"href":"https:\/\/konsumpf.de\/index.php?rest_route=\/wp\/v2\/posts"}],"about":[{"href":"https:\/\/konsumpf.de\/index.php?rest_route=\/wp\/v2\/types\/post"}],"author":[{"embeddable":true,"href":"https:\/\/konsumpf.de\/index.php?rest_route=\/wp\/v2\/users\/1"}],"replies":[{"embeddable":true,"href":"https:\/\/konsumpf.de\/index.php?rest_route=%2Fwp%2Fv2%2Fcomments&post=5890"}],"version-history":[{"count":6,"href":"https:\/\/konsumpf.de\/index.php?rest_route=\/wp\/v2\/posts\/5890\/revisions"}],"predecessor-version":[{"id":5894,"href":"https:\/\/konsumpf.de\/index.php?rest_route=\/wp\/v2\/posts\/5890\/revisions\/5894"}],"wp:attachment":[{"href":"https:\/\/konsumpf.de\/index.php?rest_route=%2Fwp%2Fv2%2Fmedia&parent=5890"}],"wp:term":[{"taxonomy":"category","embeddable":true,"href":"https:\/\/konsumpf.de\/index.php?rest_route=%2Fwp%2Fv2%2Fcategories&post=5890"},{"taxonomy":"post_tag","embeddable":true,"href":"https:\/\/konsumpf.de\/index.php?rest_route=%2Fwp%2Fv2%2Ftags&post=5890"}],"curies":[{"name":"wp","href":"https:\/\/api.w.org\/{rel}","templated":true}]}}