{"id":5864,"date":"2009-09-27T20:37:28","date_gmt":"2009-09-27T18:37:28","guid":{"rendered":"http:\/\/konsumpf.de\/?p=5864"},"modified":"2010-11-02T22:43:22","modified_gmt":"2010-11-02T21:43:22","slug":"kleine-spontan-subjektive-%e2%80%9ewahlanalyse%e2%80%9c","status":"publish","type":"post","link":"https:\/\/konsumpf.de\/?p=5864","title":{"rendered":"Kleine spontan-subjektive \u201eWahlanalyse\u201c"},"content":{"rendered":"<p><a href=\"http:\/\/konsumpf.de\/wp-content\/uploads\/2009\/09\/bdtswhl2009.jpg\"><img loading=\"lazy\" decoding=\"async\" class=\"alignright size-full wp-image-5874\" title=\"bdtswhl2009\" src=\"http:\/\/konsumpf.de\/wp-content\/uploads\/2009\/09\/bdtswhl2009.jpg\" alt=\"bdtswhl2009\" width=\"225\" height=\"153\" \/><\/a>EIGENTLICH hatte ich mir, als ich mit meinem Blog begann, geschworen, mich aus der Tagespolitik, der Parteienpolitik herauszuhalten. Leider ist dies nicht immer ganz m\u00f6glich, da halt alle gesellschaftlichen Felder irgendwie miteinander verquickt sind, und Themen wie Kommerzialisierung, Marktmacht, \u00dcberwachung etc. immer auch von der \u201eRealpolitik\u201c beeinflusst, wenn nicht manchmal gar bestimmt werden (wenngleich oft hinter diesen politischen Weichenstellungen m\u00e4chtige Lobbys und Konzerne stecken). Dennoch m\u00f6chte ich heute aus gegebenem Anlass noch einmal kurz (!) auf die Thematik Bundestagswahl usw. eingehen \u2013 zuk\u00fcnftig wird die Alltagspolitik dann aber wieder einen geringen Rang im Konsumpf einnehmen.<\/p>\n<p>Also, wenn die Hochrechnungen stimmen, ergibt sich stichwortartig in meinen Augen folgendes Bild:<\/p>\n<p>Negativ:<\/p>\n<ul>\n<li>Schwarz-<span style=\"text-decoration: line-through;\">geld<\/span> gelb scheint tats\u00e4chlich Realit\u00e4t zu werden \u2013 ein Wunder angesichts der Wirtschaftskrise, die doch zeigte, f\u00fcr welche Interessen sich diese Parteien wirklich einsetzen; kein Wunder, wenn man gesehen hat, wie sehr die Mainstreammedien Meinungsmache betrieben haben.<\/li>\n<li>Wir d\u00fcrfen uns also auf mehr Atomkraft, mehr Privatisierungen, mehr Konkurrenz, noch mehr Wirtschaftsdominanz \u201efreuen\u201c; Rente mit 75 und Steuerfreiheit f\u00fcr alle, deren Einkommen \u00fcber 100.000\u20ac im Jahr liegt. (*Polemikmodus aus* ;-)<\/li>\n<\/ul>\n<p>Eher positiv oder doch zumindest interessant:<\/p>\n<ul>\n<li>Die Wahlbeteiligung auf Rekordminus \u2013 das ist schon Ausdruck deutlichen Protests<\/li>\n<li>SPD und CDU haben zusammen so wenig Prozente wie noch nie zuvor, sprich, die kleineren Parteien legen zu (als Folge der gro\u00dfen Koalition, aber auch im langfristigen Trend) =&gt; das Spektrum wird bunter. Wobei FDP &amp; Gr\u00fcne nun eigentlich nicht mehr als \u201eklein\u201c bezeichnet werden k\u00f6nnen und zu bef\u00fcrchten ist, dass manche ehemaligen SPD- &amp; CDU-W\u00e4hler ihre Stimme dort nur \u201egeparkt\u201c haben.<\/li>\n<li>Die Piratenpartei immerhin bei ca. 2 % \u2013 und damit 0,5% mehr als die Gr\u00fcnen bei ihrer ersten Bundestagswahl, wie ich grad irgendwo las. Trotz einseitiger bzw. tendenzi\u00f6ser Medienkampagnen (Die Zeit&#8230;) und eines d\u00fcrren Parteiprogramms sowie einiger (hochgepushter) Personal-Skandale. Mal sehen, wie die sich in der Zukunft entwickeln.<\/li>\n<li>NPD und die anderen Rechtsau\u00dfen-Parteien sind quasi bedeutungslos, haben sogar weniger Stimmen als die Piraten.<\/li>\n<\/ul>\n<p>Generell frage ich mich, ob es nicht auch was Gutes hat, dass CDU\/CSU &amp; FDP gerade jetzt an die Macht kommen. Denn die Krise ist ja \u2013 allen medial vermittelten Jubelmeldungen zum Trotz \u2013 nat\u00fcrlich noch l\u00e4ngst nicht zu Ende, f\u00e4ngt vielleicht sogar so richtig erst an. Die Suppe, die sich Politik &amp; Wirtschaft in den letzten Jahren\/Jahrzehnten da eingebrockt haben, m\u00fcssen nun die Schwarzgelben ausl\u00f6ffeln. Das wird auf der einen Seite sicher mit vielen sozialen H\u00e4rten einhergehen, aber (Schocktherapie!) eventuell dann endlich mal genug Menschen aufwecken und sie dazu bringen, sich (au\u00dferparlamentarisch) zu wehren. Die Hoffnung stirbt bekanntlich zuletzt&#8230;<\/p>\n<p>Das andere Positivum, das man in dieses Wahlergebnis hineindeuten k\u00f6nnte: Da die SPD in Sachen B\u00fcrgerrechte\/\u00dcberwachung\/Internetzensur ja brav mit der CDU mitgestimmt hat, die FDP aber sich als gro\u00dfe B\u00fcrgerrechtspartei aufspielt(e), hei\u00dft das, dass der CDU entweder der Ausbau des \u00dcberwachungsstaat erschwert wird (falls die FDP prinzipientreu bleibt) \u2013 oder, wenn die FDP doch umf\u00e4llt, hat diese damit f\u00fcr die Zukunft jegliche Glaubw\u00fcrdigeit verspielt. Vielleicht sogar bei den Naivlingen\/Egozentrikern, die diese Partei jetzt noch gew\u00e4hlt haben, in der Hoffnung, f\u00fcr sie pers\u00f6nlich w\u00fcrde dabei etwas herausspringen.<\/p>\n<h3 class='related_post_title'>Verwandte Beitr\u00e4ge:<\/h3><ul class='related_post'><li><a href=\"http:\/\/konsumpf.de\/?p=15064\" title=\"Wahlplakat-Adbusting 2013\">Wahlplakat-Adbusting 2013<\/a><\/li><li><a href=\"http:\/\/konsumpf.de\/?p=14332\" title=\"Da hilft doch nur noch Auswandern\">Da hilft doch nur noch Auswandern<\/a><\/li><li><a href=\"http:\/\/konsumpf.de\/?p=9770\" title=\"Lobbyismus f\u00fcr Dummies\">Lobbyismus f\u00fcr Dummies<\/a><\/li><li><a href=\"http:\/\/konsumpf.de\/?p=15036\" title=\"Die \u201eErfolgsbilanz\u201c von Schwarz-Gelb, Parteispenden sowie Tierschutz in den Wahlprogrammen\">Die \u201eErfolgsbilanz\u201c von Schwarz-Gelb, Parteispenden sowie Tierschutz in den Wahlprogrammen<\/a><\/li><li><a href=\"http:\/\/konsumpf.de\/?p=14894\" title=\"Der Parteien-Einheitsbrei\">Der Parteien-Einheitsbrei<\/a><\/li><\/ul>","protected":false},"excerpt":{"rendered":"<p>EIGENTLICH hatte ich mir, als ich mit meinem Blog begann, geschworen, mich aus der Tagespolitik, der Parteienpolitik herauszuhalten. Leider ist dies nicht immer ganz m\u00f6glich, da halt alle gesellschaftlichen Felder irgendwie miteinander verquickt sind, und Themen wie Kommerzialisierung, Marktmacht, \u00dcberwachung etc. immer auch von der \u201eRealpolitik\u201c beeinflusst, wenn nicht manchmal gar bestimmt werden (wenngleich oft [&hellip;]<\/p>\n","protected":false},"author":1,"featured_media":0,"comment_status":"open","ping_status":"open","sticky":false,"template":"","format":"standard","meta":{"footnotes":""},"categories":[311,53],"tags":[997,233,86,1048,1049,767,448],"yoast_head":"<!-- This site is optimized with the Yoast SEO plugin v24.4 - https:\/\/yoast.com\/wordpress\/plugins\/seo\/ -->\n<title>Kleine spontan-subjektive \u201eWahlanalyse\u201c - Konsumpf - Forum f\u00fcr kreative Konsumkritik - Culture Jamming, Nachhaltigkeit, Konzernkritik, Adbusting<\/title>\n<meta name=\"robots\" content=\"index, follow, max-snippet:-1, max-image-preview:large, max-video-preview:-1\" \/>\n<link rel=\"canonical\" href=\"https:\/\/konsumpf.de\/?p=5864\" \/>\n<meta property=\"og:locale\" content=\"de_DE\" \/>\n<meta property=\"og:type\" content=\"article\" \/>\n<meta property=\"og:title\" content=\"Kleine spontan-subjektive \u201eWahlanalyse\u201c - Konsumpf - Forum f\u00fcr kreative Konsumkritik - Culture Jamming, Nachhaltigkeit, Konzernkritik, Adbusting\" \/>\n<meta property=\"og:description\" content=\"EIGENTLICH hatte ich mir, als ich mit meinem Blog begann, geschworen, mich aus der Tagespolitik, der Parteienpolitik herauszuhalten. Leider ist dies nicht immer ganz m\u00f6glich, da halt alle gesellschaftlichen Felder irgendwie miteinander verquickt sind, und Themen wie Kommerzialisierung, Marktmacht, \u00dcberwachung etc. immer auch von der \u201eRealpolitik\u201c beeinflusst, wenn nicht manchmal gar bestimmt werden (wenngleich oft [&hellip;]\" \/>\n<meta property=\"og:url\" content=\"https:\/\/konsumpf.de\/?p=5864\" \/>\n<meta property=\"og:site_name\" content=\"Konsumpf - Forum f\u00fcr kreative Konsumkritik - Culture Jamming, Nachhaltigkeit, Konzernkritik, Adbusting\" \/>\n<meta property=\"article:published_time\" content=\"2009-09-27T18:37:28+00:00\" \/>\n<meta property=\"article:modified_time\" content=\"2010-11-02T21:43:22+00:00\" \/>\n<meta property=\"og:image\" content=\"http:\/\/konsumpf.de\/wp-content\/uploads\/2009\/09\/bdtswhl2009.jpg\" \/>\n<meta name=\"author\" content=\"Peter M.\" \/>\n<meta name=\"twitter:card\" content=\"summary_large_image\" \/>\n<meta name=\"twitter:label1\" content=\"Verfasst von\" \/>\n\t<meta name=\"twitter:data1\" content=\"Peter M.\" \/>\n\t<meta name=\"twitter:label2\" content=\"Gesch\u00e4tzte Lesezeit\" \/>\n\t<meta name=\"twitter:data2\" content=\"3\u00a0Minuten\" \/>\n<script type=\"application\/ld+json\" class=\"yoast-schema-graph\">{\"@context\":\"https:\/\/schema.org\",\"@graph\":[{\"@type\":\"WebPage\",\"@id\":\"https:\/\/konsumpf.de\/?p=5864\",\"url\":\"https:\/\/konsumpf.de\/?p=5864\",\"name\":\"Kleine spontan-subjektive \u201eWahlanalyse\u201c - Konsumpf - Forum f\u00fcr kreative Konsumkritik - Culture Jamming, Nachhaltigkeit, Konzernkritik, Adbusting\",\"isPartOf\":{\"@id\":\"https:\/\/konsumpf.de\/#website\"},\"primaryImageOfPage\":{\"@id\":\"https:\/\/konsumpf.de\/?p=5864#primaryimage\"},\"image\":{\"@id\":\"https:\/\/konsumpf.de\/?p=5864#primaryimage\"},\"thumbnailUrl\":\"http:\/\/konsumpf.de\/wp-content\/uploads\/2009\/09\/bdtswhl2009.jpg\",\"datePublished\":\"2009-09-27T18:37:28+00:00\",\"dateModified\":\"2010-11-02T21:43:22+00:00\",\"author\":{\"@id\":\"https:\/\/konsumpf.de\/#\/schema\/person\/e595a6d286b26994e7e0926d70699070\"},\"breadcrumb\":{\"@id\":\"https:\/\/konsumpf.de\/?p=5864#breadcrumb\"},\"inLanguage\":\"de\",\"potentialAction\":[{\"@type\":\"ReadAction\",\"target\":[\"https:\/\/konsumpf.de\/?p=5864\"]}]},{\"@type\":\"ImageObject\",\"inLanguage\":\"de\",\"@id\":\"https:\/\/konsumpf.de\/?p=5864#primaryimage\",\"url\":\"https:\/\/konsumpf.de\/wp-content\/uploads\/2009\/09\/bdtswhl2009.jpg\",\"contentUrl\":\"https:\/\/konsumpf.de\/wp-content\/uploads\/2009\/09\/bdtswhl2009.jpg\",\"width\":\"300\",\"height\":\"204\"},{\"@type\":\"BreadcrumbList\",\"@id\":\"https:\/\/konsumpf.de\/?p=5864#breadcrumb\",\"itemListElement\":[{\"@type\":\"ListItem\",\"position\":1,\"name\":\"Startseite\",\"item\":\"https:\/\/konsumpf.de\/\"},{\"@type\":\"ListItem\",\"position\":2,\"name\":\"Kleine spontan-subjektive \u201eWahlanalyse\u201c\"}]},{\"@type\":\"WebSite\",\"@id\":\"https:\/\/konsumpf.de\/#website\",\"url\":\"https:\/\/konsumpf.de\/\",\"name\":\"Konsumpf - Forum f\u00fcr kreative Konsumkritik - Culture Jamming, Nachhaltigkeit, Konzernkritik, Adbusting\",\"description\":\"\",\"potentialAction\":[{\"@type\":\"SearchAction\",\"target\":{\"@type\":\"EntryPoint\",\"urlTemplate\":\"https:\/\/konsumpf.de\/?s={search_term_string}\"},\"query-input\":{\"@type\":\"PropertyValueSpecification\",\"valueRequired\":true,\"valueName\":\"search_term_string\"}}],\"inLanguage\":\"de\"},{\"@type\":\"Person\",\"@id\":\"https:\/\/konsumpf.de\/#\/schema\/person\/e595a6d286b26994e7e0926d70699070\",\"name\":\"Peter M.\",\"sameAs\":[\"http:\/\/konsumpf.de\"]}]}<\/script>\n<!-- \/ Yoast SEO plugin. -->","yoast_head_json":{"title":"Kleine spontan-subjektive \u201eWahlanalyse\u201c - Konsumpf - Forum f\u00fcr kreative Konsumkritik - Culture Jamming, Nachhaltigkeit, Konzernkritik, Adbusting","robots":{"index":"index","follow":"follow","max-snippet":"max-snippet:-1","max-image-preview":"max-image-preview:large","max-video-preview":"max-video-preview:-1"},"canonical":"https:\/\/konsumpf.de\/?p=5864","og_locale":"de_DE","og_type":"article","og_title":"Kleine spontan-subjektive \u201eWahlanalyse\u201c - Konsumpf - Forum f\u00fcr kreative Konsumkritik - Culture Jamming, Nachhaltigkeit, Konzernkritik, Adbusting","og_description":"EIGENTLICH hatte ich mir, als ich mit meinem Blog begann, geschworen, mich aus der Tagespolitik, der Parteienpolitik herauszuhalten. Leider ist dies nicht immer ganz m\u00f6glich, da halt alle gesellschaftlichen Felder irgendwie miteinander verquickt sind, und Themen wie Kommerzialisierung, Marktmacht, \u00dcberwachung etc. immer auch von der \u201eRealpolitik\u201c beeinflusst, wenn nicht manchmal gar bestimmt werden (wenngleich oft [&hellip;]","og_url":"https:\/\/konsumpf.de\/?p=5864","og_site_name":"Konsumpf - Forum f\u00fcr kreative Konsumkritik - Culture Jamming, Nachhaltigkeit, Konzernkritik, Adbusting","article_published_time":"2009-09-27T18:37:28+00:00","article_modified_time":"2010-11-02T21:43:22+00:00","og_image":[{"url":"http:\/\/konsumpf.de\/wp-content\/uploads\/2009\/09\/bdtswhl2009.jpg","type":"","width":"","height":""}],"author":"Peter M.","twitter_card":"summary_large_image","twitter_misc":{"Verfasst von":"Peter M.","Gesch\u00e4tzte Lesezeit":"3\u00a0Minuten"},"schema":{"@context":"https:\/\/schema.org","@graph":[{"@type":"WebPage","@id":"https:\/\/konsumpf.de\/?p=5864","url":"https:\/\/konsumpf.de\/?p=5864","name":"Kleine spontan-subjektive \u201eWahlanalyse\u201c - Konsumpf - Forum f\u00fcr kreative Konsumkritik - Culture Jamming, Nachhaltigkeit, Konzernkritik, Adbusting","isPartOf":{"@id":"https:\/\/konsumpf.de\/#website"},"primaryImageOfPage":{"@id":"https:\/\/konsumpf.de\/?p=5864#primaryimage"},"image":{"@id":"https:\/\/konsumpf.de\/?p=5864#primaryimage"},"thumbnailUrl":"http:\/\/konsumpf.de\/wp-content\/uploads\/2009\/09\/bdtswhl2009.jpg","datePublished":"2009-09-27T18:37:28+00:00","dateModified":"2010-11-02T21:43:22+00:00","author":{"@id":"https:\/\/konsumpf.de\/#\/schema\/person\/e595a6d286b26994e7e0926d70699070"},"breadcrumb":{"@id":"https:\/\/konsumpf.de\/?p=5864#breadcrumb"},"inLanguage":"de","potentialAction":[{"@type":"ReadAction","target":["https:\/\/konsumpf.de\/?p=5864"]}]},{"@type":"ImageObject","inLanguage":"de","@id":"https:\/\/konsumpf.de\/?p=5864#primaryimage","url":"https:\/\/konsumpf.de\/wp-content\/uploads\/2009\/09\/bdtswhl2009.jpg","contentUrl":"https:\/\/konsumpf.de\/wp-content\/uploads\/2009\/09\/bdtswhl2009.jpg","width":"300","height":"204"},{"@type":"BreadcrumbList","@id":"https:\/\/konsumpf.de\/?p=5864#breadcrumb","itemListElement":[{"@type":"ListItem","position":1,"name":"Startseite","item":"https:\/\/konsumpf.de\/"},{"@type":"ListItem","position":2,"name":"Kleine spontan-subjektive \u201eWahlanalyse\u201c"}]},{"@type":"WebSite","@id":"https:\/\/konsumpf.de\/#website","url":"https:\/\/konsumpf.de\/","name":"Konsumpf - Forum f\u00fcr kreative Konsumkritik - Culture Jamming, Nachhaltigkeit, Konzernkritik, Adbusting","description":"","potentialAction":[{"@type":"SearchAction","target":{"@type":"EntryPoint","urlTemplate":"https:\/\/konsumpf.de\/?s={search_term_string}"},"query-input":{"@type":"PropertyValueSpecification","valueRequired":true,"valueName":"search_term_string"}}],"inLanguage":"de"},{"@type":"Person","@id":"https:\/\/konsumpf.de\/#\/schema\/person\/e595a6d286b26994e7e0926d70699070","name":"Peter M.","sameAs":["http:\/\/konsumpf.de"]}]}},"_links":{"self":[{"href":"https:\/\/konsumpf.de\/index.php?rest_route=\/wp\/v2\/posts\/5864"}],"collection":[{"href":"https:\/\/konsumpf.de\/index.php?rest_route=\/wp\/v2\/posts"}],"about":[{"href":"https:\/\/konsumpf.de\/index.php?rest_route=\/wp\/v2\/types\/post"}],"author":[{"embeddable":true,"href":"https:\/\/konsumpf.de\/index.php?rest_route=\/wp\/v2\/users\/1"}],"replies":[{"embeddable":true,"href":"https:\/\/konsumpf.de\/index.php?rest_route=%2Fwp%2Fv2%2Fcomments&post=5864"}],"version-history":[{"count":16,"href":"https:\/\/konsumpf.de\/index.php?rest_route=\/wp\/v2\/posts\/5864\/revisions"}],"predecessor-version":[{"id":5886,"href":"https:\/\/konsumpf.de\/index.php?rest_route=\/wp\/v2\/posts\/5864\/revisions\/5886"}],"wp:attachment":[{"href":"https:\/\/konsumpf.de\/index.php?rest_route=%2Fwp%2Fv2%2Fmedia&parent=5864"}],"wp:term":[{"taxonomy":"category","embeddable":true,"href":"https:\/\/konsumpf.de\/index.php?rest_route=%2Fwp%2Fv2%2Fcategories&post=5864"},{"taxonomy":"post_tag","embeddable":true,"href":"https:\/\/konsumpf.de\/index.php?rest_route=%2Fwp%2Fv2%2Ftags&post=5864"}],"curies":[{"name":"wp","href":"https:\/\/api.w.org\/{rel}","templated":true}]}}