{"id":5852,"date":"2009-09-26T13:13:20","date_gmt":"2009-09-26T11:13:20","guid":{"rendered":"http:\/\/konsumpf.de\/?p=5852"},"modified":"2009-09-26T11:49:27","modified_gmt":"2009-09-26T09:49:27","slug":"nichtwahler","status":"publish","type":"post","link":"https:\/\/konsumpf.de\/?p=5852","title":{"rendered":"Nichtw\u00e4hler"},"content":{"rendered":"<p>Und hier der zweite angek\u00fcndigte Frontal 21-Beitrag zur Bundestagswahl, der sich mit dem \u201ePh\u00e4nomen\u201c Nichtw\u00e4hler befasst \u2013 \u201e<a href=\"http:\/\/frontal21.zdf.de\/ZDFde\/inhalt\/3\/0,1872,7898467,00.html\"><strong>Nichtwahl aus Protest<\/strong><\/a>\u201c:<\/p>\n<blockquote><p>Immer mehr W\u00e4hler, sogar politisch Interessierte, Mittelst\u00e4ndler oder Intellektuelle gehen aus Protest gegen den Politikbetrieb nicht zur Abstimmung. Stefan Gr\u00fcll ist einer von ihnen. Er war fr\u00fcher selbst in der FDP aktiv, heute ist er ver\u00e4rgert \u00fcber das Angebot der Parteien und einen Wahlkampf ohne erkennbare Inhalte. &#8220;Das muss ein Ventil finden, das muss irgendwie artikuliert werden, und die Nichtwahl, die politisch motivierte Nichtwahl, ist eine M\u00f6glichkeit &#8211; und davon machen immer mehr Menschen Gebrauch&#8221;, sagt Gr\u00fcll.<\/p><\/blockquote>\n<p><object width=\"480\" height=\"295\"><param name=\"movie\" value=\"http:\/\/www.youtube.com\/v\/8qa7xyoqbOw&#038;hl=en&#038;fs=1&#038;\"><\/param><param name=\"allowFullScreen\" value=\"true\"><\/param><param name=\"allowscriptaccess\" value=\"always\"><\/param><embed src=\"http:\/\/www.youtube.com\/v\/8qa7xyoqbOw&#038;hl=en&#038;fs=1&#038;\" type=\"application\/x-shockwave-flash\" allowscriptaccess=\"always\" allowfullscreen=\"true\" width=\"480\" height=\"295\"><\/embed><\/object><\/p>\n<h3 class='related_post_title'>Verwandte Beitr\u00e4ge:<\/h3><ul class='related_post'><li><a href=\"http:\/\/konsumpf.de\/?p=10433\" title=\"Der satirische Jahresr\u00fcckblick 2010\">Der satirische Jahresr\u00fcckblick 2010<\/a><\/li><li><a href=\"http:\/\/konsumpf.de\/?p=15097\" title=\"Lesetipps: ToxFox | Vier-Stunden-Tag | Sparjournalismus | Spielerische Kapitalismuskritik | Wahlnachlese\">Lesetipps: ToxFox | Vier-Stunden-Tag | Sparjournalismus | Spielerische Kapitalismuskritik | Wahlnachlese<\/a><\/li><li><a href=\"http:\/\/konsumpf.de\/?p=15095\" title=\"Umfragen \u2013 Wissenschaft, oder etwas sehr \u00c4hnliches\">Umfragen \u2013 Wissenschaft, oder etwas sehr \u00c4hnliches<\/a><\/li><li><a href=\"http:\/\/konsumpf.de\/?p=15064\" title=\"Wahlplakat-Adbusting 2013\">Wahlplakat-Adbusting 2013<\/a><\/li><li><a href=\"http:\/\/konsumpf.de\/?p=15051\" title=\"Keine BILD-\u201eZeitung\u201c am 21.9.\">Keine BILD-\u201eZeitung\u201c am 21.9.<\/a><\/li><\/ul>","protected":false},"excerpt":{"rendered":"<p>Und hier der zweite angek\u00fcndigte Frontal 21-Beitrag zur Bundestagswahl, der sich mit dem \u201ePh\u00e4nomen\u201c Nichtw\u00e4hler befasst \u2013 \u201eNichtwahl aus Protest\u201c: Immer mehr W\u00e4hler, sogar politisch Interessierte, Mittelst\u00e4ndler oder Intellektuelle gehen aus Protest gegen den Politikbetrieb nicht zur Abstimmung. Stefan Gr\u00fcll ist einer von ihnen. Er war fr\u00fcher selbst in der FDP aktiv, heute ist er [&hellip;]<\/p>\n","protected":false},"author":1,"featured_media":0,"comment_status":"open","ping_status":"open","sticky":false,"template":"","format":"standard","meta":{"footnotes":""},"categories":[311,259,53],"tags":[997,172,1046,1047,2869],"yoast_head":"<!-- This site is optimized with the Yoast SEO plugin v24.4 - https:\/\/yoast.com\/wordpress\/plugins\/seo\/ -->\n<title>Nichtw\u00e4hler - Konsumpf - Forum f\u00fcr kreative Konsumkritik - Culture Jamming, Nachhaltigkeit, Konzernkritik, Adbusting<\/title>\n<meta name=\"robots\" content=\"index, follow, max-snippet:-1, max-image-preview:large, max-video-preview:-1\" \/>\n<link rel=\"canonical\" href=\"https:\/\/konsumpf.de\/?p=5852\" \/>\n<meta property=\"og:locale\" content=\"de_DE\" \/>\n<meta property=\"og:type\" content=\"article\" \/>\n<meta property=\"og:title\" content=\"Nichtw\u00e4hler - Konsumpf - Forum f\u00fcr kreative Konsumkritik - Culture Jamming, Nachhaltigkeit, Konzernkritik, Adbusting\" \/>\n<meta property=\"og:description\" content=\"Und hier der zweite angek\u00fcndigte Frontal 21-Beitrag zur Bundestagswahl, der sich mit dem \u201ePh\u00e4nomen\u201c Nichtw\u00e4hler befasst \u2013 \u201eNichtwahl aus Protest\u201c: Immer mehr W\u00e4hler, sogar politisch Interessierte, Mittelst\u00e4ndler oder Intellektuelle gehen aus Protest gegen den Politikbetrieb nicht zur Abstimmung. Stefan Gr\u00fcll ist einer von ihnen. Er war fr\u00fcher selbst in der FDP aktiv, heute ist er [&hellip;]\" \/>\n<meta property=\"og:url\" content=\"https:\/\/konsumpf.de\/?p=5852\" \/>\n<meta property=\"og:site_name\" content=\"Konsumpf - Forum f\u00fcr kreative Konsumkritik - Culture Jamming, Nachhaltigkeit, Konzernkritik, Adbusting\" \/>\n<meta property=\"article:published_time\" content=\"2009-09-26T11:13:20+00:00\" \/>\n<meta name=\"author\" content=\"Peter M.\" \/>\n<meta name=\"twitter:card\" content=\"summary_large_image\" \/>\n<meta name=\"twitter:label1\" content=\"Verfasst von\" \/>\n\t<meta name=\"twitter:data1\" content=\"Peter M.\" \/>\n\t<meta name=\"twitter:label2\" content=\"Gesch\u00e4tzte Lesezeit\" \/>\n\t<meta name=\"twitter:data2\" content=\"1\u00a0Minute\" \/>\n<script type=\"application\/ld+json\" class=\"yoast-schema-graph\">{\"@context\":\"https:\/\/schema.org\",\"@graph\":[{\"@type\":\"WebPage\",\"@id\":\"https:\/\/konsumpf.de\/?p=5852\",\"url\":\"https:\/\/konsumpf.de\/?p=5852\",\"name\":\"Nichtw\u00e4hler - Konsumpf - Forum f\u00fcr kreative Konsumkritik - Culture Jamming, Nachhaltigkeit, Konzernkritik, Adbusting\",\"isPartOf\":{\"@id\":\"https:\/\/konsumpf.de\/#website\"},\"datePublished\":\"2009-09-26T11:13:20+00:00\",\"author\":{\"@id\":\"https:\/\/konsumpf.de\/#\/schema\/person\/e595a6d286b26994e7e0926d70699070\"},\"breadcrumb\":{\"@id\":\"https:\/\/konsumpf.de\/?p=5852#breadcrumb\"},\"inLanguage\":\"de\",\"potentialAction\":[{\"@type\":\"ReadAction\",\"target\":[\"https:\/\/konsumpf.de\/?p=5852\"]}]},{\"@type\":\"BreadcrumbList\",\"@id\":\"https:\/\/konsumpf.de\/?p=5852#breadcrumb\",\"itemListElement\":[{\"@type\":\"ListItem\",\"position\":1,\"name\":\"Startseite\",\"item\":\"https:\/\/konsumpf.de\/\"},{\"@type\":\"ListItem\",\"position\":2,\"name\":\"Nichtw\u00e4hler\"}]},{\"@type\":\"WebSite\",\"@id\":\"https:\/\/konsumpf.de\/#website\",\"url\":\"https:\/\/konsumpf.de\/\",\"name\":\"Konsumpf - Forum f\u00fcr kreative Konsumkritik - Culture Jamming, Nachhaltigkeit, Konzernkritik, Adbusting\",\"description\":\"\",\"potentialAction\":[{\"@type\":\"SearchAction\",\"target\":{\"@type\":\"EntryPoint\",\"urlTemplate\":\"https:\/\/konsumpf.de\/?s={search_term_string}\"},\"query-input\":{\"@type\":\"PropertyValueSpecification\",\"valueRequired\":true,\"valueName\":\"search_term_string\"}}],\"inLanguage\":\"de\"},{\"@type\":\"Person\",\"@id\":\"https:\/\/konsumpf.de\/#\/schema\/person\/e595a6d286b26994e7e0926d70699070\",\"name\":\"Peter M.\",\"sameAs\":[\"http:\/\/konsumpf.de\"]}]}<\/script>\n<!-- \/ Yoast SEO plugin. -->","yoast_head_json":{"title":"Nichtw\u00e4hler - Konsumpf - Forum f\u00fcr kreative Konsumkritik - Culture Jamming, Nachhaltigkeit, Konzernkritik, Adbusting","robots":{"index":"index","follow":"follow","max-snippet":"max-snippet:-1","max-image-preview":"max-image-preview:large","max-video-preview":"max-video-preview:-1"},"canonical":"https:\/\/konsumpf.de\/?p=5852","og_locale":"de_DE","og_type":"article","og_title":"Nichtw\u00e4hler - Konsumpf - Forum f\u00fcr kreative Konsumkritik - Culture Jamming, Nachhaltigkeit, Konzernkritik, Adbusting","og_description":"Und hier der zweite angek\u00fcndigte Frontal 21-Beitrag zur Bundestagswahl, der sich mit dem \u201ePh\u00e4nomen\u201c Nichtw\u00e4hler befasst \u2013 \u201eNichtwahl aus Protest\u201c: Immer mehr W\u00e4hler, sogar politisch Interessierte, Mittelst\u00e4ndler oder Intellektuelle gehen aus Protest gegen den Politikbetrieb nicht zur Abstimmung. Stefan Gr\u00fcll ist einer von ihnen. Er war fr\u00fcher selbst in der FDP aktiv, heute ist er [&hellip;]","og_url":"https:\/\/konsumpf.de\/?p=5852","og_site_name":"Konsumpf - Forum f\u00fcr kreative Konsumkritik - Culture Jamming, Nachhaltigkeit, Konzernkritik, Adbusting","article_published_time":"2009-09-26T11:13:20+00:00","author":"Peter M.","twitter_card":"summary_large_image","twitter_misc":{"Verfasst von":"Peter M.","Gesch\u00e4tzte Lesezeit":"1\u00a0Minute"},"schema":{"@context":"https:\/\/schema.org","@graph":[{"@type":"WebPage","@id":"https:\/\/konsumpf.de\/?p=5852","url":"https:\/\/konsumpf.de\/?p=5852","name":"Nichtw\u00e4hler - Konsumpf - Forum f\u00fcr kreative Konsumkritik - Culture Jamming, Nachhaltigkeit, Konzernkritik, Adbusting","isPartOf":{"@id":"https:\/\/konsumpf.de\/#website"},"datePublished":"2009-09-26T11:13:20+00:00","author":{"@id":"https:\/\/konsumpf.de\/#\/schema\/person\/e595a6d286b26994e7e0926d70699070"},"breadcrumb":{"@id":"https:\/\/konsumpf.de\/?p=5852#breadcrumb"},"inLanguage":"de","potentialAction":[{"@type":"ReadAction","target":["https:\/\/konsumpf.de\/?p=5852"]}]},{"@type":"BreadcrumbList","@id":"https:\/\/konsumpf.de\/?p=5852#breadcrumb","itemListElement":[{"@type":"ListItem","position":1,"name":"Startseite","item":"https:\/\/konsumpf.de\/"},{"@type":"ListItem","position":2,"name":"Nichtw\u00e4hler"}]},{"@type":"WebSite","@id":"https:\/\/konsumpf.de\/#website","url":"https:\/\/konsumpf.de\/","name":"Konsumpf - Forum f\u00fcr kreative Konsumkritik - Culture Jamming, Nachhaltigkeit, Konzernkritik, Adbusting","description":"","potentialAction":[{"@type":"SearchAction","target":{"@type":"EntryPoint","urlTemplate":"https:\/\/konsumpf.de\/?s={search_term_string}"},"query-input":{"@type":"PropertyValueSpecification","valueRequired":true,"valueName":"search_term_string"}}],"inLanguage":"de"},{"@type":"Person","@id":"https:\/\/konsumpf.de\/#\/schema\/person\/e595a6d286b26994e7e0926d70699070","name":"Peter M.","sameAs":["http:\/\/konsumpf.de"]}]}},"_links":{"self":[{"href":"https:\/\/konsumpf.de\/index.php?rest_route=\/wp\/v2\/posts\/5852"}],"collection":[{"href":"https:\/\/konsumpf.de\/index.php?rest_route=\/wp\/v2\/posts"}],"about":[{"href":"https:\/\/konsumpf.de\/index.php?rest_route=\/wp\/v2\/types\/post"}],"author":[{"embeddable":true,"href":"https:\/\/konsumpf.de\/index.php?rest_route=\/wp\/v2\/users\/1"}],"replies":[{"embeddable":true,"href":"https:\/\/konsumpf.de\/index.php?rest_route=%2Fwp%2Fv2%2Fcomments&post=5852"}],"version-history":[{"count":2,"href":"https:\/\/konsumpf.de\/index.php?rest_route=\/wp\/v2\/posts\/5852\/revisions"}],"predecessor-version":[{"id":5854,"href":"https:\/\/konsumpf.de\/index.php?rest_route=\/wp\/v2\/posts\/5852\/revisions\/5854"}],"wp:attachment":[{"href":"https:\/\/konsumpf.de\/index.php?rest_route=%2Fwp%2Fv2%2Fmedia&parent=5852"}],"wp:term":[{"taxonomy":"category","embeddable":true,"href":"https:\/\/konsumpf.de\/index.php?rest_route=%2Fwp%2Fv2%2Fcategories&post=5852"},{"taxonomy":"post_tag","embeddable":true,"href":"https:\/\/konsumpf.de\/index.php?rest_route=%2Fwp%2Fv2%2Ftags&post=5852"}],"curies":[{"name":"wp","href":"https:\/\/api.w.org\/{rel}","templated":true}]}}