{"id":5830,"date":"2009-09-29T10:16:40","date_gmt":"2009-09-29T08:16:40","guid":{"rendered":"http:\/\/konsumpf.de\/?p=5830"},"modified":"2009-09-29T16:21:05","modified_gmt":"2009-09-29T14:21:05","slug":"verursachen-elektroautos-die-nachste-umweltkrise","status":"publish","type":"post","link":"https:\/\/konsumpf.de\/?p=5830","title":{"rendered":"Verursachen Elektroautos die n\u00e4chste Umweltkrise?"},"content":{"rendered":"<div id=\"attachment_5835\" style=\"width: 235px\" class=\"wp-caption alignright\"><a href=\"http:\/\/www.sxc.hu\/photo\/1148745\"><img loading=\"lazy\" decoding=\"async\" aria-describedby=\"caption-attachment-5835\" class=\"size-full wp-image-5835\" title=\"crashed_car\" src=\"http:\/\/konsumpf.de\/wp-content\/uploads\/2009\/09\/crashed_car.jpg\" alt=\"crashed_car\" width=\"225\" height=\"300\" \/><\/a><p id=\"caption-attachment-5835\" class=\"wp-caption-text\">\u00a9 reisereise, stock.xchng<\/p><\/div>\n<p>Passend zu meiner Buchbesprechung von \u201e<a href=\"http:\/\/konsumpf.de\/?p=5722\">Asphalt Nation<\/a>\u201c neulich, in der es um die vielen Nachteile unserer Autokultur ging, stie\u00df ich j\u00fcngst auf einen Artikel auf <strong>Utopia<\/strong>, der die interessante Frage aufwirft: \u201e<a href=\"http:\/\/www.utopia.de\/magazin\/verursachen-e-autos-die-naechste-umweltkrise\"><strong>Verursachen E-Autos die n\u00e4chste Umweltkrise?<\/strong><\/a>\u201c. Denn gerade von den Gr\u00fcnen, aber auch von breiten Kreisen der Industrie, werden Elektroautos als DIE ultimative Rettung der Welt dargestellt. Was dabei in den Hintergrund ger\u00e4t \u2013 ist das mit dem Automobil verbundene Konzept des grenzenlosen Individualverkehrs mit all seinen Problemen (von denen die Abgase noch die geringsten scheinen) \u00fcberhaupt zukunftsf\u00e4hig, sollte man hier nicht eher versuchen, Kreativit\u00e4t, Energie und Geld in ganz andere L\u00f6sungen zu stecken? Regierungen, die Milliarden \u20ac in Abwrackpr\u00e4mien pumpen, sind wohl offensichtlich noch ganz im alten Denken verhaftet, von dort darf man keine entscheidenden Impulse erwarten.<\/p>\n<blockquote><p>(&#8230;) Die Krux aber ist: Elektroautos sind gar nicht so umweltfreundlich, wie viele Hersteller tun. Vor allem die Entsorgung der rohstoffaufwendigen Lithium-Ionen-Batterien ist ein Problem. Auf genau diese Akkus setzt die Industrie derzeit f\u00fcr E-Autos, weil sie leistungsst\u00e4rker sind als andere Batterien. Greenpeace-Verkehrsexperte Wolfgang Lohbeck findet, dass die Industrie mit ihren E-Autos zu kurz denkt. Ein Rechenbeispiel, das er anstellt: Eine E-Autobatterie wiegt um 200 Kilo. Sollte das E-Auto in 20 oder 30 Jahren massentauglich werden, w\u00fcrden dann j\u00e4hrlich 50 oder mehr Millionen Batterien anfallen, also j\u00e4hrlich zehn Millionen Tonnen Abfall! (&#8230;)<\/p>\n<p>(&#8230;) Aber nicht nur die Entsorgung der Batterien ist ein Problem. Die Produktion der leistungsstarken Akkus ist besonders ressourcenaufwendig. Lithium ist zudem nicht endlich, wie etwa die Deutsche Umwelthilfe betont. In zehn, zw\u00f6lf Jahren k\u00f6nnten die weltweiten Lithium-Vorkommen bereits aufgebraucht sein. Gewonnen wird es zum Beispiel in L\u00e4ndern wie Chile, Bolivien und China. Die Abbaumethoden im gro\u00dfen Ma\u00dfstab bedeuten Raubbau an der Natur &#8211; von den Arbeitsbedingungen f\u00fcr die Menschen vor Ort einmal ganz zu schweigen. (&#8230;)<\/p>\n<p>(&#8230;) Greenpeace-Verkehrsexperte Lohbeck bringt das Dilemma mit den Elektro-Autos auf den Punkt: \u201eDer Elektroweg ist dann genauso wenig nachhaltig, wenn lediglich das Element Antrieb ausgetauscht wird in einem ansonsten vollkommen unnachhaltigen Konsumgut: einem Auto, das zur Bef\u00f6rderung von \u2013 sagen wir mal \u2013 100 bis 200 Kilo Nutzlast (Mensch mit Aktentasche oder was auch immer) bis zu zwei Tonnen oder mehr Gewicht an Kunststoff, Aluminium und anderer &#8216;toter&#8217; Last bef\u00f6rdert. Da ist es langfristig vollkommen egal, ob so ein Missverh\u00e4ltnis auf einem effizienten Verbrennungsantrieb basiert oder auf Elektro.\u201c<\/p><\/blockquote>\n<p><a href=\"http:\/\/www.utopia.de\/magazin\/verursachen-e-autos-die-naechste-umweltkrise?all#comments\">Auf Utopia l\u00e4uft derzeit eine entsprechende Debatte dar\u00fcber<\/a> \u2013 hier wird eher (wie so oft) auf die technischen Entwicklungen abgezielt, beispielsweise dass Lithium-Recycling inzwischen, entgegen den Angaben in obigem Artikel, sehr wohl m\u00f6glich ist. Einer generellen Hinterfragung dieser Form der Mobilit\u00e4t stellen sich die meisten lieber nicht&#8230; (Ausnahme: <a href=\"http:\/\/www.utopia.de\/blog\/beitrag\/175349\">ein User analysiert in seinem Beitrag die Vorteile von Stra\u00dfenbahnen gegen\u00fcber Bussen &amp; Autos<\/a>)<\/p>\n<h3 class='related_post_title'>Verwandte Beitr\u00e4ge:<\/h3><ul class='related_post'><li><a href=\"http:\/\/konsumpf.de\/?p=12302\" title=\"Die dunkle Seite von Volkswagen\">Die dunkle Seite von Volkswagen<\/a><\/li><li><a href=\"http:\/\/konsumpf.de\/?p=12133\" title=\"Das Dienstwagenprivileg \u2013 verdeckte Subventionen f\u00fcr die Autoindustrie\">Das Dienstwagenprivileg \u2013 verdeckte Subventionen f\u00fcr die Autoindustrie<\/a><\/li><li><a href=\"http:\/\/konsumpf.de\/?p=6651\" title=\"Abgesang aufs Auto\">Abgesang aufs Auto<\/a><\/li><li><a href=\"http:\/\/konsumpf.de\/?p=15125\" title=\"Die Geschichte der L\u00f6sungen\">Die Geschichte der L\u00f6sungen<\/a><\/li><li><a href=\"http:\/\/konsumpf.de\/?p=14722\" title=\"BASF und der Clearfield-Raps\">BASF und der Clearfield-Raps<\/a><\/li><\/ul>","protected":false},"excerpt":{"rendered":"<p>Passend zu meiner Buchbesprechung von \u201eAsphalt Nation\u201c neulich, in der es um die vielen Nachteile unserer Autokultur ging, stie\u00df ich j\u00fcngst auf einen Artikel auf Utopia, der die interessante Frage aufwirft: \u201eVerursachen E-Autos die n\u00e4chste Umweltkrise?\u201c. Denn gerade von den Gr\u00fcnen, aber auch von breiten Kreisen der Industrie, werden Elektroautos als DIE ultimative Rettung der [&hellip;]<\/p>\n","protected":false},"author":1,"featured_media":0,"comment_status":"open","ping_status":"open","sticky":false,"template":"","format":"standard","meta":{"footnotes":""},"categories":[12,50,78],"tags":[1034,1035,318,1037,1036,346,391],"yoast_head":"<!-- This site is optimized with the Yoast SEO plugin v24.4 - https:\/\/yoast.com\/wordpress\/plugins\/seo\/ -->\n<title>Verursachen Elektroautos die n\u00e4chste Umweltkrise? - Konsumpf - Forum f\u00fcr kreative Konsumkritik - Culture Jamming, Nachhaltigkeit, Konzernkritik, Adbusting<\/title>\n<meta name=\"robots\" content=\"index, follow, max-snippet:-1, max-image-preview:large, max-video-preview:-1\" \/>\n<link rel=\"canonical\" href=\"https:\/\/konsumpf.de\/?p=5830\" \/>\n<meta property=\"og:locale\" content=\"de_DE\" \/>\n<meta property=\"og:type\" content=\"article\" \/>\n<meta property=\"og:title\" content=\"Verursachen Elektroautos die n\u00e4chste Umweltkrise? - Konsumpf - Forum f\u00fcr kreative Konsumkritik - Culture Jamming, Nachhaltigkeit, Konzernkritik, Adbusting\" \/>\n<meta property=\"og:description\" content=\"Passend zu meiner Buchbesprechung von \u201eAsphalt Nation\u201c neulich, in der es um die vielen Nachteile unserer Autokultur ging, stie\u00df ich j\u00fcngst auf einen Artikel auf Utopia, der die interessante Frage aufwirft: \u201eVerursachen E-Autos die n\u00e4chste Umweltkrise?\u201c. Denn gerade von den Gr\u00fcnen, aber auch von breiten Kreisen der Industrie, werden Elektroautos als DIE ultimative Rettung der [&hellip;]\" \/>\n<meta property=\"og:url\" content=\"https:\/\/konsumpf.de\/?p=5830\" \/>\n<meta property=\"og:site_name\" content=\"Konsumpf - Forum f\u00fcr kreative Konsumkritik - Culture Jamming, Nachhaltigkeit, Konzernkritik, Adbusting\" \/>\n<meta property=\"article:published_time\" content=\"2009-09-29T08:16:40+00:00\" \/>\n<meta property=\"article:modified_time\" content=\"2009-09-29T14:21:05+00:00\" \/>\n<meta property=\"og:image\" content=\"http:\/\/konsumpf.de\/wp-content\/uploads\/2009\/09\/crashed_car.jpg\" \/>\n<meta name=\"author\" content=\"Peter M.\" \/>\n<meta name=\"twitter:card\" content=\"summary_large_image\" \/>\n<meta name=\"twitter:label1\" content=\"Verfasst von\" \/>\n\t<meta name=\"twitter:data1\" content=\"Peter M.\" \/>\n\t<meta name=\"twitter:label2\" content=\"Gesch\u00e4tzte Lesezeit\" \/>\n\t<meta name=\"twitter:data2\" content=\"2\u00a0Minuten\" \/>\n<script type=\"application\/ld+json\" class=\"yoast-schema-graph\">{\"@context\":\"https:\/\/schema.org\",\"@graph\":[{\"@type\":\"WebPage\",\"@id\":\"https:\/\/konsumpf.de\/?p=5830\",\"url\":\"https:\/\/konsumpf.de\/?p=5830\",\"name\":\"Verursachen Elektroautos die n\u00e4chste Umweltkrise? - Konsumpf - Forum f\u00fcr kreative Konsumkritik - Culture Jamming, Nachhaltigkeit, Konzernkritik, Adbusting\",\"isPartOf\":{\"@id\":\"https:\/\/konsumpf.de\/#website\"},\"primaryImageOfPage\":{\"@id\":\"https:\/\/konsumpf.de\/?p=5830#primaryimage\"},\"image\":{\"@id\":\"https:\/\/konsumpf.de\/?p=5830#primaryimage\"},\"thumbnailUrl\":\"http:\/\/konsumpf.de\/wp-content\/uploads\/2009\/09\/crashed_car.jpg\",\"datePublished\":\"2009-09-29T08:16:40+00:00\",\"dateModified\":\"2009-09-29T14:21:05+00:00\",\"author\":{\"@id\":\"https:\/\/konsumpf.de\/#\/schema\/person\/e595a6d286b26994e7e0926d70699070\"},\"breadcrumb\":{\"@id\":\"https:\/\/konsumpf.de\/?p=5830#breadcrumb\"},\"inLanguage\":\"de\",\"potentialAction\":[{\"@type\":\"ReadAction\",\"target\":[\"https:\/\/konsumpf.de\/?p=5830\"]}]},{\"@type\":\"ImageObject\",\"inLanguage\":\"de\",\"@id\":\"https:\/\/konsumpf.de\/?p=5830#primaryimage\",\"url\":\"https:\/\/konsumpf.de\/wp-content\/uploads\/2009\/09\/crashed_car.jpg\",\"contentUrl\":\"https:\/\/konsumpf.de\/wp-content\/uploads\/2009\/09\/crashed_car.jpg\",\"width\":\"225\",\"height\":\"300\"},{\"@type\":\"BreadcrumbList\",\"@id\":\"https:\/\/konsumpf.de\/?p=5830#breadcrumb\",\"itemListElement\":[{\"@type\":\"ListItem\",\"position\":1,\"name\":\"Startseite\",\"item\":\"https:\/\/konsumpf.de\/\"},{\"@type\":\"ListItem\",\"position\":2,\"name\":\"Verursachen Elektroautos die n\u00e4chste Umweltkrise?\"}]},{\"@type\":\"WebSite\",\"@id\":\"https:\/\/konsumpf.de\/#website\",\"url\":\"https:\/\/konsumpf.de\/\",\"name\":\"Konsumpf - Forum f\u00fcr kreative Konsumkritik - Culture Jamming, Nachhaltigkeit, Konzernkritik, Adbusting\",\"description\":\"\",\"potentialAction\":[{\"@type\":\"SearchAction\",\"target\":{\"@type\":\"EntryPoint\",\"urlTemplate\":\"https:\/\/konsumpf.de\/?s={search_term_string}\"},\"query-input\":{\"@type\":\"PropertyValueSpecification\",\"valueRequired\":true,\"valueName\":\"search_term_string\"}}],\"inLanguage\":\"de\"},{\"@type\":\"Person\",\"@id\":\"https:\/\/konsumpf.de\/#\/schema\/person\/e595a6d286b26994e7e0926d70699070\",\"name\":\"Peter M.\",\"sameAs\":[\"http:\/\/konsumpf.de\"]}]}<\/script>\n<!-- \/ Yoast SEO plugin. -->","yoast_head_json":{"title":"Verursachen Elektroautos die n\u00e4chste Umweltkrise? - Konsumpf - Forum f\u00fcr kreative Konsumkritik - Culture Jamming, Nachhaltigkeit, Konzernkritik, Adbusting","robots":{"index":"index","follow":"follow","max-snippet":"max-snippet:-1","max-image-preview":"max-image-preview:large","max-video-preview":"max-video-preview:-1"},"canonical":"https:\/\/konsumpf.de\/?p=5830","og_locale":"de_DE","og_type":"article","og_title":"Verursachen Elektroautos die n\u00e4chste Umweltkrise? - Konsumpf - Forum f\u00fcr kreative Konsumkritik - Culture Jamming, Nachhaltigkeit, Konzernkritik, Adbusting","og_description":"Passend zu meiner Buchbesprechung von \u201eAsphalt Nation\u201c neulich, in der es um die vielen Nachteile unserer Autokultur ging, stie\u00df ich j\u00fcngst auf einen Artikel auf Utopia, der die interessante Frage aufwirft: \u201eVerursachen E-Autos die n\u00e4chste Umweltkrise?\u201c. Denn gerade von den Gr\u00fcnen, aber auch von breiten Kreisen der Industrie, werden Elektroautos als DIE ultimative Rettung der [&hellip;]","og_url":"https:\/\/konsumpf.de\/?p=5830","og_site_name":"Konsumpf - Forum f\u00fcr kreative Konsumkritik - Culture Jamming, Nachhaltigkeit, Konzernkritik, Adbusting","article_published_time":"2009-09-29T08:16:40+00:00","article_modified_time":"2009-09-29T14:21:05+00:00","og_image":[{"url":"http:\/\/konsumpf.de\/wp-content\/uploads\/2009\/09\/crashed_car.jpg","type":"","width":"","height":""}],"author":"Peter M.","twitter_card":"summary_large_image","twitter_misc":{"Verfasst von":"Peter M.","Gesch\u00e4tzte Lesezeit":"2\u00a0Minuten"},"schema":{"@context":"https:\/\/schema.org","@graph":[{"@type":"WebPage","@id":"https:\/\/konsumpf.de\/?p=5830","url":"https:\/\/konsumpf.de\/?p=5830","name":"Verursachen Elektroautos die n\u00e4chste Umweltkrise? - Konsumpf - Forum f\u00fcr kreative Konsumkritik - Culture Jamming, Nachhaltigkeit, Konzernkritik, Adbusting","isPartOf":{"@id":"https:\/\/konsumpf.de\/#website"},"primaryImageOfPage":{"@id":"https:\/\/konsumpf.de\/?p=5830#primaryimage"},"image":{"@id":"https:\/\/konsumpf.de\/?p=5830#primaryimage"},"thumbnailUrl":"http:\/\/konsumpf.de\/wp-content\/uploads\/2009\/09\/crashed_car.jpg","datePublished":"2009-09-29T08:16:40+00:00","dateModified":"2009-09-29T14:21:05+00:00","author":{"@id":"https:\/\/konsumpf.de\/#\/schema\/person\/e595a6d286b26994e7e0926d70699070"},"breadcrumb":{"@id":"https:\/\/konsumpf.de\/?p=5830#breadcrumb"},"inLanguage":"de","potentialAction":[{"@type":"ReadAction","target":["https:\/\/konsumpf.de\/?p=5830"]}]},{"@type":"ImageObject","inLanguage":"de","@id":"https:\/\/konsumpf.de\/?p=5830#primaryimage","url":"https:\/\/konsumpf.de\/wp-content\/uploads\/2009\/09\/crashed_car.jpg","contentUrl":"https:\/\/konsumpf.de\/wp-content\/uploads\/2009\/09\/crashed_car.jpg","width":"225","height":"300"},{"@type":"BreadcrumbList","@id":"https:\/\/konsumpf.de\/?p=5830#breadcrumb","itemListElement":[{"@type":"ListItem","position":1,"name":"Startseite","item":"https:\/\/konsumpf.de\/"},{"@type":"ListItem","position":2,"name":"Verursachen Elektroautos die n\u00e4chste Umweltkrise?"}]},{"@type":"WebSite","@id":"https:\/\/konsumpf.de\/#website","url":"https:\/\/konsumpf.de\/","name":"Konsumpf - Forum f\u00fcr kreative Konsumkritik - Culture Jamming, Nachhaltigkeit, Konzernkritik, Adbusting","description":"","potentialAction":[{"@type":"SearchAction","target":{"@type":"EntryPoint","urlTemplate":"https:\/\/konsumpf.de\/?s={search_term_string}"},"query-input":{"@type":"PropertyValueSpecification","valueRequired":true,"valueName":"search_term_string"}}],"inLanguage":"de"},{"@type":"Person","@id":"https:\/\/konsumpf.de\/#\/schema\/person\/e595a6d286b26994e7e0926d70699070","name":"Peter M.","sameAs":["http:\/\/konsumpf.de"]}]}},"_links":{"self":[{"href":"https:\/\/konsumpf.de\/index.php?rest_route=\/wp\/v2\/posts\/5830"}],"collection":[{"href":"https:\/\/konsumpf.de\/index.php?rest_route=\/wp\/v2\/posts"}],"about":[{"href":"https:\/\/konsumpf.de\/index.php?rest_route=\/wp\/v2\/types\/post"}],"author":[{"embeddable":true,"href":"https:\/\/konsumpf.de\/index.php?rest_route=\/wp\/v2\/users\/1"}],"replies":[{"embeddable":true,"href":"https:\/\/konsumpf.de\/index.php?rest_route=%2Fwp%2Fv2%2Fcomments&post=5830"}],"version-history":[{"count":9,"href":"https:\/\/konsumpf.de\/index.php?rest_route=\/wp\/v2\/posts\/5830\/revisions"}],"predecessor-version":[{"id":5900,"href":"https:\/\/konsumpf.de\/index.php?rest_route=\/wp\/v2\/posts\/5830\/revisions\/5900"}],"wp:attachment":[{"href":"https:\/\/konsumpf.de\/index.php?rest_route=%2Fwp%2Fv2%2Fmedia&parent=5830"}],"wp:term":[{"taxonomy":"category","embeddable":true,"href":"https:\/\/konsumpf.de\/index.php?rest_route=%2Fwp%2Fv2%2Fcategories&post=5830"},{"taxonomy":"post_tag","embeddable":true,"href":"https:\/\/konsumpf.de\/index.php?rest_route=%2Fwp%2Fv2%2Ftags&post=5830"}],"curies":[{"name":"wp","href":"https:\/\/api.w.org\/{rel}","templated":true}]}}