{"id":5778,"date":"2009-09-27T08:55:00","date_gmt":"2009-09-27T06:55:00","guid":{"rendered":"http:\/\/konsumpf.de\/?p=5778"},"modified":"2009-09-25T12:37:51","modified_gmt":"2009-09-25T10:37:51","slug":"die-qual-der-wahl","status":"publish","type":"post","link":"https:\/\/konsumpf.de\/?p=5778","title":{"rendered":"Die Qual der Wahl \/ Die Wahl der Qual"},"content":{"rendered":"<p>Jaja, heute ist Bundestagswahl (und wir in Schleswig-Holstein d\u00fcrfen gleichzeitig auch noch den Ministerpr\u00e4sidenten abw\u00e4hlen). Wer noch nicht sein Kreuzchen gemacht hat, sollte dies im Laufe des Tages aber auf jeden Fall noch tun, egal, wie wenig er (berechtigterweise) von den etablierten Parteien und deren Umtrieben und dem aktuellen Zustand der parlamentarischen Demokratie h\u00e4lt. Nicht zur Wahl zu gehen ist auf jeden Fall keine L\u00f6sung, denn es zementiert nur die jetzige Machtverteilung und sorgt daf\u00fcr, dass sich garantiert nichts \u00e4ndert. Die gro\u00dfen Parteien freuen sich, wenn sie ihre P\u00f6stchen auch in Zukunft behalten k\u00f6nnen \u2013 das gilt es zu verhindern, oder doch zumindest zu erschweren! Meine Meinung \u2013 und nicht nur meine:<\/p>\n<p><object width=\"420\" height=\"255\" data=\"http:\/\/www.youtube.com\/v\/QnV-NDHdyeA&amp;hl=en&amp;fs=1&amp;\" type=\"application\/x-shockwave-flash\"><param name=\"allowFullScreen\" value=\"true\" \/><param name=\"allowscriptaccess\" value=\"always\" \/><param name=\"src\" value=\"http:\/\/www.youtube.com\/v\/QnV-NDHdyeA&amp;hl=en&amp;fs=1&amp;\" \/><param name=\"allowfullscreen\" value=\"true\" \/><\/object><\/p>\n<p>Solche Dinge wie die folgenden bei seiner Wahlentscheidung im Hinterkopf zu behalten, ist sicher nicht verkehrt:<\/p>\n<ul>\n<li>\u201e<a href=\"http:\/\/www.sueddeutsche.de\/politik\/514\/488907\/text\/\">Pl\u00e4ne aus dem Bundesinnenministerium \u2013 Verfassungsschutz soll zur Polizei werden<\/a>\u201c (S\u00fcddeutsche Zeitung, 25.9.2009)<br \/>\n<em>\u201eDas Bundesinnenministerium bereitet sich mit weitgehenden Forderungen zur inneren Sicherheit auf die Koalitionsverhandlungen nach der Bundestagswahl vor: Der Verfassungsschutz soll zahlreiche neue Kompetenzen erhalten und zur allgemeinen Sicherheitsbeh\u00f6rde ausgebaut werden. Dies ergibt sich aus einem Konzept, das in dem von Wolfgang Sch\u00e4uble (CDU) gef\u00fchrten Bundesinnenministerium ausgearbeitet worden ist.\u201c<\/em><\/li>\n<li>\u201e<a href=\"http:\/\/www.ftd.de\/unternehmen\/finanzdienstleister\/:spenden-welche-konzerne-den-parteien-geld-zustecken\/50008586.html\">Welche Konzerne den Parteien Geld zustecken<\/a>\u201c (Financial Times Deutschland, 12.9.2009)<br \/>\n<em>\u201eDie FDP erhielt laut einem &#8220;Spiegel&#8221;-Bericht neben den 150.000 Euro vom bayerischen Metallindustrieverband in den vergangenen Monaten Gro\u00dfspenden von Banken und Finanzdienstleistern. Im Juni h\u00e4tten die Liberalen 200.000 Euro von der <span class=\"icon markets inline\">Deutschen Bank<\/span>, 150.000 von der Deutschen Verm\u00f6gensberatung AG und 100.000 Euro von der Allfinanz Deutsche Verm\u00f6gensberatung erhalten. Im April seien 250.000 Euro von der D\u00fcsseldorfer Finanzierungsgesellschaft Substantia an die FDP gegangen.\u201d<\/em><\/li>\n<\/ul>\n<h3 class='related_post_title'>Verwandte Beitr\u00e4ge:<\/h3><ul class='related_post'><li><a href=\"http:\/\/konsumpf.de\/?p=15064\" title=\"Wahlplakat-Adbusting 2013\">Wahlplakat-Adbusting 2013<\/a><\/li><li><a href=\"http:\/\/konsumpf.de\/?p=14666\" title=\"Lesetipps: \u00dcberwachungsstaat USA | Freiheit | Anarchismus | Arbeit | Faire Klamotten | Unn\u00fctze Geschenke\">Lesetipps: \u00dcberwachungsstaat USA | Freiheit | Anarchismus | Arbeit | Faire Klamotten | Unn\u00fctze Geschenke<\/a><\/li><li><a href=\"http:\/\/konsumpf.de\/?p=13097\" title=\"Lesetipps: Fu\u00dfball-Verschw\u00f6rung | Weniger Demokratie wagen | Landwirtschaft | FDP\">Lesetipps: Fu\u00dfball-Verschw\u00f6rung | Weniger Demokratie wagen | Landwirtschaft | FDP<\/a><\/li><li><a href=\"http:\/\/konsumpf.de\/?p=11120\" title=\"Die Durchkommerzialisierung der digitalen Welt \u2013 Teil 1: Facebook\">Die Durchkommerzialisierung der digitalen Welt \u2013 Teil 1: Facebook<\/a><\/li><li><a href=\"http:\/\/konsumpf.de\/?p=7045\" title=\"Ein paar Lesetipps zum Wochenende: \u201eSie k\u00f6nnen nur billig\u201c, \u201eFacebook wei\u00df alles \u00fcber uns\u201c und \u201eWann stehen die Deutschen auf?\u201c\">Ein paar Lesetipps zum Wochenende: \u201eSie k\u00f6nnen nur billig\u201c, \u201eFacebook wei\u00df alles \u00fcber uns\u201c und \u201eWann stehen die Deutschen auf?\u201c<\/a><\/li><\/ul>","protected":false},"excerpt":{"rendered":"<p>Jaja, heute ist Bundestagswahl (und wir in Schleswig-Holstein d\u00fcrfen gleichzeitig auch noch den Ministerpr\u00e4sidenten abw\u00e4hlen). Wer noch nicht sein Kreuzchen gemacht hat, sollte dies im Laufe des Tages aber auf jeden Fall noch tun, egal, wie wenig er (berechtigterweise) von den etablierten Parteien und deren Umtrieben und dem aktuellen Zustand der parlamentarischen Demokratie h\u00e4lt. Nicht [&hellip;]<\/p>\n","protected":false},"author":1,"featured_media":0,"comment_status":"open","ping_status":"open","sticky":false,"template":"","format":"standard","meta":{"footnotes":""},"categories":[311],"tags":[1039,997,2883,86,592,1018,637,2879,1038],"yoast_head":"<!-- This site is optimized with the Yoast SEO plugin v24.4 - https:\/\/yoast.com\/wordpress\/plugins\/seo\/ -->\n<title>Die Qual der Wahl \/ Die Wahl der Qual - Konsumpf - Forum f\u00fcr kreative Konsumkritik - Culture Jamming, Nachhaltigkeit, Konzernkritik, Adbusting<\/title>\n<meta name=\"robots\" content=\"index, follow, max-snippet:-1, max-image-preview:large, max-video-preview:-1\" \/>\n<link rel=\"canonical\" href=\"https:\/\/konsumpf.de\/?p=5778\" \/>\n<meta property=\"og:locale\" content=\"de_DE\" \/>\n<meta property=\"og:type\" content=\"article\" \/>\n<meta property=\"og:title\" content=\"Die Qual der Wahl \/ Die Wahl der Qual - Konsumpf - Forum f\u00fcr kreative Konsumkritik - Culture Jamming, Nachhaltigkeit, Konzernkritik, Adbusting\" \/>\n<meta property=\"og:description\" content=\"Jaja, heute ist Bundestagswahl (und wir in Schleswig-Holstein d\u00fcrfen gleichzeitig auch noch den Ministerpr\u00e4sidenten abw\u00e4hlen). Wer noch nicht sein Kreuzchen gemacht hat, sollte dies im Laufe des Tages aber auf jeden Fall noch tun, egal, wie wenig er (berechtigterweise) von den etablierten Parteien und deren Umtrieben und dem aktuellen Zustand der parlamentarischen Demokratie h\u00e4lt. Nicht [&hellip;]\" \/>\n<meta property=\"og:url\" content=\"https:\/\/konsumpf.de\/?p=5778\" \/>\n<meta property=\"og:site_name\" content=\"Konsumpf - Forum f\u00fcr kreative Konsumkritik - Culture Jamming, Nachhaltigkeit, Konzernkritik, Adbusting\" \/>\n<meta property=\"article:published_time\" content=\"2009-09-27T06:55:00+00:00\" \/>\n<meta name=\"author\" content=\"Peter M.\" \/>\n<meta name=\"twitter:card\" content=\"summary_large_image\" \/>\n<meta name=\"twitter:label1\" content=\"Verfasst von\" \/>\n\t<meta name=\"twitter:data1\" content=\"Peter M.\" \/>\n\t<meta name=\"twitter:label2\" content=\"Gesch\u00e4tzte Lesezeit\" \/>\n\t<meta name=\"twitter:data2\" content=\"1\u00a0Minute\" \/>\n<script type=\"application\/ld+json\" class=\"yoast-schema-graph\">{\"@context\":\"https:\/\/schema.org\",\"@graph\":[{\"@type\":\"WebPage\",\"@id\":\"https:\/\/konsumpf.de\/?p=5778\",\"url\":\"https:\/\/konsumpf.de\/?p=5778\",\"name\":\"Die Qual der Wahl \/ Die Wahl der Qual - Konsumpf - Forum f\u00fcr kreative Konsumkritik - Culture Jamming, Nachhaltigkeit, Konzernkritik, Adbusting\",\"isPartOf\":{\"@id\":\"https:\/\/konsumpf.de\/#website\"},\"datePublished\":\"2009-09-27T06:55:00+00:00\",\"author\":{\"@id\":\"https:\/\/konsumpf.de\/#\/schema\/person\/e595a6d286b26994e7e0926d70699070\"},\"breadcrumb\":{\"@id\":\"https:\/\/konsumpf.de\/?p=5778#breadcrumb\"},\"inLanguage\":\"de\",\"potentialAction\":[{\"@type\":\"ReadAction\",\"target\":[\"https:\/\/konsumpf.de\/?p=5778\"]}]},{\"@type\":\"BreadcrumbList\",\"@id\":\"https:\/\/konsumpf.de\/?p=5778#breadcrumb\",\"itemListElement\":[{\"@type\":\"ListItem\",\"position\":1,\"name\":\"Startseite\",\"item\":\"https:\/\/konsumpf.de\/\"},{\"@type\":\"ListItem\",\"position\":2,\"name\":\"Die Qual der Wahl \/ Die Wahl der Qual\"}]},{\"@type\":\"WebSite\",\"@id\":\"https:\/\/konsumpf.de\/#website\",\"url\":\"https:\/\/konsumpf.de\/\",\"name\":\"Konsumpf - Forum f\u00fcr kreative Konsumkritik - Culture Jamming, Nachhaltigkeit, Konzernkritik, Adbusting\",\"description\":\"\",\"potentialAction\":[{\"@type\":\"SearchAction\",\"target\":{\"@type\":\"EntryPoint\",\"urlTemplate\":\"https:\/\/konsumpf.de\/?s={search_term_string}\"},\"query-input\":{\"@type\":\"PropertyValueSpecification\",\"valueRequired\":true,\"valueName\":\"search_term_string\"}}],\"inLanguage\":\"de\"},{\"@type\":\"Person\",\"@id\":\"https:\/\/konsumpf.de\/#\/schema\/person\/e595a6d286b26994e7e0926d70699070\",\"name\":\"Peter M.\",\"sameAs\":[\"http:\/\/konsumpf.de\"]}]}<\/script>\n<!-- \/ Yoast SEO plugin. -->","yoast_head_json":{"title":"Die Qual der Wahl \/ Die Wahl der Qual - Konsumpf - Forum f\u00fcr kreative Konsumkritik - Culture Jamming, Nachhaltigkeit, Konzernkritik, Adbusting","robots":{"index":"index","follow":"follow","max-snippet":"max-snippet:-1","max-image-preview":"max-image-preview:large","max-video-preview":"max-video-preview:-1"},"canonical":"https:\/\/konsumpf.de\/?p=5778","og_locale":"de_DE","og_type":"article","og_title":"Die Qual der Wahl \/ Die Wahl der Qual - Konsumpf - Forum f\u00fcr kreative Konsumkritik - Culture Jamming, Nachhaltigkeit, Konzernkritik, Adbusting","og_description":"Jaja, heute ist Bundestagswahl (und wir in Schleswig-Holstein d\u00fcrfen gleichzeitig auch noch den Ministerpr\u00e4sidenten abw\u00e4hlen). Wer noch nicht sein Kreuzchen gemacht hat, sollte dies im Laufe des Tages aber auf jeden Fall noch tun, egal, wie wenig er (berechtigterweise) von den etablierten Parteien und deren Umtrieben und dem aktuellen Zustand der parlamentarischen Demokratie h\u00e4lt. Nicht [&hellip;]","og_url":"https:\/\/konsumpf.de\/?p=5778","og_site_name":"Konsumpf - Forum f\u00fcr kreative Konsumkritik - Culture Jamming, Nachhaltigkeit, Konzernkritik, Adbusting","article_published_time":"2009-09-27T06:55:00+00:00","author":"Peter M.","twitter_card":"summary_large_image","twitter_misc":{"Verfasst von":"Peter M.","Gesch\u00e4tzte Lesezeit":"1\u00a0Minute"},"schema":{"@context":"https:\/\/schema.org","@graph":[{"@type":"WebPage","@id":"https:\/\/konsumpf.de\/?p=5778","url":"https:\/\/konsumpf.de\/?p=5778","name":"Die Qual der Wahl \/ Die Wahl der Qual - Konsumpf - Forum f\u00fcr kreative Konsumkritik - Culture Jamming, Nachhaltigkeit, Konzernkritik, Adbusting","isPartOf":{"@id":"https:\/\/konsumpf.de\/#website"},"datePublished":"2009-09-27T06:55:00+00:00","author":{"@id":"https:\/\/konsumpf.de\/#\/schema\/person\/e595a6d286b26994e7e0926d70699070"},"breadcrumb":{"@id":"https:\/\/konsumpf.de\/?p=5778#breadcrumb"},"inLanguage":"de","potentialAction":[{"@type":"ReadAction","target":["https:\/\/konsumpf.de\/?p=5778"]}]},{"@type":"BreadcrumbList","@id":"https:\/\/konsumpf.de\/?p=5778#breadcrumb","itemListElement":[{"@type":"ListItem","position":1,"name":"Startseite","item":"https:\/\/konsumpf.de\/"},{"@type":"ListItem","position":2,"name":"Die Qual der Wahl \/ Die Wahl der Qual"}]},{"@type":"WebSite","@id":"https:\/\/konsumpf.de\/#website","url":"https:\/\/konsumpf.de\/","name":"Konsumpf - Forum f\u00fcr kreative Konsumkritik - Culture Jamming, Nachhaltigkeit, Konzernkritik, Adbusting","description":"","potentialAction":[{"@type":"SearchAction","target":{"@type":"EntryPoint","urlTemplate":"https:\/\/konsumpf.de\/?s={search_term_string}"},"query-input":{"@type":"PropertyValueSpecification","valueRequired":true,"valueName":"search_term_string"}}],"inLanguage":"de"},{"@type":"Person","@id":"https:\/\/konsumpf.de\/#\/schema\/person\/e595a6d286b26994e7e0926d70699070","name":"Peter M.","sameAs":["http:\/\/konsumpf.de"]}]}},"_links":{"self":[{"href":"https:\/\/konsumpf.de\/index.php?rest_route=\/wp\/v2\/posts\/5778"}],"collection":[{"href":"https:\/\/konsumpf.de\/index.php?rest_route=\/wp\/v2\/posts"}],"about":[{"href":"https:\/\/konsumpf.de\/index.php?rest_route=\/wp\/v2\/types\/post"}],"author":[{"embeddable":true,"href":"https:\/\/konsumpf.de\/index.php?rest_route=\/wp\/v2\/users\/1"}],"replies":[{"embeddable":true,"href":"https:\/\/konsumpf.de\/index.php?rest_route=%2Fwp%2Fv2%2Fcomments&post=5778"}],"version-history":[{"count":6,"href":"https:\/\/konsumpf.de\/index.php?rest_route=\/wp\/v2\/posts\/5778\/revisions"}],"predecessor-version":[{"id":5841,"href":"https:\/\/konsumpf.de\/index.php?rest_route=\/wp\/v2\/posts\/5778\/revisions\/5841"}],"wp:attachment":[{"href":"https:\/\/konsumpf.de\/index.php?rest_route=%2Fwp%2Fv2%2Fmedia&parent=5778"}],"wp:term":[{"taxonomy":"category","embeddable":true,"href":"https:\/\/konsumpf.de\/index.php?rest_route=%2Fwp%2Fv2%2Fcategories&post=5778"},{"taxonomy":"post_tag","embeddable":true,"href":"https:\/\/konsumpf.de\/index.php?rest_route=%2Fwp%2Fv2%2Ftags&post=5778"}],"curies":[{"name":"wp","href":"https:\/\/api.w.org\/{rel}","templated":true}]}}