{"id":5715,"date":"2009-09-12T13:54:00","date_gmt":"2009-09-12T11:54:00","guid":{"rendered":"http:\/\/konsumpf.de\/?p=5715"},"modified":"2009-09-13T14:47:06","modified_gmt":"2009-09-13T12:47:06","slug":"kolonialismus-im-irak","status":"publish","type":"post","link":"https:\/\/konsumpf.de\/?p=5715","title":{"rendered":"Kolonialismus im Irak"},"content":{"rendered":"<p>Eine sch\u00f6ne, symboltr\u00e4chtiges Bildmontage in Anlehnung an <a href=\"http:\/\/www.archives.gov\/research\/ww2\/photos\/images\/ww2-156.jpg\">das weltbekannte Foto<\/a>, wo amerikanische Soldaten im 2. Weltkrieg die US-Flagge auf einer eroberten japanischen Insel hissen \u2013 fast schon eine Art Adbusting. [<a href=\"http:\/\/www.peacealliancewinnipeg.ca\/2009\/06\/colonizing-culture-in-iraq\/\">Quelle: \u201eColonizing Culture in Iraq\u201c<\/a>; danke an Roman von <a href=\"http:\/\/www.bleib-passiv.de\">Bleib passiv!<\/a> f\u00fcr den Hinweis.]<\/p>\n<p style=\"text-align: center;\"><a href=\"http:\/\/konsumpf.de\/wp-content\/uploads\/2009\/09\/mcdonalds-iraq.jpg\"><img loading=\"lazy\" decoding=\"async\" class=\"size-full wp-image-5716 aligncenter\" title=\"mcdonalds-iraq\" src=\"http:\/\/konsumpf.de\/wp-content\/uploads\/2009\/09\/mcdonalds-iraq.jpg\" alt=\"mcdonalds-iraq\" width=\"280\" height=\"350\" srcset=\"https:\/\/konsumpf.de\/wp-content\/uploads\/2009\/09\/mcdonalds-iraq.jpg 280w, https:\/\/konsumpf.de\/wp-content\/uploads\/2009\/09\/mcdonalds-iraq-240x300.jpg 240w\" sizes=\"(max-width: 280px) 100vw, 280px\" \/><\/a><\/p>\n<h3 class='related_post_title'>Verwandte Beitr\u00e4ge:<\/h3><ul class='related_post'><li><a href=\"http:\/\/konsumpf.de\/?p=9722\" title=\"Obama-Land ist abgebrannt \u2013\u00a0Zustand einer Supermacht\">Obama-Land ist abgebrannt \u2013\u00a0Zustand einer Supermacht<\/a><\/li><li><a href=\"http:\/\/konsumpf.de\/?p=5450\" title=\"Ein Blick durchs Netz \u2013 Bundeswehr, Marketing, Schweinegrippe, McDoof, FDP, Bezahlmedien sowie der Kapitalismus als solcher\">Ein Blick durchs Netz \u2013 Bundeswehr, Marketing, Schweinegrippe, McDoof, FDP, Bezahlmedien sowie der Kapitalismus als solcher<\/a><\/li><li><a href=\"http:\/\/konsumpf.de\/?p=3384\" title=\"Die Krise\">Die Krise<\/a><\/li><li><a href=\"http:\/\/konsumpf.de\/?p=15332\" title=\"Gef\u00e4hrliche Geheimnisse \u2013 Das Freihandelsabkommen\">Gef\u00e4hrliche Geheimnisse \u2013 Das Freihandelsabkommen<\/a><\/li><li><a href=\"http:\/\/konsumpf.de\/?p=15320\" title=\"Steht das System des Wirtschaftswachstums vor dem Kollaps?\">Steht das System des Wirtschaftswachstums vor dem Kollaps?<\/a><\/li><\/ul>","protected":false},"excerpt":{"rendered":"<p>Eine sch\u00f6ne, symboltr\u00e4chtiges Bildmontage in Anlehnung an das weltbekannte Foto, wo amerikanische Soldaten im 2. Weltkrieg die US-Flagge auf einer eroberten japanischen Insel hissen \u2013 fast schon eine Art Adbusting. [Quelle: \u201eColonizing Culture in Iraq\u201c; danke an Roman von Bleib passiv! f\u00fcr den Hinweis.] Verwandte Beitr\u00e4ge:Obama-Land ist abgebrannt \u2013\u00a0Zustand einer SupermachtEin Blick durchs Netz \u2013 [&hellip;]<\/p>\n","protected":false},"author":1,"featured_media":0,"comment_status":"open","ping_status":"open","sticky":false,"template":"","format":"standard","meta":{"footnotes":""},"categories":[18,37,190],"tags":[1007,31,8,609],"yoast_head":"<!-- This site is optimized with the Yoast SEO plugin v24.4 - https:\/\/yoast.com\/wordpress\/plugins\/seo\/ -->\n<title>Kolonialismus im Irak - Konsumpf - Forum f\u00fcr kreative Konsumkritik - Culture Jamming, Nachhaltigkeit, Konzernkritik, Adbusting<\/title>\n<meta name=\"robots\" content=\"index, follow, max-snippet:-1, max-image-preview:large, max-video-preview:-1\" \/>\n<link rel=\"canonical\" href=\"https:\/\/konsumpf.de\/?p=5715\" \/>\n<meta property=\"og:locale\" content=\"de_DE\" \/>\n<meta property=\"og:type\" content=\"article\" \/>\n<meta property=\"og:title\" content=\"Kolonialismus im Irak - Konsumpf - Forum f\u00fcr kreative Konsumkritik - Culture Jamming, Nachhaltigkeit, Konzernkritik, Adbusting\" \/>\n<meta property=\"og:description\" content=\"Eine sch\u00f6ne, symboltr\u00e4chtiges Bildmontage in Anlehnung an das weltbekannte Foto, wo amerikanische Soldaten im 2. Weltkrieg die US-Flagge auf einer eroberten japanischen Insel hissen \u2013 fast schon eine Art Adbusting. [Quelle: \u201eColonizing Culture in Iraq\u201c; danke an Roman von Bleib passiv! f\u00fcr den Hinweis.] Verwandte Beitr\u00e4ge:Obama-Land ist abgebrannt \u2013\u00a0Zustand einer SupermachtEin Blick durchs Netz \u2013 [&hellip;]\" \/>\n<meta property=\"og:url\" content=\"https:\/\/konsumpf.de\/?p=5715\" \/>\n<meta property=\"og:site_name\" content=\"Konsumpf - Forum f\u00fcr kreative Konsumkritik - Culture Jamming, Nachhaltigkeit, Konzernkritik, Adbusting\" \/>\n<meta property=\"article:published_time\" content=\"2009-09-12T11:54:00+00:00\" \/>\n<meta property=\"article:modified_time\" content=\"2009-09-13T12:47:06+00:00\" \/>\n<meta property=\"og:image\" content=\"http:\/\/konsumpf.de\/wp-content\/uploads\/2009\/09\/mcdonalds-iraq.jpg\" \/>\n<meta name=\"author\" content=\"Peter M.\" \/>\n<meta name=\"twitter:card\" content=\"summary_large_image\" \/>\n<meta name=\"twitter:label1\" content=\"Verfasst von\" \/>\n\t<meta name=\"twitter:data1\" content=\"Peter M.\" \/>\n<script type=\"application\/ld+json\" class=\"yoast-schema-graph\">{\"@context\":\"https:\/\/schema.org\",\"@graph\":[{\"@type\":\"WebPage\",\"@id\":\"https:\/\/konsumpf.de\/?p=5715\",\"url\":\"https:\/\/konsumpf.de\/?p=5715\",\"name\":\"Kolonialismus im Irak - Konsumpf - Forum f\u00fcr kreative Konsumkritik - Culture Jamming, Nachhaltigkeit, Konzernkritik, Adbusting\",\"isPartOf\":{\"@id\":\"https:\/\/konsumpf.de\/#website\"},\"primaryImageOfPage\":{\"@id\":\"https:\/\/konsumpf.de\/?p=5715#primaryimage\"},\"image\":{\"@id\":\"https:\/\/konsumpf.de\/?p=5715#primaryimage\"},\"thumbnailUrl\":\"http:\/\/konsumpf.de\/wp-content\/uploads\/2009\/09\/mcdonalds-iraq.jpg\",\"datePublished\":\"2009-09-12T11:54:00+00:00\",\"dateModified\":\"2009-09-13T12:47:06+00:00\",\"author\":{\"@id\":\"https:\/\/konsumpf.de\/#\/schema\/person\/e595a6d286b26994e7e0926d70699070\"},\"breadcrumb\":{\"@id\":\"https:\/\/konsumpf.de\/?p=5715#breadcrumb\"},\"inLanguage\":\"de\",\"potentialAction\":[{\"@type\":\"ReadAction\",\"target\":[\"https:\/\/konsumpf.de\/?p=5715\"]}]},{\"@type\":\"ImageObject\",\"inLanguage\":\"de\",\"@id\":\"https:\/\/konsumpf.de\/?p=5715#primaryimage\",\"url\":\"https:\/\/konsumpf.de\/wp-content\/uploads\/2009\/09\/mcdonalds-iraq.jpg\",\"contentUrl\":\"https:\/\/konsumpf.de\/wp-content\/uploads\/2009\/09\/mcdonalds-iraq.jpg\",\"width\":\"280\",\"height\":\"350\"},{\"@type\":\"BreadcrumbList\",\"@id\":\"https:\/\/konsumpf.de\/?p=5715#breadcrumb\",\"itemListElement\":[{\"@type\":\"ListItem\",\"position\":1,\"name\":\"Startseite\",\"item\":\"https:\/\/konsumpf.de\/\"},{\"@type\":\"ListItem\",\"position\":2,\"name\":\"Kolonialismus im Irak\"}]},{\"@type\":\"WebSite\",\"@id\":\"https:\/\/konsumpf.de\/#website\",\"url\":\"https:\/\/konsumpf.de\/\",\"name\":\"Konsumpf - Forum f\u00fcr kreative Konsumkritik - Culture Jamming, Nachhaltigkeit, Konzernkritik, Adbusting\",\"description\":\"\",\"potentialAction\":[{\"@type\":\"SearchAction\",\"target\":{\"@type\":\"EntryPoint\",\"urlTemplate\":\"https:\/\/konsumpf.de\/?s={search_term_string}\"},\"query-input\":{\"@type\":\"PropertyValueSpecification\",\"valueRequired\":true,\"valueName\":\"search_term_string\"}}],\"inLanguage\":\"de\"},{\"@type\":\"Person\",\"@id\":\"https:\/\/konsumpf.de\/#\/schema\/person\/e595a6d286b26994e7e0926d70699070\",\"name\":\"Peter M.\",\"sameAs\":[\"http:\/\/konsumpf.de\"]}]}<\/script>\n<!-- \/ Yoast SEO plugin. -->","yoast_head_json":{"title":"Kolonialismus im Irak - Konsumpf - Forum f\u00fcr kreative Konsumkritik - Culture Jamming, Nachhaltigkeit, Konzernkritik, Adbusting","robots":{"index":"index","follow":"follow","max-snippet":"max-snippet:-1","max-image-preview":"max-image-preview:large","max-video-preview":"max-video-preview:-1"},"canonical":"https:\/\/konsumpf.de\/?p=5715","og_locale":"de_DE","og_type":"article","og_title":"Kolonialismus im Irak - Konsumpf - Forum f\u00fcr kreative Konsumkritik - Culture Jamming, Nachhaltigkeit, Konzernkritik, Adbusting","og_description":"Eine sch\u00f6ne, symboltr\u00e4chtiges Bildmontage in Anlehnung an das weltbekannte Foto, wo amerikanische Soldaten im 2. Weltkrieg die US-Flagge auf einer eroberten japanischen Insel hissen \u2013 fast schon eine Art Adbusting. [Quelle: \u201eColonizing Culture in Iraq\u201c; danke an Roman von Bleib passiv! f\u00fcr den Hinweis.] Verwandte Beitr\u00e4ge:Obama-Land ist abgebrannt \u2013\u00a0Zustand einer SupermachtEin Blick durchs Netz \u2013 [&hellip;]","og_url":"https:\/\/konsumpf.de\/?p=5715","og_site_name":"Konsumpf - Forum f\u00fcr kreative Konsumkritik - Culture Jamming, Nachhaltigkeit, Konzernkritik, Adbusting","article_published_time":"2009-09-12T11:54:00+00:00","article_modified_time":"2009-09-13T12:47:06+00:00","og_image":[{"url":"http:\/\/konsumpf.de\/wp-content\/uploads\/2009\/09\/mcdonalds-iraq.jpg","type":"","width":"","height":""}],"author":"Peter M.","twitter_card":"summary_large_image","twitter_misc":{"Verfasst von":"Peter M."},"schema":{"@context":"https:\/\/schema.org","@graph":[{"@type":"WebPage","@id":"https:\/\/konsumpf.de\/?p=5715","url":"https:\/\/konsumpf.de\/?p=5715","name":"Kolonialismus im Irak - Konsumpf - Forum f\u00fcr kreative Konsumkritik - Culture Jamming, Nachhaltigkeit, Konzernkritik, Adbusting","isPartOf":{"@id":"https:\/\/konsumpf.de\/#website"},"primaryImageOfPage":{"@id":"https:\/\/konsumpf.de\/?p=5715#primaryimage"},"image":{"@id":"https:\/\/konsumpf.de\/?p=5715#primaryimage"},"thumbnailUrl":"http:\/\/konsumpf.de\/wp-content\/uploads\/2009\/09\/mcdonalds-iraq.jpg","datePublished":"2009-09-12T11:54:00+00:00","dateModified":"2009-09-13T12:47:06+00:00","author":{"@id":"https:\/\/konsumpf.de\/#\/schema\/person\/e595a6d286b26994e7e0926d70699070"},"breadcrumb":{"@id":"https:\/\/konsumpf.de\/?p=5715#breadcrumb"},"inLanguage":"de","potentialAction":[{"@type":"ReadAction","target":["https:\/\/konsumpf.de\/?p=5715"]}]},{"@type":"ImageObject","inLanguage":"de","@id":"https:\/\/konsumpf.de\/?p=5715#primaryimage","url":"https:\/\/konsumpf.de\/wp-content\/uploads\/2009\/09\/mcdonalds-iraq.jpg","contentUrl":"https:\/\/konsumpf.de\/wp-content\/uploads\/2009\/09\/mcdonalds-iraq.jpg","width":"280","height":"350"},{"@type":"BreadcrumbList","@id":"https:\/\/konsumpf.de\/?p=5715#breadcrumb","itemListElement":[{"@type":"ListItem","position":1,"name":"Startseite","item":"https:\/\/konsumpf.de\/"},{"@type":"ListItem","position":2,"name":"Kolonialismus im Irak"}]},{"@type":"WebSite","@id":"https:\/\/konsumpf.de\/#website","url":"https:\/\/konsumpf.de\/","name":"Konsumpf - Forum f\u00fcr kreative Konsumkritik - Culture Jamming, Nachhaltigkeit, Konzernkritik, Adbusting","description":"","potentialAction":[{"@type":"SearchAction","target":{"@type":"EntryPoint","urlTemplate":"https:\/\/konsumpf.de\/?s={search_term_string}"},"query-input":{"@type":"PropertyValueSpecification","valueRequired":true,"valueName":"search_term_string"}}],"inLanguage":"de"},{"@type":"Person","@id":"https:\/\/konsumpf.de\/#\/schema\/person\/e595a6d286b26994e7e0926d70699070","name":"Peter M.","sameAs":["http:\/\/konsumpf.de"]}]}},"_links":{"self":[{"href":"https:\/\/konsumpf.de\/index.php?rest_route=\/wp\/v2\/posts\/5715"}],"collection":[{"href":"https:\/\/konsumpf.de\/index.php?rest_route=\/wp\/v2\/posts"}],"about":[{"href":"https:\/\/konsumpf.de\/index.php?rest_route=\/wp\/v2\/types\/post"}],"author":[{"embeddable":true,"href":"https:\/\/konsumpf.de\/index.php?rest_route=\/wp\/v2\/users\/1"}],"replies":[{"embeddable":true,"href":"https:\/\/konsumpf.de\/index.php?rest_route=%2Fwp%2Fv2%2Fcomments&post=5715"}],"version-history":[{"count":6,"href":"https:\/\/konsumpf.de\/index.php?rest_route=\/wp\/v2\/posts\/5715\/revisions"}],"predecessor-version":[{"id":5744,"href":"https:\/\/konsumpf.de\/index.php?rest_route=\/wp\/v2\/posts\/5715\/revisions\/5744"}],"wp:attachment":[{"href":"https:\/\/konsumpf.de\/index.php?rest_route=%2Fwp%2Fv2%2Fmedia&parent=5715"}],"wp:term":[{"taxonomy":"category","embeddable":true,"href":"https:\/\/konsumpf.de\/index.php?rest_route=%2Fwp%2Fv2%2Fcategories&post=5715"},{"taxonomy":"post_tag","embeddable":true,"href":"https:\/\/konsumpf.de\/index.php?rest_route=%2Fwp%2Fv2%2Ftags&post=5715"}],"curies":[{"name":"wp","href":"https:\/\/api.w.org\/{rel}","templated":true}]}}