{"id":5706,"date":"2009-09-14T10:05:20","date_gmt":"2009-09-14T08:05:20","guid":{"rendered":"http:\/\/konsumpf.de\/?p=5706"},"modified":"2009-09-12T12:36:42","modified_gmt":"2009-09-12T10:36:42","slug":"auferstehung-des-kapitalismus","status":"publish","type":"post","link":"https:\/\/konsumpf.de\/?p=5706","title":{"rendered":"Auferstehung des Kapitalismus"},"content":{"rendered":"<p>Wen angesichts der Jubelberichterstattungen in den Medien bez\u00fcglich des Endes der Krise auch ein merkw\u00fcrdiges, tendenziell unwohliges Gef\u00fchl beschleicht, dem wird der folgende Beitrag des Magazins <strong>quer<\/strong> im Bayerischen Fernsehen sicherlich aus der Seele spreche: \u201e<a href=\"http:\/\/www.br-online.de\/bayerisches-fernsehen\/quer\/quer-finanzkrise-kapitalismus-ID1252504508257.xml\"><strong>Ein Jahr Finanzkrise: Auferstehung des Kapitalismus<\/strong><\/a>\u201c. Der satirische Unterton sollte nicht dar\u00fcber hinweg t\u00e4uschen, dass die Autoren letztlich v\u00f6llig recht haben mit ihrer galligen Analyse. Ersch\u00fctternd, dass die B\u00fcrger hierzulande trotzdem weitgehend ruhig und apathisch bleiben angesichts dieser Entwicklung und mit ihren Kreuzchen f\u00fcr die etablierten Parteien signalisieren, dass sie brav alles hinnehmen, was ihnen zugemutet wird. Wenn nicht mal das milliardenschwere Aufbessern der Bankenkassen zu Lasten der Steuerzahler f\u00fcr einen echten Aufschrei sorgt, was dann? Vermutlich eine Preiserh\u00f6hung bei Lidl oder der n\u00e4chste Skandal von Dieter Bohlen&#8230;<\/p>\n<blockquote><p>Vor einem Jahr geriet der Kapitalismus aus den Fugen: Das Finanzsystem stand kurz vor dem Kollaps, eine Wirtschaftskrise ungeahnten Ausma\u00dfes drohte. Sofort kam der Staat zu Hilfe, rettete Banken mit Rettungsschirmen und die gebeutelte Automobilindustrie mit der Abwrackpr\u00e4mie. Und heute? Alles geht weiter wie fr\u00fcher: Der Dax steigt wieder, die Banken sind dank B\u00fcrgschaften erst einmal gerettet. Gewinne bleiben privatisiert, Risiken und Verluste werden sozialisiert. Eindeutiger Sieger nach einem Jahr Krise: der Kapitalismus.<\/p><\/blockquote>\n<p><object width=\"425\" height=\"344\" data=\"http:\/\/www.youtube.com\/v\/XMXY2RKkQIc&amp;hl=en&amp;fs=1\" type=\"application\/x-shockwave-flash\"><param name=\"allowFullScreen\" value=\"true\" \/><param name=\"allowscriptaccess\" value=\"always\" \/><param name=\"src\" value=\"http:\/\/www.youtube.com\/v\/XMXY2RKkQIc&amp;hl=en&amp;fs=1\" \/><param name=\"allowfullscreen\" value=\"true\" \/><\/object><\/p>\n<h3 class='related_post_title'>Verwandte Beitr\u00e4ge:<\/h3><ul class='related_post'><li><a href=\"http:\/\/konsumpf.de\/?p=5797\" title=\"Die Auferstehung des Kapitalismus \u2013 Hintergr\u00fcnde\">Die Auferstehung des Kapitalismus \u2013 Hintergr\u00fcnde<\/a><\/li><li><a href=\"http:\/\/konsumpf.de\/?p=14271\" title=\"Der \u00f6konomische Putsch \u2013 Was hinter den Finanzkrisen steckt\">Der \u00f6konomische Putsch \u2013 Was hinter den Finanzkrisen steckt<\/a><\/li><li><a href=\"http:\/\/konsumpf.de\/?p=14133\" title=\"Hurra, wir retten die Banken! (mal wieder)\">Hurra, wir retten die Banken! (mal wieder)<\/a><\/li><li><a href=\"http:\/\/konsumpf.de\/?p=13382\" title=\"Lesetipps: Krise und Wahn | 147 Konzerne kontrollieren die Wirtschaft | Fundamentalisten | \u00d6ko\">Lesetipps: Krise und Wahn | 147 Konzerne kontrollieren die Wirtschaft | Fundamentalisten | \u00d6ko<\/a><\/li><li><a href=\"http:\/\/konsumpf.de\/?p=12607\" title=\"Der Crash-Kurs \u2013 bereit f\u00fcr die Krise?\">Der Crash-Kurs \u2013 bereit f\u00fcr die Krise?<\/a><\/li><\/ul>","protected":false},"excerpt":{"rendered":"<p>Wen angesichts der Jubelberichterstattungen in den Medien bez\u00fcglich des Endes der Krise auch ein merkw\u00fcrdiges, tendenziell unwohliges Gef\u00fchl beschleicht, dem wird der folgende Beitrag des Magazins quer im Bayerischen Fernsehen sicherlich aus der Seele spreche: \u201eEin Jahr Finanzkrise: Auferstehung des Kapitalismus\u201c. Der satirische Unterton sollte nicht dar\u00fcber hinweg t\u00e4uschen, dass die Autoren letztlich v\u00f6llig recht [&hellip;]<\/p>\n","protected":false},"author":1,"featured_media":0,"comment_status":"open","ping_status":"open","sticky":false,"template":"","format":"standard","meta":{"footnotes":""},"categories":[259,12,53,78],"tags":[14,31,213,443],"yoast_head":"<!-- This site is optimized with the Yoast SEO plugin v24.4 - https:\/\/yoast.com\/wordpress\/plugins\/seo\/ -->\n<title>Auferstehung des Kapitalismus - Konsumpf - Forum f\u00fcr kreative Konsumkritik - Culture Jamming, Nachhaltigkeit, Konzernkritik, Adbusting<\/title>\n<meta name=\"robots\" content=\"index, follow, max-snippet:-1, max-image-preview:large, max-video-preview:-1\" \/>\n<link rel=\"canonical\" href=\"https:\/\/konsumpf.de\/?p=5706\" \/>\n<meta property=\"og:locale\" content=\"de_DE\" \/>\n<meta property=\"og:type\" content=\"article\" \/>\n<meta property=\"og:title\" content=\"Auferstehung des Kapitalismus - Konsumpf - Forum f\u00fcr kreative Konsumkritik - Culture Jamming, Nachhaltigkeit, Konzernkritik, Adbusting\" \/>\n<meta property=\"og:description\" content=\"Wen angesichts der Jubelberichterstattungen in den Medien bez\u00fcglich des Endes der Krise auch ein merkw\u00fcrdiges, tendenziell unwohliges Gef\u00fchl beschleicht, dem wird der folgende Beitrag des Magazins quer im Bayerischen Fernsehen sicherlich aus der Seele spreche: \u201eEin Jahr Finanzkrise: Auferstehung des Kapitalismus\u201c. Der satirische Unterton sollte nicht dar\u00fcber hinweg t\u00e4uschen, dass die Autoren letztlich v\u00f6llig recht [&hellip;]\" \/>\n<meta property=\"og:url\" content=\"https:\/\/konsumpf.de\/?p=5706\" \/>\n<meta property=\"og:site_name\" content=\"Konsumpf - Forum f\u00fcr kreative Konsumkritik - Culture Jamming, Nachhaltigkeit, Konzernkritik, Adbusting\" \/>\n<meta property=\"article:published_time\" content=\"2009-09-14T08:05:20+00:00\" \/>\n<meta name=\"author\" content=\"Peter M.\" \/>\n<meta name=\"twitter:card\" content=\"summary_large_image\" \/>\n<meta name=\"twitter:label1\" content=\"Verfasst von\" \/>\n\t<meta name=\"twitter:data1\" content=\"Peter M.\" \/>\n\t<meta name=\"twitter:label2\" content=\"Gesch\u00e4tzte Lesezeit\" \/>\n\t<meta name=\"twitter:data2\" content=\"1\u00a0Minute\" \/>\n<script type=\"application\/ld+json\" class=\"yoast-schema-graph\">{\"@context\":\"https:\/\/schema.org\",\"@graph\":[{\"@type\":\"WebPage\",\"@id\":\"https:\/\/konsumpf.de\/?p=5706\",\"url\":\"https:\/\/konsumpf.de\/?p=5706\",\"name\":\"Auferstehung des Kapitalismus - Konsumpf - Forum f\u00fcr kreative Konsumkritik - Culture Jamming, Nachhaltigkeit, Konzernkritik, Adbusting\",\"isPartOf\":{\"@id\":\"https:\/\/konsumpf.de\/#website\"},\"datePublished\":\"2009-09-14T08:05:20+00:00\",\"author\":{\"@id\":\"https:\/\/konsumpf.de\/#\/schema\/person\/e595a6d286b26994e7e0926d70699070\"},\"breadcrumb\":{\"@id\":\"https:\/\/konsumpf.de\/?p=5706#breadcrumb\"},\"inLanguage\":\"de\",\"potentialAction\":[{\"@type\":\"ReadAction\",\"target\":[\"https:\/\/konsumpf.de\/?p=5706\"]}]},{\"@type\":\"BreadcrumbList\",\"@id\":\"https:\/\/konsumpf.de\/?p=5706#breadcrumb\",\"itemListElement\":[{\"@type\":\"ListItem\",\"position\":1,\"name\":\"Startseite\",\"item\":\"https:\/\/konsumpf.de\/\"},{\"@type\":\"ListItem\",\"position\":2,\"name\":\"Auferstehung des Kapitalismus\"}]},{\"@type\":\"WebSite\",\"@id\":\"https:\/\/konsumpf.de\/#website\",\"url\":\"https:\/\/konsumpf.de\/\",\"name\":\"Konsumpf - Forum f\u00fcr kreative Konsumkritik - Culture Jamming, Nachhaltigkeit, Konzernkritik, Adbusting\",\"description\":\"\",\"potentialAction\":[{\"@type\":\"SearchAction\",\"target\":{\"@type\":\"EntryPoint\",\"urlTemplate\":\"https:\/\/konsumpf.de\/?s={search_term_string}\"},\"query-input\":{\"@type\":\"PropertyValueSpecification\",\"valueRequired\":true,\"valueName\":\"search_term_string\"}}],\"inLanguage\":\"de\"},{\"@type\":\"Person\",\"@id\":\"https:\/\/konsumpf.de\/#\/schema\/person\/e595a6d286b26994e7e0926d70699070\",\"name\":\"Peter M.\",\"sameAs\":[\"http:\/\/konsumpf.de\"]}]}<\/script>\n<!-- \/ Yoast SEO plugin. -->","yoast_head_json":{"title":"Auferstehung des Kapitalismus - Konsumpf - Forum f\u00fcr kreative Konsumkritik - Culture Jamming, Nachhaltigkeit, Konzernkritik, Adbusting","robots":{"index":"index","follow":"follow","max-snippet":"max-snippet:-1","max-image-preview":"max-image-preview:large","max-video-preview":"max-video-preview:-1"},"canonical":"https:\/\/konsumpf.de\/?p=5706","og_locale":"de_DE","og_type":"article","og_title":"Auferstehung des Kapitalismus - Konsumpf - Forum f\u00fcr kreative Konsumkritik - Culture Jamming, Nachhaltigkeit, Konzernkritik, Adbusting","og_description":"Wen angesichts der Jubelberichterstattungen in den Medien bez\u00fcglich des Endes der Krise auch ein merkw\u00fcrdiges, tendenziell unwohliges Gef\u00fchl beschleicht, dem wird der folgende Beitrag des Magazins quer im Bayerischen Fernsehen sicherlich aus der Seele spreche: \u201eEin Jahr Finanzkrise: Auferstehung des Kapitalismus\u201c. Der satirische Unterton sollte nicht dar\u00fcber hinweg t\u00e4uschen, dass die Autoren letztlich v\u00f6llig recht [&hellip;]","og_url":"https:\/\/konsumpf.de\/?p=5706","og_site_name":"Konsumpf - Forum f\u00fcr kreative Konsumkritik - Culture Jamming, Nachhaltigkeit, Konzernkritik, Adbusting","article_published_time":"2009-09-14T08:05:20+00:00","author":"Peter M.","twitter_card":"summary_large_image","twitter_misc":{"Verfasst von":"Peter M.","Gesch\u00e4tzte Lesezeit":"1\u00a0Minute"},"schema":{"@context":"https:\/\/schema.org","@graph":[{"@type":"WebPage","@id":"https:\/\/konsumpf.de\/?p=5706","url":"https:\/\/konsumpf.de\/?p=5706","name":"Auferstehung des Kapitalismus - Konsumpf - Forum f\u00fcr kreative Konsumkritik - Culture Jamming, Nachhaltigkeit, Konzernkritik, Adbusting","isPartOf":{"@id":"https:\/\/konsumpf.de\/#website"},"datePublished":"2009-09-14T08:05:20+00:00","author":{"@id":"https:\/\/konsumpf.de\/#\/schema\/person\/e595a6d286b26994e7e0926d70699070"},"breadcrumb":{"@id":"https:\/\/konsumpf.de\/?p=5706#breadcrumb"},"inLanguage":"de","potentialAction":[{"@type":"ReadAction","target":["https:\/\/konsumpf.de\/?p=5706"]}]},{"@type":"BreadcrumbList","@id":"https:\/\/konsumpf.de\/?p=5706#breadcrumb","itemListElement":[{"@type":"ListItem","position":1,"name":"Startseite","item":"https:\/\/konsumpf.de\/"},{"@type":"ListItem","position":2,"name":"Auferstehung des Kapitalismus"}]},{"@type":"WebSite","@id":"https:\/\/konsumpf.de\/#website","url":"https:\/\/konsumpf.de\/","name":"Konsumpf - Forum f\u00fcr kreative Konsumkritik - Culture Jamming, Nachhaltigkeit, Konzernkritik, Adbusting","description":"","potentialAction":[{"@type":"SearchAction","target":{"@type":"EntryPoint","urlTemplate":"https:\/\/konsumpf.de\/?s={search_term_string}"},"query-input":{"@type":"PropertyValueSpecification","valueRequired":true,"valueName":"search_term_string"}}],"inLanguage":"de"},{"@type":"Person","@id":"https:\/\/konsumpf.de\/#\/schema\/person\/e595a6d286b26994e7e0926d70699070","name":"Peter M.","sameAs":["http:\/\/konsumpf.de"]}]}},"_links":{"self":[{"href":"https:\/\/konsumpf.de\/index.php?rest_route=\/wp\/v2\/posts\/5706"}],"collection":[{"href":"https:\/\/konsumpf.de\/index.php?rest_route=\/wp\/v2\/posts"}],"about":[{"href":"https:\/\/konsumpf.de\/index.php?rest_route=\/wp\/v2\/types\/post"}],"author":[{"embeddable":true,"href":"https:\/\/konsumpf.de\/index.php?rest_route=\/wp\/v2\/users\/1"}],"replies":[{"embeddable":true,"href":"https:\/\/konsumpf.de\/index.php?rest_route=%2Fwp%2Fv2%2Fcomments&post=5706"}],"version-history":[{"count":8,"href":"https:\/\/konsumpf.de\/index.php?rest_route=\/wp\/v2\/posts\/5706\/revisions"}],"predecessor-version":[{"id":5712,"href":"https:\/\/konsumpf.de\/index.php?rest_route=\/wp\/v2\/posts\/5706\/revisions\/5712"}],"wp:attachment":[{"href":"https:\/\/konsumpf.de\/index.php?rest_route=%2Fwp%2Fv2%2Fmedia&parent=5706"}],"wp:term":[{"taxonomy":"category","embeddable":true,"href":"https:\/\/konsumpf.de\/index.php?rest_route=%2Fwp%2Fv2%2Fcategories&post=5706"},{"taxonomy":"post_tag","embeddable":true,"href":"https:\/\/konsumpf.de\/index.php?rest_route=%2Fwp%2Fv2%2Ftags&post=5706"}],"curies":[{"name":"wp","href":"https:\/\/api.w.org\/{rel}","templated":true}]}}