{"id":5646,"date":"2009-09-05T12:09:51","date_gmt":"2009-09-05T10:09:51","guid":{"rendered":"http:\/\/konsumpf.de\/?p=5646"},"modified":"2009-09-05T12:09:51","modified_gmt":"2009-09-05T10:09:51","slug":"wahl-o-mat-2009","status":"publish","type":"post","link":"https:\/\/konsumpf.de\/?p=5646","title":{"rendered":"Wahl-o-mat 2009"},"content":{"rendered":"<p>Heute noch mal was etwas abseits des Hauptthemas meines Blogs \u2013 der <a href=\"http:\/\/www2.bpb.de\/methodik\/XQJYR3,0,0,WahlOMat_Bundestagswahl.html\"><strong>Wahl-o-mat zur Bundestagswahl<\/strong><\/a> ist da! Herausgegeben von der <strong>Bundeszentrale f\u00fcr Politische Bildung<\/strong>, soll dieser kleine Onlinefragebogen dem potentiellen W\u00e4hler einen Anhalt geben, welche Partei seinen \u00dcberzeugungen oder Interessen wohl am n\u00e4chsten kommt. Mein Ergebnis spiegelt meine Wahlentscheidung wohl nicht so ganz wider \u2013 zwar sind drei der Parteien, die ich definitiv nicht w\u00e4hle (CDU, FDP, SPD) am Ende, aber daf\u00fcr die MLPD und die NPD (die ich beide ebenfalls nicht w\u00e4hle) ganz weit vorne! Best\u00e4tigt sich da mal wieder die landl\u00e4ufige Meinung, dass sich linke und rechte Extreme irgendwo wieder begegnen? Eher liegt es wohl daran, dass der Wahl-o-mat keine der ausl\u00e4nderfeindlichen und rechtsradikalen Ansichten der NPD abfragt und die NPD bei anderen Themen eher (un(glaub)w\u00fcrdiges) F\u00e4hnlein im Wind ist. Kritisches zu einigen der tendenzi\u00f6sen Formulierungen des Wahl-o-mat hat der <strong>Bleib passiv!<\/strong>-Blog in seinem aktuellen Beitrag \u201e<a href=\"http:\/\/bleib-passiv.de\/beitraege\/artikel\/88-wahl-o-matologie.html\">Wahl-o-matologie<\/a>\u201c zusammengetragen \u2013 diese subtile Beeinflussung durch die vorgegebenen Fragestellungen (die mir oft auch zu pauschal oder vage sind) sollte man auch immer im Hinterkopf haben, genauso wie die arge Verk\u00fcrzung der Parteiprogramme. Spa\u00df macht es trotzdem, sich durch die 38 Fragen zu klicken.<\/p>\n<p><a href=\"http:\/\/www2.bpb.de\/methodik\/XQJYR3,0,0,WahlOMat_Bundestagswahl.html\"><img loading=\"lazy\" decoding=\"async\" class=\"aligncenter size-full wp-image-5649\" title=\"wahlomat-bundestagswahl2009_startbild\" src=\"http:\/\/konsumpf.de\/wp-content\/uploads\/2009\/09\/wahlomat-bundestagswahl2009_startbild.jpg\" alt=\"wahlomat-bundestagswahl2009_startbild\" width=\"330\" height=\"260\" srcset=\"https:\/\/konsumpf.de\/wp-content\/uploads\/2009\/09\/wahlomat-bundestagswahl2009_startbild.jpg 330w, https:\/\/konsumpf.de\/wp-content\/uploads\/2009\/09\/wahlomat-bundestagswahl2009_startbild-300x236.jpg 300w\" sizes=\"(max-width: 330px) 100vw, 330px\" \/><\/a><\/p>\n<h3 class='related_post_title'>Verwandte Beitr\u00e4ge:<\/h3><ul class='related_post'><li><a href=\"http:\/\/konsumpf.de\/?p=5778\" title=\"Die Qual der Wahl \/ Die Wahl der Qual\">Die Qual der Wahl \/ Die Wahl der Qual<\/a><\/li><li><a href=\"http:\/\/konsumpf.de\/?p=15332\" title=\"Gef\u00e4hrliche Geheimnisse \u2013 Das Freihandelsabkommen\">Gef\u00e4hrliche Geheimnisse \u2013 Das Freihandelsabkommen<\/a><\/li><li><a href=\"http:\/\/konsumpf.de\/?p=15097\" title=\"Lesetipps: ToxFox | Vier-Stunden-Tag | Sparjournalismus | Spielerische Kapitalismuskritik | Wahlnachlese\">Lesetipps: ToxFox | Vier-Stunden-Tag | Sparjournalismus | Spielerische Kapitalismuskritik | Wahlnachlese<\/a><\/li><li><a href=\"http:\/\/konsumpf.de\/?p=15064\" title=\"Wahlplakat-Adbusting 2013\">Wahlplakat-Adbusting 2013<\/a><\/li><li><a href=\"http:\/\/konsumpf.de\/?p=15051\" title=\"Keine BILD-\u201eZeitung\u201c am 21.9.\">Keine BILD-\u201eZeitung\u201c am 21.9.<\/a><\/li><\/ul>","protected":false},"excerpt":{"rendered":"<p>Heute noch mal was etwas abseits des Hauptthemas meines Blogs \u2013 der Wahl-o-mat zur Bundestagswahl ist da! Herausgegeben von der Bundeszentrale f\u00fcr Politische Bildung, soll dieser kleine Onlinefragebogen dem potentiellen W\u00e4hler einen Anhalt geben, welche Partei seinen \u00dcberzeugungen oder Interessen wohl am n\u00e4chsten kommt. Mein Ergebnis spiegelt meine Wahlentscheidung wohl nicht so ganz wider \u2013 [&hellip;]<\/p>\n","protected":false},"author":1,"featured_media":0,"comment_status":"open","ping_status":"open","sticky":false,"template":"","format":"standard","meta":{"footnotes":""},"categories":[23,265,53],"tags":[997,2883,936,996],"yoast_head":"<!-- This site is optimized with the Yoast SEO plugin v24.4 - https:\/\/yoast.com\/wordpress\/plugins\/seo\/ -->\n<title>Wahl-o-mat 2009 - Konsumpf - Forum f\u00fcr kreative Konsumkritik - Culture Jamming, Nachhaltigkeit, Konzernkritik, Adbusting<\/title>\n<meta name=\"robots\" content=\"index, follow, max-snippet:-1, max-image-preview:large, max-video-preview:-1\" \/>\n<link rel=\"canonical\" href=\"https:\/\/konsumpf.de\/?p=5646\" \/>\n<meta property=\"og:locale\" content=\"de_DE\" \/>\n<meta property=\"og:type\" content=\"article\" \/>\n<meta property=\"og:title\" content=\"Wahl-o-mat 2009 - Konsumpf - Forum f\u00fcr kreative Konsumkritik - Culture Jamming, Nachhaltigkeit, Konzernkritik, Adbusting\" \/>\n<meta property=\"og:description\" content=\"Heute noch mal was etwas abseits des Hauptthemas meines Blogs \u2013 der Wahl-o-mat zur Bundestagswahl ist da! Herausgegeben von der Bundeszentrale f\u00fcr Politische Bildung, soll dieser kleine Onlinefragebogen dem potentiellen W\u00e4hler einen Anhalt geben, welche Partei seinen \u00dcberzeugungen oder Interessen wohl am n\u00e4chsten kommt. Mein Ergebnis spiegelt meine Wahlentscheidung wohl nicht so ganz wider \u2013 [&hellip;]\" \/>\n<meta property=\"og:url\" content=\"https:\/\/konsumpf.de\/?p=5646\" \/>\n<meta property=\"og:site_name\" content=\"Konsumpf - Forum f\u00fcr kreative Konsumkritik - Culture Jamming, Nachhaltigkeit, Konzernkritik, Adbusting\" \/>\n<meta property=\"article:published_time\" content=\"2009-09-05T10:09:51+00:00\" \/>\n<meta property=\"og:image\" content=\"http:\/\/konsumpf.de\/wp-content\/uploads\/2009\/09\/wahlomat-bundestagswahl2009_startbild.jpg\" \/>\n<meta name=\"author\" content=\"Peter M.\" \/>\n<meta name=\"twitter:card\" content=\"summary_large_image\" \/>\n<meta name=\"twitter:label1\" content=\"Verfasst von\" \/>\n\t<meta name=\"twitter:data1\" content=\"Peter M.\" \/>\n\t<meta name=\"twitter:label2\" content=\"Gesch\u00e4tzte Lesezeit\" \/>\n\t<meta name=\"twitter:data2\" content=\"1\u00a0Minute\" \/>\n<script type=\"application\/ld+json\" class=\"yoast-schema-graph\">{\"@context\":\"https:\/\/schema.org\",\"@graph\":[{\"@type\":\"WebPage\",\"@id\":\"https:\/\/konsumpf.de\/?p=5646\",\"url\":\"https:\/\/konsumpf.de\/?p=5646\",\"name\":\"Wahl-o-mat 2009 - Konsumpf - Forum f\u00fcr kreative Konsumkritik - Culture Jamming, Nachhaltigkeit, Konzernkritik, Adbusting\",\"isPartOf\":{\"@id\":\"https:\/\/konsumpf.de\/#website\"},\"primaryImageOfPage\":{\"@id\":\"https:\/\/konsumpf.de\/?p=5646#primaryimage\"},\"image\":{\"@id\":\"https:\/\/konsumpf.de\/?p=5646#primaryimage\"},\"thumbnailUrl\":\"http:\/\/konsumpf.de\/wp-content\/uploads\/2009\/09\/wahlomat-bundestagswahl2009_startbild.jpg\",\"datePublished\":\"2009-09-05T10:09:51+00:00\",\"author\":{\"@id\":\"https:\/\/konsumpf.de\/#\/schema\/person\/e595a6d286b26994e7e0926d70699070\"},\"breadcrumb\":{\"@id\":\"https:\/\/konsumpf.de\/?p=5646#breadcrumb\"},\"inLanguage\":\"de\",\"potentialAction\":[{\"@type\":\"ReadAction\",\"target\":[\"https:\/\/konsumpf.de\/?p=5646\"]}]},{\"@type\":\"ImageObject\",\"inLanguage\":\"de\",\"@id\":\"https:\/\/konsumpf.de\/?p=5646#primaryimage\",\"url\":\"https:\/\/konsumpf.de\/wp-content\/uploads\/2009\/09\/wahlomat-bundestagswahl2009_startbild.jpg\",\"contentUrl\":\"https:\/\/konsumpf.de\/wp-content\/uploads\/2009\/09\/wahlomat-bundestagswahl2009_startbild.jpg\",\"width\":\"330\",\"height\":\"260\"},{\"@type\":\"BreadcrumbList\",\"@id\":\"https:\/\/konsumpf.de\/?p=5646#breadcrumb\",\"itemListElement\":[{\"@type\":\"ListItem\",\"position\":1,\"name\":\"Startseite\",\"item\":\"https:\/\/konsumpf.de\/\"},{\"@type\":\"ListItem\",\"position\":2,\"name\":\"Wahl-o-mat 2009\"}]},{\"@type\":\"WebSite\",\"@id\":\"https:\/\/konsumpf.de\/#website\",\"url\":\"https:\/\/konsumpf.de\/\",\"name\":\"Konsumpf - Forum f\u00fcr kreative Konsumkritik - Culture Jamming, Nachhaltigkeit, Konzernkritik, Adbusting\",\"description\":\"\",\"potentialAction\":[{\"@type\":\"SearchAction\",\"target\":{\"@type\":\"EntryPoint\",\"urlTemplate\":\"https:\/\/konsumpf.de\/?s={search_term_string}\"},\"query-input\":{\"@type\":\"PropertyValueSpecification\",\"valueRequired\":true,\"valueName\":\"search_term_string\"}}],\"inLanguage\":\"de\"},{\"@type\":\"Person\",\"@id\":\"https:\/\/konsumpf.de\/#\/schema\/person\/e595a6d286b26994e7e0926d70699070\",\"name\":\"Peter M.\",\"sameAs\":[\"http:\/\/konsumpf.de\"]}]}<\/script>\n<!-- \/ Yoast SEO plugin. -->","yoast_head_json":{"title":"Wahl-o-mat 2009 - Konsumpf - Forum f\u00fcr kreative Konsumkritik - Culture Jamming, Nachhaltigkeit, Konzernkritik, Adbusting","robots":{"index":"index","follow":"follow","max-snippet":"max-snippet:-1","max-image-preview":"max-image-preview:large","max-video-preview":"max-video-preview:-1"},"canonical":"https:\/\/konsumpf.de\/?p=5646","og_locale":"de_DE","og_type":"article","og_title":"Wahl-o-mat 2009 - Konsumpf - Forum f\u00fcr kreative Konsumkritik - Culture Jamming, Nachhaltigkeit, Konzernkritik, Adbusting","og_description":"Heute noch mal was etwas abseits des Hauptthemas meines Blogs \u2013 der Wahl-o-mat zur Bundestagswahl ist da! Herausgegeben von der Bundeszentrale f\u00fcr Politische Bildung, soll dieser kleine Onlinefragebogen dem potentiellen W\u00e4hler einen Anhalt geben, welche Partei seinen \u00dcberzeugungen oder Interessen wohl am n\u00e4chsten kommt. Mein Ergebnis spiegelt meine Wahlentscheidung wohl nicht so ganz wider \u2013 [&hellip;]","og_url":"https:\/\/konsumpf.de\/?p=5646","og_site_name":"Konsumpf - Forum f\u00fcr kreative Konsumkritik - Culture Jamming, Nachhaltigkeit, Konzernkritik, Adbusting","article_published_time":"2009-09-05T10:09:51+00:00","og_image":[{"url":"http:\/\/konsumpf.de\/wp-content\/uploads\/2009\/09\/wahlomat-bundestagswahl2009_startbild.jpg","type":"","width":"","height":""}],"author":"Peter M.","twitter_card":"summary_large_image","twitter_misc":{"Verfasst von":"Peter M.","Gesch\u00e4tzte Lesezeit":"1\u00a0Minute"},"schema":{"@context":"https:\/\/schema.org","@graph":[{"@type":"WebPage","@id":"https:\/\/konsumpf.de\/?p=5646","url":"https:\/\/konsumpf.de\/?p=5646","name":"Wahl-o-mat 2009 - Konsumpf - Forum f\u00fcr kreative Konsumkritik - Culture Jamming, Nachhaltigkeit, Konzernkritik, Adbusting","isPartOf":{"@id":"https:\/\/konsumpf.de\/#website"},"primaryImageOfPage":{"@id":"https:\/\/konsumpf.de\/?p=5646#primaryimage"},"image":{"@id":"https:\/\/konsumpf.de\/?p=5646#primaryimage"},"thumbnailUrl":"http:\/\/konsumpf.de\/wp-content\/uploads\/2009\/09\/wahlomat-bundestagswahl2009_startbild.jpg","datePublished":"2009-09-05T10:09:51+00:00","author":{"@id":"https:\/\/konsumpf.de\/#\/schema\/person\/e595a6d286b26994e7e0926d70699070"},"breadcrumb":{"@id":"https:\/\/konsumpf.de\/?p=5646#breadcrumb"},"inLanguage":"de","potentialAction":[{"@type":"ReadAction","target":["https:\/\/konsumpf.de\/?p=5646"]}]},{"@type":"ImageObject","inLanguage":"de","@id":"https:\/\/konsumpf.de\/?p=5646#primaryimage","url":"https:\/\/konsumpf.de\/wp-content\/uploads\/2009\/09\/wahlomat-bundestagswahl2009_startbild.jpg","contentUrl":"https:\/\/konsumpf.de\/wp-content\/uploads\/2009\/09\/wahlomat-bundestagswahl2009_startbild.jpg","width":"330","height":"260"},{"@type":"BreadcrumbList","@id":"https:\/\/konsumpf.de\/?p=5646#breadcrumb","itemListElement":[{"@type":"ListItem","position":1,"name":"Startseite","item":"https:\/\/konsumpf.de\/"},{"@type":"ListItem","position":2,"name":"Wahl-o-mat 2009"}]},{"@type":"WebSite","@id":"https:\/\/konsumpf.de\/#website","url":"https:\/\/konsumpf.de\/","name":"Konsumpf - Forum f\u00fcr kreative Konsumkritik - Culture Jamming, Nachhaltigkeit, Konzernkritik, Adbusting","description":"","potentialAction":[{"@type":"SearchAction","target":{"@type":"EntryPoint","urlTemplate":"https:\/\/konsumpf.de\/?s={search_term_string}"},"query-input":{"@type":"PropertyValueSpecification","valueRequired":true,"valueName":"search_term_string"}}],"inLanguage":"de"},{"@type":"Person","@id":"https:\/\/konsumpf.de\/#\/schema\/person\/e595a6d286b26994e7e0926d70699070","name":"Peter M.","sameAs":["http:\/\/konsumpf.de"]}]}},"_links":{"self":[{"href":"https:\/\/konsumpf.de\/index.php?rest_route=\/wp\/v2\/posts\/5646"}],"collection":[{"href":"https:\/\/konsumpf.de\/index.php?rest_route=\/wp\/v2\/posts"}],"about":[{"href":"https:\/\/konsumpf.de\/index.php?rest_route=\/wp\/v2\/types\/post"}],"author":[{"embeddable":true,"href":"https:\/\/konsumpf.de\/index.php?rest_route=\/wp\/v2\/users\/1"}],"replies":[{"embeddable":true,"href":"https:\/\/konsumpf.de\/index.php?rest_route=%2Fwp%2Fv2%2Fcomments&post=5646"}],"version-history":[{"count":3,"href":"https:\/\/konsumpf.de\/index.php?rest_route=\/wp\/v2\/posts\/5646\/revisions"}],"predecessor-version":[{"id":5650,"href":"https:\/\/konsumpf.de\/index.php?rest_route=\/wp\/v2\/posts\/5646\/revisions\/5650"}],"wp:attachment":[{"href":"https:\/\/konsumpf.de\/index.php?rest_route=%2Fwp%2Fv2%2Fmedia&parent=5646"}],"wp:term":[{"taxonomy":"category","embeddable":true,"href":"https:\/\/konsumpf.de\/index.php?rest_route=%2Fwp%2Fv2%2Fcategories&post=5646"},{"taxonomy":"post_tag","embeddable":true,"href":"https:\/\/konsumpf.de\/index.php?rest_route=%2Fwp%2Fv2%2Ftags&post=5646"}],"curies":[{"name":"wp","href":"https:\/\/api.w.org\/{rel}","templated":true}]}}