{"id":5639,"date":"2009-09-08T09:52:32","date_gmt":"2009-09-08T07:52:32","guid":{"rendered":"http:\/\/konsumpf.de\/?p=5639"},"modified":"2009-09-08T10:07:14","modified_gmt":"2009-09-08T08:07:14","slug":"warum-strasenzuge-verkommen-%e2%80%93-die-schattenseiten-der-privatisierungen","status":"publish","type":"post","link":"https:\/\/konsumpf.de\/?p=5639","title":{"rendered":"Warum Stra\u00dfenz\u00fcge verkommen \u2013 die Schattenseiten der Privatisierungen"},"content":{"rendered":"<p>Privatisierungen werden seit vielen Jahren vor allem von neoliberalen Kreisen als das Allheilmittel gepriesen, um klamme Kommunen zu sanieren und den B\u00fcrger eine angeblich viel bessere Versorgung zu bieten, als sie staatliche Stellen bieten k\u00f6nnten. Schlie\u00dflich richtet der freie Markt doch alles von ganz alleine am allerbesten \u2013 oder etwa nicht? Berechtigte Zweifel an diesen Dogmen habe ich in meine Blog ja schon an einigen Stellen ge\u00e4u\u00dfert (<a href=\"http:\/\/konsumpf.de\/?p=874\">hier<\/a>, <a href=\"http:\/\/konsumpf.de\/?p=4525\">hier<\/a>), und der Beitrag des WDR-Magazins markt<strong> \u201e<a href=\"http:\/\/www.wdr.de\/tv\/markt\/sendungsbeitraege\/2009\/0831\/04_wohnungsmarkt.jsp\">Warum Stra\u00dfenz\u00fcge verkommen<\/a>\u201c<\/strong> zeichnet ein nicht minder bedrohliches Bild des von allen etablierten Parteien (schwarz-gelb genauso wie rot-gr\u00fcn) vorangetriebenen Privatisierungswahns. Tats\u00e4chlich bringen diese Immobilienspekulationen nat\u00fcrlich nicht der Mehrzahl der Menschen bzw. Mieter nennenswerten Nutzen, sondern ausschlie\u00dflich kleinen Investorengruppen.<\/p>\n<blockquote><p>Ehemals gemeinn\u00fctzige Wohnungsgesellschaften haben sich f\u00fcr viele \u201eHeuschrecken\u201c als Fehlspekulation erwiesen. Jetzt lassen sie ganze Stra\u00dfenz\u00fcge verfallen. Die Mieter haben oft nicht einmal mehr einen Ansprechpartner. (&#8230;)<\/p>\n<p>Die ausl\u00e4ndischen Investoren glaubten, dass der deutsche Wohnungsmarkt unterbewertet war und hier viel Geld zu holen sei. \u00dcber sogenannte Private-Equity-Fonds sammelten sie Geld. Sie wollten g\u00fcnstig kaufen, wenig investieren und teuer weiterverkaufen &#8211; vor allem an die alten Mieter. Dieser Plan ging jedoch nicht auf. Die Mieter selbst scheuten die Kosten f\u00fcr die schlichten Wohnungen. Schlie\u00dflich kannten sie die M\u00e4ngel am besten. Daher reichten die Investoren die Siedlungen in kleinen H\u00e4ppchen an andere Investoren weiter. Und die machten es genauso. Wenigsten wenigstens vier bis sieben Prozent Rendite musste mit der Investition erzielt werden. Das aber konnte nur mit geringen Sanierungs- und Personalkosten gelingen. (&#8230;)<\/p><\/blockquote>\n<p><object width=\"425\" height=\"344\" data=\"http:\/\/www.youtube.com\/v\/PLzT4ogZMdc&amp;hl=en&amp;fs=1\" type=\"application\/x-shockwave-flash\"><param name=\"allowFullScreen\" value=\"true\" \/><param name=\"allowscriptaccess\" value=\"always\" \/><param name=\"src\" value=\"http:\/\/www.youtube.com\/v\/PLzT4ogZMdc&amp;hl=en&amp;fs=1\" \/><param name=\"allowfullscreen\" value=\"true\" \/><\/object><\/p>\n<h3 class='related_post_title'>Verwandte Beitr\u00e4ge:<\/h3><ul class='related_post'><li><a href=\"http:\/\/konsumpf.de\/?p=5797\" title=\"Die Auferstehung des Kapitalismus \u2013 Hintergr\u00fcnde\">Die Auferstehung des Kapitalismus \u2013 Hintergr\u00fcnde<\/a><\/li><li><a href=\"http:\/\/konsumpf.de\/?p=4583\" title=\"Gef\u00e4hrliche PET-Flaschen\">Gef\u00e4hrliche PET-Flaschen<\/a><\/li><li><a href=\"http:\/\/konsumpf.de\/?p=15351\" title=\"Maus oder M\u00e4use? Wie der Markt die Moral untergr\u00e4bt\">Maus oder M\u00e4use? Wie der Markt die Moral untergr\u00e4bt<\/a><\/li><li><a href=\"http:\/\/konsumpf.de\/?p=12403\" title=\"Verband abzockender Konzerne\">Verband abzockender Konzerne<\/a><\/li><li><a href=\"http:\/\/konsumpf.de\/?p=10573\" title=\"ExxonMobil und der verschwiegene Umweltskandal in Niedersachsen\">ExxonMobil und der verschwiegene Umweltskandal in Niedersachsen<\/a><\/li><\/ul>","protected":false},"excerpt":{"rendered":"<p>Privatisierungen werden seit vielen Jahren vor allem von neoliberalen Kreisen als das Allheilmittel gepriesen, um klamme Kommunen zu sanieren und den B\u00fcrger eine angeblich viel bessere Versorgung zu bieten, als sie staatliche Stellen bieten k\u00f6nnten. Schlie\u00dflich richtet der freie Markt doch alles von ganz alleine am allerbesten \u2013 oder etwa nicht? Berechtigte Zweifel an diesen [&hellip;]<\/p>\n","protected":false},"author":1,"featured_media":0,"comment_status":"open","ping_status":"open","sticky":false,"template":"","format":"standard","meta":{"footnotes":""},"categories":[53,78],"tags":[995,993,409,994,992,847],"yoast_head":"<!-- This site is optimized with the Yoast SEO plugin v24.4 - https:\/\/yoast.com\/wordpress\/plugins\/seo\/ -->\n<title>Warum Stra\u00dfenz\u00fcge verkommen \u2013 die Schattenseiten der Privatisierungen - Konsumpf - Forum f\u00fcr kreative Konsumkritik - Culture Jamming, Nachhaltigkeit, Konzernkritik, Adbusting<\/title>\n<meta name=\"robots\" content=\"index, follow, max-snippet:-1, max-image-preview:large, max-video-preview:-1\" \/>\n<link rel=\"canonical\" href=\"https:\/\/konsumpf.de\/?p=5639\" \/>\n<meta property=\"og:locale\" content=\"de_DE\" \/>\n<meta property=\"og:type\" content=\"article\" \/>\n<meta property=\"og:title\" content=\"Warum Stra\u00dfenz\u00fcge verkommen \u2013 die Schattenseiten der Privatisierungen - Konsumpf - Forum f\u00fcr kreative Konsumkritik - Culture Jamming, Nachhaltigkeit, Konzernkritik, Adbusting\" \/>\n<meta property=\"og:description\" content=\"Privatisierungen werden seit vielen Jahren vor allem von neoliberalen Kreisen als das Allheilmittel gepriesen, um klamme Kommunen zu sanieren und den B\u00fcrger eine angeblich viel bessere Versorgung zu bieten, als sie staatliche Stellen bieten k\u00f6nnten. Schlie\u00dflich richtet der freie Markt doch alles von ganz alleine am allerbesten \u2013 oder etwa nicht? Berechtigte Zweifel an diesen [&hellip;]\" \/>\n<meta property=\"og:url\" content=\"https:\/\/konsumpf.de\/?p=5639\" \/>\n<meta property=\"og:site_name\" content=\"Konsumpf - Forum f\u00fcr kreative Konsumkritik - Culture Jamming, Nachhaltigkeit, Konzernkritik, Adbusting\" \/>\n<meta property=\"article:published_time\" content=\"2009-09-08T07:52:32+00:00\" \/>\n<meta property=\"article:modified_time\" content=\"2009-09-08T08:07:14+00:00\" \/>\n<meta name=\"author\" content=\"Peter M.\" \/>\n<meta name=\"twitter:card\" content=\"summary_large_image\" \/>\n<meta name=\"twitter:label1\" content=\"Verfasst von\" \/>\n\t<meta name=\"twitter:data1\" content=\"Peter M.\" \/>\n\t<meta name=\"twitter:label2\" content=\"Gesch\u00e4tzte Lesezeit\" \/>\n\t<meta name=\"twitter:data2\" content=\"1\u00a0Minute\" \/>\n<script type=\"application\/ld+json\" class=\"yoast-schema-graph\">{\"@context\":\"https:\/\/schema.org\",\"@graph\":[{\"@type\":\"WebPage\",\"@id\":\"https:\/\/konsumpf.de\/?p=5639\",\"url\":\"https:\/\/konsumpf.de\/?p=5639\",\"name\":\"Warum Stra\u00dfenz\u00fcge verkommen \u2013 die Schattenseiten der Privatisierungen - Konsumpf - Forum f\u00fcr kreative Konsumkritik - Culture Jamming, Nachhaltigkeit, Konzernkritik, Adbusting\",\"isPartOf\":{\"@id\":\"https:\/\/konsumpf.de\/#website\"},\"datePublished\":\"2009-09-08T07:52:32+00:00\",\"dateModified\":\"2009-09-08T08:07:14+00:00\",\"author\":{\"@id\":\"https:\/\/konsumpf.de\/#\/schema\/person\/e595a6d286b26994e7e0926d70699070\"},\"breadcrumb\":{\"@id\":\"https:\/\/konsumpf.de\/?p=5639#breadcrumb\"},\"inLanguage\":\"de\",\"potentialAction\":[{\"@type\":\"ReadAction\",\"target\":[\"https:\/\/konsumpf.de\/?p=5639\"]}]},{\"@type\":\"BreadcrumbList\",\"@id\":\"https:\/\/konsumpf.de\/?p=5639#breadcrumb\",\"itemListElement\":[{\"@type\":\"ListItem\",\"position\":1,\"name\":\"Startseite\",\"item\":\"https:\/\/konsumpf.de\/\"},{\"@type\":\"ListItem\",\"position\":2,\"name\":\"Warum Stra\u00dfenz\u00fcge verkommen \u2013 die Schattenseiten der Privatisierungen\"}]},{\"@type\":\"WebSite\",\"@id\":\"https:\/\/konsumpf.de\/#website\",\"url\":\"https:\/\/konsumpf.de\/\",\"name\":\"Konsumpf - Forum f\u00fcr kreative Konsumkritik - Culture Jamming, Nachhaltigkeit, Konzernkritik, Adbusting\",\"description\":\"\",\"potentialAction\":[{\"@type\":\"SearchAction\",\"target\":{\"@type\":\"EntryPoint\",\"urlTemplate\":\"https:\/\/konsumpf.de\/?s={search_term_string}\"},\"query-input\":{\"@type\":\"PropertyValueSpecification\",\"valueRequired\":true,\"valueName\":\"search_term_string\"}}],\"inLanguage\":\"de\"},{\"@type\":\"Person\",\"@id\":\"https:\/\/konsumpf.de\/#\/schema\/person\/e595a6d286b26994e7e0926d70699070\",\"name\":\"Peter M.\",\"sameAs\":[\"http:\/\/konsumpf.de\"]}]}<\/script>\n<!-- \/ Yoast SEO plugin. -->","yoast_head_json":{"title":"Warum Stra\u00dfenz\u00fcge verkommen \u2013 die Schattenseiten der Privatisierungen - Konsumpf - Forum f\u00fcr kreative Konsumkritik - Culture Jamming, Nachhaltigkeit, Konzernkritik, Adbusting","robots":{"index":"index","follow":"follow","max-snippet":"max-snippet:-1","max-image-preview":"max-image-preview:large","max-video-preview":"max-video-preview:-1"},"canonical":"https:\/\/konsumpf.de\/?p=5639","og_locale":"de_DE","og_type":"article","og_title":"Warum Stra\u00dfenz\u00fcge verkommen \u2013 die Schattenseiten der Privatisierungen - Konsumpf - Forum f\u00fcr kreative Konsumkritik - Culture Jamming, Nachhaltigkeit, Konzernkritik, Adbusting","og_description":"Privatisierungen werden seit vielen Jahren vor allem von neoliberalen Kreisen als das Allheilmittel gepriesen, um klamme Kommunen zu sanieren und den B\u00fcrger eine angeblich viel bessere Versorgung zu bieten, als sie staatliche Stellen bieten k\u00f6nnten. Schlie\u00dflich richtet der freie Markt doch alles von ganz alleine am allerbesten \u2013 oder etwa nicht? Berechtigte Zweifel an diesen [&hellip;]","og_url":"https:\/\/konsumpf.de\/?p=5639","og_site_name":"Konsumpf - Forum f\u00fcr kreative Konsumkritik - Culture Jamming, Nachhaltigkeit, Konzernkritik, Adbusting","article_published_time":"2009-09-08T07:52:32+00:00","article_modified_time":"2009-09-08T08:07:14+00:00","author":"Peter M.","twitter_card":"summary_large_image","twitter_misc":{"Verfasst von":"Peter M.","Gesch\u00e4tzte Lesezeit":"1\u00a0Minute"},"schema":{"@context":"https:\/\/schema.org","@graph":[{"@type":"WebPage","@id":"https:\/\/konsumpf.de\/?p=5639","url":"https:\/\/konsumpf.de\/?p=5639","name":"Warum Stra\u00dfenz\u00fcge verkommen \u2013 die Schattenseiten der Privatisierungen - Konsumpf - Forum f\u00fcr kreative Konsumkritik - Culture Jamming, Nachhaltigkeit, Konzernkritik, Adbusting","isPartOf":{"@id":"https:\/\/konsumpf.de\/#website"},"datePublished":"2009-09-08T07:52:32+00:00","dateModified":"2009-09-08T08:07:14+00:00","author":{"@id":"https:\/\/konsumpf.de\/#\/schema\/person\/e595a6d286b26994e7e0926d70699070"},"breadcrumb":{"@id":"https:\/\/konsumpf.de\/?p=5639#breadcrumb"},"inLanguage":"de","potentialAction":[{"@type":"ReadAction","target":["https:\/\/konsumpf.de\/?p=5639"]}]},{"@type":"BreadcrumbList","@id":"https:\/\/konsumpf.de\/?p=5639#breadcrumb","itemListElement":[{"@type":"ListItem","position":1,"name":"Startseite","item":"https:\/\/konsumpf.de\/"},{"@type":"ListItem","position":2,"name":"Warum Stra\u00dfenz\u00fcge verkommen \u2013 die Schattenseiten der Privatisierungen"}]},{"@type":"WebSite","@id":"https:\/\/konsumpf.de\/#website","url":"https:\/\/konsumpf.de\/","name":"Konsumpf - Forum f\u00fcr kreative Konsumkritik - Culture Jamming, Nachhaltigkeit, Konzernkritik, Adbusting","description":"","potentialAction":[{"@type":"SearchAction","target":{"@type":"EntryPoint","urlTemplate":"https:\/\/konsumpf.de\/?s={search_term_string}"},"query-input":{"@type":"PropertyValueSpecification","valueRequired":true,"valueName":"search_term_string"}}],"inLanguage":"de"},{"@type":"Person","@id":"https:\/\/konsumpf.de\/#\/schema\/person\/e595a6d286b26994e7e0926d70699070","name":"Peter M.","sameAs":["http:\/\/konsumpf.de"]}]}},"_links":{"self":[{"href":"https:\/\/konsumpf.de\/index.php?rest_route=\/wp\/v2\/posts\/5639"}],"collection":[{"href":"https:\/\/konsumpf.de\/index.php?rest_route=\/wp\/v2\/posts"}],"about":[{"href":"https:\/\/konsumpf.de\/index.php?rest_route=\/wp\/v2\/types\/post"}],"author":[{"embeddable":true,"href":"https:\/\/konsumpf.de\/index.php?rest_route=\/wp\/v2\/users\/1"}],"replies":[{"embeddable":true,"href":"https:\/\/konsumpf.de\/index.php?rest_route=%2Fwp%2Fv2%2Fcomments&post=5639"}],"version-history":[{"count":9,"href":"https:\/\/konsumpf.de\/index.php?rest_route=\/wp\/v2\/posts\/5639\/revisions"}],"predecessor-version":[{"id":5692,"href":"https:\/\/konsumpf.de\/index.php?rest_route=\/wp\/v2\/posts\/5639\/revisions\/5692"}],"wp:attachment":[{"href":"https:\/\/konsumpf.de\/index.php?rest_route=%2Fwp%2Fv2%2Fmedia&parent=5639"}],"wp:term":[{"taxonomy":"category","embeddable":true,"href":"https:\/\/konsumpf.de\/index.php?rest_route=%2Fwp%2Fv2%2Fcategories&post=5639"},{"taxonomy":"post_tag","embeddable":true,"href":"https:\/\/konsumpf.de\/index.php?rest_route=%2Fwp%2Fv2%2Ftags&post=5639"}],"curies":[{"name":"wp","href":"https:\/\/api.w.org\/{rel}","templated":true}]}}