{"id":5624,"date":"2009-09-04T10:02:05","date_gmt":"2009-09-04T08:02:05","guid":{"rendered":"http:\/\/konsumpf.de\/?p=5624"},"modified":"2009-09-04T11:35:43","modified_gmt":"2009-09-04T09:35:43","slug":"%e2%80%9efur-eine-okonomie-jenseits-des-wachstums%e2%80%9c","status":"publish","type":"post","link":"https:\/\/konsumpf.de\/?p=5624","title":{"rendered":"\u201eF\u00fcr eine \u00d6konomie jenseits des Wachstums\u201c"},"content":{"rendered":"<p><a href=\"http:\/\/konsumpf.de\/wp-content\/uploads\/2009\/09\/bild-3.png\"><img loading=\"lazy\" decoding=\"async\" class=\"alignright size-full wp-image-5627\" title=\"bild-3\" src=\"http:\/\/konsumpf.de\/wp-content\/uploads\/2009\/09\/bild-3.png\" alt=\"bild-3\" width=\"232\" height=\"322\" \/><\/a>Mit Kirche &amp; Religion habe ich ja herzlich wenig am Hut, aber als ich gestern bei \u201emeinem\u201c Bio-K\u00e4sestand auf dem Wochenmarkt das <a href=\"http:\/\/www.politischer-kirchentag-ploen.de\/index.php?id=3\">EXTRABLATT<\/a> zum <strong>1. Politischen Kirchentag Pl\u00f6n<\/strong> in die H\u00e4nde bekam, war ich doch aufs Positivste \u00fcberrascht, befasst sich diese Zeitung sich doch thematisch auch mit vielen Problemen, die mich hier im Blog des \u00f6fteren besch\u00e4ftigen. So finden sich dort Artikel vieler Experten, z.B. von NGOs wie Attac oder Oxfam, u.a. \u00fcber die \u201eFortschreitende Globalisierung\u201c, \u201eDie Finanzkrise: Vorgeschmack auf kommende Katastrophen\u201c, \u201eSchwimmt sogar in Milch \u2013 die politisch gesteuerte \u00dcberproduktion richtet weltweit Schaden an\u201c, \u201eLukratives Gesch\u00e4ft mit der Krise \u2013 wie Banken und Versicherungen das Gemeinwesen skrupellos ausbeuten\u201c, \u201eAchtung Klimakrieg! Eine Warnung vor wohlfeilen Dramatisierungen\u201c und am Ende auch \u00fcber das bedingungslose Grundeinkommen sowie den Beitrag \u201e<strong>F\u00fcr eine \u00d6konomie jenseits des Wachstums: Im Wege steht die globale Arbeitsteilung und das Geld- und Zinssystem mit seinen hohen Gewinnerwartungen<\/strong>\u201c von <strong>Niko Paech<\/strong>, Privatdozent f\u00fcr BWL (!) und Wirtschaftsp\u00e4dagogik an der Uni Oldenburg.<\/p>\n<p>Paechs Artikel fasst einiges an Kritikpunkten zusammen, die vor allem in letzter Zeit an dem kapitalistischen Wirtschaftssystem, wie wir es kennen, laut wurden und die ich auch im Konsumpf schon des \u00f6fteren angesprochen habe. Hier ein paar Ausz\u00fcge:<\/p>\n<blockquote><p>Die Klima-,Ressourcen- und aktuelle Finanzkrise belegen das Scheitern des auf Wachstum und Fremdversorgung basierenden Wohlstandsmodells. Zeit zum Innehalten: Anstelle eines expansiven \u201eWeiter-so\u201c bietet sich das Konzept der Postwachstumso\u0308konomie an, die zwar bescheiden dimensioniert, aber langfristig stabil ist.<\/p>\n<p>Die o\u0308konomische Nachhaltigkeitsforschung umfasst zwei Lager, die in unterschiedlicher Beziehung zum Wachstumsimperativ stehen. Die bislang dominante Stro\u0308mung orientiert sich an der These, dass weitere wirtschaftliche Expansion nicht nur der Wohlstandsmehrung wegen erforderlich, sondern kraft technischen Fortschritts auch o\u0308konomisch durchhaltbar sei. (&#8230;)<\/p>\n<p>Wo die Folgen des Klimawandels nicht mehr abzuwenden sind, stellt sich nach derselben Logik die Verwertung der Krise als profitable Option dar: Welche neuen Produkt- und Technikl\u00f6sungen lassen sich demn\u00e4chst vermarkten, um mit w\u00e4rmeren Sommern, dem Anstieg des Meeresspiegels, zunehmenden Sturmereignissen etc. fertig zu werden? (&#8230;)<\/p>\n<p>Kontr\u00e4r geht das Konzept der Postwachstums\u00f6konomie von folgenden Beobachtungen aus:<br \/>\n\u2022 In einer expandierenden \u00d6konomie bewirken \u201eBumerangeffekte\u201c, dass Fortschritte an De-Materialisierung oder \u00d6kologisierung durch Zuw\u00e4chse der Nachfrage kompensiert werden. Deshalb nehmen, trotz Umwelttechnologie, die CO2-Emissionen permanent zu.<\/p>\n<p>\u2022 Ein wichtiger Befund der sogenannten \u201eScience of Happiness\u201c besagt, dass eine Steigerung des \u00fcber Geld vermittelten materiellen Reichtums ab einem bestimmten Niveau das subjektive Wohlbefinden nicht weiter erh\u00f6ht. Viele Konsumaktivit\u00e4ten sind symbolischer Art,zielen auf soziales Prestige oder die Zugeh\u00f6rigkeit zu einer bestimmten Gruppe oder \u201eSzene\u201c. Wer nicht mitzieht, verliert den Anschluss. Folglich ist ein immer h\u00f6herer Konsumaufwand n\u00f6tig, um die soziale Integration zu verteidigen. (&#8230;)<\/p>\n<p>Ziele einer Postwachstums\u00f6konomie<br \/>\nEine \u00f6kologisch und sozial zukunftsf\u00e4hige \u00d6konomie bedarf der Beseitigung jeglicher Wachstumsabh\u00e4ngigkeiten und -zw\u00e4nge. Dazu z\u00e4hlen die Innovationsorientierung moderner Marktwirtschaften, das gegenw\u00e4rtige Geld- und Zinssystem mit seinen hohen Gewinnerwartungen und das auf globaler Arbeitsteilung beruhende Modell der Fremdversorgung. (&#8230;)<\/p><\/blockquote>\n<p>Das komplette Extrablatt gibt es als <a href=\"http:\/\/www.politischer-kirchentag-ploen.de\/fileadmin\/user_upload\/J0935_Extrablatt_Kirchentag.pdf\">kostenloses pdf hier herunterzuladen<\/a>.<\/p>\n<h3 class='related_post_title'>Verwandte Beitr\u00e4ge:<\/h3><ul class='related_post'><li><a href=\"http:\/\/konsumpf.de\/?p=13510\" title=\"Lesetipps: Kommerzialisierung | Fu\u00dfball | Palm\u00f6l aus dem Regenwald | Alternative \u00d6konomie | Guttenberg\">Lesetipps: Kommerzialisierung | Fu\u00dfball | Palm\u00f6l aus dem Regenwald | Alternative \u00d6konomie | Guttenberg<\/a><\/li><li><a href=\"http:\/\/konsumpf.de\/?p=12687\" title=\"Die Grenzen des Kapitalismus\">Die Grenzen des Kapitalismus<\/a><\/li><li><a href=\"http:\/\/konsumpf.de\/?p=11710\" title=\"Postwachstums\u00f6konomie und die NachDenkSeiten\">Postwachstums\u00f6konomie und die NachDenkSeiten<\/a><\/li><li><a href=\"http:\/\/konsumpf.de\/?p=4033\" title=\"The Corporation \u2013 Konzerne sind wie Psychopathen\">The Corporation \u2013 Konzerne sind wie Psychopathen<\/a><\/li><li><a href=\"http:\/\/konsumpf.de\/?p=5988\" title=\"Wohlstand ohne Wachstum\">Wohlstand ohne Wachstum<\/a><\/li><\/ul>","protected":false},"excerpt":{"rendered":"<p>Mit Kirche &amp; Religion habe ich ja herzlich wenig am Hut, aber als ich gestern bei \u201emeinem\u201c Bio-K\u00e4sestand auf dem Wochenmarkt das EXTRABLATT zum 1. Politischen Kirchentag Pl\u00f6n in die H\u00e4nde bekam, war ich doch aufs Positivste \u00fcberrascht, befasst sich diese Zeitung sich doch thematisch auch mit vielen Problemen, die mich hier im Blog des [&hellip;]<\/p>\n","protected":false},"author":1,"featured_media":0,"comment_status":"open","ping_status":"open","sticky":false,"template":"","format":"standard","meta":{"footnotes":""},"categories":[259,12,54,53,50,78],"tags":[991,989,990,988,2872,443],"yoast_head":"<!-- This site is optimized with the Yoast SEO plugin v24.4 - https:\/\/yoast.com\/wordpress\/plugins\/seo\/ -->\n<title>\u201eF\u00fcr eine \u00d6konomie jenseits des Wachstums\u201c - Konsumpf - Forum f\u00fcr kreative Konsumkritik - Culture Jamming, Nachhaltigkeit, Konzernkritik, Adbusting<\/title>\n<meta name=\"robots\" content=\"index, follow, max-snippet:-1, max-image-preview:large, max-video-preview:-1\" \/>\n<link rel=\"canonical\" href=\"https:\/\/konsumpf.de\/?p=5624\" \/>\n<meta property=\"og:locale\" content=\"de_DE\" \/>\n<meta property=\"og:type\" content=\"article\" \/>\n<meta property=\"og:title\" content=\"\u201eF\u00fcr eine \u00d6konomie jenseits des Wachstums\u201c - Konsumpf - Forum f\u00fcr kreative Konsumkritik - Culture Jamming, Nachhaltigkeit, Konzernkritik, Adbusting\" \/>\n<meta property=\"og:description\" content=\"Mit Kirche &amp; Religion habe ich ja herzlich wenig am Hut, aber als ich gestern bei \u201emeinem\u201c Bio-K\u00e4sestand auf dem Wochenmarkt das EXTRABLATT zum 1. Politischen Kirchentag Pl\u00f6n in die H\u00e4nde bekam, war ich doch aufs Positivste \u00fcberrascht, befasst sich diese Zeitung sich doch thematisch auch mit vielen Problemen, die mich hier im Blog des [&hellip;]\" \/>\n<meta property=\"og:url\" content=\"https:\/\/konsumpf.de\/?p=5624\" \/>\n<meta property=\"og:site_name\" content=\"Konsumpf - Forum f\u00fcr kreative Konsumkritik - Culture Jamming, Nachhaltigkeit, Konzernkritik, Adbusting\" \/>\n<meta property=\"article:published_time\" content=\"2009-09-04T08:02:05+00:00\" \/>\n<meta property=\"article:modified_time\" content=\"2009-09-04T09:35:43+00:00\" \/>\n<meta property=\"og:image\" content=\"http:\/\/konsumpf.de\/wp-content\/uploads\/2009\/09\/bild-3.png\" \/>\n<meta name=\"author\" content=\"Peter M.\" \/>\n<meta name=\"twitter:card\" content=\"summary_large_image\" \/>\n<meta name=\"twitter:label1\" content=\"Verfasst von\" \/>\n\t<meta name=\"twitter:data1\" content=\"Peter M.\" \/>\n\t<meta name=\"twitter:label2\" content=\"Gesch\u00e4tzte Lesezeit\" \/>\n\t<meta name=\"twitter:data2\" content=\"3\u00a0Minuten\" \/>\n<script type=\"application\/ld+json\" class=\"yoast-schema-graph\">{\"@context\":\"https:\/\/schema.org\",\"@graph\":[{\"@type\":\"WebPage\",\"@id\":\"https:\/\/konsumpf.de\/?p=5624\",\"url\":\"https:\/\/konsumpf.de\/?p=5624\",\"name\":\"\u201eF\u00fcr eine \u00d6konomie jenseits des Wachstums\u201c - Konsumpf - Forum f\u00fcr kreative Konsumkritik - Culture Jamming, Nachhaltigkeit, Konzernkritik, Adbusting\",\"isPartOf\":{\"@id\":\"https:\/\/konsumpf.de\/#website\"},\"primaryImageOfPage\":{\"@id\":\"https:\/\/konsumpf.de\/?p=5624#primaryimage\"},\"image\":{\"@id\":\"https:\/\/konsumpf.de\/?p=5624#primaryimage\"},\"thumbnailUrl\":\"http:\/\/konsumpf.de\/wp-content\/uploads\/2009\/09\/bild-3.png\",\"datePublished\":\"2009-09-04T08:02:05+00:00\",\"dateModified\":\"2009-09-04T09:35:43+00:00\",\"author\":{\"@id\":\"https:\/\/konsumpf.de\/#\/schema\/person\/e595a6d286b26994e7e0926d70699070\"},\"breadcrumb\":{\"@id\":\"https:\/\/konsumpf.de\/?p=5624#breadcrumb\"},\"inLanguage\":\"de\",\"potentialAction\":[{\"@type\":\"ReadAction\",\"target\":[\"https:\/\/konsumpf.de\/?p=5624\"]}]},{\"@type\":\"ImageObject\",\"inLanguage\":\"de\",\"@id\":\"https:\/\/konsumpf.de\/?p=5624#primaryimage\",\"url\":\"https:\/\/konsumpf.de\/wp-content\/uploads\/2009\/09\/bild-3.png\",\"contentUrl\":\"https:\/\/konsumpf.de\/wp-content\/uploads\/2009\/09\/bild-3.png\",\"width\":\"572\",\"height\":\"795\"},{\"@type\":\"BreadcrumbList\",\"@id\":\"https:\/\/konsumpf.de\/?p=5624#breadcrumb\",\"itemListElement\":[{\"@type\":\"ListItem\",\"position\":1,\"name\":\"Startseite\",\"item\":\"https:\/\/konsumpf.de\/\"},{\"@type\":\"ListItem\",\"position\":2,\"name\":\"\u201eF\u00fcr eine \u00d6konomie jenseits des Wachstums\u201c\"}]},{\"@type\":\"WebSite\",\"@id\":\"https:\/\/konsumpf.de\/#website\",\"url\":\"https:\/\/konsumpf.de\/\",\"name\":\"Konsumpf - Forum f\u00fcr kreative Konsumkritik - Culture Jamming, Nachhaltigkeit, Konzernkritik, Adbusting\",\"description\":\"\",\"potentialAction\":[{\"@type\":\"SearchAction\",\"target\":{\"@type\":\"EntryPoint\",\"urlTemplate\":\"https:\/\/konsumpf.de\/?s={search_term_string}\"},\"query-input\":{\"@type\":\"PropertyValueSpecification\",\"valueRequired\":true,\"valueName\":\"search_term_string\"}}],\"inLanguage\":\"de\"},{\"@type\":\"Person\",\"@id\":\"https:\/\/konsumpf.de\/#\/schema\/person\/e595a6d286b26994e7e0926d70699070\",\"name\":\"Peter M.\",\"sameAs\":[\"http:\/\/konsumpf.de\"]}]}<\/script>\n<!-- \/ Yoast SEO plugin. -->","yoast_head_json":{"title":"\u201eF\u00fcr eine \u00d6konomie jenseits des Wachstums\u201c - Konsumpf - Forum f\u00fcr kreative Konsumkritik - Culture Jamming, Nachhaltigkeit, Konzernkritik, Adbusting","robots":{"index":"index","follow":"follow","max-snippet":"max-snippet:-1","max-image-preview":"max-image-preview:large","max-video-preview":"max-video-preview:-1"},"canonical":"https:\/\/konsumpf.de\/?p=5624","og_locale":"de_DE","og_type":"article","og_title":"\u201eF\u00fcr eine \u00d6konomie jenseits des Wachstums\u201c - Konsumpf - Forum f\u00fcr kreative Konsumkritik - Culture Jamming, Nachhaltigkeit, Konzernkritik, Adbusting","og_description":"Mit Kirche &amp; Religion habe ich ja herzlich wenig am Hut, aber als ich gestern bei \u201emeinem\u201c Bio-K\u00e4sestand auf dem Wochenmarkt das EXTRABLATT zum 1. Politischen Kirchentag Pl\u00f6n in die H\u00e4nde bekam, war ich doch aufs Positivste \u00fcberrascht, befasst sich diese Zeitung sich doch thematisch auch mit vielen Problemen, die mich hier im Blog des [&hellip;]","og_url":"https:\/\/konsumpf.de\/?p=5624","og_site_name":"Konsumpf - Forum f\u00fcr kreative Konsumkritik - Culture Jamming, Nachhaltigkeit, Konzernkritik, Adbusting","article_published_time":"2009-09-04T08:02:05+00:00","article_modified_time":"2009-09-04T09:35:43+00:00","og_image":[{"url":"http:\/\/konsumpf.de\/wp-content\/uploads\/2009\/09\/bild-3.png","type":"","width":"","height":""}],"author":"Peter M.","twitter_card":"summary_large_image","twitter_misc":{"Verfasst von":"Peter M.","Gesch\u00e4tzte Lesezeit":"3\u00a0Minuten"},"schema":{"@context":"https:\/\/schema.org","@graph":[{"@type":"WebPage","@id":"https:\/\/konsumpf.de\/?p=5624","url":"https:\/\/konsumpf.de\/?p=5624","name":"\u201eF\u00fcr eine \u00d6konomie jenseits des Wachstums\u201c - Konsumpf - Forum f\u00fcr kreative Konsumkritik - Culture Jamming, Nachhaltigkeit, Konzernkritik, Adbusting","isPartOf":{"@id":"https:\/\/konsumpf.de\/#website"},"primaryImageOfPage":{"@id":"https:\/\/konsumpf.de\/?p=5624#primaryimage"},"image":{"@id":"https:\/\/konsumpf.de\/?p=5624#primaryimage"},"thumbnailUrl":"http:\/\/konsumpf.de\/wp-content\/uploads\/2009\/09\/bild-3.png","datePublished":"2009-09-04T08:02:05+00:00","dateModified":"2009-09-04T09:35:43+00:00","author":{"@id":"https:\/\/konsumpf.de\/#\/schema\/person\/e595a6d286b26994e7e0926d70699070"},"breadcrumb":{"@id":"https:\/\/konsumpf.de\/?p=5624#breadcrumb"},"inLanguage":"de","potentialAction":[{"@type":"ReadAction","target":["https:\/\/konsumpf.de\/?p=5624"]}]},{"@type":"ImageObject","inLanguage":"de","@id":"https:\/\/konsumpf.de\/?p=5624#primaryimage","url":"https:\/\/konsumpf.de\/wp-content\/uploads\/2009\/09\/bild-3.png","contentUrl":"https:\/\/konsumpf.de\/wp-content\/uploads\/2009\/09\/bild-3.png","width":"572","height":"795"},{"@type":"BreadcrumbList","@id":"https:\/\/konsumpf.de\/?p=5624#breadcrumb","itemListElement":[{"@type":"ListItem","position":1,"name":"Startseite","item":"https:\/\/konsumpf.de\/"},{"@type":"ListItem","position":2,"name":"\u201eF\u00fcr eine \u00d6konomie jenseits des Wachstums\u201c"}]},{"@type":"WebSite","@id":"https:\/\/konsumpf.de\/#website","url":"https:\/\/konsumpf.de\/","name":"Konsumpf - Forum f\u00fcr kreative Konsumkritik - Culture Jamming, Nachhaltigkeit, Konzernkritik, Adbusting","description":"","potentialAction":[{"@type":"SearchAction","target":{"@type":"EntryPoint","urlTemplate":"https:\/\/konsumpf.de\/?s={search_term_string}"},"query-input":{"@type":"PropertyValueSpecification","valueRequired":true,"valueName":"search_term_string"}}],"inLanguage":"de"},{"@type":"Person","@id":"https:\/\/konsumpf.de\/#\/schema\/person\/e595a6d286b26994e7e0926d70699070","name":"Peter M.","sameAs":["http:\/\/konsumpf.de"]}]}},"_links":{"self":[{"href":"https:\/\/konsumpf.de\/index.php?rest_route=\/wp\/v2\/posts\/5624"}],"collection":[{"href":"https:\/\/konsumpf.de\/index.php?rest_route=\/wp\/v2\/posts"}],"about":[{"href":"https:\/\/konsumpf.de\/index.php?rest_route=\/wp\/v2\/types\/post"}],"author":[{"embeddable":true,"href":"https:\/\/konsumpf.de\/index.php?rest_route=\/wp\/v2\/users\/1"}],"replies":[{"embeddable":true,"href":"https:\/\/konsumpf.de\/index.php?rest_route=%2Fwp%2Fv2%2Fcomments&post=5624"}],"version-history":[{"count":8,"href":"https:\/\/konsumpf.de\/index.php?rest_route=\/wp\/v2\/posts\/5624\/revisions"}],"predecessor-version":[{"id":5638,"href":"https:\/\/konsumpf.de\/index.php?rest_route=\/wp\/v2\/posts\/5624\/revisions\/5638"}],"wp:attachment":[{"href":"https:\/\/konsumpf.de\/index.php?rest_route=%2Fwp%2Fv2%2Fmedia&parent=5624"}],"wp:term":[{"taxonomy":"category","embeddable":true,"href":"https:\/\/konsumpf.de\/index.php?rest_route=%2Fwp%2Fv2%2Fcategories&post=5624"},{"taxonomy":"post_tag","embeddable":true,"href":"https:\/\/konsumpf.de\/index.php?rest_route=%2Fwp%2Fv2%2Ftags&post=5624"}],"curies":[{"name":"wp","href":"https:\/\/api.w.org\/{rel}","templated":true}]}}