{"id":5581,"date":"2009-08-30T12:43:09","date_gmt":"2009-08-30T10:43:09","guid":{"rendered":"http:\/\/konsumpf.de\/?p=5581"},"modified":"2009-08-30T12:43:09","modified_gmt":"2009-08-30T10:43:09","slug":"radiotipps-fur-september","status":"publish","type":"post","link":"https:\/\/konsumpf.de\/?p=5581","title":{"rendered":"Radiotipps f\u00fcr September"},"content":{"rendered":"<p><a href=\"http:\/\/konsumpf.de\/wp-content\/uploads\/2009\/08\/radio_isolated_on_white_with_clipping_path1.jpg\"><img loading=\"lazy\" decoding=\"async\" class=\"alignright size-full wp-image-5583\" title=\"radio_isolated_on_white_with_clipping_path1\" src=\"http:\/\/konsumpf.de\/wp-content\/uploads\/2009\/08\/radio_isolated_on_white_with_clipping_path1.jpg\" alt=\"radio_isolated_on_white_with_clipping_path1\" width=\"217\" height=\"145\" \/><\/a>Nachdem die Rubrik <strong>Radiotipps<\/strong> letztes Mal ja so gut angekommen ist, hier wieder eine Vorschau auf das, was uns an interessanten Sendungen im September erwartet (DLR ist dabei Deutschlandradio, DLF Deutschlandfunk, DLR-K Deutschlandradio Kultur). Wie ich auch letztes Mal schon schrieb, scheinen diese Sender die letzten Refugien f\u00fcr kritische Gedanken geworden zu sein, nachdem im Fernsehen nur noch die Spa\u00dfgesellschaft bzw. der Kommerz regiert. Besonders interessant erscheint mir dabei die Sendung am 21.9. <strong>\u201eDie Stylisten der Macht \u2013 Wie Politik im Zeitalter der Mediendemokratie inszeniert wird\u201c<\/strong>. \u00dcbrigens stammt die Zusammenstellung origin\u00e4r nicht von mir, sondern von Wiebke von Attac Kiel \u2013 vielen Dank!<\/p>\n<p><strong>DLF<br \/>\nDi. 01.09.2009 \u00b7 19:15 Uhr<br \/>\n&#8220;Ich k\u00e4mpfe bis zum Schluss&#8221;<br \/>\nDer Streit um die Braunkohle in der Lausitz<\/strong><br \/>\nVon Charly Kowalczyk<br \/>\n&#8220;Das Eis in Gr\u00f6nland und Antarktis schmilzt schneller als erwartet&#8221;, die Weltwetterorganisation der Vereinten Nationen schl\u00e4gt Alarm. Solche Meldungen werden in Brandenburg, dem Bundesland mit dem gr\u00f6\u00dften Pro-Kopf-Aussto\u00df an sch\u00e4dlichen Treibhausgasen, auf besondere Art wahrgenommen.<br \/>\nVor dem Mauerfall arbeiteten im Lausitzer Revier 75.000 Menschen im Bergbau. Heute, 20 Jahre sp\u00e4ter, sind es kaum 5000. Ihre Arbeitspl\u00e4tze sollen jetzt langfristig gesichert werden. Brandenburgs Landesregierung und der schwedische Energieriese Vattenfall wollen auch nach 2050 weiter Kohle f\u00f6rdern.<br \/>\nDrei D\u00f6rfer m\u00fcssten f\u00fcr den Tagebau weichen. Die Sorge um den Klimaschutz und um den Verlust ihrer Heimat treiben viele Bewohner auf die Barrikaden. Politiker, Unternehmer und Wissenschaftler dagegen setzen auf CO2-freie Kohlekraftwerke. Eine Illusion oder eine vern\u00fcnftige Perspektive? Die Lausitz ist gespalten, zwischen denen, die ihre Heimat und denen, die ihren Arbeitsplatz verteidigen, zwischen Umweltsch\u00fctzern und Kohlebef\u00fcrwortern.<\/p>\n<p><strong>DLF<br \/>\nSa. 05.09.2009 \u00b7 11:05 Uhr<br \/>\nW\u00e4chter der Festung Europa<\/strong><br \/>\n<strong>Die Grenzschutzagentur Frontex<\/strong><br \/>\nMit Reportagen von Florian Kellermann, Christoph Pr\u00f6\u00dfl und Karl Hoffmann<br \/>\nDie einen sehen sie als Bekenntnis f\u00fcr eine gemeinsame und planvolle EU-Migrationspolitik. Die anderen kritisieren sie als &#8220;Handlanger der m\u00f6rderischen Abschottungspolitik&#8221; der Europ\u00e4ischen Union. Die Rede ist von Frontex, der europ\u00e4ischen Grenzschutzagentur. Gegr\u00fcndet wurde die EU-Beh\u00f6rde im Oktober 2005 als Antwort auf den Ansturm zehntausender illegaler Einwanderer, die an den europ\u00e4ischen Mittelmeerk\u00fcsten strandeten.<br \/>\nDie Aufgaben der Agentur mit Sitz in Warschau war von Beginn an umstritten. Sie soll illegale Migration eind\u00e4mmen und hat doch wenig Handlungsspielraum. Denn Einwanderungspolitik ist ein heikles Terrain und immer noch Sache der Mitgliedsstaaten. Von einer gemeinsamen Migrations- und Asylpolitik ist die Europ\u00e4ische Union weit entfernt. An vielen EU-Au\u00dfengrenzen herrscht derweil l\u00e4ngst der dauerhafte Ausnahmezustand: Kriminelle Schleuser haben die Frontex-Patrouillen vor den europ\u00e4ischen K\u00fcsten in ihr Kalk\u00fcl einbezogen. Und sie suchen sich immer neue Fluchtrouten.<\/p>\n<p><strong>DLF<br \/>\nSo. 06.09.2009 \u00b7 16:30 Uhr<br \/>\nRiskant, weil komplex<br \/>\nWas Kernkraftwerke, das Finanzwesen und der Verkehr der Zukunft gemein haben<\/strong><br \/>\nVon Bernd Schuh<br \/>\nAls am 1. Juli 2002 bei \u00dcberlingen eine europ\u00e4ische Frachtmaschine und eine russische Passagiermaschine kollidierten, war das auch ein Crash unterschiedlicher Systemphilosophien. Nicht der politischen wohlgemerkt, sondern der technischen Steuerungssysteme. Eine hierarchisch organisierte Fluglotsensteuerung traf auf verteilte maschinelle Intelligenz.<br \/>\nF\u00fcr Techniksoziologen illustriert das Beispiel: Mit dem Komplexit\u00e4tsgrad eines Systems steigt auch das Risiko f\u00fcr folgenschwere Fehlfunktionen. Der Mangel an Transparenz und Vorhersagbarkeit degradiert menschliche Akteure zu hilflosen Statisten.<br \/>\nZunehmend \u00fcbernehmen &#8220;intelligente&#8221; Automaten die Steuerung komplexer Systeme, wie im v\u00f6llig autonomen Fahrzeug, das sich ohne jegliche menschliche F\u00fchrung bewegt und mit anderen Verkehrsteilnehmern und Verkehrsleitsystemen verst\u00e4ndigt &#8211; eine Zukunftsvision, die im Schienenschnellverkehr l\u00e4ngst Wirklichkeit ist und in der Frachtluftfahrt demn\u00e4chst eingef\u00fchrt wird.<\/p>\n<p><strong>DLR-K<br \/>\nMo. 07.09.09 &#8211; 19:30 Uhr<br \/>\nDas politische Feature<\/strong><br \/>\n&#8220;Links? Rechts?&#8221;<br \/>\nBegriffsbestimmungen politischer Standorte<br \/>\nVon Rosemarie B\u00f6lts<\/p>\n<p><strong>DLR-K<br \/>\nDi. 08.09.09 &#8211; 19:30 Uhr<br \/>\nLiteratur<br \/>\n&#8220;Gib mir meine Sprache wieder&#8221;<\/strong><br \/>\nVon der Aufr\u00fcstung durch Worte<br \/>\nVon Cornelia Jentzsch<\/p>\n<p><strong>DLR-K<br \/>\nMo 14.09.09 &#8211; 19:30 Uhr<br \/>\nDas politische Feature<\/strong><br \/>\n&#8220;Wer will nochmal, wer hat noch nicht?&#8221;<br \/>\nVon Wahlgeschenken und Wahlversprechen<br \/>\nVon Wolf-S\u00f6ren Treusch<\/p>\n<p><strong>DLF<br \/>\nFr. 18.09.2009 \u00b7 19:15 Uhr<br \/>\nVorsicht, Zivilcourage!<br \/>\nVom gef\u00e4hrlichen Leben der Whistleblower<\/strong><br \/>\nVon Michael Reitz<br \/>\n&#8220;Whistleblower&#8221; &#8211; Informanten, die Missst\u00e4nde, illegales Handeln oder Insidergesch\u00e4fte, von denen sie an ihrem Arbeitsplatz erfahren, an die \u00d6ffentlichkeit bringen. Der Whistleblower ist kein Denunziant, sondern er schl\u00e4gt Alarm.<br \/>\nSpektakul\u00e4re F\u00e4lle: der FBI-Agent &#8220;Deep Throat&#8221;, der den Watergate-Skandal ins Rollen brachte; der Israeli Mordechai Vanunu, der das Atomwaffenprogramm Israels publik machte.<br \/>\nW\u00e4hrend in den angels\u00e4chsischen L\u00e4ndern Whistleblower weitestgehend Immunit\u00e4t genie\u00dfen, gelten sie in Deutschland als Nestbeschmutzer. Mehrere Gesetzesvorhaben in dieser Hinsicht scheiterten, und auch im diesj\u00e4hrigen Wahlkampf war von einem Schutz der Alarmschl\u00e4ger nichts zu h\u00f6ren &#8211; und das, obwohl die Bankenkrise die Notwendigkeit couragierter Informanten offenbarte.<\/p>\n<p><strong>DLF<br \/>\nSa. 19.09.09 &#8211; 23:05 Uhr bis 3 Uhr<br \/>\nLange Nacht<br \/>\nDas Gegenteil von Gl\u00fcck?<br \/>\nEine Lange Nacht \u00fcber die Armut<\/strong><br \/>\nVon Nora Bauer<br \/>\nArmut ist nicht das Gegenteil von Gl\u00fcck, aber wer sie erlebt, empfindet es oft so. Das ganz normale Leben wird schwierig. Es gibt weniger Spielr\u00e4ume f\u00fcr Entscheidungen. Alles kostet Geld. Und vieles beginnt zu br\u00f6ckeln: die Lebenszufriedenheit, der Selbstwert, die Aussichten in der Zukunft, der Freundeskreis. Gesellschaftlich steht man pl\u00f6tzlich im Dunkel, ohne schuldig zu sein. Am schlimmsten ist es f\u00fcr Kinder. Sie k\u00f6nnen sich oft nicht gegen Ausgrenzung und gegen die Verachtung, die ihnen und ihren Eltern entgegenschl\u00e4gt, wehren. Armut hat es immer gegeben. Die Ursachen, in eine Armut hineinzugeraten, sind vielf\u00e4ltig: lang anhaltende Krankheit, Scheidung, Arbeitslosigkeit, aber auch Alleinerziehung der Kinder, Alkoholismus oder mangelnde Bildung. Meistens entsteht Armut aus einer Mischung mehrerer solcher Faktoren. Die Zusammenh\u00e4nge von sozialer armutsbedingter Deprivation und der Fortschreibung der Armut als gesellschaftliches &#8220;Erbe&#8221; &#8211; einmal arm, immer arm &#8211; sowie die entwicklungspsychologischen Folgen der Armut f\u00fcr Kinder und Jugendliche werden gerade erst erforscht. Bezeichnenderweise hat sich die Armutsforschung in Deutschland in den letzten Jahren geradezu boomhaft entwickelt. Auch wenn die Sorgen der Nachkriegszeit mit Wohnungsnot, K\u00e4ltetoten und Hungerm\u00e4rschen heute unvorstellbar erscheinen, geh\u00f6rt auch das wachsende Wohlstandsgef\u00fchl der 50er-Jahre f\u00fcr breite Bev\u00f6lkerungsschichten inzwischen der Vergangenheit an und die Angst vor Verarmung, vor Altersarmut hat l\u00e4ngst die Mittelschicht erreicht. Zwischen Resignation und selbstbewusstem Aufbegehren schwanken die Erfahrungsberichte in dieser &#8220;Langen Nacht&#8221; \u00fcber die Armut.<\/p>\n<p><strong>DLR-K<br \/>\nMo. 21.09.09. &#8211; 19:30 Uhr<br \/>\nDas politische Feature<br \/>\n&#8220;Die Stylisten der Macht&#8221;<\/strong><br \/>\nWie Politik im Zeitalter der Mediendemokratie inszeniert wird<br \/>\nVon Katja Bigalke<\/p>\n<p><strong>DLR-K<br \/>\nMo. 28.09.09. &#8211; 19:30 Uhr<br \/>\nDas politische Feature<\/strong><br \/>\n&#8220;Klassenunterschiede&#8221;<br \/>\nWie gerecht ist unser Steuersystem?<br \/>\nVon Winfried Roth<\/p>\n<p><strong>DLF<br \/>\nDi. 29.09.2009 \u00b7 19:15 Uhr<br \/>\nWo ist Schmiedel?<\/strong><br \/>\nAuf den Spuren eines APO-Aktivisten<br \/>\nVon Rainer Link<br \/>\nIm Sommer 1969 steht der Arbeiter G\u00fcnther Schmiedel als Angeklagter vor dem Hamburgischen Landgericht. Man wirft ihm vor, Polizeibeamte beleidigt und getreten zu haben. Der &#8220;Vorzeige-Prolet&#8221; sei ein gewaltbereiter R\u00e4delsf\u00fchrer der Studentenbewegung, ist sich das Gericht sicher und statuiert ein Exempel.<br \/>\nF\u00fcr ein Jahr und neun Monate soll der bisher Unbescholtene in Haft. Nicht nur die Studentenbewegung spricht von Klassenjustiz und Obrigkeitsstaat. Schmiedel, der bereits w\u00e4hrend des Prozesses psychische Auff\u00e4lligkeiten zeigte, soll aus der Haft heraus in eine Psychiatrische Klinik verlegt worden sein. Doch weder seine einst so solidarischen Mitk\u00e4mpfer oder Anw\u00e4lte wissen, was aus Schmiedel geworden ist, und auch bei der Justiz ist nichts \u00fcber Schmiedel zu erfahren.<br \/>\nRainer Link begibt sich auf Spurensuche und versucht, G\u00fcnther Schmiedel 40 Jahre nach dem Prozess gegen ihn dem Vergessen zu entrei\u00dfen.<\/p>\n<h3 class='related_post_title'>Verwandte Beitr\u00e4ge:<\/h3><ul class='related_post'><li><a href=\"http:\/\/konsumpf.de\/?p=5338\" title=\"Radiotipps f\u00fcr den August\">Radiotipps f\u00fcr den August<\/a><\/li><li><a href=\"http:\/\/konsumpf.de\/?p=10441\" title=\"Radiotipps f\u00fcr Januar\">Radiotipps f\u00fcr Januar<\/a><\/li><li><a href=\"http:\/\/konsumpf.de\/?p=8418\" title=\"Radiotipps f\u00fcr den August\">Radiotipps f\u00fcr den August<\/a><\/li><li><a href=\"http:\/\/konsumpf.de\/?p=7115\" title=\"Radiotipps f\u00fcr den M\u00e4rz\">Radiotipps f\u00fcr den M\u00e4rz<\/a><\/li><li><a href=\"http:\/\/konsumpf.de\/?p=5904\" title=\"Radiotipps f\u00fcr den Oktober\">Radiotipps f\u00fcr den Oktober<\/a><\/li><\/ul>","protected":false},"excerpt":{"rendered":"<p>Nachdem die Rubrik Radiotipps letztes Mal ja so gut angekommen ist, hier wieder eine Vorschau auf das, was uns an interessanten Sendungen im September erwartet (DLR ist dabei Deutschlandradio, DLF Deutschlandfunk, DLR-K Deutschlandradio Kultur). Wie ich auch letztes Mal schon schrieb, scheinen diese Sender die letzten Refugien f\u00fcr kritische Gedanken geworden zu sein, nachdem im [&hellip;]<\/p>\n","protected":false},"author":1,"featured_media":0,"comment_status":"open","ping_status":"open","sticky":false,"template":"","format":"standard","meta":{"footnotes":""},"categories":[259,584],"tags":[934,932,983,931],"yoast_head":"<!-- This site is optimized with the Yoast SEO plugin v24.4 - https:\/\/yoast.com\/wordpress\/plugins\/seo\/ -->\n<title>Radiotipps f\u00fcr September - Konsumpf - Forum f\u00fcr kreative Konsumkritik - Culture Jamming, Nachhaltigkeit, Konzernkritik, Adbusting<\/title>\n<meta name=\"robots\" content=\"index, follow, max-snippet:-1, max-image-preview:large, max-video-preview:-1\" \/>\n<link rel=\"canonical\" href=\"https:\/\/konsumpf.de\/?p=5581\" \/>\n<meta property=\"og:locale\" content=\"de_DE\" \/>\n<meta property=\"og:type\" content=\"article\" \/>\n<meta property=\"og:title\" content=\"Radiotipps f\u00fcr September - Konsumpf - Forum f\u00fcr kreative Konsumkritik - Culture Jamming, Nachhaltigkeit, Konzernkritik, Adbusting\" \/>\n<meta property=\"og:description\" content=\"Nachdem die Rubrik Radiotipps letztes Mal ja so gut angekommen ist, hier wieder eine Vorschau auf das, was uns an interessanten Sendungen im September erwartet (DLR ist dabei Deutschlandradio, DLF Deutschlandfunk, DLR-K Deutschlandradio Kultur). Wie ich auch letztes Mal schon schrieb, scheinen diese Sender die letzten Refugien f\u00fcr kritische Gedanken geworden zu sein, nachdem im [&hellip;]\" \/>\n<meta property=\"og:url\" content=\"https:\/\/konsumpf.de\/?p=5581\" \/>\n<meta property=\"og:site_name\" content=\"Konsumpf - Forum f\u00fcr kreative Konsumkritik - Culture Jamming, Nachhaltigkeit, Konzernkritik, Adbusting\" \/>\n<meta property=\"article:published_time\" content=\"2009-08-30T10:43:09+00:00\" \/>\n<meta property=\"og:image\" content=\"http:\/\/konsumpf.de\/wp-content\/uploads\/2009\/08\/radio_isolated_on_white_with_clipping_path1.jpg\" \/>\n<meta name=\"author\" content=\"Peter M.\" \/>\n<meta name=\"twitter:card\" content=\"summary_large_image\" \/>\n<meta name=\"twitter:label1\" content=\"Verfasst von\" \/>\n\t<meta name=\"twitter:data1\" content=\"Peter M.\" \/>\n\t<meta name=\"twitter:label2\" content=\"Gesch\u00e4tzte Lesezeit\" \/>\n\t<meta name=\"twitter:data2\" content=\"6\u00a0Minuten\" \/>\n<script type=\"application\/ld+json\" class=\"yoast-schema-graph\">{\"@context\":\"https:\/\/schema.org\",\"@graph\":[{\"@type\":\"WebPage\",\"@id\":\"https:\/\/konsumpf.de\/?p=5581\",\"url\":\"https:\/\/konsumpf.de\/?p=5581\",\"name\":\"Radiotipps f\u00fcr September - Konsumpf - Forum f\u00fcr kreative Konsumkritik - Culture Jamming, Nachhaltigkeit, Konzernkritik, Adbusting\",\"isPartOf\":{\"@id\":\"https:\/\/konsumpf.de\/#website\"},\"primaryImageOfPage\":{\"@id\":\"https:\/\/konsumpf.de\/?p=5581#primaryimage\"},\"image\":{\"@id\":\"https:\/\/konsumpf.de\/?p=5581#primaryimage\"},\"thumbnailUrl\":\"http:\/\/konsumpf.de\/wp-content\/uploads\/2009\/08\/radio_isolated_on_white_with_clipping_path1.jpg\",\"datePublished\":\"2009-08-30T10:43:09+00:00\",\"author\":{\"@id\":\"https:\/\/konsumpf.de\/#\/schema\/person\/e595a6d286b26994e7e0926d70699070\"},\"breadcrumb\":{\"@id\":\"https:\/\/konsumpf.de\/?p=5581#breadcrumb\"},\"inLanguage\":\"de\",\"potentialAction\":[{\"@type\":\"ReadAction\",\"target\":[\"https:\/\/konsumpf.de\/?p=5581\"]}]},{\"@type\":\"ImageObject\",\"inLanguage\":\"de\",\"@id\":\"https:\/\/konsumpf.de\/?p=5581#primaryimage\",\"url\":\"https:\/\/konsumpf.de\/wp-content\/uploads\/2009\/08\/radio_isolated_on_white_with_clipping_path1.jpg\",\"contentUrl\":\"https:\/\/konsumpf.de\/wp-content\/uploads\/2009\/08\/radio_isolated_on_white_with_clipping_path1.jpg\",\"width\":\"300\",\"height\":\"201\"},{\"@type\":\"BreadcrumbList\",\"@id\":\"https:\/\/konsumpf.de\/?p=5581#breadcrumb\",\"itemListElement\":[{\"@type\":\"ListItem\",\"position\":1,\"name\":\"Startseite\",\"item\":\"https:\/\/konsumpf.de\/\"},{\"@type\":\"ListItem\",\"position\":2,\"name\":\"Radiotipps f\u00fcr September\"}]},{\"@type\":\"WebSite\",\"@id\":\"https:\/\/konsumpf.de\/#website\",\"url\":\"https:\/\/konsumpf.de\/\",\"name\":\"Konsumpf - Forum f\u00fcr kreative Konsumkritik - Culture Jamming, Nachhaltigkeit, Konzernkritik, Adbusting\",\"description\":\"\",\"potentialAction\":[{\"@type\":\"SearchAction\",\"target\":{\"@type\":\"EntryPoint\",\"urlTemplate\":\"https:\/\/konsumpf.de\/?s={search_term_string}\"},\"query-input\":{\"@type\":\"PropertyValueSpecification\",\"valueRequired\":true,\"valueName\":\"search_term_string\"}}],\"inLanguage\":\"de\"},{\"@type\":\"Person\",\"@id\":\"https:\/\/konsumpf.de\/#\/schema\/person\/e595a6d286b26994e7e0926d70699070\",\"name\":\"Peter M.\",\"sameAs\":[\"http:\/\/konsumpf.de\"]}]}<\/script>\n<!-- \/ Yoast SEO plugin. -->","yoast_head_json":{"title":"Radiotipps f\u00fcr September - Konsumpf - Forum f\u00fcr kreative Konsumkritik - Culture Jamming, Nachhaltigkeit, Konzernkritik, Adbusting","robots":{"index":"index","follow":"follow","max-snippet":"max-snippet:-1","max-image-preview":"max-image-preview:large","max-video-preview":"max-video-preview:-1"},"canonical":"https:\/\/konsumpf.de\/?p=5581","og_locale":"de_DE","og_type":"article","og_title":"Radiotipps f\u00fcr September - Konsumpf - Forum f\u00fcr kreative Konsumkritik - Culture Jamming, Nachhaltigkeit, Konzernkritik, Adbusting","og_description":"Nachdem die Rubrik Radiotipps letztes Mal ja so gut angekommen ist, hier wieder eine Vorschau auf das, was uns an interessanten Sendungen im September erwartet (DLR ist dabei Deutschlandradio, DLF Deutschlandfunk, DLR-K Deutschlandradio Kultur). Wie ich auch letztes Mal schon schrieb, scheinen diese Sender die letzten Refugien f\u00fcr kritische Gedanken geworden zu sein, nachdem im [&hellip;]","og_url":"https:\/\/konsumpf.de\/?p=5581","og_site_name":"Konsumpf - Forum f\u00fcr kreative Konsumkritik - Culture Jamming, Nachhaltigkeit, Konzernkritik, Adbusting","article_published_time":"2009-08-30T10:43:09+00:00","og_image":[{"url":"http:\/\/konsumpf.de\/wp-content\/uploads\/2009\/08\/radio_isolated_on_white_with_clipping_path1.jpg","type":"","width":"","height":""}],"author":"Peter M.","twitter_card":"summary_large_image","twitter_misc":{"Verfasst von":"Peter M.","Gesch\u00e4tzte Lesezeit":"6\u00a0Minuten"},"schema":{"@context":"https:\/\/schema.org","@graph":[{"@type":"WebPage","@id":"https:\/\/konsumpf.de\/?p=5581","url":"https:\/\/konsumpf.de\/?p=5581","name":"Radiotipps f\u00fcr September - Konsumpf - Forum f\u00fcr kreative Konsumkritik - Culture Jamming, Nachhaltigkeit, Konzernkritik, Adbusting","isPartOf":{"@id":"https:\/\/konsumpf.de\/#website"},"primaryImageOfPage":{"@id":"https:\/\/konsumpf.de\/?p=5581#primaryimage"},"image":{"@id":"https:\/\/konsumpf.de\/?p=5581#primaryimage"},"thumbnailUrl":"http:\/\/konsumpf.de\/wp-content\/uploads\/2009\/08\/radio_isolated_on_white_with_clipping_path1.jpg","datePublished":"2009-08-30T10:43:09+00:00","author":{"@id":"https:\/\/konsumpf.de\/#\/schema\/person\/e595a6d286b26994e7e0926d70699070"},"breadcrumb":{"@id":"https:\/\/konsumpf.de\/?p=5581#breadcrumb"},"inLanguage":"de","potentialAction":[{"@type":"ReadAction","target":["https:\/\/konsumpf.de\/?p=5581"]}]},{"@type":"ImageObject","inLanguage":"de","@id":"https:\/\/konsumpf.de\/?p=5581#primaryimage","url":"https:\/\/konsumpf.de\/wp-content\/uploads\/2009\/08\/radio_isolated_on_white_with_clipping_path1.jpg","contentUrl":"https:\/\/konsumpf.de\/wp-content\/uploads\/2009\/08\/radio_isolated_on_white_with_clipping_path1.jpg","width":"300","height":"201"},{"@type":"BreadcrumbList","@id":"https:\/\/konsumpf.de\/?p=5581#breadcrumb","itemListElement":[{"@type":"ListItem","position":1,"name":"Startseite","item":"https:\/\/konsumpf.de\/"},{"@type":"ListItem","position":2,"name":"Radiotipps f\u00fcr September"}]},{"@type":"WebSite","@id":"https:\/\/konsumpf.de\/#website","url":"https:\/\/konsumpf.de\/","name":"Konsumpf - Forum f\u00fcr kreative Konsumkritik - Culture Jamming, Nachhaltigkeit, Konzernkritik, Adbusting","description":"","potentialAction":[{"@type":"SearchAction","target":{"@type":"EntryPoint","urlTemplate":"https:\/\/konsumpf.de\/?s={search_term_string}"},"query-input":{"@type":"PropertyValueSpecification","valueRequired":true,"valueName":"search_term_string"}}],"inLanguage":"de"},{"@type":"Person","@id":"https:\/\/konsumpf.de\/#\/schema\/person\/e595a6d286b26994e7e0926d70699070","name":"Peter M.","sameAs":["http:\/\/konsumpf.de"]}]}},"_links":{"self":[{"href":"https:\/\/konsumpf.de\/index.php?rest_route=\/wp\/v2\/posts\/5581"}],"collection":[{"href":"https:\/\/konsumpf.de\/index.php?rest_route=\/wp\/v2\/posts"}],"about":[{"href":"https:\/\/konsumpf.de\/index.php?rest_route=\/wp\/v2\/types\/post"}],"author":[{"embeddable":true,"href":"https:\/\/konsumpf.de\/index.php?rest_route=\/wp\/v2\/users\/1"}],"replies":[{"embeddable":true,"href":"https:\/\/konsumpf.de\/index.php?rest_route=%2Fwp%2Fv2%2Fcomments&post=5581"}],"version-history":[{"count":2,"href":"https:\/\/konsumpf.de\/index.php?rest_route=\/wp\/v2\/posts\/5581\/revisions"}],"predecessor-version":[{"id":5584,"href":"https:\/\/konsumpf.de\/index.php?rest_route=\/wp\/v2\/posts\/5581\/revisions\/5584"}],"wp:attachment":[{"href":"https:\/\/konsumpf.de\/index.php?rest_route=%2Fwp%2Fv2%2Fmedia&parent=5581"}],"wp:term":[{"taxonomy":"category","embeddable":true,"href":"https:\/\/konsumpf.de\/index.php?rest_route=%2Fwp%2Fv2%2Fcategories&post=5581"},{"taxonomy":"post_tag","embeddable":true,"href":"https:\/\/konsumpf.de\/index.php?rest_route=%2Fwp%2Fv2%2Ftags&post=5581"}],"curies":[{"name":"wp","href":"https:\/\/api.w.org\/{rel}","templated":true}]}}