{"id":5550,"date":"2009-08-25T09:59:37","date_gmt":"2009-08-25T07:59:37","guid":{"rendered":"http:\/\/konsumpf.de\/?p=5550"},"modified":"2009-08-29T21:44:54","modified_gmt":"2009-08-29T19:44:54","slug":"walplakat-remixe-npd-version","status":"publish","type":"post","link":"https:\/\/konsumpf.de\/?p=5550","title":{"rendered":"Wahlplakat-Remixe: NPD-Version"},"content":{"rendered":"<p>Eigentlich lohnt es sich ja nicht, \u00fcber so einen erb\u00e4rmlichen Verein wie die NPD \u00fcberhaupt etwas zu schreiben. Aber im Zusammenhang mit meinem Posting \u00fcber die <a href=\"http:\/\/konsumpf.de\/?p=5474\">Wahlplakat-Remixe<\/a> (vor allem der CDU) erscheint mir diese sehr l\u00f6bliche Aktion der ver.di-Jugend doch berichtenswert. Einige Aktivisten haben n\u00e4mlich in Dresden, das von den NPD-Gesellen fl\u00e4chendeckend zuplakatiert wurde, Adbusting an deren Plakaten vorgenommen und so die Aussagen richtig gestellt. Die Neue Rheinische Zeitung schreibt dazu: \u201e<a href=\"http:\/\/www.nrhz.de\/flyer\/beitrag.php?id=14137\"><strong>NPD-Plakate enttarnt \u2013 ver.di-Jugend steigt in die Wahlen mit einer Offensive gegen Rechts ein<\/strong><\/a>\u201c:<\/p>\n<blockquote><p><em>Und warum diese Art des Protestes \u2013 warum die \u201eVerfremdung\u201c der Wahlplakate?<\/em><\/p>\n<p>Ringo Bischoff: Die Aktion gegen die Nazis ist Teil unserer aktuellen Kampagne \u201eWas soll Politik?\u201c. Wir sind damit in diesem so genannten \u201cSuper-Wahljahr\u201c gestartet, um zu zeigen, was die Jugend hier im Land von der aktuellen Politik und ihren Macherinnen und Machern h\u00e4lt. Ein wichtiger Teil davon sind unsere Ad-Busting Aktionen.<\/p>\n<p><em>Ad-Busting?<\/em><\/p>\n<p>Ringo Bischoff: Ja genau, das ist der Begriff. Er meint das tempor\u00e4re Verfremden von Wahlplakaten, und ich sage bewusst \u201everfremden\u201c, nicht zerst\u00f6ren. Die gesamte Kampagne \u201cWas soll Politik?\u201c ist gedacht als \u00f6ffentliche Plattform, eine zeitgem\u00e4\u00dfe Form zu zeigen, was wir &#8211; und alle anderen &#8211; von der aktuellen Politik in diesem Land halten. Und speziell die Jungen zeigen ihren Unmut eben damit, dass sie die Wahlplakate der Parteien verfremden. Das ist ja auch eine altbew\u00e4hrte Art &#8211; das Ver\u00e4ndern von Plakaten gibt es ja schon lange, das wird in jedem Wahlkampf gemacht.<\/p><\/blockquote>\n<p>Hier ein paar der umgetexteten Exemplare (Fotos: Florentine Sievers), die leider nicht lange hingen, bis sie NPDler entfernten:<\/p>\n<p><a href=\"http:\/\/konsumpf.de\/wp-content\/uploads\/2009\/08\/verdinpd1_400.jpg\"><img loading=\"lazy\" decoding=\"async\" class=\"alignnone size-full wp-image-5552\" title=\"verdinpd1_400\" src=\"http:\/\/konsumpf.de\/wp-content\/uploads\/2009\/08\/verdinpd1_400.jpg\" alt=\"verdinpd1_400\" width=\"400\" height=\"268\" srcset=\"https:\/\/konsumpf.de\/wp-content\/uploads\/2009\/08\/verdinpd1_400.jpg 400w, https:\/\/konsumpf.de\/wp-content\/uploads\/2009\/08\/verdinpd1_400-300x201.jpg 300w\" sizes=\"(max-width: 400px) 100vw, 400px\" \/><\/a><\/p>\n<p><a href=\"http:\/\/konsumpf.de\/wp-content\/uploads\/2009\/08\/verdinpd2.jpg\"><img loading=\"lazy\" decoding=\"async\" class=\"alignnone size-full wp-image-5553\" title=\"verdinpd2\" src=\"http:\/\/konsumpf.de\/wp-content\/uploads\/2009\/08\/verdinpd2.jpg\" alt=\"verdinpd2\" width=\"400\" height=\"596\" srcset=\"https:\/\/konsumpf.de\/wp-content\/uploads\/2009\/08\/verdinpd2.jpg 400w, https:\/\/konsumpf.de\/wp-content\/uploads\/2009\/08\/verdinpd2-201x300.jpg 201w\" sizes=\"(max-width: 400px) 100vw, 400px\" \/><\/a><\/p>\n<p><a href=\"http:\/\/konsumpf.de\/wp-content\/uploads\/2009\/08\/verdinpd4_400.jpg\"><img loading=\"lazy\" decoding=\"async\" class=\"alignnone size-full wp-image-5554\" title=\"verdinpd4_400\" src=\"http:\/\/konsumpf.de\/wp-content\/uploads\/2009\/08\/verdinpd4_400.jpg\" alt=\"verdinpd4_400\" width=\"400\" height=\"268\" srcset=\"https:\/\/konsumpf.de\/wp-content\/uploads\/2009\/08\/verdinpd4_400.jpg 400w, https:\/\/konsumpf.de\/wp-content\/uploads\/2009\/08\/verdinpd4_400-300x201.jpg 300w\" sizes=\"(max-width: 400px) 100vw, 400px\" \/><\/a><\/p>\n<p><a href=\"http:\/\/konsumpf.de\/wp-content\/uploads\/2009\/08\/verdinpd5_400.jpg\"><img loading=\"lazy\" decoding=\"async\" class=\"alignnone size-full wp-image-5555\" title=\"verdinpd5_400\" src=\"http:\/\/konsumpf.de\/wp-content\/uploads\/2009\/08\/verdinpd5_400.jpg\" alt=\"verdinpd5_400\" width=\"400\" height=\"324\" srcset=\"https:\/\/konsumpf.de\/wp-content\/uploads\/2009\/08\/verdinpd5_400.jpg 400w, https:\/\/konsumpf.de\/wp-content\/uploads\/2009\/08\/verdinpd5_400-300x243.jpg 300w\" sizes=\"(max-width: 400px) 100vw, 400px\" \/><\/a><\/p>\n<p>Weniger cool war \u00fcbrigens die <a href=\"http:\/\/www.spitblog.de\/2009\/08\/21\/cdu-ueberklebt-plakate-der-piraten\/\">Aktion einiger CDU-Plakatierer, die in Rinteln einfach Plakate der Piratenpartei \u00fcberklebten<\/a>. Armselig, wie tief diese Alt-Partei inzwischen gesunken ist&#8230;<\/p>\n<h3 class='related_post_title'>Verwandte Beitr\u00e4ge:<\/h3><ul class='related_post'><li><a href=\"http:\/\/konsumpf.de\/?p=15015\" title=\"Mein Reich \u2013 Die Qual der Wahl\">Mein Reich \u2013 Die Qual der Wahl<\/a><\/li><li><a href=\"http:\/\/konsumpf.de\/?p=12878\" title=\"Berliner Wahlplakat-Busting, Nachschlag\">Berliner Wahlplakat-Busting, Nachschlag<\/a><\/li><li><a href=\"http:\/\/konsumpf.de\/?p=5474\" title=\"Wahlplakat-Remixe\">Wahlplakat-Remixe<\/a><\/li><li><a href=\"http:\/\/konsumpf.de\/?p=4596\" title=\"Wirr in Europa\">Wirr in Europa<\/a><\/li><li><a href=\"http:\/\/konsumpf.de\/?p=15064\" title=\"Wahlplakat-Adbusting 2013\">Wahlplakat-Adbusting 2013<\/a><\/li><\/ul>","protected":false},"excerpt":{"rendered":"<p>Eigentlich lohnt es sich ja nicht, \u00fcber so einen erb\u00e4rmlichen Verein wie die NPD \u00fcberhaupt etwas zu schreiben. Aber im Zusammenhang mit meinem Posting \u00fcber die Wahlplakat-Remixe (vor allem der CDU) erscheint mir diese sehr l\u00f6bliche Aktion der ver.di-Jugend doch berichtenswert. Einige Aktivisten haben n\u00e4mlich in Dresden, das von den NPD-Gesellen fl\u00e4chendeckend zuplakatiert wurde, Adbusting [&hellip;]<\/p>\n","protected":false},"author":1,"featured_media":0,"comment_status":"open","ping_status":"open","sticky":false,"template":"","format":"standard","meta":{"footnotes":""},"categories":[18,311,259,53],"tags":[2858,233,979,980,936,801],"yoast_head":"<!-- This site is optimized with the Yoast SEO plugin v24.4 - https:\/\/yoast.com\/wordpress\/plugins\/seo\/ -->\n<title>Wahlplakat-Remixe: NPD-Version - Konsumpf - Forum f\u00fcr kreative Konsumkritik - Culture Jamming, Nachhaltigkeit, Konzernkritik, Adbusting<\/title>\n<meta name=\"robots\" content=\"index, follow, max-snippet:-1, max-image-preview:large, max-video-preview:-1\" \/>\n<link rel=\"canonical\" href=\"https:\/\/konsumpf.de\/?p=5550\" \/>\n<meta property=\"og:locale\" content=\"de_DE\" \/>\n<meta property=\"og:type\" content=\"article\" \/>\n<meta property=\"og:title\" content=\"Wahlplakat-Remixe: NPD-Version - Konsumpf - Forum f\u00fcr kreative Konsumkritik - Culture Jamming, Nachhaltigkeit, Konzernkritik, Adbusting\" \/>\n<meta property=\"og:description\" content=\"Eigentlich lohnt es sich ja nicht, \u00fcber so einen erb\u00e4rmlichen Verein wie die NPD \u00fcberhaupt etwas zu schreiben. Aber im Zusammenhang mit meinem Posting \u00fcber die Wahlplakat-Remixe (vor allem der CDU) erscheint mir diese sehr l\u00f6bliche Aktion der ver.di-Jugend doch berichtenswert. Einige Aktivisten haben n\u00e4mlich in Dresden, das von den NPD-Gesellen fl\u00e4chendeckend zuplakatiert wurde, Adbusting [&hellip;]\" \/>\n<meta property=\"og:url\" content=\"https:\/\/konsumpf.de\/?p=5550\" \/>\n<meta property=\"og:site_name\" content=\"Konsumpf - Forum f\u00fcr kreative Konsumkritik - Culture Jamming, Nachhaltigkeit, Konzernkritik, Adbusting\" \/>\n<meta property=\"article:published_time\" content=\"2009-08-25T07:59:37+00:00\" \/>\n<meta property=\"article:modified_time\" content=\"2009-08-29T19:44:54+00:00\" \/>\n<meta property=\"og:image\" content=\"http:\/\/konsumpf.de\/wp-content\/uploads\/2009\/08\/verdinpd1_400.jpg\" \/>\n<meta name=\"author\" content=\"Peter M.\" \/>\n<meta name=\"twitter:card\" content=\"summary_large_image\" \/>\n<meta name=\"twitter:label1\" content=\"Verfasst von\" \/>\n\t<meta name=\"twitter:data1\" content=\"Peter M.\" \/>\n\t<meta name=\"twitter:label2\" content=\"Gesch\u00e4tzte Lesezeit\" \/>\n\t<meta name=\"twitter:data2\" content=\"1\u00a0Minute\" \/>\n<script type=\"application\/ld+json\" class=\"yoast-schema-graph\">{\"@context\":\"https:\/\/schema.org\",\"@graph\":[{\"@type\":\"WebPage\",\"@id\":\"https:\/\/konsumpf.de\/?p=5550\",\"url\":\"https:\/\/konsumpf.de\/?p=5550\",\"name\":\"Wahlplakat-Remixe: NPD-Version - Konsumpf - Forum f\u00fcr kreative Konsumkritik - Culture Jamming, Nachhaltigkeit, Konzernkritik, Adbusting\",\"isPartOf\":{\"@id\":\"https:\/\/konsumpf.de\/#website\"},\"primaryImageOfPage\":{\"@id\":\"https:\/\/konsumpf.de\/?p=5550#primaryimage\"},\"image\":{\"@id\":\"https:\/\/konsumpf.de\/?p=5550#primaryimage\"},\"thumbnailUrl\":\"http:\/\/konsumpf.de\/wp-content\/uploads\/2009\/08\/verdinpd1_400.jpg\",\"datePublished\":\"2009-08-25T07:59:37+00:00\",\"dateModified\":\"2009-08-29T19:44:54+00:00\",\"author\":{\"@id\":\"https:\/\/konsumpf.de\/#\/schema\/person\/e595a6d286b26994e7e0926d70699070\"},\"breadcrumb\":{\"@id\":\"https:\/\/konsumpf.de\/?p=5550#breadcrumb\"},\"inLanguage\":\"de\",\"potentialAction\":[{\"@type\":\"ReadAction\",\"target\":[\"https:\/\/konsumpf.de\/?p=5550\"]}]},{\"@type\":\"ImageObject\",\"inLanguage\":\"de\",\"@id\":\"https:\/\/konsumpf.de\/?p=5550#primaryimage\",\"url\":\"https:\/\/konsumpf.de\/wp-content\/uploads\/2009\/08\/verdinpd1_400.jpg\",\"contentUrl\":\"https:\/\/konsumpf.de\/wp-content\/uploads\/2009\/08\/verdinpd1_400.jpg\",\"width\":\"400\",\"height\":\"268\"},{\"@type\":\"BreadcrumbList\",\"@id\":\"https:\/\/konsumpf.de\/?p=5550#breadcrumb\",\"itemListElement\":[{\"@type\":\"ListItem\",\"position\":1,\"name\":\"Startseite\",\"item\":\"https:\/\/konsumpf.de\/\"},{\"@type\":\"ListItem\",\"position\":2,\"name\":\"Wahlplakat-Remixe: NPD-Version\"}]},{\"@type\":\"WebSite\",\"@id\":\"https:\/\/konsumpf.de\/#website\",\"url\":\"https:\/\/konsumpf.de\/\",\"name\":\"Konsumpf - Forum f\u00fcr kreative Konsumkritik - Culture Jamming, Nachhaltigkeit, Konzernkritik, Adbusting\",\"description\":\"\",\"potentialAction\":[{\"@type\":\"SearchAction\",\"target\":{\"@type\":\"EntryPoint\",\"urlTemplate\":\"https:\/\/konsumpf.de\/?s={search_term_string}\"},\"query-input\":{\"@type\":\"PropertyValueSpecification\",\"valueRequired\":true,\"valueName\":\"search_term_string\"}}],\"inLanguage\":\"de\"},{\"@type\":\"Person\",\"@id\":\"https:\/\/konsumpf.de\/#\/schema\/person\/e595a6d286b26994e7e0926d70699070\",\"name\":\"Peter M.\",\"sameAs\":[\"http:\/\/konsumpf.de\"]}]}<\/script>\n<!-- \/ Yoast SEO plugin. -->","yoast_head_json":{"title":"Wahlplakat-Remixe: NPD-Version - Konsumpf - Forum f\u00fcr kreative Konsumkritik - Culture Jamming, Nachhaltigkeit, Konzernkritik, Adbusting","robots":{"index":"index","follow":"follow","max-snippet":"max-snippet:-1","max-image-preview":"max-image-preview:large","max-video-preview":"max-video-preview:-1"},"canonical":"https:\/\/konsumpf.de\/?p=5550","og_locale":"de_DE","og_type":"article","og_title":"Wahlplakat-Remixe: NPD-Version - Konsumpf - Forum f\u00fcr kreative Konsumkritik - Culture Jamming, Nachhaltigkeit, Konzernkritik, Adbusting","og_description":"Eigentlich lohnt es sich ja nicht, \u00fcber so einen erb\u00e4rmlichen Verein wie die NPD \u00fcberhaupt etwas zu schreiben. Aber im Zusammenhang mit meinem Posting \u00fcber die Wahlplakat-Remixe (vor allem der CDU) erscheint mir diese sehr l\u00f6bliche Aktion der ver.di-Jugend doch berichtenswert. Einige Aktivisten haben n\u00e4mlich in Dresden, das von den NPD-Gesellen fl\u00e4chendeckend zuplakatiert wurde, Adbusting [&hellip;]","og_url":"https:\/\/konsumpf.de\/?p=5550","og_site_name":"Konsumpf - Forum f\u00fcr kreative Konsumkritik - Culture Jamming, Nachhaltigkeit, Konzernkritik, Adbusting","article_published_time":"2009-08-25T07:59:37+00:00","article_modified_time":"2009-08-29T19:44:54+00:00","og_image":[{"url":"http:\/\/konsumpf.de\/wp-content\/uploads\/2009\/08\/verdinpd1_400.jpg","type":"","width":"","height":""}],"author":"Peter M.","twitter_card":"summary_large_image","twitter_misc":{"Verfasst von":"Peter M.","Gesch\u00e4tzte Lesezeit":"1\u00a0Minute"},"schema":{"@context":"https:\/\/schema.org","@graph":[{"@type":"WebPage","@id":"https:\/\/konsumpf.de\/?p=5550","url":"https:\/\/konsumpf.de\/?p=5550","name":"Wahlplakat-Remixe: NPD-Version - Konsumpf - Forum f\u00fcr kreative Konsumkritik - Culture Jamming, Nachhaltigkeit, Konzernkritik, Adbusting","isPartOf":{"@id":"https:\/\/konsumpf.de\/#website"},"primaryImageOfPage":{"@id":"https:\/\/konsumpf.de\/?p=5550#primaryimage"},"image":{"@id":"https:\/\/konsumpf.de\/?p=5550#primaryimage"},"thumbnailUrl":"http:\/\/konsumpf.de\/wp-content\/uploads\/2009\/08\/verdinpd1_400.jpg","datePublished":"2009-08-25T07:59:37+00:00","dateModified":"2009-08-29T19:44:54+00:00","author":{"@id":"https:\/\/konsumpf.de\/#\/schema\/person\/e595a6d286b26994e7e0926d70699070"},"breadcrumb":{"@id":"https:\/\/konsumpf.de\/?p=5550#breadcrumb"},"inLanguage":"de","potentialAction":[{"@type":"ReadAction","target":["https:\/\/konsumpf.de\/?p=5550"]}]},{"@type":"ImageObject","inLanguage":"de","@id":"https:\/\/konsumpf.de\/?p=5550#primaryimage","url":"https:\/\/konsumpf.de\/wp-content\/uploads\/2009\/08\/verdinpd1_400.jpg","contentUrl":"https:\/\/konsumpf.de\/wp-content\/uploads\/2009\/08\/verdinpd1_400.jpg","width":"400","height":"268"},{"@type":"BreadcrumbList","@id":"https:\/\/konsumpf.de\/?p=5550#breadcrumb","itemListElement":[{"@type":"ListItem","position":1,"name":"Startseite","item":"https:\/\/konsumpf.de\/"},{"@type":"ListItem","position":2,"name":"Wahlplakat-Remixe: NPD-Version"}]},{"@type":"WebSite","@id":"https:\/\/konsumpf.de\/#website","url":"https:\/\/konsumpf.de\/","name":"Konsumpf - Forum f\u00fcr kreative Konsumkritik - Culture Jamming, Nachhaltigkeit, Konzernkritik, Adbusting","description":"","potentialAction":[{"@type":"SearchAction","target":{"@type":"EntryPoint","urlTemplate":"https:\/\/konsumpf.de\/?s={search_term_string}"},"query-input":{"@type":"PropertyValueSpecification","valueRequired":true,"valueName":"search_term_string"}}],"inLanguage":"de"},{"@type":"Person","@id":"https:\/\/konsumpf.de\/#\/schema\/person\/e595a6d286b26994e7e0926d70699070","name":"Peter M.","sameAs":["http:\/\/konsumpf.de"]}]}},"_links":{"self":[{"href":"https:\/\/konsumpf.de\/index.php?rest_route=\/wp\/v2\/posts\/5550"}],"collection":[{"href":"https:\/\/konsumpf.de\/index.php?rest_route=\/wp\/v2\/posts"}],"about":[{"href":"https:\/\/konsumpf.de\/index.php?rest_route=\/wp\/v2\/types\/post"}],"author":[{"embeddable":true,"href":"https:\/\/konsumpf.de\/index.php?rest_route=\/wp\/v2\/users\/1"}],"replies":[{"embeddable":true,"href":"https:\/\/konsumpf.de\/index.php?rest_route=%2Fwp%2Fv2%2Fcomments&post=5550"}],"version-history":[{"count":6,"href":"https:\/\/konsumpf.de\/index.php?rest_route=\/wp\/v2\/posts\/5550\/revisions"}],"predecessor-version":[{"id":5580,"href":"https:\/\/konsumpf.de\/index.php?rest_route=\/wp\/v2\/posts\/5550\/revisions\/5580"}],"wp:attachment":[{"href":"https:\/\/konsumpf.de\/index.php?rest_route=%2Fwp%2Fv2%2Fmedia&parent=5550"}],"wp:term":[{"taxonomy":"category","embeddable":true,"href":"https:\/\/konsumpf.de\/index.php?rest_route=%2Fwp%2Fv2%2Fcategories&post=5550"},{"taxonomy":"post_tag","embeddable":true,"href":"https:\/\/konsumpf.de\/index.php?rest_route=%2Fwp%2Fv2%2Ftags&post=5550"}],"curies":[{"name":"wp","href":"https:\/\/api.w.org\/{rel}","templated":true}]}}