{"id":546,"date":"2008-10-24T17:02:32","date_gmt":"2008-10-24T15:02:32","guid":{"rendered":"http:\/\/konsumpf.de\/?p=546"},"modified":"2008-10-24T17:32:53","modified_gmt":"2008-10-24T15:32:53","slug":"neoliberalismus-%e2%80%93-was-bleibt-von-der-ideologie","status":"publish","type":"post","link":"https:\/\/konsumpf.de\/?p=546","title":{"rendered":"Neoliberalismus \u2013 Was bleibt von der Ideologie?"},"content":{"rendered":"<p>Einen sehr sch\u00f6nen Artikel fand man letzte Woche in der Zeit, in dem <strong>Susanne Gaschke<\/strong> \u00fcber \u201e<a href=\"http:\/\/www.zeit.de\/2008\/43\/Zukunft-des-Neoliberalismus?page=all\" target=\"_blank\">Neoliberalismus: Die Neunmalklugen<\/a>\u201d sinnierte und sich fragte, was von dieser Ideologie nun, nach den aktuellen Turbulenzen (die ja noch lange nicht ausgestanden sind; der Dax lag heute teilweise mit &gt;10% im Minus&#8230;) noch \u00fcbrig bleibe.<\/p>\n<blockquote><p>Was haben sie uns nicht alles erz\u00e4hlt \u00fcber den \u00fcberlegenen Markt und die Wertlosigkeit des Staates \u2013 und was h\u00f6rt man nun? Dr\u00f6hnendes Schweigen.<\/p>\n<p>Von ihrer Un\u00fcbersichtlichkeit her ist die gegenw\u00e4rtige Situation, ist das gro\u00dfartige Scheitern aller neoliberalen Verhei\u00dfung \u00fcber die Weisheit der M\u00e4rkte und die \u00dcberfl\u00fcssigkeit des Staates, mit dem Untergang des Sozialismus verglichen worden. Im Gegensatz zu 1989 f\u00e4llt allerdings ein Unterschied auf: Damals kam es schnell zu breiten Aufarbeitungsdebatten unter Historikern, politischen Akteuren (&#8230;) Diese selbstkritische Betrachtung der eigenen Rolle, dieses kleine bisschen Scham ist in der aktuellen Krise aufseiten der \u00f6konomischen Elite bisher nicht zu entdecken: wahrscheinlich, weil sich ihre Mitglieder tats\u00e4chlich nicht als Anh\u00e4nger einer Weltanschauung unter mehreren, sondern als Inhaber einer unbestreitbaren Wahrheit betrachtet haben.<\/p>\n<p>(&#8230;) Von all diesen Menschen k\u00f6nnten auch die Marktradikalen etwas lernen: dass eine Gesellschaft andere Kraftquellen hat und andere Kraftquellen braucht als nur den Profit. Wenn sie es lernen w\u00fcrden, lie\u00dfe sich einfacher dar\u00fcber diskutieren, wie der Kapitalismus aussieht, den wir haben wollen.<\/p><\/blockquote>\n<p>[gefunden via <a href=\"http:\/\/www.pickings.de\/tiki-view_blog_post.php?blogId=12&amp;postId=3208\" target=\"_blank\">Pickings<\/a>]<\/p>\n<p><a href=\"http:\/\/konsumpf.de\/wp-content\/uploads\/2008\/10\/alan-greenspan2.jpg\"><img loading=\"lazy\" decoding=\"async\" class=\"alignright size-medium wp-image-552\" title=\"alan-greenspan2\" src=\"http:\/\/konsumpf.de\/wp-content\/uploads\/2008\/10\/alan-greenspan2-300x213.jpg\" alt=\"\" width=\"192\" height=\"136\" \/><\/a>Erstaunliches h\u00f6rt man auch vom ehemaligen US-Notenbankchef <strong>Alan Greenspan<\/strong>, der mit seiner Finanzpolitik nicht gerade unschuldig am aktuellen Desaster ist und nun von einem \u201eKredit-Tsunami\u201d spricht:<\/p>\n<blockquote><p>&#8220;Ich habe falsch gelegen mit der Annahme, dass Organisationen &#8211; speziell Banken &#8211; aufgrund von Eigeninteresse ihre Aktion\u00e4re und ihr Firmenkapital am besten sch\u00fctzen k\u00f6nnen&#8221;, sagte Greenspan. Er r\u00e4umte ein, dass die Krise &#8220;M\u00e4ngel&#8221; in dem von ihm favorisierten Modell des freien Marktes offenbart habe. [<a href=\"http:\/\/www.n-tv.de\/1042570.html\" target=\"_blank\">via n-tv<\/a>]<\/p><\/blockquote>\n<p>Eine nette bebilderte Hintergrundgeschichte \u00fcber die Krise und ihre Hintergr\u00fcnde findet sich ebenfalls jetzt in der Zeit: \u201e<a href=\"http:\/\/www.zeit.de\/online\/2008\/44\/bg-finanzkrise\">Wo ist das ganze Geld geblieben<\/a>?\u201d.<\/p>\n<p>(Sorry, dass ich derzeit so oft die Finanzkrise hier erw\u00e4hne(n muss), aber diese Thematik ist nun mal gerade ganz besonders prek\u00e4r und aktuell.)<\/p>\n<h3 class='related_post_title'>Verwandte Beitr\u00e4ge:<\/h3><ul class='related_post'><li><a href=\"http:\/\/konsumpf.de\/?p=9479\" title=\"Der Schein tr\u00fcgt \u2013 Eine Expedition in die R\u00e4tsel des Geldes\">Der Schein tr\u00fcgt \u2013 Eine Expedition in die R\u00e4tsel des Geldes<\/a><\/li><li><a href=\"http:\/\/konsumpf.de\/?p=14357\" title=\"Islands Weg aus der Krise \u2013\u00a0ein Lehrst\u00fcck?\">Islands Weg aus der Krise \u2013\u00a0ein Lehrst\u00fcck?<\/a><\/li><li><a href=\"http:\/\/konsumpf.de\/?p=13382\" title=\"Lesetipps: Krise und Wahn | 147 Konzerne kontrollieren die Wirtschaft | Fundamentalisten | \u00d6ko\">Lesetipps: Krise und Wahn | 147 Konzerne kontrollieren die Wirtschaft | Fundamentalisten | \u00d6ko<\/a><\/li><li><a href=\"http:\/\/konsumpf.de\/?p=12996\" title=\"Buchtipp: Die stille Revolution\">Buchtipp: Die stille Revolution<\/a><\/li><li><a href=\"http:\/\/konsumpf.de\/?p=12799\" title=\"Unser Geldsystem ist mittelalterlich\">Unser Geldsystem ist mittelalterlich<\/a><\/li><\/ul>","protected":false},"excerpt":{"rendered":"<p>Einen sehr sch\u00f6nen Artikel fand man letzte Woche in der Zeit, in dem Susanne Gaschke \u00fcber \u201eNeoliberalismus: Die Neunmalklugen\u201d sinnierte und sich fragte, was von dieser Ideologie nun, nach den aktuellen Turbulenzen (die ja noch lange nicht ausgestanden sind; der Dax lag heute teilweise mit &gt;10% im Minus&#8230;) noch \u00fcbrig bleibe. Was haben sie uns [&hellip;]<\/p>\n","protected":false},"author":1,"featured_media":0,"comment_status":"open","ping_status":"open","sticky":false,"template":"","format":"standard","meta":{"footnotes":""},"categories":[10,37,78],"tags":[14,2856,79,2872],"yoast_head":"<!-- This site is optimized with the Yoast SEO plugin v24.4 - https:\/\/yoast.com\/wordpress\/plugins\/seo\/ -->\n<title>Neoliberalismus \u2013 Was bleibt von der Ideologie? - Konsumpf - Forum f\u00fcr kreative Konsumkritik - Culture Jamming, Nachhaltigkeit, Konzernkritik, Adbusting<\/title>\n<meta name=\"robots\" content=\"index, follow, max-snippet:-1, max-image-preview:large, max-video-preview:-1\" \/>\n<link rel=\"canonical\" href=\"https:\/\/konsumpf.de\/?p=546\" \/>\n<meta property=\"og:locale\" content=\"de_DE\" \/>\n<meta property=\"og:type\" content=\"article\" \/>\n<meta property=\"og:title\" content=\"Neoliberalismus \u2013 Was bleibt von der Ideologie? - Konsumpf - Forum f\u00fcr kreative Konsumkritik - Culture Jamming, Nachhaltigkeit, Konzernkritik, Adbusting\" \/>\n<meta property=\"og:description\" content=\"Einen sehr sch\u00f6nen Artikel fand man letzte Woche in der Zeit, in dem Susanne Gaschke \u00fcber \u201eNeoliberalismus: Die Neunmalklugen\u201d sinnierte und sich fragte, was von dieser Ideologie nun, nach den aktuellen Turbulenzen (die ja noch lange nicht ausgestanden sind; der Dax lag heute teilweise mit &gt;10% im Minus&#8230;) noch \u00fcbrig bleibe. Was haben sie uns [&hellip;]\" \/>\n<meta property=\"og:url\" content=\"https:\/\/konsumpf.de\/?p=546\" \/>\n<meta property=\"og:site_name\" content=\"Konsumpf - Forum f\u00fcr kreative Konsumkritik - Culture Jamming, Nachhaltigkeit, Konzernkritik, Adbusting\" \/>\n<meta property=\"article:published_time\" content=\"2008-10-24T15:02:32+00:00\" \/>\n<meta property=\"article:modified_time\" content=\"2008-10-24T15:32:53+00:00\" \/>\n<meta property=\"og:image\" content=\"http:\/\/konsumpf.de\/wp-content\/uploads\/2008\/10\/alan-greenspan2-300x213.jpg\" \/>\n<meta name=\"author\" content=\"Peter M.\" \/>\n<meta name=\"twitter:card\" content=\"summary_large_image\" \/>\n<meta name=\"twitter:label1\" content=\"Verfasst von\" \/>\n\t<meta name=\"twitter:data1\" content=\"Peter M.\" \/>\n\t<meta name=\"twitter:label2\" content=\"Gesch\u00e4tzte Lesezeit\" \/>\n\t<meta name=\"twitter:data2\" content=\"2\u00a0Minuten\" \/>\n<script type=\"application\/ld+json\" class=\"yoast-schema-graph\">{\"@context\":\"https:\/\/schema.org\",\"@graph\":[{\"@type\":\"WebPage\",\"@id\":\"https:\/\/konsumpf.de\/?p=546\",\"url\":\"https:\/\/konsumpf.de\/?p=546\",\"name\":\"Neoliberalismus \u2013 Was bleibt von der Ideologie? - Konsumpf - Forum f\u00fcr kreative Konsumkritik - Culture Jamming, Nachhaltigkeit, Konzernkritik, Adbusting\",\"isPartOf\":{\"@id\":\"https:\/\/konsumpf.de\/#website\"},\"primaryImageOfPage\":{\"@id\":\"https:\/\/konsumpf.de\/?p=546#primaryimage\"},\"image\":{\"@id\":\"https:\/\/konsumpf.de\/?p=546#primaryimage\"},\"thumbnailUrl\":\"http:\/\/konsumpf.de\/wp-content\/uploads\/2008\/10\/alan-greenspan2-300x213.jpg\",\"datePublished\":\"2008-10-24T15:02:32+00:00\",\"dateModified\":\"2008-10-24T15:32:53+00:00\",\"author\":{\"@id\":\"https:\/\/konsumpf.de\/#\/schema\/person\/e595a6d286b26994e7e0926d70699070\"},\"breadcrumb\":{\"@id\":\"https:\/\/konsumpf.de\/?p=546#breadcrumb\"},\"inLanguage\":\"de\",\"potentialAction\":[{\"@type\":\"ReadAction\",\"target\":[\"https:\/\/konsumpf.de\/?p=546\"]}]},{\"@type\":\"ImageObject\",\"inLanguage\":\"de\",\"@id\":\"https:\/\/konsumpf.de\/?p=546#primaryimage\",\"url\":\"https:\/\/konsumpf.de\/wp-content\/uploads\/2008\/10\/alan-greenspan2.jpg\",\"contentUrl\":\"https:\/\/konsumpf.de\/wp-content\/uploads\/2008\/10\/alan-greenspan2.jpg\"},{\"@type\":\"BreadcrumbList\",\"@id\":\"https:\/\/konsumpf.de\/?p=546#breadcrumb\",\"itemListElement\":[{\"@type\":\"ListItem\",\"position\":1,\"name\":\"Startseite\",\"item\":\"https:\/\/konsumpf.de\/\"},{\"@type\":\"ListItem\",\"position\":2,\"name\":\"Neoliberalismus \u2013 Was bleibt von der Ideologie?\"}]},{\"@type\":\"WebSite\",\"@id\":\"https:\/\/konsumpf.de\/#website\",\"url\":\"https:\/\/konsumpf.de\/\",\"name\":\"Konsumpf - Forum f\u00fcr kreative Konsumkritik - Culture Jamming, Nachhaltigkeit, Konzernkritik, Adbusting\",\"description\":\"\",\"potentialAction\":[{\"@type\":\"SearchAction\",\"target\":{\"@type\":\"EntryPoint\",\"urlTemplate\":\"https:\/\/konsumpf.de\/?s={search_term_string}\"},\"query-input\":{\"@type\":\"PropertyValueSpecification\",\"valueRequired\":true,\"valueName\":\"search_term_string\"}}],\"inLanguage\":\"de\"},{\"@type\":\"Person\",\"@id\":\"https:\/\/konsumpf.de\/#\/schema\/person\/e595a6d286b26994e7e0926d70699070\",\"name\":\"Peter M.\",\"sameAs\":[\"http:\/\/konsumpf.de\"]}]}<\/script>\n<!-- \/ Yoast SEO plugin. -->","yoast_head_json":{"title":"Neoliberalismus \u2013 Was bleibt von der Ideologie? - Konsumpf - Forum f\u00fcr kreative Konsumkritik - Culture Jamming, Nachhaltigkeit, Konzernkritik, Adbusting","robots":{"index":"index","follow":"follow","max-snippet":"max-snippet:-1","max-image-preview":"max-image-preview:large","max-video-preview":"max-video-preview:-1"},"canonical":"https:\/\/konsumpf.de\/?p=546","og_locale":"de_DE","og_type":"article","og_title":"Neoliberalismus \u2013 Was bleibt von der Ideologie? - Konsumpf - Forum f\u00fcr kreative Konsumkritik - Culture Jamming, Nachhaltigkeit, Konzernkritik, Adbusting","og_description":"Einen sehr sch\u00f6nen Artikel fand man letzte Woche in der Zeit, in dem Susanne Gaschke \u00fcber \u201eNeoliberalismus: Die Neunmalklugen\u201d sinnierte und sich fragte, was von dieser Ideologie nun, nach den aktuellen Turbulenzen (die ja noch lange nicht ausgestanden sind; der Dax lag heute teilweise mit &gt;10% im Minus&#8230;) noch \u00fcbrig bleibe. Was haben sie uns [&hellip;]","og_url":"https:\/\/konsumpf.de\/?p=546","og_site_name":"Konsumpf - Forum f\u00fcr kreative Konsumkritik - Culture Jamming, Nachhaltigkeit, Konzernkritik, Adbusting","article_published_time":"2008-10-24T15:02:32+00:00","article_modified_time":"2008-10-24T15:32:53+00:00","og_image":[{"url":"http:\/\/konsumpf.de\/wp-content\/uploads\/2008\/10\/alan-greenspan2-300x213.jpg","type":"","width":"","height":""}],"author":"Peter M.","twitter_card":"summary_large_image","twitter_misc":{"Verfasst von":"Peter M.","Gesch\u00e4tzte Lesezeit":"2\u00a0Minuten"},"schema":{"@context":"https:\/\/schema.org","@graph":[{"@type":"WebPage","@id":"https:\/\/konsumpf.de\/?p=546","url":"https:\/\/konsumpf.de\/?p=546","name":"Neoliberalismus \u2013 Was bleibt von der Ideologie? - Konsumpf - Forum f\u00fcr kreative Konsumkritik - Culture Jamming, Nachhaltigkeit, Konzernkritik, Adbusting","isPartOf":{"@id":"https:\/\/konsumpf.de\/#website"},"primaryImageOfPage":{"@id":"https:\/\/konsumpf.de\/?p=546#primaryimage"},"image":{"@id":"https:\/\/konsumpf.de\/?p=546#primaryimage"},"thumbnailUrl":"http:\/\/konsumpf.de\/wp-content\/uploads\/2008\/10\/alan-greenspan2-300x213.jpg","datePublished":"2008-10-24T15:02:32+00:00","dateModified":"2008-10-24T15:32:53+00:00","author":{"@id":"https:\/\/konsumpf.de\/#\/schema\/person\/e595a6d286b26994e7e0926d70699070"},"breadcrumb":{"@id":"https:\/\/konsumpf.de\/?p=546#breadcrumb"},"inLanguage":"de","potentialAction":[{"@type":"ReadAction","target":["https:\/\/konsumpf.de\/?p=546"]}]},{"@type":"ImageObject","inLanguage":"de","@id":"https:\/\/konsumpf.de\/?p=546#primaryimage","url":"https:\/\/konsumpf.de\/wp-content\/uploads\/2008\/10\/alan-greenspan2.jpg","contentUrl":"https:\/\/konsumpf.de\/wp-content\/uploads\/2008\/10\/alan-greenspan2.jpg"},{"@type":"BreadcrumbList","@id":"https:\/\/konsumpf.de\/?p=546#breadcrumb","itemListElement":[{"@type":"ListItem","position":1,"name":"Startseite","item":"https:\/\/konsumpf.de\/"},{"@type":"ListItem","position":2,"name":"Neoliberalismus \u2013 Was bleibt von der Ideologie?"}]},{"@type":"WebSite","@id":"https:\/\/konsumpf.de\/#website","url":"https:\/\/konsumpf.de\/","name":"Konsumpf - Forum f\u00fcr kreative Konsumkritik - Culture Jamming, Nachhaltigkeit, Konzernkritik, Adbusting","description":"","potentialAction":[{"@type":"SearchAction","target":{"@type":"EntryPoint","urlTemplate":"https:\/\/konsumpf.de\/?s={search_term_string}"},"query-input":{"@type":"PropertyValueSpecification","valueRequired":true,"valueName":"search_term_string"}}],"inLanguage":"de"},{"@type":"Person","@id":"https:\/\/konsumpf.de\/#\/schema\/person\/e595a6d286b26994e7e0926d70699070","name":"Peter M.","sameAs":["http:\/\/konsumpf.de"]}]}},"_links":{"self":[{"href":"https:\/\/konsumpf.de\/index.php?rest_route=\/wp\/v2\/posts\/546"}],"collection":[{"href":"https:\/\/konsumpf.de\/index.php?rest_route=\/wp\/v2\/posts"}],"about":[{"href":"https:\/\/konsumpf.de\/index.php?rest_route=\/wp\/v2\/types\/post"}],"author":[{"embeddable":true,"href":"https:\/\/konsumpf.de\/index.php?rest_route=\/wp\/v2\/users\/1"}],"replies":[{"embeddable":true,"href":"https:\/\/konsumpf.de\/index.php?rest_route=%2Fwp%2Fv2%2Fcomments&post=546"}],"version-history":[{"count":8,"href":"https:\/\/konsumpf.de\/index.php?rest_route=\/wp\/v2\/posts\/546\/revisions"}],"predecessor-version":[{"id":551,"href":"https:\/\/konsumpf.de\/index.php?rest_route=\/wp\/v2\/posts\/546\/revisions\/551"}],"wp:attachment":[{"href":"https:\/\/konsumpf.de\/index.php?rest_route=%2Fwp%2Fv2%2Fmedia&parent=546"}],"wp:term":[{"taxonomy":"category","embeddable":true,"href":"https:\/\/konsumpf.de\/index.php?rest_route=%2Fwp%2Fv2%2Fcategories&post=546"},{"taxonomy":"post_tag","embeddable":true,"href":"https:\/\/konsumpf.de\/index.php?rest_route=%2Fwp%2Fv2%2Ftags&post=546"}],"curies":[{"name":"wp","href":"https:\/\/api.w.org\/{rel}","templated":true}]}}