{"id":5418,"date":"2009-08-08T11:41:24","date_gmt":"2009-08-08T09:41:24","guid":{"rendered":"http:\/\/konsumpf.de\/?p=5418"},"modified":"2009-08-08T18:55:37","modified_gmt":"2009-08-08T16:55:37","slug":"%e2%80%9ealles-auf-anfang%e2%80%9c-%e2%80%93-island-innach-der-krise","status":"publish","type":"post","link":"https:\/\/konsumpf.de\/?p=5418","title":{"rendered":"\u201eAlles auf Anfang\u201c \u2013 Island in\/nach der Krise"},"content":{"rendered":"<p>Allen, die heute, am vorerst letzten Sonnentag, nicht ohne Lesestoff zum Strand gehen wollen (und auch allen anderen), empfehle ich die Lekt\u00fcre des \u00fcberaus spannenden und gut geschriebenen Beitrags \u201e<a href=\"http:\/\/www.brandeins.de\/home\/inhalt_detail.asp?id=3048\"><strong>Alles auf Anfang<\/strong><\/a>\u201c aus dem <strong>brand eins<\/strong>-Magazin, in dem die allt\u00e4gliche Situation im Zuge der \u201eFinanzkrise\u201c auf Island geschildert wird. Denn Island hat ja bereits das erlebt, was einigen anderen Staaten vermutlich noch bevor steht \u2013 den Staatsbankrott. Wie die Isl\u00e4nder mit diesen neuen Bedingungen umgehen und eine ganz neue Solidarit\u00e4t entdecken, das ist wirklich spannend und vielleicht auch anregend f\u00fcr unsere Zust\u00e4nde hierzulande. Also lesen!<\/p>\n<blockquote><p>Die meisten Isl\u00e4nder begreifen den Kollaps ihres Landes nur langsam. Doch einige suchen schon nach der Zukunft.<\/p><\/blockquote>\n<h3 class='related_post_title'>Verwandte Beitr\u00e4ge:<\/h3><ul class='related_post'><li><a href=\"http:\/\/konsumpf.de\/?p=14357\" title=\"Islands Weg aus der Krise \u2013\u00a0ein Lehrst\u00fcck?\">Islands Weg aus der Krise \u2013\u00a0ein Lehrst\u00fcck?<\/a><\/li><li><a href=\"http:\/\/konsumpf.de\/?p=4869\" title=\"Die Krise und der Zustand in Island und Italien\">Die Krise und der Zustand in Island und Italien<\/a><\/li><li><a href=\"http:\/\/konsumpf.de\/?p=14271\" title=\"Der \u00f6konomische Putsch \u2013 Was hinter den Finanzkrisen steckt\">Der \u00f6konomische Putsch \u2013 Was hinter den Finanzkrisen steckt<\/a><\/li><li><a href=\"http:\/\/konsumpf.de\/?p=13382\" title=\"Lesetipps: Krise und Wahn | 147 Konzerne kontrollieren die Wirtschaft | Fundamentalisten | \u00d6ko\">Lesetipps: Krise und Wahn | 147 Konzerne kontrollieren die Wirtschaft | Fundamentalisten | \u00d6ko<\/a><\/li><li><a href=\"http:\/\/konsumpf.de\/?p=10106\" title=\"Wie die Banken den Euro verspielen und sich ihre Gesetze selber schreiben\">Wie die Banken den Euro verspielen und sich ihre Gesetze selber schreiben<\/a><\/li><\/ul>","protected":false},"excerpt":{"rendered":"<p>Allen, die heute, am vorerst letzten Sonnentag, nicht ohne Lesestoff zum Strand gehen wollen (und auch allen anderen), empfehle ich die Lekt\u00fcre des \u00fcberaus spannenden und gut geschriebenen Beitrags \u201eAlles auf Anfang\u201c aus dem brand eins-Magazin, in dem die allt\u00e4gliche Situation im Zuge der \u201eFinanzkrise\u201c auf Island geschildert wird. Denn Island hat ja bereits das [&hellip;]<\/p>\n","protected":false},"author":1,"featured_media":0,"comment_status":"open","ping_status":"open","sticky":false,"template":"","format":"standard","meta":{"footnotes":""},"categories":[12,53,78],"tags":[378,14,867,181],"yoast_head":"<!-- This site is optimized with the Yoast SEO plugin v24.4 - https:\/\/yoast.com\/wordpress\/plugins\/seo\/ -->\n<title>\u201eAlles auf Anfang\u201c \u2013 Island in\/nach der Krise - Konsumpf - Forum f\u00fcr kreative Konsumkritik - Culture Jamming, Nachhaltigkeit, Konzernkritik, Adbusting<\/title>\n<meta name=\"robots\" content=\"index, follow, max-snippet:-1, max-image-preview:large, max-video-preview:-1\" \/>\n<link rel=\"canonical\" href=\"https:\/\/konsumpf.de\/?p=5418\" \/>\n<meta property=\"og:locale\" content=\"de_DE\" \/>\n<meta property=\"og:type\" content=\"article\" \/>\n<meta property=\"og:title\" content=\"\u201eAlles auf Anfang\u201c \u2013 Island in\/nach der Krise - Konsumpf - Forum f\u00fcr kreative Konsumkritik - Culture Jamming, Nachhaltigkeit, Konzernkritik, Adbusting\" \/>\n<meta property=\"og:description\" content=\"Allen, die heute, am vorerst letzten Sonnentag, nicht ohne Lesestoff zum Strand gehen wollen (und auch allen anderen), empfehle ich die Lekt\u00fcre des \u00fcberaus spannenden und gut geschriebenen Beitrags \u201eAlles auf Anfang\u201c aus dem brand eins-Magazin, in dem die allt\u00e4gliche Situation im Zuge der \u201eFinanzkrise\u201c auf Island geschildert wird. Denn Island hat ja bereits das [&hellip;]\" \/>\n<meta property=\"og:url\" content=\"https:\/\/konsumpf.de\/?p=5418\" \/>\n<meta property=\"og:site_name\" content=\"Konsumpf - Forum f\u00fcr kreative Konsumkritik - Culture Jamming, Nachhaltigkeit, Konzernkritik, Adbusting\" \/>\n<meta property=\"article:published_time\" content=\"2009-08-08T09:41:24+00:00\" \/>\n<meta property=\"article:modified_time\" content=\"2009-08-08T16:55:37+00:00\" \/>\n<meta name=\"author\" content=\"Peter M.\" \/>\n<meta name=\"twitter:card\" content=\"summary_large_image\" \/>\n<meta name=\"twitter:label1\" content=\"Verfasst von\" \/>\n\t<meta name=\"twitter:data1\" content=\"Peter M.\" \/>\n\t<meta name=\"twitter:label2\" content=\"Gesch\u00e4tzte Lesezeit\" \/>\n\t<meta name=\"twitter:data2\" content=\"1\u00a0Minute\" \/>\n<script type=\"application\/ld+json\" class=\"yoast-schema-graph\">{\"@context\":\"https:\/\/schema.org\",\"@graph\":[{\"@type\":\"WebPage\",\"@id\":\"https:\/\/konsumpf.de\/?p=5418\",\"url\":\"https:\/\/konsumpf.de\/?p=5418\",\"name\":\"\u201eAlles auf Anfang\u201c \u2013 Island in\/nach der Krise - Konsumpf - Forum f\u00fcr kreative Konsumkritik - Culture Jamming, Nachhaltigkeit, Konzernkritik, Adbusting\",\"isPartOf\":{\"@id\":\"https:\/\/konsumpf.de\/#website\"},\"datePublished\":\"2009-08-08T09:41:24+00:00\",\"dateModified\":\"2009-08-08T16:55:37+00:00\",\"author\":{\"@id\":\"https:\/\/konsumpf.de\/#\/schema\/person\/e595a6d286b26994e7e0926d70699070\"},\"breadcrumb\":{\"@id\":\"https:\/\/konsumpf.de\/?p=5418#breadcrumb\"},\"inLanguage\":\"de\",\"potentialAction\":[{\"@type\":\"ReadAction\",\"target\":[\"https:\/\/konsumpf.de\/?p=5418\"]}]},{\"@type\":\"BreadcrumbList\",\"@id\":\"https:\/\/konsumpf.de\/?p=5418#breadcrumb\",\"itemListElement\":[{\"@type\":\"ListItem\",\"position\":1,\"name\":\"Startseite\",\"item\":\"https:\/\/konsumpf.de\/\"},{\"@type\":\"ListItem\",\"position\":2,\"name\":\"\u201eAlles auf Anfang\u201c \u2013 Island in\/nach der Krise\"}]},{\"@type\":\"WebSite\",\"@id\":\"https:\/\/konsumpf.de\/#website\",\"url\":\"https:\/\/konsumpf.de\/\",\"name\":\"Konsumpf - Forum f\u00fcr kreative Konsumkritik - Culture Jamming, Nachhaltigkeit, Konzernkritik, Adbusting\",\"description\":\"\",\"potentialAction\":[{\"@type\":\"SearchAction\",\"target\":{\"@type\":\"EntryPoint\",\"urlTemplate\":\"https:\/\/konsumpf.de\/?s={search_term_string}\"},\"query-input\":{\"@type\":\"PropertyValueSpecification\",\"valueRequired\":true,\"valueName\":\"search_term_string\"}}],\"inLanguage\":\"de\"},{\"@type\":\"Person\",\"@id\":\"https:\/\/konsumpf.de\/#\/schema\/person\/e595a6d286b26994e7e0926d70699070\",\"name\":\"Peter M.\",\"sameAs\":[\"http:\/\/konsumpf.de\"]}]}<\/script>\n<!-- \/ Yoast SEO plugin. -->","yoast_head_json":{"title":"\u201eAlles auf Anfang\u201c \u2013 Island in\/nach der Krise - Konsumpf - Forum f\u00fcr kreative Konsumkritik - Culture Jamming, Nachhaltigkeit, Konzernkritik, Adbusting","robots":{"index":"index","follow":"follow","max-snippet":"max-snippet:-1","max-image-preview":"max-image-preview:large","max-video-preview":"max-video-preview:-1"},"canonical":"https:\/\/konsumpf.de\/?p=5418","og_locale":"de_DE","og_type":"article","og_title":"\u201eAlles auf Anfang\u201c \u2013 Island in\/nach der Krise - Konsumpf - Forum f\u00fcr kreative Konsumkritik - Culture Jamming, Nachhaltigkeit, Konzernkritik, Adbusting","og_description":"Allen, die heute, am vorerst letzten Sonnentag, nicht ohne Lesestoff zum Strand gehen wollen (und auch allen anderen), empfehle ich die Lekt\u00fcre des \u00fcberaus spannenden und gut geschriebenen Beitrags \u201eAlles auf Anfang\u201c aus dem brand eins-Magazin, in dem die allt\u00e4gliche Situation im Zuge der \u201eFinanzkrise\u201c auf Island geschildert wird. Denn Island hat ja bereits das [&hellip;]","og_url":"https:\/\/konsumpf.de\/?p=5418","og_site_name":"Konsumpf - Forum f\u00fcr kreative Konsumkritik - Culture Jamming, Nachhaltigkeit, Konzernkritik, Adbusting","article_published_time":"2009-08-08T09:41:24+00:00","article_modified_time":"2009-08-08T16:55:37+00:00","author":"Peter M.","twitter_card":"summary_large_image","twitter_misc":{"Verfasst von":"Peter M.","Gesch\u00e4tzte Lesezeit":"1\u00a0Minute"},"schema":{"@context":"https:\/\/schema.org","@graph":[{"@type":"WebPage","@id":"https:\/\/konsumpf.de\/?p=5418","url":"https:\/\/konsumpf.de\/?p=5418","name":"\u201eAlles auf Anfang\u201c \u2013 Island in\/nach der Krise - Konsumpf - Forum f\u00fcr kreative Konsumkritik - Culture Jamming, Nachhaltigkeit, Konzernkritik, Adbusting","isPartOf":{"@id":"https:\/\/konsumpf.de\/#website"},"datePublished":"2009-08-08T09:41:24+00:00","dateModified":"2009-08-08T16:55:37+00:00","author":{"@id":"https:\/\/konsumpf.de\/#\/schema\/person\/e595a6d286b26994e7e0926d70699070"},"breadcrumb":{"@id":"https:\/\/konsumpf.de\/?p=5418#breadcrumb"},"inLanguage":"de","potentialAction":[{"@type":"ReadAction","target":["https:\/\/konsumpf.de\/?p=5418"]}]},{"@type":"BreadcrumbList","@id":"https:\/\/konsumpf.de\/?p=5418#breadcrumb","itemListElement":[{"@type":"ListItem","position":1,"name":"Startseite","item":"https:\/\/konsumpf.de\/"},{"@type":"ListItem","position":2,"name":"\u201eAlles auf Anfang\u201c \u2013 Island in\/nach der Krise"}]},{"@type":"WebSite","@id":"https:\/\/konsumpf.de\/#website","url":"https:\/\/konsumpf.de\/","name":"Konsumpf - Forum f\u00fcr kreative Konsumkritik - Culture Jamming, Nachhaltigkeit, Konzernkritik, Adbusting","description":"","potentialAction":[{"@type":"SearchAction","target":{"@type":"EntryPoint","urlTemplate":"https:\/\/konsumpf.de\/?s={search_term_string}"},"query-input":{"@type":"PropertyValueSpecification","valueRequired":true,"valueName":"search_term_string"}}],"inLanguage":"de"},{"@type":"Person","@id":"https:\/\/konsumpf.de\/#\/schema\/person\/e595a6d286b26994e7e0926d70699070","name":"Peter M.","sameAs":["http:\/\/konsumpf.de"]}]}},"_links":{"self":[{"href":"https:\/\/konsumpf.de\/index.php?rest_route=\/wp\/v2\/posts\/5418"}],"collection":[{"href":"https:\/\/konsumpf.de\/index.php?rest_route=\/wp\/v2\/posts"}],"about":[{"href":"https:\/\/konsumpf.de\/index.php?rest_route=\/wp\/v2\/types\/post"}],"author":[{"embeddable":true,"href":"https:\/\/konsumpf.de\/index.php?rest_route=\/wp\/v2\/users\/1"}],"replies":[{"embeddable":true,"href":"https:\/\/konsumpf.de\/index.php?rest_route=%2Fwp%2Fv2%2Fcomments&post=5418"}],"version-history":[{"count":4,"href":"https:\/\/konsumpf.de\/index.php?rest_route=\/wp\/v2\/posts\/5418\/revisions"}],"predecessor-version":[{"id":5436,"href":"https:\/\/konsumpf.de\/index.php?rest_route=\/wp\/v2\/posts\/5418\/revisions\/5436"}],"wp:attachment":[{"href":"https:\/\/konsumpf.de\/index.php?rest_route=%2Fwp%2Fv2%2Fmedia&parent=5418"}],"wp:term":[{"taxonomy":"category","embeddable":true,"href":"https:\/\/konsumpf.de\/index.php?rest_route=%2Fwp%2Fv2%2Fcategories&post=5418"},{"taxonomy":"post_tag","embeddable":true,"href":"https:\/\/konsumpf.de\/index.php?rest_route=%2Fwp%2Fv2%2Ftags&post=5418"}],"curies":[{"name":"wp","href":"https:\/\/api.w.org\/{rel}","templated":true}]}}