{"id":509,"date":"2008-10-12T18:30:34","date_gmt":"2008-10-12T16:30:34","guid":{"rendered":"http:\/\/konsumpf.de\/?p=509"},"modified":"2008-10-22T18:50:49","modified_gmt":"2008-10-22T16:50:49","slug":"extra-3-aktion-%e2%80%9emein-strom-mein-mull%e2%80%9d","status":"publish","type":"post","link":"https:\/\/konsumpf.de\/?p=509","title":{"rendered":"extra 3-Aktion \u201eMein Strom, mein M\u00fcll\u201d"},"content":{"rendered":"<p><a href=\"http:\/\/konsumpf.de\/wp-content\/uploads\/2008\/10\/extradreiblogbildvorlage432_v-original.jpg\"><img loading=\"lazy\" decoding=\"async\" class=\"alignright size-medium wp-image-510\" title=\"extradreiblogbildvorlage432_v-original\" src=\"http:\/\/konsumpf.de\/wp-content\/uploads\/2008\/10\/extradreiblogbildvorlage432_v-original.jpg\" alt=\"\" width=\"200\" height=\"275\" \/><\/a>Jetzt, wo <span style=\"color: #000080;\"><strong>&#8220;Kernkraft f\u00fcr die CDU \u00d6koenergie ist&#8221;<\/strong><\/span> (O-Ton CDU-Kasper Ronald Pofalla, siehe z.B. <a href=\"http:\/\/kaffeeringe.de\/Pagesetter\/viewpub\/tid\/9\/pid\/431\/title\/Kernkraft.ist.fr.die.CDU.koEnergie\">HIER<\/a> und <a href=\"http:\/\/bismarktownboy.wordpress.com\/2008\/06\/29\/kernkraft-ist-okoenergie-und-die-erde-eine-scheibe\/\">HIER<\/a>) und unl\u00e4ngst auch das renommierte Wissenschaftsmagazin<em> &#8220;BILD-Zeitung&#8221;<\/em> die &#8220;7 Wahrheiten \u00fcber Atomkraft&#8221; abdruckte (siehe <a href=\"http:\/\/www.klima-luegendetektor.de\/2008\/07\/09\/bild-rwi-windige-zahlen-fur-die-atomkraft\/\">HIER<\/a>), \u00fcbrigens im Gleichschritt mit der Schwesterpostille <em>Die Welt<\/em>, ist die Risikolosigkeit dieser Energiegewinnungsmethode nat\u00fcrlich eindeutig bewiesen. Und nun werden endlich auch neue Wege zur Endlagerung des Atomm\u00fclls gangbar. So initiierte das N3-Team des Satiremagazins <strong>extra 3<\/strong> die sch\u00f6ne Aktion, doch einfach die B\u00fcrger zur Endlagerung des Atomm\u00fclls in ihrem eigenen Haus zu \u00fcberreden. Tats\u00e4chlich gab es Leute, die das unterzeichnet haben! So hat man&#8217;s wenigstens im n\u00e4chsten Winter muckelig warm im Keller&#8230; ;-) (Gefunden via <a href=\"http:\/\/dernils.wordpress.com\/2008\/07\/24\/gedanken-zur-atomaren-panne\/\">Der Nils<\/a>.)<\/p>\n<ul>\n<li><a href=\"http:\/\/extra3.blog.ndr.de\/2008\/07\/23\/extra-3-aktion-mein-strom-mein-mull\/\">Infoseite bei extra drei<\/a><\/li>\n<li><a href=\"http:\/\/www.schenefelder-tageblatt.de\/nachrichten\/aus-der-region\/newsdetails\/article\/188\/ein-fass-plu.html\">Bericht im Schenefelder Tageblatt<\/a><\/li>\n<\/ul>\n<h3 class='related_post_title'>Verwandte Beitr\u00e4ge:<\/h3><ul class='related_post'><li><a href=\"http:\/\/konsumpf.de\/?p=11183\" title=\"Die Atom-Debatte reloaded\">Die Atom-Debatte reloaded<\/a><\/li><li><a href=\"http:\/\/konsumpf.de\/?p=6224\" title=\"Nuking the climate \u2013 Strahlendes Klima\">Nuking the climate \u2013 Strahlendes Klima<\/a><\/li><li><a href=\"http:\/\/konsumpf.de\/?p=2416\" title=\"Die L\u00fcge vom billigen Atomstrom\">Die L\u00fcge vom billigen Atomstrom<\/a><\/li><li><a href=\"http:\/\/konsumpf.de\/?p=1003\" title=\"Keine Angst vorm Atom\">Keine Angst vorm Atom<\/a><\/li><li><a href=\"http:\/\/konsumpf.de\/?p=14894\" title=\"Der Parteien-Einheitsbrei\">Der Parteien-Einheitsbrei<\/a><\/li><\/ul>","protected":false},"excerpt":{"rendered":"<p>Jetzt, wo &#8220;Kernkraft f\u00fcr die CDU \u00d6koenergie ist&#8221; (O-Ton CDU-Kasper Ronald Pofalla, siehe z.B. HIER und HIER) und unl\u00e4ngst auch das renommierte Wissenschaftsmagazin &#8220;BILD-Zeitung&#8221; die &#8220;7 Wahrheiten \u00fcber Atomkraft&#8221; abdruckte (siehe HIER), \u00fcbrigens im Gleichschritt mit der Schwesterpostille Die Welt, ist die Risikolosigkeit dieser Energiegewinnungsmethode nat\u00fcrlich eindeutig bewiesen. Und nun werden endlich auch neue Wege [&hellip;]<\/p>\n","protected":false},"author":1,"featured_media":0,"comment_status":"open","ping_status":"open","sticky":false,"template":"","format":"standard","meta":{"footnotes":""},"categories":[1],"tags":[75,73,74,76],"yoast_head":"<!-- This site is optimized with the Yoast SEO plugin v24.4 - https:\/\/yoast.com\/wordpress\/plugins\/seo\/ -->\n<title>extra 3-Aktion \u201eMein Strom, mein M\u00fcll\u201d - Konsumpf - Forum f\u00fcr kreative Konsumkritik - Culture Jamming, Nachhaltigkeit, Konzernkritik, Adbusting<\/title>\n<meta name=\"robots\" content=\"index, follow, max-snippet:-1, max-image-preview:large, max-video-preview:-1\" \/>\n<link rel=\"canonical\" href=\"https:\/\/konsumpf.de\/?p=509\" \/>\n<meta property=\"og:locale\" content=\"de_DE\" \/>\n<meta property=\"og:type\" content=\"article\" \/>\n<meta property=\"og:title\" content=\"extra 3-Aktion \u201eMein Strom, mein M\u00fcll\u201d - Konsumpf - Forum f\u00fcr kreative Konsumkritik - Culture Jamming, Nachhaltigkeit, Konzernkritik, Adbusting\" \/>\n<meta property=\"og:description\" content=\"Jetzt, wo &#8220;Kernkraft f\u00fcr die CDU \u00d6koenergie ist&#8221; (O-Ton CDU-Kasper Ronald Pofalla, siehe z.B. HIER und HIER) und unl\u00e4ngst auch das renommierte Wissenschaftsmagazin &#8220;BILD-Zeitung&#8221; die &#8220;7 Wahrheiten \u00fcber Atomkraft&#8221; abdruckte (siehe HIER), \u00fcbrigens im Gleichschritt mit der Schwesterpostille Die Welt, ist die Risikolosigkeit dieser Energiegewinnungsmethode nat\u00fcrlich eindeutig bewiesen. Und nun werden endlich auch neue Wege [&hellip;]\" \/>\n<meta property=\"og:url\" content=\"https:\/\/konsumpf.de\/?p=509\" \/>\n<meta property=\"og:site_name\" content=\"Konsumpf - Forum f\u00fcr kreative Konsumkritik - Culture Jamming, Nachhaltigkeit, Konzernkritik, Adbusting\" \/>\n<meta property=\"article:published_time\" content=\"2008-10-12T16:30:34+00:00\" \/>\n<meta property=\"article:modified_time\" content=\"2008-10-22T16:50:49+00:00\" \/>\n<meta property=\"og:image\" content=\"http:\/\/konsumpf.de\/wp-content\/uploads\/2008\/10\/extradreiblogbildvorlage432_v-original.jpg\" \/>\n<meta name=\"author\" content=\"Peter M.\" \/>\n<meta name=\"twitter:card\" content=\"summary_large_image\" \/>\n<meta name=\"twitter:label1\" content=\"Verfasst von\" \/>\n\t<meta name=\"twitter:data1\" content=\"Peter M.\" \/>\n\t<meta name=\"twitter:label2\" content=\"Gesch\u00e4tzte Lesezeit\" \/>\n\t<meta name=\"twitter:data2\" content=\"1\u00a0Minute\" \/>\n<script type=\"application\/ld+json\" class=\"yoast-schema-graph\">{\"@context\":\"https:\/\/schema.org\",\"@graph\":[{\"@type\":\"WebPage\",\"@id\":\"https:\/\/konsumpf.de\/?p=509\",\"url\":\"https:\/\/konsumpf.de\/?p=509\",\"name\":\"extra 3-Aktion \u201eMein Strom, mein M\u00fcll\u201d - Konsumpf - Forum f\u00fcr kreative Konsumkritik - Culture Jamming, Nachhaltigkeit, Konzernkritik, Adbusting\",\"isPartOf\":{\"@id\":\"https:\/\/konsumpf.de\/#website\"},\"primaryImageOfPage\":{\"@id\":\"https:\/\/konsumpf.de\/?p=509#primaryimage\"},\"image\":{\"@id\":\"https:\/\/konsumpf.de\/?p=509#primaryimage\"},\"thumbnailUrl\":\"http:\/\/konsumpf.de\/wp-content\/uploads\/2008\/10\/extradreiblogbildvorlage432_v-original.jpg\",\"datePublished\":\"2008-10-12T16:30:34+00:00\",\"dateModified\":\"2008-10-22T16:50:49+00:00\",\"author\":{\"@id\":\"https:\/\/konsumpf.de\/#\/schema\/person\/e595a6d286b26994e7e0926d70699070\"},\"breadcrumb\":{\"@id\":\"https:\/\/konsumpf.de\/?p=509#breadcrumb\"},\"inLanguage\":\"de\",\"potentialAction\":[{\"@type\":\"ReadAction\",\"target\":[\"https:\/\/konsumpf.de\/?p=509\"]}]},{\"@type\":\"ImageObject\",\"inLanguage\":\"de\",\"@id\":\"https:\/\/konsumpf.de\/?p=509#primaryimage\",\"url\":\"https:\/\/konsumpf.de\/wp-content\/uploads\/2008\/10\/extradreiblogbildvorlage432_v-original.jpg\",\"contentUrl\":\"https:\/\/konsumpf.de\/wp-content\/uploads\/2008\/10\/extradreiblogbildvorlage432_v-original.jpg\"},{\"@type\":\"BreadcrumbList\",\"@id\":\"https:\/\/konsumpf.de\/?p=509#breadcrumb\",\"itemListElement\":[{\"@type\":\"ListItem\",\"position\":1,\"name\":\"Startseite\",\"item\":\"https:\/\/konsumpf.de\/\"},{\"@type\":\"ListItem\",\"position\":2,\"name\":\"extra 3-Aktion \u201eMein Strom, mein M\u00fcll\u201d\"}]},{\"@type\":\"WebSite\",\"@id\":\"https:\/\/konsumpf.de\/#website\",\"url\":\"https:\/\/konsumpf.de\/\",\"name\":\"Konsumpf - Forum f\u00fcr kreative Konsumkritik - Culture Jamming, Nachhaltigkeit, Konzernkritik, Adbusting\",\"description\":\"\",\"potentialAction\":[{\"@type\":\"SearchAction\",\"target\":{\"@type\":\"EntryPoint\",\"urlTemplate\":\"https:\/\/konsumpf.de\/?s={search_term_string}\"},\"query-input\":{\"@type\":\"PropertyValueSpecification\",\"valueRequired\":true,\"valueName\":\"search_term_string\"}}],\"inLanguage\":\"de\"},{\"@type\":\"Person\",\"@id\":\"https:\/\/konsumpf.de\/#\/schema\/person\/e595a6d286b26994e7e0926d70699070\",\"name\":\"Peter M.\",\"sameAs\":[\"http:\/\/konsumpf.de\"]}]}<\/script>\n<!-- \/ Yoast SEO plugin. -->","yoast_head_json":{"title":"extra 3-Aktion \u201eMein Strom, mein M\u00fcll\u201d - Konsumpf - Forum f\u00fcr kreative Konsumkritik - Culture Jamming, Nachhaltigkeit, Konzernkritik, Adbusting","robots":{"index":"index","follow":"follow","max-snippet":"max-snippet:-1","max-image-preview":"max-image-preview:large","max-video-preview":"max-video-preview:-1"},"canonical":"https:\/\/konsumpf.de\/?p=509","og_locale":"de_DE","og_type":"article","og_title":"extra 3-Aktion \u201eMein Strom, mein M\u00fcll\u201d - Konsumpf - Forum f\u00fcr kreative Konsumkritik - Culture Jamming, Nachhaltigkeit, Konzernkritik, Adbusting","og_description":"Jetzt, wo &#8220;Kernkraft f\u00fcr die CDU \u00d6koenergie ist&#8221; (O-Ton CDU-Kasper Ronald Pofalla, siehe z.B. HIER und HIER) und unl\u00e4ngst auch das renommierte Wissenschaftsmagazin &#8220;BILD-Zeitung&#8221; die &#8220;7 Wahrheiten \u00fcber Atomkraft&#8221; abdruckte (siehe HIER), \u00fcbrigens im Gleichschritt mit der Schwesterpostille Die Welt, ist die Risikolosigkeit dieser Energiegewinnungsmethode nat\u00fcrlich eindeutig bewiesen. Und nun werden endlich auch neue Wege [&hellip;]","og_url":"https:\/\/konsumpf.de\/?p=509","og_site_name":"Konsumpf - Forum f\u00fcr kreative Konsumkritik - Culture Jamming, Nachhaltigkeit, Konzernkritik, Adbusting","article_published_time":"2008-10-12T16:30:34+00:00","article_modified_time":"2008-10-22T16:50:49+00:00","og_image":[{"url":"http:\/\/konsumpf.de\/wp-content\/uploads\/2008\/10\/extradreiblogbildvorlage432_v-original.jpg","type":"","width":"","height":""}],"author":"Peter M.","twitter_card":"summary_large_image","twitter_misc":{"Verfasst von":"Peter M.","Gesch\u00e4tzte Lesezeit":"1\u00a0Minute"},"schema":{"@context":"https:\/\/schema.org","@graph":[{"@type":"WebPage","@id":"https:\/\/konsumpf.de\/?p=509","url":"https:\/\/konsumpf.de\/?p=509","name":"extra 3-Aktion \u201eMein Strom, mein M\u00fcll\u201d - Konsumpf - Forum f\u00fcr kreative Konsumkritik - Culture Jamming, Nachhaltigkeit, Konzernkritik, Adbusting","isPartOf":{"@id":"https:\/\/konsumpf.de\/#website"},"primaryImageOfPage":{"@id":"https:\/\/konsumpf.de\/?p=509#primaryimage"},"image":{"@id":"https:\/\/konsumpf.de\/?p=509#primaryimage"},"thumbnailUrl":"http:\/\/konsumpf.de\/wp-content\/uploads\/2008\/10\/extradreiblogbildvorlage432_v-original.jpg","datePublished":"2008-10-12T16:30:34+00:00","dateModified":"2008-10-22T16:50:49+00:00","author":{"@id":"https:\/\/konsumpf.de\/#\/schema\/person\/e595a6d286b26994e7e0926d70699070"},"breadcrumb":{"@id":"https:\/\/konsumpf.de\/?p=509#breadcrumb"},"inLanguage":"de","potentialAction":[{"@type":"ReadAction","target":["https:\/\/konsumpf.de\/?p=509"]}]},{"@type":"ImageObject","inLanguage":"de","@id":"https:\/\/konsumpf.de\/?p=509#primaryimage","url":"https:\/\/konsumpf.de\/wp-content\/uploads\/2008\/10\/extradreiblogbildvorlage432_v-original.jpg","contentUrl":"https:\/\/konsumpf.de\/wp-content\/uploads\/2008\/10\/extradreiblogbildvorlage432_v-original.jpg"},{"@type":"BreadcrumbList","@id":"https:\/\/konsumpf.de\/?p=509#breadcrumb","itemListElement":[{"@type":"ListItem","position":1,"name":"Startseite","item":"https:\/\/konsumpf.de\/"},{"@type":"ListItem","position":2,"name":"extra 3-Aktion \u201eMein Strom, mein M\u00fcll\u201d"}]},{"@type":"WebSite","@id":"https:\/\/konsumpf.de\/#website","url":"https:\/\/konsumpf.de\/","name":"Konsumpf - Forum f\u00fcr kreative Konsumkritik - Culture Jamming, Nachhaltigkeit, Konzernkritik, Adbusting","description":"","potentialAction":[{"@type":"SearchAction","target":{"@type":"EntryPoint","urlTemplate":"https:\/\/konsumpf.de\/?s={search_term_string}"},"query-input":{"@type":"PropertyValueSpecification","valueRequired":true,"valueName":"search_term_string"}}],"inLanguage":"de"},{"@type":"Person","@id":"https:\/\/konsumpf.de\/#\/schema\/person\/e595a6d286b26994e7e0926d70699070","name":"Peter M.","sameAs":["http:\/\/konsumpf.de"]}]}},"_links":{"self":[{"href":"https:\/\/konsumpf.de\/index.php?rest_route=\/wp\/v2\/posts\/509"}],"collection":[{"href":"https:\/\/konsumpf.de\/index.php?rest_route=\/wp\/v2\/posts"}],"about":[{"href":"https:\/\/konsumpf.de\/index.php?rest_route=\/wp\/v2\/types\/post"}],"author":[{"embeddable":true,"href":"https:\/\/konsumpf.de\/index.php?rest_route=\/wp\/v2\/users\/1"}],"replies":[{"embeddable":true,"href":"https:\/\/konsumpf.de\/index.php?rest_route=%2Fwp%2Fv2%2Fcomments&post=509"}],"version-history":[{"count":4,"href":"https:\/\/konsumpf.de\/index.php?rest_route=\/wp\/v2\/posts\/509\/revisions"}],"predecessor-version":[{"id":514,"href":"https:\/\/konsumpf.de\/index.php?rest_route=\/wp\/v2\/posts\/509\/revisions\/514"}],"wp:attachment":[{"href":"https:\/\/konsumpf.de\/index.php?rest_route=%2Fwp%2Fv2%2Fmedia&parent=509"}],"wp:term":[{"taxonomy":"category","embeddable":true,"href":"https:\/\/konsumpf.de\/index.php?rest_route=%2Fwp%2Fv2%2Fcategories&post=509"},{"taxonomy":"post_tag","embeddable":true,"href":"https:\/\/konsumpf.de\/index.php?rest_route=%2Fwp%2Fv2%2Ftags&post=509"}],"curies":[{"name":"wp","href":"https:\/\/api.w.org\/{rel}","templated":true}]}}