{"id":5029,"date":"2009-07-22T09:47:07","date_gmt":"2009-07-22T07:47:07","guid":{"rendered":"http:\/\/konsumpf.de\/?p=5029"},"modified":"2010-11-02T22:22:48","modified_gmt":"2010-11-02T21:22:48","slug":"versendete-werte-das-privatfernsehen","status":"publish","type":"post","link":"https:\/\/konsumpf.de\/?p=5029","title":{"rendered":"Versendete Werte \u2013 Das Privatfernsehen"},"content":{"rendered":"<p><a href=\"http:\/\/konsumpf.de\/wp-content\/uploads\/2009\/07\/t_v__blue.jpg\"><img loading=\"lazy\" decoding=\"async\" class=\"alignright size-full wp-image-5129\" title=\"t_v__blue\" src=\"http:\/\/konsumpf.de\/wp-content\/uploads\/2009\/07\/t_v__blue.jpg\" alt=\"t_v__blue\" width=\"230\" height=\"172\" \/><\/a>Vor ein paar Tagen stie\u00df ich via <a href=\"http:\/\/www.kannnichtsein.com\/seltene-highlights\/versendete-werte\">Kann nicht sein, was nicht sein darf!?<\/a> auf eine bei YouTube hinterlegte Dokumentation namens \u201e<strong>Versendete Werte<\/strong>\u201c, einem Special der 3sat-Medien-Sendung <strong>Zapp<\/strong>, in dem anl\u00e4sslich des \u201eFeiertages\u201c (eher ein Trauertag) von 25 Jahren Privatfernsehen in Deutschland ein R\u00fcckblick auf den Einfluss, den diese Sender auf die Medienlandschaft hatten, geboten wird. Als bekennender Feind des Privatfernsehens freute ich mich zun\u00e4chst nat\u00fcrlich dar\u00fcber, dass darin so einige nette Breitseiten gegen RTL, Sat1 &amp; Co. ausgeteilt werden, gerade was die 100%ige Durchkommerzialisierung der Angebote angeht, die deren Programme f\u00fcr mich unsehbar und unertr\u00e4glich machen.<\/p>\n<p>Weswegen ich diese \u201eDoku\u201c hier allerdings \u00fcberhaupt erw\u00e4hne, ist jedoch etwas anderes \u2013 man kann anhand dieses Beitrags sehr sch\u00f6n sehen, wie geschickt oder auch weniger geschickt Propaganda und Manipulation im Fernsehen funktionieren. Was n\u00e4mlich unter dem Deckmantel einer seri\u00f6sen und objektiven Berichterstattung daherkommt (man l\u00e4sst ja immerhin auch den \u201eFeind\u201c, die Privaten, zu Wort kommen!), ist bei genauerer Betrachtung nicht viel mehr als ein recht plumper Versuch, die eigenen (also \u00f6ffentlich-rechtlichen) Schw\u00e4chen zu \u00fcbert\u00fcnchen und zu verharmlosen \u2013 und vor allem wird durch den ernsten Stil der Interviews unterschwellig suggeriert, dass das, was\u00a0 die \u00f6ff.-rechtl. Anstalten normalerweise so an journalistischen Inhalten ausstrahlen, durchaus seri\u00f6s und somit irgendwie wahr ist. Der sonore, fast schon staatstragende Ton eines Fritz Pleitgen l\u00e4sst beim Zuschauer jeden Zweifel, dass hier etwas anderes als die reine Wahrheit verk\u00fcndigt wird, sofort im Keime ersterben&#8230;<\/p>\n<p>Dass die Nachrichten und Berichte, die selbst auf ARD und ZDF laufen, auch nur vorselektierter Mainstream sind, so dass gewisse Dinge von vorneherein ausgeblendet werden (tiefgehende System- oder Konsumkritik z.B.), dar\u00fcber wird hier nat\u00fcrlich kein Wort verloren. Ich bekam ja schon immer einen Hals, wenn ich mal gesehen habe, dass in der Tagesschau oder bei Polittalkshows die Arbeitslosenzahlen kritiklos verk\u00fcndet werden, ohne darauf hinzuweisen, dass diese zigfach gesch\u00f6nt und durch mannigfaltige statistische Kniffe zurechtfrisiert wurden, um einen Aufschwung herbeizufabulieren. Wobei man halt im \u00f6ffentlich-rechtlichen Fernsehen wenigstens ab und an \u00fcberhaupt noch mal kritische T\u00f6ne und auch Infos \u00fcber Randthemen sieht \u2013 etwas, das man im gleichgeschalteten, ausschlie\u00dflich auf die Quote und den Umsatz des Senders schielenden Kommerzfernsehen vergebens sucht. Leider sind die \u00f6ff.-recht. Anstalten seit l\u00e4ngerem auch schon auf den Zug aufgesprungen, alles zu einem \u201eEvent\u201c umformen und maximal unterhaltsam darbieten zu m\u00fcssen.<\/p>\n<p>Dass Fernsehen generell \u201eSoma f\u00fcrs Volk\u201c ist, das die Menschen davon abhalten soll, selbst nachzudenken und am Ende gar noch auf die Stra\u00dfe zu gehen, ist ja nun auch ein nicht ganz von der Hand zu weisender Einwurf mancher Medienkritiker. Ich zitiere hier mal den besagten <em>Kann nicht sein&#8230;<\/em>-Blog:<\/p>\n<blockquote><p>(&#8230;) Mehr Ablenkung konnte man es auch nennen. Ablenkung vom eigenen Leben, Ablenkung von der eigenen Realit\u00e4t, Ablenkung von der eigenen Umwelt. Vom Job, von Geldsorgen, von famili\u00e4ren Problemen. Von der Politik, von der Zukunft, von Krieg und Frieden.<br \/>\nKlar, is ja auch viel einfacher und stressfreier: Zur\u00fccklehnen und das Gehirn ausschalten, w\u00e4hrend man sich gen\u00fcsslich ansehen kann wie andere Menschen, die man niemals kennenlernen und sp\u00e4testens 10 Minuten nach dem Konsum auch schon wieder vergessen haben wird, wahlweise ihre Wohnung, das Auto oder die Br\u00fcste repariert kriegen.<\/p>\n<p>Ich k\u00f6nnte mich jetzt wieder stundenlang \u00fcber das Programm des deutschen Fernsehens auslassen und etliche Beispiele bringen wann sich mir das letzte Mal die Fu\u00dfn\u00e4gel hochgestellt haben, aber wozu? Schalte doch einfach mal selbst kurz die Glotze an. Komm! Auf! Schalt ein. H\u00f6r doch mal f\u00fcr 2 Minuten auf zu lesen und zapp mal durch.<\/p>\n<p>Klick: Werbung, Die Supernanny, Werbung, 3 Kochsendungen, Werbung, Fakesendungen (K11, Len\u00dfen&amp;Partner, Gerichtsshows, Quizshows, Chart-Shows usw\u2026), zwischendurch Werbung, Unterhaltung, Werbung, Comedy, Werbung, Castingshows, Werbung, das Promi Dinner, Werbung, Big Brother\u2026Klick.<\/p>\n<p>Es soll ja Menschen geben denen das noch nicht einmal auff\u00e4llt.<br \/>\nMenschen die das noch nicht einmal st\u00f6rt.<br \/>\nAber warum auch? Wenn man es nicht anders kennt? Wir wachsen ja alle damit auf. Heutzutage werden Kinder schon in jungen Jahren an die bunte Welt des Fernsehens gew\u00f6hnt und auch bereits so fr\u00fch wie nur irgendm\u00f6glich von der Unterhaltungsindustrie umgarnt.\u201c Kundenbindung\u201c\u2026 damit kann man gar nicht fr\u00fch genug beginnen!<br \/>\nSo vermittelt man Werte\u2026bezahlbar bittesch\u00f6n in Euro. Dankesch\u00f6n.<\/p><\/blockquote>\n<p><object classid=\"clsid:d27cdb6e-ae6d-11cf-96b8-444553540000\" width=\"500\" height=\"300\" codebase=\"http:\/\/download.macromedia.com\/pub\/shockwave\/cabs\/flash\/swflash.cab#version=6,0,40,0\"><param name=\"allowFullScreen\" value=\"true\" \/><param name=\"allowscriptaccess\" value=\"always\" \/><param name=\"src\" value=\"http:\/\/www.youtube.com\/v\/o0hikk6P7LY?fs=1&amp;hl=de_DE\" \/><param name=\"allowfullscreen\" value=\"true\" \/><embed type=\"application\/x-shockwave-flash\" width=\"500\" height=\"300\" src=\"http:\/\/www.youtube.com\/v\/o0hikk6P7LY?fs=1&amp;hl=de_DE\" allowscriptaccess=\"always\" allowfullscreen=\"true\"><\/embed><\/object><\/p>\n<p><object classid=\"clsid:d27cdb6e-ae6d-11cf-96b8-444553540000\" width=\"500\" height=\"300\" codebase=\"http:\/\/download.macromedia.com\/pub\/shockwave\/cabs\/flash\/swflash.cab#version=6,0,40,0\"><param name=\"allowFullScreen\" value=\"true\" \/><param name=\"allowscriptaccess\" value=\"always\" \/><param name=\"src\" value=\"http:\/\/www.youtube.com\/v\/VLpl0RAhAwY?fs=1&amp;hl=de_DE\" \/><param name=\"allowfullscreen\" value=\"true\" \/><embed type=\"application\/x-shockwave-flash\" width=\"500\" height=\"300\" src=\"http:\/\/www.youtube.com\/v\/VLpl0RAhAwY?fs=1&amp;hl=de_DE\" allowscriptaccess=\"always\" allowfullscreen=\"true\"><\/embed><\/object><\/p>\n<p><object classid=\"clsid:d27cdb6e-ae6d-11cf-96b8-444553540000\" width=\"500\" height=\"300\" codebase=\"http:\/\/download.macromedia.com\/pub\/shockwave\/cabs\/flash\/swflash.cab#version=6,0,40,0\"><param name=\"allowFullScreen\" value=\"true\" \/><param name=\"allowscriptaccess\" value=\"always\" \/><param name=\"src\" value=\"http:\/\/www.youtube.com\/v\/2nnIQJnkha0?fs=1&amp;hl=de_DE\" \/><param name=\"allowfullscreen\" value=\"true\" \/><embed type=\"application\/x-shockwave-flash\" width=\"500\" height=\"300\" src=\"http:\/\/www.youtube.com\/v\/2nnIQJnkha0?fs=1&amp;hl=de_DE\" allowscriptaccess=\"always\" allowfullscreen=\"true\"><\/embed><\/object><br \/>\n<img loading=\"lazy\" decoding=\"async\" src=\"http:\/\/vg07.met.vgwort.de\/na\/9e8f52e7ce6548dcbfcc7353732330d8\" width=\"1\" height=\"1\" alt=\"\"><\/p>\n<h3 class='related_post_title'>Verwandte Beitr\u00e4ge:<\/h3><ul class='related_post'><li><a href=\"http:\/\/konsumpf.de\/?p=13180\" title=\"RTL und die asoziale \u201eSuper Nanny\u201c\">RTL und die asoziale \u201eSuper Nanny\u201c<\/a><\/li><li><a href=\"http:\/\/konsumpf.de\/?p=11825\" title=\"Das L\u00fcgenfernsehen\">Das L\u00fcgenfernsehen<\/a><\/li><li><a href=\"http:\/\/konsumpf.de\/?p=9135\" title=\"Die verdeckte PR im Boulevard\">Die verdeckte PR im Boulevard<\/a><\/li><li><a href=\"http:\/\/konsumpf.de\/?p=7519\" title=\"Fake TV \u2013 Reklame statt Recherche\">Fake TV \u2013 Reklame statt Recherche<\/a><\/li><li><a href=\"http:\/\/konsumpf.de\/?p=4058\" title=\"Die Macht der Mediaagenturen\">Die Macht der Mediaagenturen<\/a><\/li><\/ul>","protected":false},"excerpt":{"rendered":"<p>Vor ein paar Tagen stie\u00df ich via Kann nicht sein, was nicht sein darf!? auf eine bei YouTube hinterlegte Dokumentation namens \u201eVersendete Werte\u201c, einem Special der 3sat-Medien-Sendung Zapp, in dem anl\u00e4sslich des \u201eFeiertages\u201c (eher ein Trauertag) von 25 Jahren Privatfernsehen in Deutschland ein R\u00fcckblick auf den Einfluss, den diese Sender auf die Medienlandschaft hatten, geboten [&hellip;]<\/p>\n","protected":false},"author":1,"featured_media":0,"comment_status":"open","ping_status":"open","sticky":false,"template":"","format":"standard","meta":{"footnotes":""},"categories":[34,33],"tags":[723,284,2864,2863,900,64,551,285],"yoast_head":"<!-- This site is optimized with the Yoast SEO plugin v24.4 - https:\/\/yoast.com\/wordpress\/plugins\/seo\/ -->\n<title>Versendete Werte \u2013 Das Privatfernsehen - Konsumpf - Forum f\u00fcr kreative Konsumkritik - Culture Jamming, Nachhaltigkeit, Konzernkritik, Adbusting<\/title>\n<meta name=\"robots\" content=\"index, follow, max-snippet:-1, max-image-preview:large, max-video-preview:-1\" \/>\n<link rel=\"canonical\" href=\"https:\/\/konsumpf.de\/?p=5029\" \/>\n<meta property=\"og:locale\" content=\"de_DE\" \/>\n<meta property=\"og:type\" content=\"article\" \/>\n<meta property=\"og:title\" content=\"Versendete Werte \u2013 Das Privatfernsehen - Konsumpf - Forum f\u00fcr kreative Konsumkritik - Culture Jamming, Nachhaltigkeit, Konzernkritik, Adbusting\" \/>\n<meta property=\"og:description\" content=\"Vor ein paar Tagen stie\u00df ich via Kann nicht sein, was nicht sein darf!? auf eine bei YouTube hinterlegte Dokumentation namens \u201eVersendete Werte\u201c, einem Special der 3sat-Medien-Sendung Zapp, in dem anl\u00e4sslich des \u201eFeiertages\u201c (eher ein Trauertag) von 25 Jahren Privatfernsehen in Deutschland ein R\u00fcckblick auf den Einfluss, den diese Sender auf die Medienlandschaft hatten, geboten [&hellip;]\" \/>\n<meta property=\"og:url\" content=\"https:\/\/konsumpf.de\/?p=5029\" \/>\n<meta property=\"og:site_name\" content=\"Konsumpf - Forum f\u00fcr kreative Konsumkritik - Culture Jamming, Nachhaltigkeit, Konzernkritik, Adbusting\" \/>\n<meta property=\"article:published_time\" content=\"2009-07-22T07:47:07+00:00\" \/>\n<meta property=\"article:modified_time\" content=\"2010-11-02T21:22:48+00:00\" \/>\n<meta property=\"og:image\" content=\"http:\/\/konsumpf.de\/wp-content\/uploads\/2009\/07\/t_v__blue.jpg\" \/>\n<meta name=\"author\" content=\"Peter M.\" \/>\n<meta name=\"twitter:card\" content=\"summary_large_image\" \/>\n<meta name=\"twitter:label1\" content=\"Verfasst von\" \/>\n\t<meta name=\"twitter:data1\" content=\"Peter M.\" \/>\n\t<meta name=\"twitter:label2\" content=\"Gesch\u00e4tzte Lesezeit\" \/>\n\t<meta name=\"twitter:data2\" content=\"4\u00a0Minuten\" \/>\n<script type=\"application\/ld+json\" class=\"yoast-schema-graph\">{\"@context\":\"https:\/\/schema.org\",\"@graph\":[{\"@type\":\"WebPage\",\"@id\":\"https:\/\/konsumpf.de\/?p=5029\",\"url\":\"https:\/\/konsumpf.de\/?p=5029\",\"name\":\"Versendete Werte \u2013 Das Privatfernsehen - Konsumpf - Forum f\u00fcr kreative Konsumkritik - Culture Jamming, Nachhaltigkeit, Konzernkritik, Adbusting\",\"isPartOf\":{\"@id\":\"https:\/\/konsumpf.de\/#website\"},\"primaryImageOfPage\":{\"@id\":\"https:\/\/konsumpf.de\/?p=5029#primaryimage\"},\"image\":{\"@id\":\"https:\/\/konsumpf.de\/?p=5029#primaryimage\"},\"thumbnailUrl\":\"http:\/\/konsumpf.de\/wp-content\/uploads\/2009\/07\/t_v__blue.jpg\",\"datePublished\":\"2009-07-22T07:47:07+00:00\",\"dateModified\":\"2010-11-02T21:22:48+00:00\",\"author\":{\"@id\":\"https:\/\/konsumpf.de\/#\/schema\/person\/e595a6d286b26994e7e0926d70699070\"},\"breadcrumb\":{\"@id\":\"https:\/\/konsumpf.de\/?p=5029#breadcrumb\"},\"inLanguage\":\"de\",\"potentialAction\":[{\"@type\":\"ReadAction\",\"target\":[\"https:\/\/konsumpf.de\/?p=5029\"]}]},{\"@type\":\"ImageObject\",\"inLanguage\":\"de\",\"@id\":\"https:\/\/konsumpf.de\/?p=5029#primaryimage\",\"url\":\"https:\/\/konsumpf.de\/wp-content\/uploads\/2009\/07\/t_v__blue.jpg\",\"contentUrl\":\"https:\/\/konsumpf.de\/wp-content\/uploads\/2009\/07\/t_v__blue.jpg\",\"width\":\"300\",\"height\":\"225\"},{\"@type\":\"BreadcrumbList\",\"@id\":\"https:\/\/konsumpf.de\/?p=5029#breadcrumb\",\"itemListElement\":[{\"@type\":\"ListItem\",\"position\":1,\"name\":\"Startseite\",\"item\":\"https:\/\/konsumpf.de\/\"},{\"@type\":\"ListItem\",\"position\":2,\"name\":\"Versendete Werte \u2013 Das Privatfernsehen\"}]},{\"@type\":\"WebSite\",\"@id\":\"https:\/\/konsumpf.de\/#website\",\"url\":\"https:\/\/konsumpf.de\/\",\"name\":\"Konsumpf - Forum f\u00fcr kreative Konsumkritik - Culture Jamming, Nachhaltigkeit, Konzernkritik, Adbusting\",\"description\":\"\",\"potentialAction\":[{\"@type\":\"SearchAction\",\"target\":{\"@type\":\"EntryPoint\",\"urlTemplate\":\"https:\/\/konsumpf.de\/?s={search_term_string}\"},\"query-input\":{\"@type\":\"PropertyValueSpecification\",\"valueRequired\":true,\"valueName\":\"search_term_string\"}}],\"inLanguage\":\"de\"},{\"@type\":\"Person\",\"@id\":\"https:\/\/konsumpf.de\/#\/schema\/person\/e595a6d286b26994e7e0926d70699070\",\"name\":\"Peter M.\",\"sameAs\":[\"http:\/\/konsumpf.de\"]}]}<\/script>\n<!-- \/ Yoast SEO plugin. -->","yoast_head_json":{"title":"Versendete Werte \u2013 Das Privatfernsehen - Konsumpf - Forum f\u00fcr kreative Konsumkritik - Culture Jamming, Nachhaltigkeit, Konzernkritik, Adbusting","robots":{"index":"index","follow":"follow","max-snippet":"max-snippet:-1","max-image-preview":"max-image-preview:large","max-video-preview":"max-video-preview:-1"},"canonical":"https:\/\/konsumpf.de\/?p=5029","og_locale":"de_DE","og_type":"article","og_title":"Versendete Werte \u2013 Das Privatfernsehen - Konsumpf - Forum f\u00fcr kreative Konsumkritik - Culture Jamming, Nachhaltigkeit, Konzernkritik, Adbusting","og_description":"Vor ein paar Tagen stie\u00df ich via Kann nicht sein, was nicht sein darf!? auf eine bei YouTube hinterlegte Dokumentation namens \u201eVersendete Werte\u201c, einem Special der 3sat-Medien-Sendung Zapp, in dem anl\u00e4sslich des \u201eFeiertages\u201c (eher ein Trauertag) von 25 Jahren Privatfernsehen in Deutschland ein R\u00fcckblick auf den Einfluss, den diese Sender auf die Medienlandschaft hatten, geboten [&hellip;]","og_url":"https:\/\/konsumpf.de\/?p=5029","og_site_name":"Konsumpf - Forum f\u00fcr kreative Konsumkritik - Culture Jamming, Nachhaltigkeit, Konzernkritik, Adbusting","article_published_time":"2009-07-22T07:47:07+00:00","article_modified_time":"2010-11-02T21:22:48+00:00","og_image":[{"url":"http:\/\/konsumpf.de\/wp-content\/uploads\/2009\/07\/t_v__blue.jpg","type":"","width":"","height":""}],"author":"Peter M.","twitter_card":"summary_large_image","twitter_misc":{"Verfasst von":"Peter M.","Gesch\u00e4tzte Lesezeit":"4\u00a0Minuten"},"schema":{"@context":"https:\/\/schema.org","@graph":[{"@type":"WebPage","@id":"https:\/\/konsumpf.de\/?p=5029","url":"https:\/\/konsumpf.de\/?p=5029","name":"Versendete Werte \u2013 Das Privatfernsehen - Konsumpf - Forum f\u00fcr kreative Konsumkritik - Culture Jamming, Nachhaltigkeit, Konzernkritik, Adbusting","isPartOf":{"@id":"https:\/\/konsumpf.de\/#website"},"primaryImageOfPage":{"@id":"https:\/\/konsumpf.de\/?p=5029#primaryimage"},"image":{"@id":"https:\/\/konsumpf.de\/?p=5029#primaryimage"},"thumbnailUrl":"http:\/\/konsumpf.de\/wp-content\/uploads\/2009\/07\/t_v__blue.jpg","datePublished":"2009-07-22T07:47:07+00:00","dateModified":"2010-11-02T21:22:48+00:00","author":{"@id":"https:\/\/konsumpf.de\/#\/schema\/person\/e595a6d286b26994e7e0926d70699070"},"breadcrumb":{"@id":"https:\/\/konsumpf.de\/?p=5029#breadcrumb"},"inLanguage":"de","potentialAction":[{"@type":"ReadAction","target":["https:\/\/konsumpf.de\/?p=5029"]}]},{"@type":"ImageObject","inLanguage":"de","@id":"https:\/\/konsumpf.de\/?p=5029#primaryimage","url":"https:\/\/konsumpf.de\/wp-content\/uploads\/2009\/07\/t_v__blue.jpg","contentUrl":"https:\/\/konsumpf.de\/wp-content\/uploads\/2009\/07\/t_v__blue.jpg","width":"300","height":"225"},{"@type":"BreadcrumbList","@id":"https:\/\/konsumpf.de\/?p=5029#breadcrumb","itemListElement":[{"@type":"ListItem","position":1,"name":"Startseite","item":"https:\/\/konsumpf.de\/"},{"@type":"ListItem","position":2,"name":"Versendete Werte \u2013 Das Privatfernsehen"}]},{"@type":"WebSite","@id":"https:\/\/konsumpf.de\/#website","url":"https:\/\/konsumpf.de\/","name":"Konsumpf - Forum f\u00fcr kreative Konsumkritik - Culture Jamming, Nachhaltigkeit, Konzernkritik, Adbusting","description":"","potentialAction":[{"@type":"SearchAction","target":{"@type":"EntryPoint","urlTemplate":"https:\/\/konsumpf.de\/?s={search_term_string}"},"query-input":{"@type":"PropertyValueSpecification","valueRequired":true,"valueName":"search_term_string"}}],"inLanguage":"de"},{"@type":"Person","@id":"https:\/\/konsumpf.de\/#\/schema\/person\/e595a6d286b26994e7e0926d70699070","name":"Peter M.","sameAs":["http:\/\/konsumpf.de"]}]}},"_links":{"self":[{"href":"https:\/\/konsumpf.de\/index.php?rest_route=\/wp\/v2\/posts\/5029"}],"collection":[{"href":"https:\/\/konsumpf.de\/index.php?rest_route=\/wp\/v2\/posts"}],"about":[{"href":"https:\/\/konsumpf.de\/index.php?rest_route=\/wp\/v2\/types\/post"}],"author":[{"embeddable":true,"href":"https:\/\/konsumpf.de\/index.php?rest_route=\/wp\/v2\/users\/1"}],"replies":[{"embeddable":true,"href":"https:\/\/konsumpf.de\/index.php?rest_route=%2Fwp%2Fv2%2Fcomments&post=5029"}],"version-history":[{"count":16,"href":"https:\/\/konsumpf.de\/index.php?rest_route=\/wp\/v2\/posts\/5029\/revisions"}],"predecessor-version":[{"id":5128,"href":"https:\/\/konsumpf.de\/index.php?rest_route=\/wp\/v2\/posts\/5029\/revisions\/5128"}],"wp:attachment":[{"href":"https:\/\/konsumpf.de\/index.php?rest_route=%2Fwp%2Fv2%2Fmedia&parent=5029"}],"wp:term":[{"taxonomy":"category","embeddable":true,"href":"https:\/\/konsumpf.de\/index.php?rest_route=%2Fwp%2Fv2%2Fcategories&post=5029"},{"taxonomy":"post_tag","embeddable":true,"href":"https:\/\/konsumpf.de\/index.php?rest_route=%2Fwp%2Fv2%2Ftags&post=5029"}],"curies":[{"name":"wp","href":"https:\/\/api.w.org\/{rel}","templated":true}]}}