{"id":487,"date":"2008-10-21T17:50:14","date_gmt":"2008-10-21T15:50:14","guid":{"rendered":"http:\/\/konsumpf.de\/?p=487"},"modified":"2008-10-21T18:17:26","modified_gmt":"2008-10-21T16:17:26","slug":"die-uberflussgesellschaft","status":"publish","type":"post","link":"https:\/\/konsumpf.de\/?p=487","title":{"rendered":"Unsere \u00dcberflussgesellschaft"},"content":{"rendered":"<p><a href=\"http:\/\/konsumpf.de\/wp-content\/uploads\/2008\/10\/2-frauen-laden.jpg\"><img loading=\"lazy\" decoding=\"async\" class=\"alignright size-medium wp-image-492\" title=\"2-frauen-laden\" src=\"http:\/\/konsumpf.de\/wp-content\/uploads\/2008\/10\/2-frauen-laden-300x225.jpg\" alt=\"\" width=\"259\" height=\"194\" \/><\/a>Es ist schon erstaunlich und ja irgendwie erfreulich &#8211; das Thema bewusster\/nachhaltiger Konsum bzw. Umdenken beim Wirtschaften kommt immer mehr im Mainstream an &#8211; <a href=\"http:\/\/www.greenmiles.de\/buchautor-tobias-schlegel-setzt-auf-greenmiles\/\" target=\"_blank\">Tobi Schlegel schreibt ein Buch \u00fcber die Zukunftsf\u00e4higkeit der jungen Deutschen<\/a>, die neue Geo befasst sich mit \u201e<a href=\"http:\/\/bioemma.de\/2008\/10\/20\/geo-thematisiert-strategischen-konsum\/\" target=\"_blank\">Weltretter im Supermarkt<\/a>\u201d und auch auf tendenziell unpolitischen Seiten wie SmallTalk-Themen ging es neulich um die \u201e<a href=\"http:\/\/www.small-talk-themen.de\/themen\/smalltalk-thema.php?nr=3893&amp;qid=\" target=\"_blank\">Kritik an unserer \u00dcberflussgesellschaft<\/a>\u201d:<\/p>\n<blockquote><p>Die Folgen einer solchen wirtschaftlichen Entwicklung pflegte der kritische \u00d6konom John Kenneth Galbraith recht nachvollziehbar auszumalen: \u201eDie Familie, die ihr lila-kirschrotes, automatisch geschaltetes, automatisch gebremstes, mit raffinierter Luftheizung und Luftk\u00fchlung ausgestattetes Auto aus der Garage holt, um einen Ausflug zu machen, f\u00e4hrt durch Orte mit schlecht gepflasterten und ungereinigten Stra\u00dfen, verfallenen H\u00e4usern, scheu\u00dflichen Reklameschildern\u00a0&#8230; und genie\u00dft am Ufer eines verdreckten Flusses die k\u00f6stlichen Konserven aus der transportablen K\u00fchlbox.\u201d (Zitat von 1958!) <\/p><\/blockquote>\n<p>Ach ja, und in der S\u00fcddeutschen wurde gestern der US-Systemanalytiker <strong>Dennis Meadows<\/strong> zur \u201eAbkehr vom Wachstumscredo und der Frage, warum die Finanzkrise Umweltprobleme versch\u00e4rft\u201d interviewt \u2013 \u201e<a href=\"http:\/\/www.sueddeutsche.de\/wirtschaft\/919\/314815\/text\/\" target=\"_blank\">Es geht darum, weniger zu konsumieren<\/a>\u201d. <strong>Ein sehr lohnenswerter Artikel!<\/strong><\/p>\n<blockquote><p><strong>Meadows: <\/strong>Der Treiber \u00f6konomischen Wachstums ist der pers\u00f6nliche Konsum. Es geht darum, den Leuten zu vermitteln, dass sie weniger konsumieren m\u00fcssen. Dann ben\u00f6tigen wir weniger oder auch gar kein Wachstum und sparen Ressourcen und auch Geld. Diese Botschaft ist aber sehr unpopul\u00e4r. Die Antwort etwa auf teures \u00d6l im Wahlkampf in Amerika ist es, den Leuten zu versprechen, dass man die Steuern auf den Rohstoff senkt, um es billiger zu machen. Die richtige Antwort w\u00e4re aber, ihnen zu sagen, dass man die Suche und Forschung zu alternativen Rohstoffquellen unterst\u00fctzen will und dass sie nun eben mehr zahlen m\u00fcssen, bis die Alternativen greifen. Wer letzteres sagt, wird nicht gew\u00e4hlt.<\/p><\/blockquote>\n<h3 class='related_post_title'>Verwandte Beitr\u00e4ge:<\/h3><ul class='related_post'><li><a href=\"http:\/\/konsumpf.de\/?p=14651\" title=\"Tauschen ist das neue Kaufen | wellYunit\">Tauschen ist das neue Kaufen | wellYunit<\/a><\/li><li><a href=\"http:\/\/konsumpf.de\/?p=13958\" title=\"Lesetipps: Reichtum &#038; Ruhm | Hilfe, LOHAS! |\u00a0Marlboro | Konsumverzicht\">Lesetipps: Reichtum &#038; Ruhm | Hilfe, LOHAS! |\u00a0Marlboro | Konsumverzicht<\/a><\/li><li><a href=\"http:\/\/konsumpf.de\/?p=13401\" title=\"Das Umundu Festival f\u00fcr nachhaltigen Konsum in Dresden\">Das Umundu Festival f\u00fcr nachhaltigen Konsum in Dresden<\/a><\/li><li><a href=\"http:\/\/konsumpf.de\/?p=10789\" title=\"Klimaforscher will globale Konsumziele f\u00fcr die Reichen\">Klimaforscher will globale Konsumziele f\u00fcr die Reichen<\/a><\/li><li><a href=\"http:\/\/konsumpf.de\/?p=10473\" title=\"Surftipp: oeko-fair.de\">Surftipp: oeko-fair.de<\/a><\/li><\/ul>","protected":false},"excerpt":{"rendered":"<p>Es ist schon erstaunlich und ja irgendwie erfreulich &#8211; das Thema bewusster\/nachhaltiger Konsum bzw. Umdenken beim Wirtschaften kommt immer mehr im Mainstream an &#8211; Tobi Schlegel schreibt ein Buch \u00fcber die Zukunftsf\u00e4higkeit der jungen Deutschen, die neue Geo befasst sich mit \u201eWeltretter im Supermarkt\u201d und auch auf tendenziell unpolitischen Seiten wie SmallTalk-Themen ging es neulich [&hellip;]<\/p>\n","protected":false},"author":1,"featured_media":0,"comment_status":"open","ping_status":"open","sticky":false,"template":"","format":"standard","meta":{"footnotes":""},"categories":[4,54],"tags":[68,58,2870,67,66],"yoast_head":"<!-- This site is optimized with the Yoast SEO plugin v24.4 - https:\/\/yoast.com\/wordpress\/plugins\/seo\/ -->\n<title>Unsere \u00dcberflussgesellschaft - Konsumpf - Forum f\u00fcr kreative Konsumkritik - Culture Jamming, Nachhaltigkeit, Konzernkritik, Adbusting<\/title>\n<meta name=\"robots\" content=\"index, follow, max-snippet:-1, max-image-preview:large, max-video-preview:-1\" \/>\n<link rel=\"canonical\" href=\"https:\/\/konsumpf.de\/?p=487\" \/>\n<meta property=\"og:locale\" content=\"de_DE\" \/>\n<meta property=\"og:type\" content=\"article\" \/>\n<meta property=\"og:title\" content=\"Unsere \u00dcberflussgesellschaft - Konsumpf - Forum f\u00fcr kreative Konsumkritik - Culture Jamming, Nachhaltigkeit, Konzernkritik, Adbusting\" \/>\n<meta property=\"og:description\" content=\"Es ist schon erstaunlich und ja irgendwie erfreulich &#8211; das Thema bewusster\/nachhaltiger Konsum bzw. Umdenken beim Wirtschaften kommt immer mehr im Mainstream an &#8211; Tobi Schlegel schreibt ein Buch \u00fcber die Zukunftsf\u00e4higkeit der jungen Deutschen, die neue Geo befasst sich mit \u201eWeltretter im Supermarkt\u201d und auch auf tendenziell unpolitischen Seiten wie SmallTalk-Themen ging es neulich [&hellip;]\" \/>\n<meta property=\"og:url\" content=\"https:\/\/konsumpf.de\/?p=487\" \/>\n<meta property=\"og:site_name\" content=\"Konsumpf - Forum f\u00fcr kreative Konsumkritik - Culture Jamming, Nachhaltigkeit, Konzernkritik, Adbusting\" \/>\n<meta property=\"article:published_time\" content=\"2008-10-21T15:50:14+00:00\" \/>\n<meta property=\"article:modified_time\" content=\"2008-10-21T16:17:26+00:00\" \/>\n<meta property=\"og:image\" content=\"http:\/\/konsumpf.de\/wp-content\/uploads\/2008\/10\/2-frauen-laden-300x225.jpg\" \/>\n<meta name=\"author\" content=\"Peter M.\" \/>\n<meta name=\"twitter:card\" content=\"summary_large_image\" \/>\n<meta name=\"twitter:label1\" content=\"Verfasst von\" \/>\n\t<meta name=\"twitter:data1\" content=\"Peter M.\" \/>\n\t<meta name=\"twitter:label2\" content=\"Gesch\u00e4tzte Lesezeit\" \/>\n\t<meta name=\"twitter:data2\" content=\"1\u00a0Minute\" \/>\n<script type=\"application\/ld+json\" class=\"yoast-schema-graph\">{\"@context\":\"https:\/\/schema.org\",\"@graph\":[{\"@type\":\"WebPage\",\"@id\":\"https:\/\/konsumpf.de\/?p=487\",\"url\":\"https:\/\/konsumpf.de\/?p=487\",\"name\":\"Unsere \u00dcberflussgesellschaft - Konsumpf - Forum f\u00fcr kreative Konsumkritik - Culture Jamming, Nachhaltigkeit, Konzernkritik, Adbusting\",\"isPartOf\":{\"@id\":\"https:\/\/konsumpf.de\/#website\"},\"primaryImageOfPage\":{\"@id\":\"https:\/\/konsumpf.de\/?p=487#primaryimage\"},\"image\":{\"@id\":\"https:\/\/konsumpf.de\/?p=487#primaryimage\"},\"thumbnailUrl\":\"http:\/\/konsumpf.de\/wp-content\/uploads\/2008\/10\/2-frauen-laden-300x225.jpg\",\"datePublished\":\"2008-10-21T15:50:14+00:00\",\"dateModified\":\"2008-10-21T16:17:26+00:00\",\"author\":{\"@id\":\"https:\/\/konsumpf.de\/#\/schema\/person\/e595a6d286b26994e7e0926d70699070\"},\"breadcrumb\":{\"@id\":\"https:\/\/konsumpf.de\/?p=487#breadcrumb\"},\"inLanguage\":\"de\",\"potentialAction\":[{\"@type\":\"ReadAction\",\"target\":[\"https:\/\/konsumpf.de\/?p=487\"]}]},{\"@type\":\"ImageObject\",\"inLanguage\":\"de\",\"@id\":\"https:\/\/konsumpf.de\/?p=487#primaryimage\",\"url\":\"https:\/\/konsumpf.de\/wp-content\/uploads\/2008\/10\/2-frauen-laden.jpg\",\"contentUrl\":\"https:\/\/konsumpf.de\/wp-content\/uploads\/2008\/10\/2-frauen-laden.jpg\"},{\"@type\":\"BreadcrumbList\",\"@id\":\"https:\/\/konsumpf.de\/?p=487#breadcrumb\",\"itemListElement\":[{\"@type\":\"ListItem\",\"position\":1,\"name\":\"Startseite\",\"item\":\"https:\/\/konsumpf.de\/\"},{\"@type\":\"ListItem\",\"position\":2,\"name\":\"Unsere \u00dcberflussgesellschaft\"}]},{\"@type\":\"WebSite\",\"@id\":\"https:\/\/konsumpf.de\/#website\",\"url\":\"https:\/\/konsumpf.de\/\",\"name\":\"Konsumpf - Forum f\u00fcr kreative Konsumkritik - Culture Jamming, Nachhaltigkeit, Konzernkritik, Adbusting\",\"description\":\"\",\"potentialAction\":[{\"@type\":\"SearchAction\",\"target\":{\"@type\":\"EntryPoint\",\"urlTemplate\":\"https:\/\/konsumpf.de\/?s={search_term_string}\"},\"query-input\":{\"@type\":\"PropertyValueSpecification\",\"valueRequired\":true,\"valueName\":\"search_term_string\"}}],\"inLanguage\":\"de\"},{\"@type\":\"Person\",\"@id\":\"https:\/\/konsumpf.de\/#\/schema\/person\/e595a6d286b26994e7e0926d70699070\",\"name\":\"Peter M.\",\"sameAs\":[\"http:\/\/konsumpf.de\"]}]}<\/script>\n<!-- \/ Yoast SEO plugin. -->","yoast_head_json":{"title":"Unsere \u00dcberflussgesellschaft - Konsumpf - Forum f\u00fcr kreative Konsumkritik - Culture Jamming, Nachhaltigkeit, Konzernkritik, Adbusting","robots":{"index":"index","follow":"follow","max-snippet":"max-snippet:-1","max-image-preview":"max-image-preview:large","max-video-preview":"max-video-preview:-1"},"canonical":"https:\/\/konsumpf.de\/?p=487","og_locale":"de_DE","og_type":"article","og_title":"Unsere \u00dcberflussgesellschaft - Konsumpf - Forum f\u00fcr kreative Konsumkritik - Culture Jamming, Nachhaltigkeit, Konzernkritik, Adbusting","og_description":"Es ist schon erstaunlich und ja irgendwie erfreulich &#8211; das Thema bewusster\/nachhaltiger Konsum bzw. Umdenken beim Wirtschaften kommt immer mehr im Mainstream an &#8211; Tobi Schlegel schreibt ein Buch \u00fcber die Zukunftsf\u00e4higkeit der jungen Deutschen, die neue Geo befasst sich mit \u201eWeltretter im Supermarkt\u201d und auch auf tendenziell unpolitischen Seiten wie SmallTalk-Themen ging es neulich [&hellip;]","og_url":"https:\/\/konsumpf.de\/?p=487","og_site_name":"Konsumpf - Forum f\u00fcr kreative Konsumkritik - Culture Jamming, Nachhaltigkeit, Konzernkritik, Adbusting","article_published_time":"2008-10-21T15:50:14+00:00","article_modified_time":"2008-10-21T16:17:26+00:00","og_image":[{"url":"http:\/\/konsumpf.de\/wp-content\/uploads\/2008\/10\/2-frauen-laden-300x225.jpg","type":"","width":"","height":""}],"author":"Peter M.","twitter_card":"summary_large_image","twitter_misc":{"Verfasst von":"Peter M.","Gesch\u00e4tzte Lesezeit":"1\u00a0Minute"},"schema":{"@context":"https:\/\/schema.org","@graph":[{"@type":"WebPage","@id":"https:\/\/konsumpf.de\/?p=487","url":"https:\/\/konsumpf.de\/?p=487","name":"Unsere \u00dcberflussgesellschaft - Konsumpf - Forum f\u00fcr kreative Konsumkritik - Culture Jamming, Nachhaltigkeit, Konzernkritik, Adbusting","isPartOf":{"@id":"https:\/\/konsumpf.de\/#website"},"primaryImageOfPage":{"@id":"https:\/\/konsumpf.de\/?p=487#primaryimage"},"image":{"@id":"https:\/\/konsumpf.de\/?p=487#primaryimage"},"thumbnailUrl":"http:\/\/konsumpf.de\/wp-content\/uploads\/2008\/10\/2-frauen-laden-300x225.jpg","datePublished":"2008-10-21T15:50:14+00:00","dateModified":"2008-10-21T16:17:26+00:00","author":{"@id":"https:\/\/konsumpf.de\/#\/schema\/person\/e595a6d286b26994e7e0926d70699070"},"breadcrumb":{"@id":"https:\/\/konsumpf.de\/?p=487#breadcrumb"},"inLanguage":"de","potentialAction":[{"@type":"ReadAction","target":["https:\/\/konsumpf.de\/?p=487"]}]},{"@type":"ImageObject","inLanguage":"de","@id":"https:\/\/konsumpf.de\/?p=487#primaryimage","url":"https:\/\/konsumpf.de\/wp-content\/uploads\/2008\/10\/2-frauen-laden.jpg","contentUrl":"https:\/\/konsumpf.de\/wp-content\/uploads\/2008\/10\/2-frauen-laden.jpg"},{"@type":"BreadcrumbList","@id":"https:\/\/konsumpf.de\/?p=487#breadcrumb","itemListElement":[{"@type":"ListItem","position":1,"name":"Startseite","item":"https:\/\/konsumpf.de\/"},{"@type":"ListItem","position":2,"name":"Unsere \u00dcberflussgesellschaft"}]},{"@type":"WebSite","@id":"https:\/\/konsumpf.de\/#website","url":"https:\/\/konsumpf.de\/","name":"Konsumpf - Forum f\u00fcr kreative Konsumkritik - Culture Jamming, Nachhaltigkeit, Konzernkritik, Adbusting","description":"","potentialAction":[{"@type":"SearchAction","target":{"@type":"EntryPoint","urlTemplate":"https:\/\/konsumpf.de\/?s={search_term_string}"},"query-input":{"@type":"PropertyValueSpecification","valueRequired":true,"valueName":"search_term_string"}}],"inLanguage":"de"},{"@type":"Person","@id":"https:\/\/konsumpf.de\/#\/schema\/person\/e595a6d286b26994e7e0926d70699070","name":"Peter M.","sameAs":["http:\/\/konsumpf.de"]}]}},"_links":{"self":[{"href":"https:\/\/konsumpf.de\/index.php?rest_route=\/wp\/v2\/posts\/487"}],"collection":[{"href":"https:\/\/konsumpf.de\/index.php?rest_route=\/wp\/v2\/posts"}],"about":[{"href":"https:\/\/konsumpf.de\/index.php?rest_route=\/wp\/v2\/types\/post"}],"author":[{"embeddable":true,"href":"https:\/\/konsumpf.de\/index.php?rest_route=\/wp\/v2\/users\/1"}],"replies":[{"embeddable":true,"href":"https:\/\/konsumpf.de\/index.php?rest_route=%2Fwp%2Fv2%2Fcomments&post=487"}],"version-history":[{"count":13,"href":"https:\/\/konsumpf.de\/index.php?rest_route=\/wp\/v2\/posts\/487\/revisions"}],"predecessor-version":[{"id":504,"href":"https:\/\/konsumpf.de\/index.php?rest_route=\/wp\/v2\/posts\/487\/revisions\/504"}],"wp:attachment":[{"href":"https:\/\/konsumpf.de\/index.php?rest_route=%2Fwp%2Fv2%2Fmedia&parent=487"}],"wp:term":[{"taxonomy":"category","embeddable":true,"href":"https:\/\/konsumpf.de\/index.php?rest_route=%2Fwp%2Fv2%2Fcategories&post=487"},{"taxonomy":"post_tag","embeddable":true,"href":"https:\/\/konsumpf.de\/index.php?rest_route=%2Fwp%2Fv2%2Ftags&post=487"}],"curies":[{"name":"wp","href":"https:\/\/api.w.org\/{rel}","templated":true}]}}