{"id":4869,"date":"2009-07-04T10:38:49","date_gmt":"2009-07-04T08:38:49","guid":{"rendered":"http:\/\/konsumpf.de\/?p=4869"},"modified":"2009-07-04T10:48:37","modified_gmt":"2009-07-04T08:48:37","slug":"die-krise-und-der-zustand-in-island-und-italien","status":"publish","type":"post","link":"https:\/\/konsumpf.de\/?p=4869","title":{"rendered":"Die Krise und der Zustand in Island und Italien"},"content":{"rendered":"<p>Zwei Artikel sind mir gestern \u00fcber den Weg gelaufen, die sich mit den aktuellen Zust\u00e4nden und Krisenfolgen direkt in Europa befassen und die mich beide erschrocken haben. Auf <strong>Yahoo!<\/strong> fand sich der kurze und best\u00fcrzende Bericht \u201e<a href=\"http:\/\/de.biz.yahoo.com\/02072009\/3\/islaender-muessen-banken-kollaps-bluten.html\"><strong>Isl\u00e4nder m\u00fcssen f\u00fcr Bankenkollaps bluten<\/strong><\/a>\u201d, in dem es um die aktuelle Lage in <strong>Island<\/strong> geht. Der kleine Inselstaat ist von dem Bankanchaos besonders hart getroffen worden und muss nun drastische Einsparungen und Versch\u00e4rfungen in Bezug auf die B\u00fcrger in Kauf nehmen, und das, obwohl die meisten Menschen ja nichts f\u00fcr diesen Bankenpoker k\u00f6nnen. In gewisser Weise ist die Beschreibung dessen, was gerade auf Island passiert, eine komprimierte Fassung dessen, was uns auch hierzulande in Zukunft bl\u00fchen d\u00fcrfte: das f\u00fcr die Rettung der Banken verpulverte Geld muss ja an irgendeiner Stelle wieder reingeholt werden&#8230; Pikant auch, dass eine rot-gr\u00fcne Regierung in Island solche Beschl\u00fcsse fasst.<\/p>\n<blockquote><p>Knapp neun Monate nach dem Kollaps des isl\u00e4ndischen Finanzsektors bekommen die 320 000 B\u00fcrger jetzt die Rechnung f\u00fcr die gigantischen Fehlspekulationen von Bankmanagern pr\u00e4sentiert.<\/p>\n<p>Sie sollen nach der Verabschiedung eines \u00abStabilit\u00e4ts-Paketes\u00bb im Parlament in Reykjavik mit deutlich h\u00f6heren Steuern, ebenso deutlich verminderten Sozialleistungen des Staates und weniger Geld f\u00fcr Krankenh\u00e4user und Schulen dazu beitragen, das Minus im Staatshaushalt auf zehn Prozent des Bruttonationalproduktes zu beschr\u00e4nken.<\/p><\/blockquote>\n<p><a href=\"http:\/\/konsumpf.de\/wp-content\/uploads\/2009\/07\/faschistische-uniform.jpg\"><img loading=\"lazy\" decoding=\"async\" class=\"alignright size-medium wp-image-4872\" title=\"faschistische-uniform\" src=\"http:\/\/konsumpf.de\/wp-content\/uploads\/2009\/07\/faschistische-uniform-300x246.jpg\" alt=\"faschistische-uniform\" width=\"261\" height=\"214\" srcset=\"https:\/\/konsumpf.de\/wp-content\/uploads\/2009\/07\/faschistische-uniform-300x246.jpg 300w, https:\/\/konsumpf.de\/wp-content\/uploads\/2009\/07\/faschistische-uniform.jpg 400w\" sizes=\"(max-width: 261px) 100vw, 261px\" \/><\/a>Sowieso schlimm, auch schon vor dem offiziellen Ausbruch der \u201eFinanzkrise\u201c, war die Lage ja in <strong>Italien<\/strong> \u2013 ein Land, in dem so jemand wie Berlusconi, der die Medien unter seiner Fuchtel und vieles auf dem Kerbholz hat, als Regierungschef gew\u00e4hlt wird, muss masochistisch veranlagt sein. Auf <strong>Lumi\u00e8res Dans La Nuit<\/strong> habe ich nun einen Beitrag gelesen, der einen den Atem stocken l\u00e4sst, denn man kann den Eindruck bekommen, dass Italien direkt auf dem Weg zu einem neuen Faschismus ist \u2013 \u201e<a href=\"http:\/\/autismuskritik.twoday.net\/stories\/notiz-krisennews-spezial-italien\/\"><strong>Krisennews Spezial: Italien<\/strong><\/a>\u201d. Zum Beispiel wenn man sich die Uniformen der neu gegr\u00fcndeten \u201eB\u00fcrgerwehr\u201c mit ihrer Sonnenrune anschaut&#8230; wie krank ist das!<\/p>\n<blockquote><p>(&#8230;) Berlusconis Regierung hat sich w\u00e4hrenddessen auf die \u00c4rmsten der italienischen Gesellschaft eingeschossen. Seine grausame Anti-MigrantInnen Politik schlie\u00dft ein \u201eSicherheitspaket&#8221; ein, das per Notverordnung eingef\u00fchrt wurde und in dem medizinisches Personal und HausbesitzerInnen angewiesen werden, mutma\u00dflich illegale MigrantInnen zu melden. Berlusconi und seine Partner aus der Lega Nord und der \u201epostfaschistischen&#8221; Nationalen Allianz haben in Folge mehrerer Vergewaltigungen, die vorgeblich von Nicht-Italienern begangen wurden und denen gro\u00dfe mediale Aufmerksamkeit zuteil wurde, ganz bewusst Migration mit Verbrechen in Verbindung gebracht. Reagiert hat die Regierung mit lebensl\u00e4nglichen Freiheitsstrafen f\u00fcr die Vergewaltigung Minderj\u00e4hriger und \u00dcberf\u00e4lle, in denen das Opfer get\u00f6tet wird. Mit dem Vorschlag, allen Nicht-ItalienerInnen Fingerabdr\u00fccke abzunehmen strebt sie die Kriminalisierung aller MigrantInnen an. Am bedenklichsten ist, dass sie den Einsatz von Stra\u00dfenpatrouillen vorgesehen hat, die von unbewaffneten und unbezahlten Freiwilligentruppen (\u201eronde&#8221;) durchgef\u00fchrt werden &#8211; darunter auch pensionierte PolizistInnen und SoldatInnen. (&#8230;)<\/p><\/blockquote>\n<p>Und <a href=\"http:\/\/www.welt.de\/wams_print\/article4014835\/Italiens-neue-Buergerwehr.html\">Die Welt<\/a> f\u00fchrt weiter aus:<\/p>\n<blockquote><p>(&#8230;) &#8220;Die GNI ist die neueste Erfindung aus der rechtspopulistischen bis neofaschistischen Schmuddelecke Italiens. Es steht f\u00fcr &#8220;Guardia Nazionale Italiana&#8221;, &#8220;Italienische Nationalgarde&#8221;. Sie will Ordnung bringen in die italienischen Innenst\u00e4dte, die sie in einem st\u00e4ndigen Niedergang sieht, vor allem verursacht durch Einwanderer.<\/p>\n<p>Um ihr Ansinnen auch nach au\u00dfen wirkm\u00e4chtig darzustellen, greift die &#8220;Nationalgarde&#8221; in die Altkleidersammlung der Geschichte. Wer mitmachen will, soll eine Uniform tragen, die jenen aus der Zeit des Faschismus \u00e4hnelt: Springerstiefel, Khakihemden, schwarze Krawatten. So will &#8220;GNI&#8221; in Italien Streife gehen, sobald ein Gesetz der Regierung Berlusconi in Kraft tritt, das B\u00fcrgerwehren zur Unterst\u00fctzung der Polizei erlaubt. (&#8230;)<\/p>\n<p>(&#8230;) &#8220;Die Uniformen der &#8220;Nationalgarde&#8221;, die italienweit etwa 2000 Mitglieder haben soll, l\u00f6sten erwartungsgem\u00e4\u00df heftige Reaktionen aus. Junge Kommunisten diskutieren bereits in Internetforen, eine &#8220;Kommunistische Miliz Italiens&#8221; zu gr\u00fcnden, und die Nachrichtenagentur Ansa meldet, r\u00f6mische Juden h\u00e4tten angek\u00fcndigt, eine &#8220;Gegenb\u00fcrgerwehr&#8221; zu gr\u00fcnden, eine &#8220;Brigate ebraica&#8221;, eine &#8220;J\u00fcdische Brigade&#8221;. (&#8230;)<\/p><\/blockquote>\n<p>Grauenhaft, das klingt wirklich nach den 1930er Jahren, was sich da zusammenbraut&#8230;<\/p>\n<h3 class='related_post_title'>Verwandte Beitr\u00e4ge:<\/h3><ul class='related_post'><li><a href=\"http:\/\/konsumpf.de\/?p=4634\" title=\"Wir Bankenretter\">Wir Bankenretter<\/a><\/li><li><a href=\"http:\/\/konsumpf.de\/?p=14271\" title=\"Der \u00f6konomische Putsch \u2013 Was hinter den Finanzkrisen steckt\">Der \u00f6konomische Putsch \u2013 Was hinter den Finanzkrisen steckt<\/a><\/li><li><a href=\"http:\/\/konsumpf.de\/?p=10106\" title=\"Wie die Banken den Euro verspielen und sich ihre Gesetze selber schreiben\">Wie die Banken den Euro verspielen und sich ihre Gesetze selber schreiben<\/a><\/li><li><a href=\"http:\/\/konsumpf.de\/?p=5418\" title=\"\u201eAlles auf Anfang\u201c \u2013 Island in\/nach der Krise\">\u201eAlles auf Anfang\u201c \u2013 Island in\/nach der Krise<\/a><\/li><li><a href=\"http:\/\/konsumpf.de\/?p=5230\" title=\"Die Party der Banker geht weiter\">Die Party der Banker geht weiter<\/a><\/li><\/ul>","protected":false},"excerpt":{"rendered":"<p>Zwei Artikel sind mir gestern \u00fcber den Weg gelaufen, die sich mit den aktuellen Zust\u00e4nden und Krisenfolgen direkt in Europa befassen und die mich beide erschrocken haben. Auf Yahoo! fand sich der kurze und best\u00fcrzende Bericht \u201eIsl\u00e4nder m\u00fcssen f\u00fcr Bankenkollaps bluten\u201d, in dem es um die aktuelle Lage in Island geht. Der kleine Inselstaat ist [&hellip;]<\/p>\n","protected":false},"author":1,"featured_media":0,"comment_status":"open","ping_status":"open","sticky":false,"template":"","format":"standard","meta":{"footnotes":""},"categories":[30,311,259,12,53,78],"tags":[2862,868,2883,14,867,866,181],"yoast_head":"<!-- This site is optimized with the Yoast SEO plugin v24.4 - https:\/\/yoast.com\/wordpress\/plugins\/seo\/ -->\n<title>Die Krise und der Zustand in Island und Italien - Konsumpf - Forum f\u00fcr kreative Konsumkritik - Culture Jamming, Nachhaltigkeit, Konzernkritik, Adbusting<\/title>\n<meta name=\"robots\" content=\"index, follow, max-snippet:-1, max-image-preview:large, max-video-preview:-1\" \/>\n<link rel=\"canonical\" href=\"https:\/\/konsumpf.de\/?p=4869\" \/>\n<meta property=\"og:locale\" content=\"de_DE\" \/>\n<meta property=\"og:type\" content=\"article\" \/>\n<meta property=\"og:title\" content=\"Die Krise und der Zustand in Island und Italien - Konsumpf - Forum f\u00fcr kreative Konsumkritik - Culture Jamming, Nachhaltigkeit, Konzernkritik, Adbusting\" \/>\n<meta property=\"og:description\" content=\"Zwei Artikel sind mir gestern \u00fcber den Weg gelaufen, die sich mit den aktuellen Zust\u00e4nden und Krisenfolgen direkt in Europa befassen und die mich beide erschrocken haben. Auf Yahoo! fand sich der kurze und best\u00fcrzende Bericht \u201eIsl\u00e4nder m\u00fcssen f\u00fcr Bankenkollaps bluten\u201d, in dem es um die aktuelle Lage in Island geht. Der kleine Inselstaat ist [&hellip;]\" \/>\n<meta property=\"og:url\" content=\"https:\/\/konsumpf.de\/?p=4869\" \/>\n<meta property=\"og:site_name\" content=\"Konsumpf - Forum f\u00fcr kreative Konsumkritik - Culture Jamming, Nachhaltigkeit, Konzernkritik, Adbusting\" \/>\n<meta property=\"article:published_time\" content=\"2009-07-04T08:38:49+00:00\" \/>\n<meta property=\"article:modified_time\" content=\"2009-07-04T08:48:37+00:00\" \/>\n<meta property=\"og:image\" content=\"http:\/\/konsumpf.de\/wp-content\/uploads\/2009\/07\/faschistische-uniform-300x246.jpg\" \/>\n<meta name=\"author\" content=\"Peter M.\" \/>\n<meta name=\"twitter:card\" content=\"summary_large_image\" \/>\n<meta name=\"twitter:label1\" content=\"Verfasst von\" \/>\n\t<meta name=\"twitter:data1\" content=\"Peter M.\" \/>\n\t<meta name=\"twitter:label2\" content=\"Gesch\u00e4tzte Lesezeit\" \/>\n\t<meta name=\"twitter:data2\" content=\"3\u00a0Minuten\" \/>\n<script type=\"application\/ld+json\" class=\"yoast-schema-graph\">{\"@context\":\"https:\/\/schema.org\",\"@graph\":[{\"@type\":\"WebPage\",\"@id\":\"https:\/\/konsumpf.de\/?p=4869\",\"url\":\"https:\/\/konsumpf.de\/?p=4869\",\"name\":\"Die Krise und der Zustand in Island und Italien - Konsumpf - Forum f\u00fcr kreative Konsumkritik - Culture Jamming, Nachhaltigkeit, Konzernkritik, Adbusting\",\"isPartOf\":{\"@id\":\"https:\/\/konsumpf.de\/#website\"},\"primaryImageOfPage\":{\"@id\":\"https:\/\/konsumpf.de\/?p=4869#primaryimage\"},\"image\":{\"@id\":\"https:\/\/konsumpf.de\/?p=4869#primaryimage\"},\"thumbnailUrl\":\"http:\/\/konsumpf.de\/wp-content\/uploads\/2009\/07\/faschistische-uniform-300x246.jpg\",\"datePublished\":\"2009-07-04T08:38:49+00:00\",\"dateModified\":\"2009-07-04T08:48:37+00:00\",\"author\":{\"@id\":\"https:\/\/konsumpf.de\/#\/schema\/person\/e595a6d286b26994e7e0926d70699070\"},\"breadcrumb\":{\"@id\":\"https:\/\/konsumpf.de\/?p=4869#breadcrumb\"},\"inLanguage\":\"de\",\"potentialAction\":[{\"@type\":\"ReadAction\",\"target\":[\"https:\/\/konsumpf.de\/?p=4869\"]}]},{\"@type\":\"ImageObject\",\"inLanguage\":\"de\",\"@id\":\"https:\/\/konsumpf.de\/?p=4869#primaryimage\",\"url\":\"https:\/\/konsumpf.de\/wp-content\/uploads\/2009\/07\/faschistische-uniform.jpg\",\"contentUrl\":\"https:\/\/konsumpf.de\/wp-content\/uploads\/2009\/07\/faschistische-uniform.jpg\",\"width\":\"400\",\"height\":\"329\"},{\"@type\":\"BreadcrumbList\",\"@id\":\"https:\/\/konsumpf.de\/?p=4869#breadcrumb\",\"itemListElement\":[{\"@type\":\"ListItem\",\"position\":1,\"name\":\"Startseite\",\"item\":\"https:\/\/konsumpf.de\/\"},{\"@type\":\"ListItem\",\"position\":2,\"name\":\"Die Krise und der Zustand in Island und Italien\"}]},{\"@type\":\"WebSite\",\"@id\":\"https:\/\/konsumpf.de\/#website\",\"url\":\"https:\/\/konsumpf.de\/\",\"name\":\"Konsumpf - Forum f\u00fcr kreative Konsumkritik - Culture Jamming, Nachhaltigkeit, Konzernkritik, Adbusting\",\"description\":\"\",\"potentialAction\":[{\"@type\":\"SearchAction\",\"target\":{\"@type\":\"EntryPoint\",\"urlTemplate\":\"https:\/\/konsumpf.de\/?s={search_term_string}\"},\"query-input\":{\"@type\":\"PropertyValueSpecification\",\"valueRequired\":true,\"valueName\":\"search_term_string\"}}],\"inLanguage\":\"de\"},{\"@type\":\"Person\",\"@id\":\"https:\/\/konsumpf.de\/#\/schema\/person\/e595a6d286b26994e7e0926d70699070\",\"name\":\"Peter M.\",\"sameAs\":[\"http:\/\/konsumpf.de\"]}]}<\/script>\n<!-- \/ Yoast SEO plugin. -->","yoast_head_json":{"title":"Die Krise und der Zustand in Island und Italien - Konsumpf - Forum f\u00fcr kreative Konsumkritik - Culture Jamming, Nachhaltigkeit, Konzernkritik, Adbusting","robots":{"index":"index","follow":"follow","max-snippet":"max-snippet:-1","max-image-preview":"max-image-preview:large","max-video-preview":"max-video-preview:-1"},"canonical":"https:\/\/konsumpf.de\/?p=4869","og_locale":"de_DE","og_type":"article","og_title":"Die Krise und der Zustand in Island und Italien - Konsumpf - Forum f\u00fcr kreative Konsumkritik - Culture Jamming, Nachhaltigkeit, Konzernkritik, Adbusting","og_description":"Zwei Artikel sind mir gestern \u00fcber den Weg gelaufen, die sich mit den aktuellen Zust\u00e4nden und Krisenfolgen direkt in Europa befassen und die mich beide erschrocken haben. Auf Yahoo! fand sich der kurze und best\u00fcrzende Bericht \u201eIsl\u00e4nder m\u00fcssen f\u00fcr Bankenkollaps bluten\u201d, in dem es um die aktuelle Lage in Island geht. Der kleine Inselstaat ist [&hellip;]","og_url":"https:\/\/konsumpf.de\/?p=4869","og_site_name":"Konsumpf - Forum f\u00fcr kreative Konsumkritik - Culture Jamming, Nachhaltigkeit, Konzernkritik, Adbusting","article_published_time":"2009-07-04T08:38:49+00:00","article_modified_time":"2009-07-04T08:48:37+00:00","og_image":[{"url":"http:\/\/konsumpf.de\/wp-content\/uploads\/2009\/07\/faschistische-uniform-300x246.jpg","type":"","width":"","height":""}],"author":"Peter M.","twitter_card":"summary_large_image","twitter_misc":{"Verfasst von":"Peter M.","Gesch\u00e4tzte Lesezeit":"3\u00a0Minuten"},"schema":{"@context":"https:\/\/schema.org","@graph":[{"@type":"WebPage","@id":"https:\/\/konsumpf.de\/?p=4869","url":"https:\/\/konsumpf.de\/?p=4869","name":"Die Krise und der Zustand in Island und Italien - Konsumpf - Forum f\u00fcr kreative Konsumkritik - Culture Jamming, Nachhaltigkeit, Konzernkritik, Adbusting","isPartOf":{"@id":"https:\/\/konsumpf.de\/#website"},"primaryImageOfPage":{"@id":"https:\/\/konsumpf.de\/?p=4869#primaryimage"},"image":{"@id":"https:\/\/konsumpf.de\/?p=4869#primaryimage"},"thumbnailUrl":"http:\/\/konsumpf.de\/wp-content\/uploads\/2009\/07\/faschistische-uniform-300x246.jpg","datePublished":"2009-07-04T08:38:49+00:00","dateModified":"2009-07-04T08:48:37+00:00","author":{"@id":"https:\/\/konsumpf.de\/#\/schema\/person\/e595a6d286b26994e7e0926d70699070"},"breadcrumb":{"@id":"https:\/\/konsumpf.de\/?p=4869#breadcrumb"},"inLanguage":"de","potentialAction":[{"@type":"ReadAction","target":["https:\/\/konsumpf.de\/?p=4869"]}]},{"@type":"ImageObject","inLanguage":"de","@id":"https:\/\/konsumpf.de\/?p=4869#primaryimage","url":"https:\/\/konsumpf.de\/wp-content\/uploads\/2009\/07\/faschistische-uniform.jpg","contentUrl":"https:\/\/konsumpf.de\/wp-content\/uploads\/2009\/07\/faschistische-uniform.jpg","width":"400","height":"329"},{"@type":"BreadcrumbList","@id":"https:\/\/konsumpf.de\/?p=4869#breadcrumb","itemListElement":[{"@type":"ListItem","position":1,"name":"Startseite","item":"https:\/\/konsumpf.de\/"},{"@type":"ListItem","position":2,"name":"Die Krise und der Zustand in Island und Italien"}]},{"@type":"WebSite","@id":"https:\/\/konsumpf.de\/#website","url":"https:\/\/konsumpf.de\/","name":"Konsumpf - Forum f\u00fcr kreative Konsumkritik - Culture Jamming, Nachhaltigkeit, Konzernkritik, Adbusting","description":"","potentialAction":[{"@type":"SearchAction","target":{"@type":"EntryPoint","urlTemplate":"https:\/\/konsumpf.de\/?s={search_term_string}"},"query-input":{"@type":"PropertyValueSpecification","valueRequired":true,"valueName":"search_term_string"}}],"inLanguage":"de"},{"@type":"Person","@id":"https:\/\/konsumpf.de\/#\/schema\/person\/e595a6d286b26994e7e0926d70699070","name":"Peter M.","sameAs":["http:\/\/konsumpf.de"]}]}},"_links":{"self":[{"href":"https:\/\/konsumpf.de\/index.php?rest_route=\/wp\/v2\/posts\/4869"}],"collection":[{"href":"https:\/\/konsumpf.de\/index.php?rest_route=\/wp\/v2\/posts"}],"about":[{"href":"https:\/\/konsumpf.de\/index.php?rest_route=\/wp\/v2\/types\/post"}],"author":[{"embeddable":true,"href":"https:\/\/konsumpf.de\/index.php?rest_route=\/wp\/v2\/users\/1"}],"replies":[{"embeddable":true,"href":"https:\/\/konsumpf.de\/index.php?rest_route=%2Fwp%2Fv2%2Fcomments&post=4869"}],"version-history":[{"count":5,"href":"https:\/\/konsumpf.de\/index.php?rest_route=\/wp\/v2\/posts\/4869\/revisions"}],"predecessor-version":[{"id":4874,"href":"https:\/\/konsumpf.de\/index.php?rest_route=\/wp\/v2\/posts\/4869\/revisions\/4874"}],"wp:attachment":[{"href":"https:\/\/konsumpf.de\/index.php?rest_route=%2Fwp%2Fv2%2Fmedia&parent=4869"}],"wp:term":[{"taxonomy":"category","embeddable":true,"href":"https:\/\/konsumpf.de\/index.php?rest_route=%2Fwp%2Fv2%2Fcategories&post=4869"},{"taxonomy":"post_tag","embeddable":true,"href":"https:\/\/konsumpf.de\/index.php?rest_route=%2Fwp%2Fv2%2Ftags&post=4869"}],"curies":[{"name":"wp","href":"https:\/\/api.w.org\/{rel}","templated":true}]}}