{"id":4849,"date":"2009-07-03T10:13:40","date_gmt":"2009-07-03T08:13:40","guid":{"rendered":"http:\/\/konsumpf.de\/?p=4849"},"modified":"2009-10-31T21:09:23","modified_gmt":"2009-10-31T19:09:23","slug":"zwei-spannende-lesetipps-sommeredition-teil-1","status":"publish","type":"post","link":"https:\/\/konsumpf.de\/?p=4849","title":{"rendered":"Zwei spannende Lesetipps (Sommeredition Teil 1)"},"content":{"rendered":"<p><a href=\"http:\/\/konsumpf.de\/wp-content\/uploads\/2009\/07\/1178368_sit_and_read_2.jpg\"><img loading=\"lazy\" decoding=\"async\" class=\"alignright size-full wp-image-4858\" title=\"1178368_sit_and_read_2\" src=\"http:\/\/konsumpf.de\/wp-content\/uploads\/2009\/07\/1178368_sit_and_read_2.jpg\" alt=\"1178368_sit_and_read_2\" width=\"229\" height=\"170\" \/><\/a>Michael Jackson ist tot. \u00dcber diese weltbewegende Nachricht habe ich in meinem Blog nichts weiter geschrieben und wollte es eigentlich auch weiterhin so halten (Personenkult und \u201eHelden\u201cverehrung sind nicht so meine Welt) \u2013 bis ich bei <strong>Lumi\u00e8res Dans La Nuit<\/strong> auf einen passenden Nicht-Nachruf gesto\u00dfen bin, dem ich inhaltlich eigentlich voll zustimmen kann, insbesondere den Stellen \u00fcber die Inszeniertheit von Betroffenheit und der Struktur des \u201eShowbiz\u201c (den Begriff \u201eFunktionsmusik\u201c finde ich besonders sch\u00f6n) \u2013 \u201e<a href=\"http:\/\/tamagothi.wordpress.com\/2009\/06\/27\/an-stelle-eines-nachrufes\/\"><strong>Anstelle eines Nachrufs<\/strong><\/a>\u201c:<\/p>\n<blockquote><p>(&#8230;) Wenn die Menschen um mich herum auch nur halb so betroffen davon w\u00e4ren, dass ihnen ganz pers\u00f6nlich ein so genanntes \u201cGrundrecht\u201d nach dem anderen entzogen wird und dass ihnen ihr Leben verg\u00e4llt, geraubt und enteignet wird, w\u00e4hrend eine kleine Clique von Besitzenden und M\u00e4chtigen sich am geraubten Lohn ihres Schwei\u00dfes m\u00e4stet, wie sie \u00fcber den Tod eines sich durch blo\u00dfes Hinschauen als recht k\u00fcnstlich erweisenden Produktes der Contentindustrie <em>betroffen f\u00fchlen gemacht werden<\/em>, denn w\u00e4re ich f\u00fcr die Zukunft dieser Gesellschaft sehr viel optimistischer. Die industriell erstellte Unterhaltung \u2014 auch in ihren scheinbar ernsteren Inhalten, auch in ihren Meldungen vom Tod eines so genannten <em>stars<\/em>, bei dem bestenfalls die Selbstverst\u00fcmmelung und die Monstrosit\u00e4t der Fleischvermarktung astronomische Ausma\u00dfe angenommen haben \u2014 sie ist in ihrer <em>Abstopfung der Sinne und des Sinnes<\/em> nichts als Unten-Haltung. (&#8230;)<\/p>\n<p>(&#8230;) Deshalb werden heute noch synthetischere Produkte auf den Markt gespien, Gestalten, f\u00fcr die man zielgruppengerecht eing\u00e4ngige Funktionsmusik komponieren l\u00e4sst, mit der sie dann f\u00fcr ein paar Wochen oder einen Sommer lang mit aller Macht in die Rundfunkempf\u00e4nger gepresst werden, auf dass es zu einem Gesch\u00e4ft komme. Das sich auf diesem Wege irgendwelche Menschen zu <em>fans<\/em> entwickeln, die eine abstrakte pers\u00f6nliche Beziehung zu diesen Gestalten aufbauen, ist dabei explizit unerw\u00fcnscht. Gew\u00fcnscht sind <em>austauschbare Nanoprominente<\/em> f\u00fcr den Augenblick, die ohne Schmerzen f\u00fcr das kleine Investment in ihrem k\u00fcnstlichen Ruhm wieder fallen gelassen werden k\u00f6nnen. Was den Menschen heute als Glimmerwelt des <em>show business<\/em> vor Augen gestellt wird, hat l\u00e4ngst schon das volle Gepr\u00e4ge jedes anderen Wirtschaftens und erachtet seine Arbeiter (darin seid gewiss: Show ist harte Arbeit!) als Menschenmaterial, als austauschbare Batterie im industriellen Produktionsprozess. Dem entsprechend gering ist auch die M\u00fche, die zur Jetztzeit in der Vermarktung von Musik aufgew\u00e4ndet wird, sie spiegelt wider, dass es sich hierbei um ein Einwegprodukt handelt, das benutzt und anschlie\u00dfend weggeworfen wird. (&#8230;)<\/p><\/blockquote>\n<p>Und allen, die nicht davor zur\u00fcckschrecken, auch mal l\u00e4ngere Analysen lesen, sei <strong>Helmut Lotters<\/strong> Beitrag \u201e<a href=\"http:\/\/www.brandeins.de\/home\/inhalt_detail.asp?id=3045&amp;MenuID=8&amp;MagID=115&amp;sid=su861032021696734404&amp;umenuid=1\"><strong>Das Gleichgewicht und der Schrecken<\/strong><\/a>\u201c im <strong>brand eins<\/strong>-Magazin ans Herz gelegt. Es geht, grob gesagt, um Ordnungswahn, unser Wirtschaftssystem und wie die Politik darauf einwirkt. Auch wenn so manches in dem Text f\u00fcr mich etwas arg nach FDP klingt \u2013 ich finde ja beispielsweise, dass der Einfluss der Wirtschaft auf die Politik viel zu gro\u00df ist (und nicht nur umgekehrt); auch in das Loblied auf die angeblich \u201esoziale Marktwirtschaft\u201c werde ich hier sicher nicht einstimmen, denn jede dem Wachstum verpflichtete Wirtschaftsform muss irgendwann grandios scheitern (sofern der Planet nicht mitw\u00e4chst) und wird zudem auf dem R\u00fccken gro\u00dfer Teile der \u00e4rmeren Welt ausgetragen \u2013, so sind doch auch eine Reihe interessanter Gedanken enthalten, z.B. auch \u00fcber Keynes, der ja im heutigen Diskurs wieder von allen Seiten verehrt wird. Zu Unrecht, k\u00f6nnte man nun mutma\u00dfen&#8230;:<\/p>\n<blockquote><p>(&#8230;) Stabilit\u00e4t und Wachstum sind in diesem Gesetz ein und dasselbe &#8211; und das ist bereits im Wortsinn absurd. Die sogenannte quantitative Operationalisierung des Stabilit\u00e4tsgesetzes schreibt fest, dass stabile Verh\u00e4ltnisse im Lande dann herrschen, wenn das Wirtschaftswachstum zwischen drei und vier Prozent liegt. So viel Wachstum musste sein, das hatten die Experten auf der Grundlage der Verh\u00e4ltnisse der Jahre 1965 bis 1967 ausgerechnet, um das Gleichgewicht des Wohlstands zu sichern und allm\u00e4hlich auszubauen. Diese Wachstumsraten sind l\u00e4ngst zu einem Glaubensbekenntnis geworden, zu einem religi\u00f6sen Gebot der Volkswirtschaft. Weicht die Realit\u00e4t von diesen Zahlen ab, dann herrscht entweder ungehemmte Euphorie oder Katastrophenstimmung. Nur selten wird gefragt, woher diese Zahlen kommen und ob sie heute \u00fcberhaupt noch sinnvoll sind. Das ist auch so mit einem weiteren Bekenntnis des Stabilit\u00e4tsgesetzes, dem zur Vollbesch\u00e4ftigung. Und bei alldem sollten dann auch noch die Preise stabil bleiben. Ohne Zweifel herrscht der Geist des Stabilit\u00e4tsgesetzes bis heute. Was bei dieser Logik herauskommt, zeigt sich auf einen Blick. Seit 1967 steigt die Staatsverschuldung rapide an &#8211; der Abstieg beginnt damals. (&#8230;)<\/p>\n<p>Das Ohnmachtsgef\u00fchl sorgt aber nicht daf\u00fcr, dass energisch gefordert wird, die Gleichgewichtsma\u00dfnahmen zu beenden und einen Neuanfang zu wagen, in dem das einzig relevante Ziel aller Ordnung und Stabilit\u00e4t liegt: ein verst\u00e4ndlicher Rahmen, solide Grunds\u00e4tze, aus denen klare Entscheidungen abgeleitet werden k\u00f6nnen. Unz\u00e4hlige Interessengruppen intervenieren angesichts der Ordnungsflut und fordern &#8211; neue Gesetze, Ausnahmen und Regeln. Wo zu viel ist, ist gleichzeitig nichts mehr. Die Angst vor einem Wechsel und vor der Ver\u00e4nderung f\u00fchrt aber dazu, dass man immer mehr Ordnungs-Werkzeuge und Ordnungs-Regeln anh\u00e4uft, an die man sich klammert, ihre Wirkungslosigkeit erkennt und sofort neue Regeln fordert, die oben aufgepfropft werden.<\/p>\n<p>(&#8230;) Im Vorwort zur 1936 erschienenen deutschen Ausgabe seines Hauptwerks, &#8220;The General Theory of Employment, Interest and Money&#8221;, schreibt Keynes, dass seine Theorie &#8220;viel leichter den Verh\u00e4ltnissen eines totalen Staates angepasst werden&#8221; k\u00f6nnte als eine &#8220;unter Bedingungen des freien Wettbewerbes und eines gro\u00dfen Ma\u00dfes von laissez-faire erstellte Produktion. Das ist einer der Gr\u00fcnde, die es rechtfertigen, dass ich meine Theorie eine allgemeine Theorie nenne.&#8221; Keynes hat sich mit dem Buch, das in Nazideutschland unzensiert erschien und von Parteibl\u00e4ttern wohlwollend besprochen wurde, ungeniert beim NS-Regime empfohlen. Politiker, die Keynes&#8217; Theorien heute wieder empfehlen, und das sind die meisten, reden also einer &#8220;Stabilit\u00e4tstheorie&#8221; das Wort, die gut zur Tyrannei passt, weil sie daf\u00fcr verfasst wurde. Ob die Gl\u00e4ubigkeit an die staatswirtschaftliche &#8220;Allgemeine Theorie&#8221; eher auf Dummheit oder auf Naivit\u00e4t fu\u00dft, ist bis heute unklar &#8211; und unerheblich. Hier wird nichts weiter als das Gleichgewicht des Schreckens empfohlen. (&#8230;)<\/p><\/blockquote>\n<h3 class='related_post_title'>Verwandte Beitr\u00e4ge:<\/h3><ul class='related_post'><li><a href=\"http:\/\/konsumpf.de\/?p=5988\" title=\"Wohlstand ohne Wachstum\">Wohlstand ohne Wachstum<\/a><\/li><li><a href=\"http:\/\/konsumpf.de\/?p=4621\" title=\"Every bank is a bad bank \u2013 Wege aus der Wachstums\u00f6konomie 2\/2\">Every bank is a bad bank \u2013 Wege aus der Wachstums\u00f6konomie 2\/2<\/a><\/li><li><a href=\"http:\/\/konsumpf.de\/?p=4490\" title=\"Every bank is a bad bank \u2013 Wie bl\u00f6d sind wir eigentlich? &#8211; Wege aus der Wachstums\u00f6konomie 1\/2\">Every bank is a bad bank \u2013 Wie bl\u00f6d sind wir eigentlich? &#8211; Wege aus der Wachstums\u00f6konomie 1\/2<\/a><\/li><li><a href=\"http:\/\/konsumpf.de\/?p=15332\" title=\"Gef\u00e4hrliche Geheimnisse \u2013 Das Freihandelsabkommen\">Gef\u00e4hrliche Geheimnisse \u2013 Das Freihandelsabkommen<\/a><\/li><li><a href=\"http:\/\/konsumpf.de\/?p=15112\" title=\"Fernsehtipp: Weniger ist mehr \u2013 Die Grenzen des Wachstums und das bessere Leben\">Fernsehtipp: Weniger ist mehr \u2013 Die Grenzen des Wachstums und das bessere Leben<\/a><\/li><\/ul>","protected":false},"excerpt":{"rendered":"<p>Michael Jackson ist tot. \u00dcber diese weltbewegende Nachricht habe ich in meinem Blog nichts weiter geschrieben und wollte es eigentlich auch weiterhin so halten (Personenkult und \u201eHelden\u201cverehrung sind nicht so meine Welt) \u2013 bis ich bei Lumi\u00e8res Dans La Nuit auf einen passenden Nicht-Nachruf gesto\u00dfen bin, dem ich inhaltlich eigentlich voll zustimmen kann, insbesondere den [&hellip;]<\/p>\n","protected":false},"author":1,"featured_media":0,"comment_status":"open","ping_status":"open","sticky":false,"template":"","format":"standard","meta":{"footnotes":""},"categories":[12,33,53,78],"tags":[378,2883,862,859,860,863,864,861,443,97],"yoast_head":"<!-- This site is optimized with the Yoast SEO plugin v24.4 - https:\/\/yoast.com\/wordpress\/plugins\/seo\/ -->\n<title>Zwei spannende Lesetipps (Sommeredition Teil 1) - Konsumpf - Forum f\u00fcr kreative Konsumkritik - Culture Jamming, Nachhaltigkeit, Konzernkritik, Adbusting<\/title>\n<meta name=\"robots\" content=\"index, follow, max-snippet:-1, max-image-preview:large, max-video-preview:-1\" \/>\n<link rel=\"canonical\" href=\"https:\/\/konsumpf.de\/?p=4849\" \/>\n<meta property=\"og:locale\" content=\"de_DE\" \/>\n<meta property=\"og:type\" content=\"article\" \/>\n<meta property=\"og:title\" content=\"Zwei spannende Lesetipps (Sommeredition Teil 1) - Konsumpf - Forum f\u00fcr kreative Konsumkritik - Culture Jamming, Nachhaltigkeit, Konzernkritik, Adbusting\" \/>\n<meta property=\"og:description\" content=\"Michael Jackson ist tot. \u00dcber diese weltbewegende Nachricht habe ich in meinem Blog nichts weiter geschrieben und wollte es eigentlich auch weiterhin so halten (Personenkult und \u201eHelden\u201cverehrung sind nicht so meine Welt) \u2013 bis ich bei Lumi\u00e8res Dans La Nuit auf einen passenden Nicht-Nachruf gesto\u00dfen bin, dem ich inhaltlich eigentlich voll zustimmen kann, insbesondere den [&hellip;]\" \/>\n<meta property=\"og:url\" content=\"https:\/\/konsumpf.de\/?p=4849\" \/>\n<meta property=\"og:site_name\" content=\"Konsumpf - Forum f\u00fcr kreative Konsumkritik - Culture Jamming, Nachhaltigkeit, Konzernkritik, Adbusting\" \/>\n<meta property=\"article:published_time\" content=\"2009-07-03T08:13:40+00:00\" \/>\n<meta property=\"article:modified_time\" content=\"2009-10-31T19:09:23+00:00\" \/>\n<meta property=\"og:image\" content=\"http:\/\/konsumpf.de\/wp-content\/uploads\/2009\/07\/1178368_sit_and_read_2.jpg\" \/>\n<meta name=\"author\" content=\"Peter M.\" \/>\n<meta name=\"twitter:card\" content=\"summary_large_image\" \/>\n<meta name=\"twitter:label1\" content=\"Verfasst von\" \/>\n\t<meta name=\"twitter:data1\" content=\"Peter M.\" \/>\n\t<meta name=\"twitter:label2\" content=\"Gesch\u00e4tzte Lesezeit\" \/>\n\t<meta name=\"twitter:data2\" content=\"5\u00a0Minuten\" \/>\n<script type=\"application\/ld+json\" class=\"yoast-schema-graph\">{\"@context\":\"https:\/\/schema.org\",\"@graph\":[{\"@type\":\"WebPage\",\"@id\":\"https:\/\/konsumpf.de\/?p=4849\",\"url\":\"https:\/\/konsumpf.de\/?p=4849\",\"name\":\"Zwei spannende Lesetipps (Sommeredition Teil 1) - Konsumpf - Forum f\u00fcr kreative Konsumkritik - Culture Jamming, Nachhaltigkeit, Konzernkritik, Adbusting\",\"isPartOf\":{\"@id\":\"https:\/\/konsumpf.de\/#website\"},\"primaryImageOfPage\":{\"@id\":\"https:\/\/konsumpf.de\/?p=4849#primaryimage\"},\"image\":{\"@id\":\"https:\/\/konsumpf.de\/?p=4849#primaryimage\"},\"thumbnailUrl\":\"http:\/\/konsumpf.de\/wp-content\/uploads\/2009\/07\/1178368_sit_and_read_2.jpg\",\"datePublished\":\"2009-07-03T08:13:40+00:00\",\"dateModified\":\"2009-10-31T19:09:23+00:00\",\"author\":{\"@id\":\"https:\/\/konsumpf.de\/#\/schema\/person\/e595a6d286b26994e7e0926d70699070\"},\"breadcrumb\":{\"@id\":\"https:\/\/konsumpf.de\/?p=4849#breadcrumb\"},\"inLanguage\":\"de\",\"potentialAction\":[{\"@type\":\"ReadAction\",\"target\":[\"https:\/\/konsumpf.de\/?p=4849\"]}]},{\"@type\":\"ImageObject\",\"inLanguage\":\"de\",\"@id\":\"https:\/\/konsumpf.de\/?p=4849#primaryimage\",\"url\":\"https:\/\/konsumpf.de\/wp-content\/uploads\/2009\/07\/1178368_sit_and_read_2.jpg\",\"contentUrl\":\"https:\/\/konsumpf.de\/wp-content\/uploads\/2009\/07\/1178368_sit_and_read_2.jpg\",\"width\":\"300\",\"height\":\"223\"},{\"@type\":\"BreadcrumbList\",\"@id\":\"https:\/\/konsumpf.de\/?p=4849#breadcrumb\",\"itemListElement\":[{\"@type\":\"ListItem\",\"position\":1,\"name\":\"Startseite\",\"item\":\"https:\/\/konsumpf.de\/\"},{\"@type\":\"ListItem\",\"position\":2,\"name\":\"Zwei spannende Lesetipps (Sommeredition Teil 1)\"}]},{\"@type\":\"WebSite\",\"@id\":\"https:\/\/konsumpf.de\/#website\",\"url\":\"https:\/\/konsumpf.de\/\",\"name\":\"Konsumpf - Forum f\u00fcr kreative Konsumkritik - Culture Jamming, Nachhaltigkeit, Konzernkritik, Adbusting\",\"description\":\"\",\"potentialAction\":[{\"@type\":\"SearchAction\",\"target\":{\"@type\":\"EntryPoint\",\"urlTemplate\":\"https:\/\/konsumpf.de\/?s={search_term_string}\"},\"query-input\":{\"@type\":\"PropertyValueSpecification\",\"valueRequired\":true,\"valueName\":\"search_term_string\"}}],\"inLanguage\":\"de\"},{\"@type\":\"Person\",\"@id\":\"https:\/\/konsumpf.de\/#\/schema\/person\/e595a6d286b26994e7e0926d70699070\",\"name\":\"Peter M.\",\"sameAs\":[\"http:\/\/konsumpf.de\"]}]}<\/script>\n<!-- \/ Yoast SEO plugin. -->","yoast_head_json":{"title":"Zwei spannende Lesetipps (Sommeredition Teil 1) - Konsumpf - Forum f\u00fcr kreative Konsumkritik - Culture Jamming, Nachhaltigkeit, Konzernkritik, Adbusting","robots":{"index":"index","follow":"follow","max-snippet":"max-snippet:-1","max-image-preview":"max-image-preview:large","max-video-preview":"max-video-preview:-1"},"canonical":"https:\/\/konsumpf.de\/?p=4849","og_locale":"de_DE","og_type":"article","og_title":"Zwei spannende Lesetipps (Sommeredition Teil 1) - Konsumpf - Forum f\u00fcr kreative Konsumkritik - Culture Jamming, Nachhaltigkeit, Konzernkritik, Adbusting","og_description":"Michael Jackson ist tot. \u00dcber diese weltbewegende Nachricht habe ich in meinem Blog nichts weiter geschrieben und wollte es eigentlich auch weiterhin so halten (Personenkult und \u201eHelden\u201cverehrung sind nicht so meine Welt) \u2013 bis ich bei Lumi\u00e8res Dans La Nuit auf einen passenden Nicht-Nachruf gesto\u00dfen bin, dem ich inhaltlich eigentlich voll zustimmen kann, insbesondere den [&hellip;]","og_url":"https:\/\/konsumpf.de\/?p=4849","og_site_name":"Konsumpf - Forum f\u00fcr kreative Konsumkritik - Culture Jamming, Nachhaltigkeit, Konzernkritik, Adbusting","article_published_time":"2009-07-03T08:13:40+00:00","article_modified_time":"2009-10-31T19:09:23+00:00","og_image":[{"url":"http:\/\/konsumpf.de\/wp-content\/uploads\/2009\/07\/1178368_sit_and_read_2.jpg","type":"","width":"","height":""}],"author":"Peter M.","twitter_card":"summary_large_image","twitter_misc":{"Verfasst von":"Peter M.","Gesch\u00e4tzte Lesezeit":"5\u00a0Minuten"},"schema":{"@context":"https:\/\/schema.org","@graph":[{"@type":"WebPage","@id":"https:\/\/konsumpf.de\/?p=4849","url":"https:\/\/konsumpf.de\/?p=4849","name":"Zwei spannende Lesetipps (Sommeredition Teil 1) - Konsumpf - Forum f\u00fcr kreative Konsumkritik - Culture Jamming, Nachhaltigkeit, Konzernkritik, Adbusting","isPartOf":{"@id":"https:\/\/konsumpf.de\/#website"},"primaryImageOfPage":{"@id":"https:\/\/konsumpf.de\/?p=4849#primaryimage"},"image":{"@id":"https:\/\/konsumpf.de\/?p=4849#primaryimage"},"thumbnailUrl":"http:\/\/konsumpf.de\/wp-content\/uploads\/2009\/07\/1178368_sit_and_read_2.jpg","datePublished":"2009-07-03T08:13:40+00:00","dateModified":"2009-10-31T19:09:23+00:00","author":{"@id":"https:\/\/konsumpf.de\/#\/schema\/person\/e595a6d286b26994e7e0926d70699070"},"breadcrumb":{"@id":"https:\/\/konsumpf.de\/?p=4849#breadcrumb"},"inLanguage":"de","potentialAction":[{"@type":"ReadAction","target":["https:\/\/konsumpf.de\/?p=4849"]}]},{"@type":"ImageObject","inLanguage":"de","@id":"https:\/\/konsumpf.de\/?p=4849#primaryimage","url":"https:\/\/konsumpf.de\/wp-content\/uploads\/2009\/07\/1178368_sit_and_read_2.jpg","contentUrl":"https:\/\/konsumpf.de\/wp-content\/uploads\/2009\/07\/1178368_sit_and_read_2.jpg","width":"300","height":"223"},{"@type":"BreadcrumbList","@id":"https:\/\/konsumpf.de\/?p=4849#breadcrumb","itemListElement":[{"@type":"ListItem","position":1,"name":"Startseite","item":"https:\/\/konsumpf.de\/"},{"@type":"ListItem","position":2,"name":"Zwei spannende Lesetipps (Sommeredition Teil 1)"}]},{"@type":"WebSite","@id":"https:\/\/konsumpf.de\/#website","url":"https:\/\/konsumpf.de\/","name":"Konsumpf - Forum f\u00fcr kreative Konsumkritik - Culture Jamming, Nachhaltigkeit, Konzernkritik, Adbusting","description":"","potentialAction":[{"@type":"SearchAction","target":{"@type":"EntryPoint","urlTemplate":"https:\/\/konsumpf.de\/?s={search_term_string}"},"query-input":{"@type":"PropertyValueSpecification","valueRequired":true,"valueName":"search_term_string"}}],"inLanguage":"de"},{"@type":"Person","@id":"https:\/\/konsumpf.de\/#\/schema\/person\/e595a6d286b26994e7e0926d70699070","name":"Peter M.","sameAs":["http:\/\/konsumpf.de"]}]}},"_links":{"self":[{"href":"https:\/\/konsumpf.de\/index.php?rest_route=\/wp\/v2\/posts\/4849"}],"collection":[{"href":"https:\/\/konsumpf.de\/index.php?rest_route=\/wp\/v2\/posts"}],"about":[{"href":"https:\/\/konsumpf.de\/index.php?rest_route=\/wp\/v2\/types\/post"}],"author":[{"embeddable":true,"href":"https:\/\/konsumpf.de\/index.php?rest_route=\/wp\/v2\/users\/1"}],"replies":[{"embeddable":true,"href":"https:\/\/konsumpf.de\/index.php?rest_route=%2Fwp%2Fv2%2Fcomments&post=4849"}],"version-history":[{"count":13,"href":"https:\/\/konsumpf.de\/index.php?rest_route=\/wp\/v2\/posts\/4849\/revisions"}],"predecessor-version":[{"id":6200,"href":"https:\/\/konsumpf.de\/index.php?rest_route=\/wp\/v2\/posts\/4849\/revisions\/6200"}],"wp:attachment":[{"href":"https:\/\/konsumpf.de\/index.php?rest_route=%2Fwp%2Fv2%2Fmedia&parent=4849"}],"wp:term":[{"taxonomy":"category","embeddable":true,"href":"https:\/\/konsumpf.de\/index.php?rest_route=%2Fwp%2Fv2%2Fcategories&post=4849"},{"taxonomy":"post_tag","embeddable":true,"href":"https:\/\/konsumpf.de\/index.php?rest_route=%2Fwp%2Fv2%2Ftags&post=4849"}],"curies":[{"name":"wp","href":"https:\/\/api.w.org\/{rel}","templated":true}]}}