{"id":4842,"date":"2009-07-02T09:46:03","date_gmt":"2009-07-02T07:46:03","guid":{"rendered":"http:\/\/konsumpf.de\/?p=4842"},"modified":"2009-07-06T09:35:08","modified_gmt":"2009-07-06T07:35:08","slug":"der-quelle-katalog-muss-leben","status":"publish","type":"post","link":"https:\/\/konsumpf.de\/?p=4842","title":{"rendered":"Der Quelle-Katalog muss leben!"},"content":{"rendered":"<p>Nichts ist in unserer Gesellschaft so wichtig, wie der Erhalt von Arbeitspl\u00e4tzen (so sinn- &amp; nutzlos sie auch sein m\u00f6gen) sowie die M\u00f6glichkeit, ungebremst kaufen kaufen kaufen zu k\u00f6nnen. Klar, dass es sich die Politik im Wahljahr 2009 da nicht nehmen l\u00e4sst, das marode Versandhausunternehmen <strong>Quelle<\/strong> mit Steuergeldern aus der Patsche zu helfen. Rein rechnerisch wird jede Seite des nun doch erscheinenden neuen Quelle-Katalogs mit 36.000 \u20ac subventioniert \u2013 selten war ein Druckwerk so kostbar. Von der Ressourcenverschwendung durch den Druck so eines Trumms will ich gar nicht erst anfangen. Das Magazin <strong>quer<\/strong> auf <span style=\"text-decoration: line-through;\">Bayern 3<\/span> im Bayerischen Fernsehen brachte dann letzte Woche auch einen entsprechend satirisch-kritischen Beitrag\u00a0 \u201e<a href=\"http:\/\/www.br-online.de\/bayerisches-fernsehen\/quer\/quer-video-quelle-ID1241731331671.xml\"><strong>Warum der Quelle-Katalog nicht sterben darf<\/strong><\/a>\u201c sowie die Fotostrecke \u201e<a href=\"http:\/\/www.br-online.de\/bayerisches-fernsehen\/quer\/quer-quelle-katalog-ID1245873656761.xml\">Ein Hoch auf den Quelle-Katalog<\/a>\u201c:<\/p>\n<blockquote><p><span>Das Versandhaus Quelle braucht dringend einen Kredit vom Staat, damit es seinen \u00fcberlebenswichtigen Winterkatalog drucken kann. Eine B\u00fcrgschaft \u00fcber 20 Millionen Euro aus bayerischen Steuergeldern wurde bereits schnell und unb\u00fcrokratisch zugesagt. Auch wenn Kritiker die Rettungsaktion als kurzsichtige Geldvernichtung anprangern, findet quer: Recht so! Deutschland hat dem Quelle-Katalog so viel zu verdanken, da lohnt jeder Cent.<\/span><\/p><\/blockquote>\n<p><object width=\"425\" height=\"344\" data=\"http:\/\/www.youtube.com\/v\/rxH3eVv7VqQ&amp;hl=en&amp;fs=1\" type=\"application\/x-shockwave-flash\"><param name=\"allowFullScreen\" value=\"true\" \/><param name=\"allowscriptaccess\" value=\"always\" \/><param name=\"src\" value=\"http:\/\/www.youtube.com\/v\/rxH3eVv7VqQ&amp;hl=en&amp;fs=1\" \/><param name=\"allowfullscreen\" value=\"true\" \/><\/object><\/p>\n<h3 class='related_post_title'>Verwandte Beitr\u00e4ge:<\/h3><ul class='related_post'><li><a href=\"http:\/\/konsumpf.de\/?p=15354\" title=\"Die besten Weihnachtsgeschenketipps aller Zeiten\">Die besten Weihnachtsgeschenketipps aller Zeiten<\/a><\/li><li><a href=\"http:\/\/konsumpf.de\/?p=14658\" title=\"Gott hat hohe Nebenkosten\">Gott hat hohe Nebenkosten<\/a><\/li><li><a href=\"http:\/\/konsumpf.de\/?p=14616\" title=\"Weihnachten \u2013 Turbo-Konsumzeit?\">Weihnachten \u2013 Turbo-Konsumzeit?<\/a><\/li><li><a href=\"http:\/\/konsumpf.de\/?p=14524\" title=\"Subventionswahnsinn Regionalflugh\u00e4fen\">Subventionswahnsinn Regionalflugh\u00e4fen<\/a><\/li><li><a href=\"http:\/\/konsumpf.de\/?p=14469\" title=\"Affluenza \u2013 das Konsum-Virus \u2013 \u201eDer Markt ist unser Gott\u201c\">Affluenza \u2013 das Konsum-Virus \u2013 \u201eDer Markt ist unser Gott\u201c<\/a><\/li><\/ul>","protected":false},"excerpt":{"rendered":"<p>Nichts ist in unserer Gesellschaft so wichtig, wie der Erhalt von Arbeitspl\u00e4tzen (so sinn- &amp; nutzlos sie auch sein m\u00f6gen) sowie die M\u00f6glichkeit, ungebremst kaufen kaufen kaufen zu k\u00f6nnen. Klar, dass es sich die Politik im Wahljahr 2009 da nicht nehmen l\u00e4sst, das marode Versandhausunternehmen Quelle mit Steuergeldern aus der Patsche zu helfen. Rein rechnerisch [&hellip;]<\/p>\n","protected":false},"author":1,"featured_media":0,"comment_status":"open","ping_status":"open","sticky":false,"template":"","format":"standard","meta":{"footnotes":""},"categories":[311,12,4,16,53,78],"tags":[447,858,856,857,135],"yoast_head":"<!-- This site is optimized with the Yoast SEO plugin v24.4 - https:\/\/yoast.com\/wordpress\/plugins\/seo\/ -->\n<title>Der Quelle-Katalog muss leben! - Konsumpf - Forum f\u00fcr kreative Konsumkritik - Culture Jamming, Nachhaltigkeit, Konzernkritik, Adbusting<\/title>\n<meta name=\"robots\" content=\"index, follow, max-snippet:-1, max-image-preview:large, max-video-preview:-1\" \/>\n<link rel=\"canonical\" href=\"https:\/\/konsumpf.de\/?p=4842\" \/>\n<meta property=\"og:locale\" content=\"de_DE\" \/>\n<meta property=\"og:type\" content=\"article\" \/>\n<meta property=\"og:title\" content=\"Der Quelle-Katalog muss leben! - Konsumpf - Forum f\u00fcr kreative Konsumkritik - Culture Jamming, Nachhaltigkeit, Konzernkritik, Adbusting\" \/>\n<meta property=\"og:description\" content=\"Nichts ist in unserer Gesellschaft so wichtig, wie der Erhalt von Arbeitspl\u00e4tzen (so sinn- &amp; nutzlos sie auch sein m\u00f6gen) sowie die M\u00f6glichkeit, ungebremst kaufen kaufen kaufen zu k\u00f6nnen. Klar, dass es sich die Politik im Wahljahr 2009 da nicht nehmen l\u00e4sst, das marode Versandhausunternehmen Quelle mit Steuergeldern aus der Patsche zu helfen. Rein rechnerisch [&hellip;]\" \/>\n<meta property=\"og:url\" content=\"https:\/\/konsumpf.de\/?p=4842\" \/>\n<meta property=\"og:site_name\" content=\"Konsumpf - Forum f\u00fcr kreative Konsumkritik - Culture Jamming, Nachhaltigkeit, Konzernkritik, Adbusting\" \/>\n<meta property=\"article:published_time\" content=\"2009-07-02T07:46:03+00:00\" \/>\n<meta property=\"article:modified_time\" content=\"2009-07-06T07:35:08+00:00\" \/>\n<meta name=\"author\" content=\"Peter M.\" \/>\n<meta name=\"twitter:card\" content=\"summary_large_image\" \/>\n<meta name=\"twitter:label1\" content=\"Verfasst von\" \/>\n\t<meta name=\"twitter:data1\" content=\"Peter M.\" \/>\n\t<meta name=\"twitter:label2\" content=\"Gesch\u00e4tzte Lesezeit\" \/>\n\t<meta name=\"twitter:data2\" content=\"1\u00a0Minute\" \/>\n<script type=\"application\/ld+json\" class=\"yoast-schema-graph\">{\"@context\":\"https:\/\/schema.org\",\"@graph\":[{\"@type\":\"WebPage\",\"@id\":\"https:\/\/konsumpf.de\/?p=4842\",\"url\":\"https:\/\/konsumpf.de\/?p=4842\",\"name\":\"Der Quelle-Katalog muss leben! - Konsumpf - Forum f\u00fcr kreative Konsumkritik - Culture Jamming, Nachhaltigkeit, Konzernkritik, Adbusting\",\"isPartOf\":{\"@id\":\"https:\/\/konsumpf.de\/#website\"},\"datePublished\":\"2009-07-02T07:46:03+00:00\",\"dateModified\":\"2009-07-06T07:35:08+00:00\",\"author\":{\"@id\":\"https:\/\/konsumpf.de\/#\/schema\/person\/e595a6d286b26994e7e0926d70699070\"},\"breadcrumb\":{\"@id\":\"https:\/\/konsumpf.de\/?p=4842#breadcrumb\"},\"inLanguage\":\"de\",\"potentialAction\":[{\"@type\":\"ReadAction\",\"target\":[\"https:\/\/konsumpf.de\/?p=4842\"]}]},{\"@type\":\"BreadcrumbList\",\"@id\":\"https:\/\/konsumpf.de\/?p=4842#breadcrumb\",\"itemListElement\":[{\"@type\":\"ListItem\",\"position\":1,\"name\":\"Startseite\",\"item\":\"https:\/\/konsumpf.de\/\"},{\"@type\":\"ListItem\",\"position\":2,\"name\":\"Der Quelle-Katalog muss leben!\"}]},{\"@type\":\"WebSite\",\"@id\":\"https:\/\/konsumpf.de\/#website\",\"url\":\"https:\/\/konsumpf.de\/\",\"name\":\"Konsumpf - Forum f\u00fcr kreative Konsumkritik - Culture Jamming, Nachhaltigkeit, Konzernkritik, Adbusting\",\"description\":\"\",\"potentialAction\":[{\"@type\":\"SearchAction\",\"target\":{\"@type\":\"EntryPoint\",\"urlTemplate\":\"https:\/\/konsumpf.de\/?s={search_term_string}\"},\"query-input\":{\"@type\":\"PropertyValueSpecification\",\"valueRequired\":true,\"valueName\":\"search_term_string\"}}],\"inLanguage\":\"de\"},{\"@type\":\"Person\",\"@id\":\"https:\/\/konsumpf.de\/#\/schema\/person\/e595a6d286b26994e7e0926d70699070\",\"name\":\"Peter M.\",\"sameAs\":[\"http:\/\/konsumpf.de\"]}]}<\/script>\n<!-- \/ Yoast SEO plugin. -->","yoast_head_json":{"title":"Der Quelle-Katalog muss leben! - Konsumpf - Forum f\u00fcr kreative Konsumkritik - Culture Jamming, Nachhaltigkeit, Konzernkritik, Adbusting","robots":{"index":"index","follow":"follow","max-snippet":"max-snippet:-1","max-image-preview":"max-image-preview:large","max-video-preview":"max-video-preview:-1"},"canonical":"https:\/\/konsumpf.de\/?p=4842","og_locale":"de_DE","og_type":"article","og_title":"Der Quelle-Katalog muss leben! - Konsumpf - Forum f\u00fcr kreative Konsumkritik - Culture Jamming, Nachhaltigkeit, Konzernkritik, Adbusting","og_description":"Nichts ist in unserer Gesellschaft so wichtig, wie der Erhalt von Arbeitspl\u00e4tzen (so sinn- &amp; nutzlos sie auch sein m\u00f6gen) sowie die M\u00f6glichkeit, ungebremst kaufen kaufen kaufen zu k\u00f6nnen. Klar, dass es sich die Politik im Wahljahr 2009 da nicht nehmen l\u00e4sst, das marode Versandhausunternehmen Quelle mit Steuergeldern aus der Patsche zu helfen. Rein rechnerisch [&hellip;]","og_url":"https:\/\/konsumpf.de\/?p=4842","og_site_name":"Konsumpf - Forum f\u00fcr kreative Konsumkritik - Culture Jamming, Nachhaltigkeit, Konzernkritik, Adbusting","article_published_time":"2009-07-02T07:46:03+00:00","article_modified_time":"2009-07-06T07:35:08+00:00","author":"Peter M.","twitter_card":"summary_large_image","twitter_misc":{"Verfasst von":"Peter M.","Gesch\u00e4tzte Lesezeit":"1\u00a0Minute"},"schema":{"@context":"https:\/\/schema.org","@graph":[{"@type":"WebPage","@id":"https:\/\/konsumpf.de\/?p=4842","url":"https:\/\/konsumpf.de\/?p=4842","name":"Der Quelle-Katalog muss leben! - Konsumpf - Forum f\u00fcr kreative Konsumkritik - Culture Jamming, Nachhaltigkeit, Konzernkritik, Adbusting","isPartOf":{"@id":"https:\/\/konsumpf.de\/#website"},"datePublished":"2009-07-02T07:46:03+00:00","dateModified":"2009-07-06T07:35:08+00:00","author":{"@id":"https:\/\/konsumpf.de\/#\/schema\/person\/e595a6d286b26994e7e0926d70699070"},"breadcrumb":{"@id":"https:\/\/konsumpf.de\/?p=4842#breadcrumb"},"inLanguage":"de","potentialAction":[{"@type":"ReadAction","target":["https:\/\/konsumpf.de\/?p=4842"]}]},{"@type":"BreadcrumbList","@id":"https:\/\/konsumpf.de\/?p=4842#breadcrumb","itemListElement":[{"@type":"ListItem","position":1,"name":"Startseite","item":"https:\/\/konsumpf.de\/"},{"@type":"ListItem","position":2,"name":"Der Quelle-Katalog muss leben!"}]},{"@type":"WebSite","@id":"https:\/\/konsumpf.de\/#website","url":"https:\/\/konsumpf.de\/","name":"Konsumpf - Forum f\u00fcr kreative Konsumkritik - Culture Jamming, Nachhaltigkeit, Konzernkritik, Adbusting","description":"","potentialAction":[{"@type":"SearchAction","target":{"@type":"EntryPoint","urlTemplate":"https:\/\/konsumpf.de\/?s={search_term_string}"},"query-input":{"@type":"PropertyValueSpecification","valueRequired":true,"valueName":"search_term_string"}}],"inLanguage":"de"},{"@type":"Person","@id":"https:\/\/konsumpf.de\/#\/schema\/person\/e595a6d286b26994e7e0926d70699070","name":"Peter M.","sameAs":["http:\/\/konsumpf.de"]}]}},"_links":{"self":[{"href":"https:\/\/konsumpf.de\/index.php?rest_route=\/wp\/v2\/posts\/4842"}],"collection":[{"href":"https:\/\/konsumpf.de\/index.php?rest_route=\/wp\/v2\/posts"}],"about":[{"href":"https:\/\/konsumpf.de\/index.php?rest_route=\/wp\/v2\/types\/post"}],"author":[{"embeddable":true,"href":"https:\/\/konsumpf.de\/index.php?rest_route=\/wp\/v2\/users\/1"}],"replies":[{"embeddable":true,"href":"https:\/\/konsumpf.de\/index.php?rest_route=%2Fwp%2Fv2%2Fcomments&post=4842"}],"version-history":[{"count":8,"href":"https:\/\/konsumpf.de\/index.php?rest_route=\/wp\/v2\/posts\/4842\/revisions"}],"predecessor-version":[{"id":4918,"href":"https:\/\/konsumpf.de\/index.php?rest_route=\/wp\/v2\/posts\/4842\/revisions\/4918"}],"wp:attachment":[{"href":"https:\/\/konsumpf.de\/index.php?rest_route=%2Fwp%2Fv2%2Fmedia&parent=4842"}],"wp:term":[{"taxonomy":"category","embeddable":true,"href":"https:\/\/konsumpf.de\/index.php?rest_route=%2Fwp%2Fv2%2Fcategories&post=4842"},{"taxonomy":"post_tag","embeddable":true,"href":"https:\/\/konsumpf.de\/index.php?rest_route=%2Fwp%2Fv2%2Ftags&post=4842"}],"curies":[{"name":"wp","href":"https:\/\/api.w.org\/{rel}","templated":true}]}}