{"id":4712,"date":"2009-06-19T09:38:50","date_gmt":"2009-06-19T07:38:50","guid":{"rendered":"http:\/\/konsumpf.de\/?p=4712"},"modified":"2009-06-19T09:38:50","modified_gmt":"2009-06-19T07:38:50","slug":"frankfurter-bulle-in-grun","status":"publish","type":"post","link":"https:\/\/konsumpf.de\/?p=4712","title":{"rendered":"Frankfurter Bulle in Gr\u00fcn"},"content":{"rendered":"<p><a href=\"http:\/\/konsumpf.de\/wp-content\/uploads\/2009\/06\/bulleingruen.jpg\"><img loading=\"lazy\" decoding=\"async\" class=\"aligncenter size-full wp-image-4714\" title=\"bulleingruen\" src=\"http:\/\/konsumpf.de\/wp-content\/uploads\/2009\/06\/bulleingruen.jpg\" alt=\"bulleingruen\" width=\"387\" height=\"290\" srcset=\"https:\/\/konsumpf.de\/wp-content\/uploads\/2009\/06\/bulleingruen.jpg 400w, https:\/\/konsumpf.de\/wp-content\/uploads\/2009\/06\/bulleingruen-300x225.jpg 300w\" sizes=\"(max-width: 387px) 100vw, 387px\" \/><\/a><\/p>\n<p>Diese Meldung erreichte mich gestern \u2013 passend zum gerade stattfindenden <a href=\"http:\/\/karmakonsum.de\/konferenz\/\"><strong>Karmakonsum Greencamp &amp; Business-Konferenz<\/strong><\/a> (Strategien f\u00fcr neues Wirtschaften und LOHAS)<\/p>\n<blockquote><p>Bulle an der B\u00f6rse Frankfurt gr\u00fcn eingekleidet &#8230;<\/p>\n<p>Am fr\u00fchen Morgen (5:22h) des 18. Juni 2009 haben Wirtschaftsaktivisten im Vorfeld der KarmaKonsum Konferenz 2009 den Bullen vor dem Frankfurter B\u00f6rsenpakett gr\u00fcn eingekleidet und mit einem Schriftzug &lt; Gr\u00fcnes Wirtschaftswunder &gt; markiert.<\/p>\n<p>Ziel dieser Aktion ist es, die Verantwortlichen in Politik und Wirtschaft auf die Potenziale neuen Wirtschaftens hinzuweisen. In den n\u00e4chsten zwei Tagen kommen rund 600 Teilnehmer aus ganz Deutschland zur dritten KarmaKonsum Konferenz nach Frankfurt.<\/p><\/blockquote>\n<h3 class='related_post_title'>Verwandte Beitr\u00e4ge:<\/h3><ul class='related_post'><li><a href=\"http:\/\/konsumpf.de\/?p=15318\" title=\"Wem geh\u00f6rt die Welt? Wachstum durch Teilen\">Wem geh\u00f6rt die Welt? Wachstum durch Teilen<\/a><\/li><li><a href=\"http:\/\/konsumpf.de\/?p=15149\" title=\"Freihandelsabkommen: Alle Macht den Konzernen!\">Freihandelsabkommen: Alle Macht den Konzernen!<\/a><\/li><li><a href=\"http:\/\/konsumpf.de\/?p=14985\" title=\"Werbung: einige volkswirtschaftliche und soziale Auswirkungen, Teil 1\/2\">Werbung: einige volkswirtschaftliche und soziale Auswirkungen, Teil 1\/2<\/a><\/li><li><a href=\"http:\/\/konsumpf.de\/?p=14863\" title=\"Wirtschaft ohne Wachstum \u2013 eine Utopie?\">Wirtschaft ohne Wachstum \u2013 eine Utopie?<\/a><\/li><li><a href=\"http:\/\/konsumpf.de\/?p=14062\" title=\"Schulden \u2013 Die ersten 5.000 Jahre\">Schulden \u2013 Die ersten 5.000 Jahre<\/a><\/li><\/ul>","protected":false},"excerpt":{"rendered":"<p>Diese Meldung erreichte mich gestern \u2013 passend zum gerade stattfindenden Karmakonsum Greencamp &amp; Business-Konferenz (Strategien f\u00fcr neues Wirtschaften und LOHAS) Bulle an der B\u00f6rse Frankfurt gr\u00fcn eingekleidet &#8230; Am fr\u00fchen Morgen (5:22h) des 18. Juni 2009 haben Wirtschaftsaktivisten im Vorfeld der KarmaKonsum Konferenz 2009 den Bullen vor dem Frankfurter B\u00f6rsenpakett gr\u00fcn eingekleidet und mit einem [&hellip;]<\/p>\n","protected":false},"author":1,"featured_media":0,"comment_status":"open","ping_status":"open","sticky":false,"template":"","format":"standard","meta":{"footnotes":""},"categories":[54,50,78],"tags":[835,834,833,545,2872],"yoast_head":"<!-- This site is optimized with the Yoast SEO plugin v24.4 - https:\/\/yoast.com\/wordpress\/plugins\/seo\/ -->\n<title>Frankfurter Bulle in Gr\u00fcn - Konsumpf - Forum f\u00fcr kreative Konsumkritik - Culture Jamming, Nachhaltigkeit, Konzernkritik, Adbusting<\/title>\n<meta name=\"robots\" content=\"index, follow, max-snippet:-1, max-image-preview:large, max-video-preview:-1\" \/>\n<link rel=\"canonical\" href=\"https:\/\/konsumpf.de\/?p=4712\" \/>\n<meta property=\"og:locale\" content=\"de_DE\" \/>\n<meta property=\"og:type\" content=\"article\" \/>\n<meta property=\"og:title\" content=\"Frankfurter Bulle in Gr\u00fcn - Konsumpf - Forum f\u00fcr kreative Konsumkritik - Culture Jamming, Nachhaltigkeit, Konzernkritik, Adbusting\" \/>\n<meta property=\"og:description\" content=\"Diese Meldung erreichte mich gestern \u2013 passend zum gerade stattfindenden Karmakonsum Greencamp &amp; Business-Konferenz (Strategien f\u00fcr neues Wirtschaften und LOHAS) Bulle an der B\u00f6rse Frankfurt gr\u00fcn eingekleidet &#8230; Am fr\u00fchen Morgen (5:22h) des 18. Juni 2009 haben Wirtschaftsaktivisten im Vorfeld der KarmaKonsum Konferenz 2009 den Bullen vor dem Frankfurter B\u00f6rsenpakett gr\u00fcn eingekleidet und mit einem [&hellip;]\" \/>\n<meta property=\"og:url\" content=\"https:\/\/konsumpf.de\/?p=4712\" \/>\n<meta property=\"og:site_name\" content=\"Konsumpf - Forum f\u00fcr kreative Konsumkritik - Culture Jamming, Nachhaltigkeit, Konzernkritik, Adbusting\" \/>\n<meta property=\"article:published_time\" content=\"2009-06-19T07:38:50+00:00\" \/>\n<meta property=\"og:image\" content=\"http:\/\/konsumpf.de\/wp-content\/uploads\/2009\/06\/bulleingruen.jpg\" \/>\n<meta name=\"author\" content=\"Peter M.\" \/>\n<meta name=\"twitter:card\" content=\"summary_large_image\" \/>\n<meta name=\"twitter:label1\" content=\"Verfasst von\" \/>\n\t<meta name=\"twitter:data1\" content=\"Peter M.\" \/>\n<script type=\"application\/ld+json\" class=\"yoast-schema-graph\">{\"@context\":\"https:\/\/schema.org\",\"@graph\":[{\"@type\":\"WebPage\",\"@id\":\"https:\/\/konsumpf.de\/?p=4712\",\"url\":\"https:\/\/konsumpf.de\/?p=4712\",\"name\":\"Frankfurter Bulle in Gr\u00fcn - Konsumpf - Forum f\u00fcr kreative Konsumkritik - Culture Jamming, Nachhaltigkeit, Konzernkritik, Adbusting\",\"isPartOf\":{\"@id\":\"https:\/\/konsumpf.de\/#website\"},\"primaryImageOfPage\":{\"@id\":\"https:\/\/konsumpf.de\/?p=4712#primaryimage\"},\"image\":{\"@id\":\"https:\/\/konsumpf.de\/?p=4712#primaryimage\"},\"thumbnailUrl\":\"http:\/\/konsumpf.de\/wp-content\/uploads\/2009\/06\/bulleingruen.jpg\",\"datePublished\":\"2009-06-19T07:38:50+00:00\",\"author\":{\"@id\":\"https:\/\/konsumpf.de\/#\/schema\/person\/e595a6d286b26994e7e0926d70699070\"},\"breadcrumb\":{\"@id\":\"https:\/\/konsumpf.de\/?p=4712#breadcrumb\"},\"inLanguage\":\"de\",\"potentialAction\":[{\"@type\":\"ReadAction\",\"target\":[\"https:\/\/konsumpf.de\/?p=4712\"]}]},{\"@type\":\"ImageObject\",\"inLanguage\":\"de\",\"@id\":\"https:\/\/konsumpf.de\/?p=4712#primaryimage\",\"url\":\"https:\/\/konsumpf.de\/wp-content\/uploads\/2009\/06\/bulleingruen.jpg\",\"contentUrl\":\"https:\/\/konsumpf.de\/wp-content\/uploads\/2009\/06\/bulleingruen.jpg\",\"width\":\"400\",\"height\":\"300\"},{\"@type\":\"BreadcrumbList\",\"@id\":\"https:\/\/konsumpf.de\/?p=4712#breadcrumb\",\"itemListElement\":[{\"@type\":\"ListItem\",\"position\":1,\"name\":\"Startseite\",\"item\":\"https:\/\/konsumpf.de\/\"},{\"@type\":\"ListItem\",\"position\":2,\"name\":\"Frankfurter Bulle in Gr\u00fcn\"}]},{\"@type\":\"WebSite\",\"@id\":\"https:\/\/konsumpf.de\/#website\",\"url\":\"https:\/\/konsumpf.de\/\",\"name\":\"Konsumpf - Forum f\u00fcr kreative Konsumkritik - Culture Jamming, Nachhaltigkeit, Konzernkritik, Adbusting\",\"description\":\"\",\"potentialAction\":[{\"@type\":\"SearchAction\",\"target\":{\"@type\":\"EntryPoint\",\"urlTemplate\":\"https:\/\/konsumpf.de\/?s={search_term_string}\"},\"query-input\":{\"@type\":\"PropertyValueSpecification\",\"valueRequired\":true,\"valueName\":\"search_term_string\"}}],\"inLanguage\":\"de\"},{\"@type\":\"Person\",\"@id\":\"https:\/\/konsumpf.de\/#\/schema\/person\/e595a6d286b26994e7e0926d70699070\",\"name\":\"Peter M.\",\"sameAs\":[\"http:\/\/konsumpf.de\"]}]}<\/script>\n<!-- \/ Yoast SEO plugin. -->","yoast_head_json":{"title":"Frankfurter Bulle in Gr\u00fcn - Konsumpf - Forum f\u00fcr kreative Konsumkritik - Culture Jamming, Nachhaltigkeit, Konzernkritik, Adbusting","robots":{"index":"index","follow":"follow","max-snippet":"max-snippet:-1","max-image-preview":"max-image-preview:large","max-video-preview":"max-video-preview:-1"},"canonical":"https:\/\/konsumpf.de\/?p=4712","og_locale":"de_DE","og_type":"article","og_title":"Frankfurter Bulle in Gr\u00fcn - Konsumpf - Forum f\u00fcr kreative Konsumkritik - Culture Jamming, Nachhaltigkeit, Konzernkritik, Adbusting","og_description":"Diese Meldung erreichte mich gestern \u2013 passend zum gerade stattfindenden Karmakonsum Greencamp &amp; Business-Konferenz (Strategien f\u00fcr neues Wirtschaften und LOHAS) Bulle an der B\u00f6rse Frankfurt gr\u00fcn eingekleidet &#8230; Am fr\u00fchen Morgen (5:22h) des 18. Juni 2009 haben Wirtschaftsaktivisten im Vorfeld der KarmaKonsum Konferenz 2009 den Bullen vor dem Frankfurter B\u00f6rsenpakett gr\u00fcn eingekleidet und mit einem [&hellip;]","og_url":"https:\/\/konsumpf.de\/?p=4712","og_site_name":"Konsumpf - Forum f\u00fcr kreative Konsumkritik - Culture Jamming, Nachhaltigkeit, Konzernkritik, Adbusting","article_published_time":"2009-06-19T07:38:50+00:00","og_image":[{"url":"http:\/\/konsumpf.de\/wp-content\/uploads\/2009\/06\/bulleingruen.jpg","type":"","width":"","height":""}],"author":"Peter M.","twitter_card":"summary_large_image","twitter_misc":{"Verfasst von":"Peter M."},"schema":{"@context":"https:\/\/schema.org","@graph":[{"@type":"WebPage","@id":"https:\/\/konsumpf.de\/?p=4712","url":"https:\/\/konsumpf.de\/?p=4712","name":"Frankfurter Bulle in Gr\u00fcn - Konsumpf - Forum f\u00fcr kreative Konsumkritik - Culture Jamming, Nachhaltigkeit, Konzernkritik, Adbusting","isPartOf":{"@id":"https:\/\/konsumpf.de\/#website"},"primaryImageOfPage":{"@id":"https:\/\/konsumpf.de\/?p=4712#primaryimage"},"image":{"@id":"https:\/\/konsumpf.de\/?p=4712#primaryimage"},"thumbnailUrl":"http:\/\/konsumpf.de\/wp-content\/uploads\/2009\/06\/bulleingruen.jpg","datePublished":"2009-06-19T07:38:50+00:00","author":{"@id":"https:\/\/konsumpf.de\/#\/schema\/person\/e595a6d286b26994e7e0926d70699070"},"breadcrumb":{"@id":"https:\/\/konsumpf.de\/?p=4712#breadcrumb"},"inLanguage":"de","potentialAction":[{"@type":"ReadAction","target":["https:\/\/konsumpf.de\/?p=4712"]}]},{"@type":"ImageObject","inLanguage":"de","@id":"https:\/\/konsumpf.de\/?p=4712#primaryimage","url":"https:\/\/konsumpf.de\/wp-content\/uploads\/2009\/06\/bulleingruen.jpg","contentUrl":"https:\/\/konsumpf.de\/wp-content\/uploads\/2009\/06\/bulleingruen.jpg","width":"400","height":"300"},{"@type":"BreadcrumbList","@id":"https:\/\/konsumpf.de\/?p=4712#breadcrumb","itemListElement":[{"@type":"ListItem","position":1,"name":"Startseite","item":"https:\/\/konsumpf.de\/"},{"@type":"ListItem","position":2,"name":"Frankfurter Bulle in Gr\u00fcn"}]},{"@type":"WebSite","@id":"https:\/\/konsumpf.de\/#website","url":"https:\/\/konsumpf.de\/","name":"Konsumpf - Forum f\u00fcr kreative Konsumkritik - Culture Jamming, Nachhaltigkeit, Konzernkritik, Adbusting","description":"","potentialAction":[{"@type":"SearchAction","target":{"@type":"EntryPoint","urlTemplate":"https:\/\/konsumpf.de\/?s={search_term_string}"},"query-input":{"@type":"PropertyValueSpecification","valueRequired":true,"valueName":"search_term_string"}}],"inLanguage":"de"},{"@type":"Person","@id":"https:\/\/konsumpf.de\/#\/schema\/person\/e595a6d286b26994e7e0926d70699070","name":"Peter M.","sameAs":["http:\/\/konsumpf.de"]}]}},"_links":{"self":[{"href":"https:\/\/konsumpf.de\/index.php?rest_route=\/wp\/v2\/posts\/4712"}],"collection":[{"href":"https:\/\/konsumpf.de\/index.php?rest_route=\/wp\/v2\/posts"}],"about":[{"href":"https:\/\/konsumpf.de\/index.php?rest_route=\/wp\/v2\/types\/post"}],"author":[{"embeddable":true,"href":"https:\/\/konsumpf.de\/index.php?rest_route=\/wp\/v2\/users\/1"}],"replies":[{"embeddable":true,"href":"https:\/\/konsumpf.de\/index.php?rest_route=%2Fwp%2Fv2%2Fcomments&post=4712"}],"version-history":[{"count":2,"href":"https:\/\/konsumpf.de\/index.php?rest_route=\/wp\/v2\/posts\/4712\/revisions"}],"predecessor-version":[{"id":4715,"href":"https:\/\/konsumpf.de\/index.php?rest_route=\/wp\/v2\/posts\/4712\/revisions\/4715"}],"wp:attachment":[{"href":"https:\/\/konsumpf.de\/index.php?rest_route=%2Fwp%2Fv2%2Fmedia&parent=4712"}],"wp:term":[{"taxonomy":"category","embeddable":true,"href":"https:\/\/konsumpf.de\/index.php?rest_route=%2Fwp%2Fv2%2Fcategories&post=4712"},{"taxonomy":"post_tag","embeddable":true,"href":"https:\/\/konsumpf.de\/index.php?rest_route=%2Fwp%2Fv2%2Ftags&post=4712"}],"curies":[{"name":"wp","href":"https:\/\/api.w.org\/{rel}","templated":true}]}}