{"id":4698,"date":"2009-06-16T09:59:12","date_gmt":"2009-06-16T07:59:12","guid":{"rendered":"http:\/\/konsumpf.de\/?p=4698"},"modified":"2009-06-15T22:49:03","modified_gmt":"2009-06-15T20:49:03","slug":"arbeit","status":"publish","type":"post","link":"https:\/\/konsumpf.de\/?p=4698","title":{"rendered":"Arbeit&#8230;"},"content":{"rendered":"<p>Da mir momentan die Arbeit am Blog ein wenig schwer f\u00e4llt, dachte ich mir, dass es passend sein k\u00f6nnte, das neulich im Zeit-Artikel \u201e<a href=\"http:\/\/www.zeit.de\/2009\/22\/DOS-Wachstum\"><strong>Wir k\u00f6nnten auch anders<\/strong><\/a>\u201c schon einmal angesprochene Thema der \u00dcberh\u00f6hung des Status der Erwerbsarbeit in unserer Gesellschaft nochmal aufzugreifen. Anlass daf\u00fcr ist aktuell der sehr gute Beitrag \u201e<a href=\"http:\/\/www.claudia-klinger.de\/digidiary\/2009\/06\/10\/arbeitsplaetze-erhalten-warum-eigentlich\/\"><strong>Arbeitspl\u00e4tze erhalten \u2013 warum eigentlich?<\/strong><\/a>\u201c von Claudia Klinger in ihrem <strong>digital diary<\/strong>, in dem sie sich fragt, wie es eigentlich kommt, dass die Politik ihr Trachten nur noch nach der Maximierung der Arbeitnehmerzahlen ausrichtet, sei die Arbeit auch noch so sinnlos und unbefriedigend.<\/p>\n<blockquote><p><em>\u201cDer sch\u00f6nste Platz ist der Arbeitsplatz\u201d<\/em> &#8211; ich hab\u2019 vergessen, welcher SPD-Politiker diesen abgr\u00fcndigen Spruch verzapft hat, doch steht er aus meiner Sicht f\u00fcr eine leider sehr verbreitete Geisteskrankheit, die den Menschen allein nach seiner Produktivit\u00e4t im kommerziellen Erwerbsleben bewertet. Und dabei machen (fast) alle mit, speziell auch alle, die sich das \u201cSoziale\u201d auf die Fahnen schreiben. Wie um Himmels Willen soll da das n\u00f6tige Downsizing in Sachen Energie und Ressourcenverbrauch geschehen, wenn alle so furchtbar gerne arbeiten &#8211; und sei es als der sprichw\u00f6rtliche Heizer auf der E-Lok?<\/p>\n<p>(&#8230;) Schon in den 70gern, als ich als Gymnasiastin und dann als Studentin meine Job-Erfahrungen in der Arbeitswelt machte, wusste ich: DAS will ich nicht! Fast \u00fcberall traf ich auf Menschen, die sich f\u00fcr ihre Arbeit kaum bis gar nicht interessierten, die da ihre Stunden m\u00f6glichst fr\u00fch am Tag hinter sich brachten und in deren t\u00e4glichem Smalltalk vor allem vom Urlaub, vom baldigen Wochenende und von dem, was man sich alles kaufen wird, die Rede war. Es herrschte eine Langeweile in diesen Beh\u00f6rden und Gro\u00dfunternehmen, dass ich fast Ausschlag vor innerer Ablehnung bekam und mich immer wieder fragte: Warum machen die das so mit, noch dazu \u201clebensl\u00e4nglich\u201d?<\/p>\n<p>Mittlerweile hat der Stress die Langeweile in der Arbeitswelt abgel\u00f6st, es gibt eine Menge \u201cArbeitspl\u00e4tze\u201d, von denen man nicht mal mehr leben kann &#8211; aber die Grundhaltung hat sich nicht etwa ver\u00e4ndert: Nur ein Arbeitnehmer gilt als n\u00fctzliches Mitglied der Gesellschaft. Und wer da raus zu fallen droht, f\u00fcrchtet quasi den Abstieg in die H\u00f6lle. Kein Wunder, wenn alle so denken!<\/p><\/blockquote>\n<p>Passend dazu rechnen sich die jeweiligen Bundesregierungen schon seit jeher die <strong>Arbeitslosenzahlen<\/strong> sch\u00f6n, damit ihre Regierungsarbeit in dem entsprechenden hellen Licht der \u201eArbeits-Gesellschaft\u201c (wie die ZEIT die deutsche Gesellschaft titulierte) erstrahlen. \u00dcber diese gesch\u00f6nten Statistiken gab es schon viele Beitr\u00e4ge in den einschl\u00e4gigen Blogs und Foren (z.B. bei <a href=\"http:\/\/wirtschaftquerschuss.blogspot.com\/2009\/01\/trendwende-beim-deutschen-jobwunder.html\">Quersch\u00fcsse<\/a>), aber unl\u00e4ngst brachte das ARD-Magazin <strong>Panorama<\/strong> auch diesen ganz aktuellen Beitrag \u201e<strong><a href=\"http:\/\/daserste.ndr.de\/panorama\/archiv\/2009\/panoramaarbeitslosenstatistik100.html\">5,2 Mio Arbeitslose in Deutschland \u2013 Ministerium f\u00e4lscht Statistiken<\/a>\u201c<\/strong>, der zeigt, wie dort verfahren wird, um der \u00d6ffentlichkeit einen Aufschwung vorzugaukeln. Erschreckender Weise machen die meisten Medien bei diesem Spiel einfach mit \u2013 selbst so vermeintlich seri\u00f6se Sendungen wie die Tagesschau vermelden die \u201eoffiziellen Zahlen\u201c ja als de facto Wahrheit.<\/p>\n<blockquote><p><span>In Zeiten von Wirtschaftskrise und Wahlkampf gibt es kaum Wichtigeres als die neuen Arbeitsmarktzahlen. Und bei der Verk\u00fcndung der neuen Arbeitslosenstatistik konnte die Regierung einen Erfolg feiern. Weniger Arbeitslose \u2013 trotz Krise.<\/span><\/p>\n<p>Doch dahinter steckt auch ein statistischer Kniff. Denn weniger Arbeitslose, das hei\u00dft noch lange nicht, dass mehr B\u00fcrger einen Job haben. Tats\u00e4chlich hat sich die Zahl der Menschen in Lohn und Brot kaum ver\u00e4ndert. Die Regierung hat lediglich die Z\u00e4hlweise ge\u00e4ndert, rechnet immer mehr Arbeitslose aus der Statistik heraus. Ein Arbeitsloser weniger ist etwa Wolfgang K. Die Arbeitsagentur hatte ihn zu einem privaten Arbeitsvermittler geschickt. Das reichte aus, um ihn aus der Hauptsumme der Arbeitslosen herauszurechnen, ohne dass er einen Job oder eine Ausbildung bekommen hat. Alle zwei Wochen hat er jetzt einen Termin beim privaten Vermittler.<\/p>\n<p>Schon seit Jahren hat die Arbeitslosenstatistik immer weniger Aussagekraft. Panorama zeigt, welche Tricks sich die Regierung vor der hei\u00dfen Phase des Bundestagswahlkampfes hat einfallen lassen.<\/p><\/blockquote>\n<p><object width=\"450\" height=\"273\" data=\"http:\/\/www.youtube.com\/v\/DzD1I3KM7YU&amp;hl=de&amp;fs=1&amp;\" type=\"application\/x-shockwave-flash\"><param name=\"allowFullScreen\" value=\"true\" \/><param name=\"allowscriptaccess\" value=\"always\" \/><param name=\"src\" value=\"http:\/\/www.youtube.com\/v\/DzD1I3KM7YU&amp;hl=de&amp;fs=1&amp;\" \/><param name=\"allowfullscreen\" value=\"true\" \/><\/object><\/p>\n<h3 class='related_post_title'>Verwandte Beitr\u00e4ge:<\/h3><ul class='related_post'><li><a href=\"http:\/\/konsumpf.de\/?p=13608\" title=\"Lesetipps: Zwangsbeschallung | Deutschland wird amerikanischer | Lernatlas | Gier nach Soja | Kopp\">Lesetipps: Zwangsbeschallung | Deutschland wird amerikanischer | Lernatlas | Gier nach Soja | Kopp<\/a><\/li><\/ul>","protected":false},"excerpt":{"rendered":"<p>Da mir momentan die Arbeit am Blog ein wenig schwer f\u00e4llt, dachte ich mir, dass es passend sein k\u00f6nnte, das neulich im Zeit-Artikel \u201eWir k\u00f6nnten auch anders\u201c schon einmal angesprochene Thema der \u00dcberh\u00f6hung des Status der Erwerbsarbeit in unserer Gesellschaft nochmal aufzugreifen. Anlass daf\u00fcr ist aktuell der sehr gute Beitrag \u201eArbeitspl\u00e4tze erhalten \u2013 warum eigentlich?\u201c [&hellip;]<\/p>\n","protected":false},"author":1,"featured_media":0,"comment_status":"open","ping_status":"open","sticky":false,"template":"","format":"standard","meta":{"footnotes":""},"categories":[259,12,78],"tags":[829,828,827],"yoast_head":"<!-- This site is optimized with the Yoast SEO plugin v24.4 - https:\/\/yoast.com\/wordpress\/plugins\/seo\/ -->\n<title>Arbeit... - Konsumpf - Forum f\u00fcr kreative Konsumkritik - Culture Jamming, Nachhaltigkeit, Konzernkritik, Adbusting<\/title>\n<meta name=\"robots\" content=\"index, follow, max-snippet:-1, max-image-preview:large, max-video-preview:-1\" \/>\n<link rel=\"canonical\" href=\"https:\/\/konsumpf.de\/?p=4698\" \/>\n<meta property=\"og:locale\" content=\"de_DE\" \/>\n<meta property=\"og:type\" content=\"article\" \/>\n<meta property=\"og:title\" content=\"Arbeit... - Konsumpf - Forum f\u00fcr kreative Konsumkritik - Culture Jamming, Nachhaltigkeit, Konzernkritik, Adbusting\" \/>\n<meta property=\"og:description\" content=\"Da mir momentan die Arbeit am Blog ein wenig schwer f\u00e4llt, dachte ich mir, dass es passend sein k\u00f6nnte, das neulich im Zeit-Artikel \u201eWir k\u00f6nnten auch anders\u201c schon einmal angesprochene Thema der \u00dcberh\u00f6hung des Status der Erwerbsarbeit in unserer Gesellschaft nochmal aufzugreifen. Anlass daf\u00fcr ist aktuell der sehr gute Beitrag \u201eArbeitspl\u00e4tze erhalten \u2013 warum eigentlich?\u201c [&hellip;]\" \/>\n<meta property=\"og:url\" content=\"https:\/\/konsumpf.de\/?p=4698\" \/>\n<meta property=\"og:site_name\" content=\"Konsumpf - Forum f\u00fcr kreative Konsumkritik - Culture Jamming, Nachhaltigkeit, Konzernkritik, Adbusting\" \/>\n<meta property=\"article:published_time\" content=\"2009-06-16T07:59:12+00:00\" \/>\n<meta name=\"author\" content=\"Peter M.\" \/>\n<meta name=\"twitter:card\" content=\"summary_large_image\" \/>\n<meta name=\"twitter:label1\" content=\"Verfasst von\" \/>\n\t<meta name=\"twitter:data1\" content=\"Peter M.\" \/>\n\t<meta name=\"twitter:label2\" content=\"Gesch\u00e4tzte Lesezeit\" \/>\n\t<meta name=\"twitter:data2\" content=\"3\u00a0Minuten\" \/>\n<script type=\"application\/ld+json\" class=\"yoast-schema-graph\">{\"@context\":\"https:\/\/schema.org\",\"@graph\":[{\"@type\":\"WebPage\",\"@id\":\"https:\/\/konsumpf.de\/?p=4698\",\"url\":\"https:\/\/konsumpf.de\/?p=4698\",\"name\":\"Arbeit... - Konsumpf - Forum f\u00fcr kreative Konsumkritik - Culture Jamming, Nachhaltigkeit, Konzernkritik, Adbusting\",\"isPartOf\":{\"@id\":\"https:\/\/konsumpf.de\/#website\"},\"datePublished\":\"2009-06-16T07:59:12+00:00\",\"author\":{\"@id\":\"https:\/\/konsumpf.de\/#\/schema\/person\/e595a6d286b26994e7e0926d70699070\"},\"breadcrumb\":{\"@id\":\"https:\/\/konsumpf.de\/?p=4698#breadcrumb\"},\"inLanguage\":\"de\",\"potentialAction\":[{\"@type\":\"ReadAction\",\"target\":[\"https:\/\/konsumpf.de\/?p=4698\"]}]},{\"@type\":\"BreadcrumbList\",\"@id\":\"https:\/\/konsumpf.de\/?p=4698#breadcrumb\",\"itemListElement\":[{\"@type\":\"ListItem\",\"position\":1,\"name\":\"Startseite\",\"item\":\"https:\/\/konsumpf.de\/\"},{\"@type\":\"ListItem\",\"position\":2,\"name\":\"Arbeit&#8230;\"}]},{\"@type\":\"WebSite\",\"@id\":\"https:\/\/konsumpf.de\/#website\",\"url\":\"https:\/\/konsumpf.de\/\",\"name\":\"Konsumpf - Forum f\u00fcr kreative Konsumkritik - Culture Jamming, Nachhaltigkeit, Konzernkritik, Adbusting\",\"description\":\"\",\"potentialAction\":[{\"@type\":\"SearchAction\",\"target\":{\"@type\":\"EntryPoint\",\"urlTemplate\":\"https:\/\/konsumpf.de\/?s={search_term_string}\"},\"query-input\":{\"@type\":\"PropertyValueSpecification\",\"valueRequired\":true,\"valueName\":\"search_term_string\"}}],\"inLanguage\":\"de\"},{\"@type\":\"Person\",\"@id\":\"https:\/\/konsumpf.de\/#\/schema\/person\/e595a6d286b26994e7e0926d70699070\",\"name\":\"Peter M.\",\"sameAs\":[\"http:\/\/konsumpf.de\"]}]}<\/script>\n<!-- \/ Yoast SEO plugin. -->","yoast_head_json":{"title":"Arbeit... - Konsumpf - Forum f\u00fcr kreative Konsumkritik - Culture Jamming, Nachhaltigkeit, Konzernkritik, Adbusting","robots":{"index":"index","follow":"follow","max-snippet":"max-snippet:-1","max-image-preview":"max-image-preview:large","max-video-preview":"max-video-preview:-1"},"canonical":"https:\/\/konsumpf.de\/?p=4698","og_locale":"de_DE","og_type":"article","og_title":"Arbeit... - Konsumpf - Forum f\u00fcr kreative Konsumkritik - Culture Jamming, Nachhaltigkeit, Konzernkritik, Adbusting","og_description":"Da mir momentan die Arbeit am Blog ein wenig schwer f\u00e4llt, dachte ich mir, dass es passend sein k\u00f6nnte, das neulich im Zeit-Artikel \u201eWir k\u00f6nnten auch anders\u201c schon einmal angesprochene Thema der \u00dcberh\u00f6hung des Status der Erwerbsarbeit in unserer Gesellschaft nochmal aufzugreifen. Anlass daf\u00fcr ist aktuell der sehr gute Beitrag \u201eArbeitspl\u00e4tze erhalten \u2013 warum eigentlich?\u201c [&hellip;]","og_url":"https:\/\/konsumpf.de\/?p=4698","og_site_name":"Konsumpf - Forum f\u00fcr kreative Konsumkritik - Culture Jamming, Nachhaltigkeit, Konzernkritik, Adbusting","article_published_time":"2009-06-16T07:59:12+00:00","author":"Peter M.","twitter_card":"summary_large_image","twitter_misc":{"Verfasst von":"Peter M.","Gesch\u00e4tzte Lesezeit":"3\u00a0Minuten"},"schema":{"@context":"https:\/\/schema.org","@graph":[{"@type":"WebPage","@id":"https:\/\/konsumpf.de\/?p=4698","url":"https:\/\/konsumpf.de\/?p=4698","name":"Arbeit... - Konsumpf - Forum f\u00fcr kreative Konsumkritik - Culture Jamming, Nachhaltigkeit, Konzernkritik, Adbusting","isPartOf":{"@id":"https:\/\/konsumpf.de\/#website"},"datePublished":"2009-06-16T07:59:12+00:00","author":{"@id":"https:\/\/konsumpf.de\/#\/schema\/person\/e595a6d286b26994e7e0926d70699070"},"breadcrumb":{"@id":"https:\/\/konsumpf.de\/?p=4698#breadcrumb"},"inLanguage":"de","potentialAction":[{"@type":"ReadAction","target":["https:\/\/konsumpf.de\/?p=4698"]}]},{"@type":"BreadcrumbList","@id":"https:\/\/konsumpf.de\/?p=4698#breadcrumb","itemListElement":[{"@type":"ListItem","position":1,"name":"Startseite","item":"https:\/\/konsumpf.de\/"},{"@type":"ListItem","position":2,"name":"Arbeit&#8230;"}]},{"@type":"WebSite","@id":"https:\/\/konsumpf.de\/#website","url":"https:\/\/konsumpf.de\/","name":"Konsumpf - Forum f\u00fcr kreative Konsumkritik - Culture Jamming, Nachhaltigkeit, Konzernkritik, Adbusting","description":"","potentialAction":[{"@type":"SearchAction","target":{"@type":"EntryPoint","urlTemplate":"https:\/\/konsumpf.de\/?s={search_term_string}"},"query-input":{"@type":"PropertyValueSpecification","valueRequired":true,"valueName":"search_term_string"}}],"inLanguage":"de"},{"@type":"Person","@id":"https:\/\/konsumpf.de\/#\/schema\/person\/e595a6d286b26994e7e0926d70699070","name":"Peter M.","sameAs":["http:\/\/konsumpf.de"]}]}},"_links":{"self":[{"href":"https:\/\/konsumpf.de\/index.php?rest_route=\/wp\/v2\/posts\/4698"}],"collection":[{"href":"https:\/\/konsumpf.de\/index.php?rest_route=\/wp\/v2\/posts"}],"about":[{"href":"https:\/\/konsumpf.de\/index.php?rest_route=\/wp\/v2\/types\/post"}],"author":[{"embeddable":true,"href":"https:\/\/konsumpf.de\/index.php?rest_route=\/wp\/v2\/users\/1"}],"replies":[{"embeddable":true,"href":"https:\/\/konsumpf.de\/index.php?rest_route=%2Fwp%2Fv2%2Fcomments&post=4698"}],"version-history":[{"count":7,"href":"https:\/\/konsumpf.de\/index.php?rest_route=\/wp\/v2\/posts\/4698\/revisions"}],"predecessor-version":[{"id":4704,"href":"https:\/\/konsumpf.de\/index.php?rest_route=\/wp\/v2\/posts\/4698\/revisions\/4704"}],"wp:attachment":[{"href":"https:\/\/konsumpf.de\/index.php?rest_route=%2Fwp%2Fv2%2Fmedia&parent=4698"}],"wp:term":[{"taxonomy":"category","embeddable":true,"href":"https:\/\/konsumpf.de\/index.php?rest_route=%2Fwp%2Fv2%2Fcategories&post=4698"},{"taxonomy":"post_tag","embeddable":true,"href":"https:\/\/konsumpf.de\/index.php?rest_route=%2Fwp%2Fv2%2Ftags&post=4698"}],"curies":[{"name":"wp","href":"https:\/\/api.w.org\/{rel}","templated":true}]}}