{"id":4671,"date":"2009-06-12T09:51:27","date_gmt":"2009-06-12T07:51:27","guid":{"rendered":"http:\/\/konsumpf.de\/?p=4671"},"modified":"2009-06-11T23:15:22","modified_gmt":"2009-06-11T21:15:22","slug":"europawahl-piraten-ziehen-ins-europaparlament-ein","status":"publish","type":"post","link":"https:\/\/konsumpf.de\/?p=4671","title":{"rendered":"Europawahl: PIRATEN ziehen ins Europaparlament ein"},"content":{"rendered":"<p><a href=\"http:\/\/konsumpf.de\/wp-content\/uploads\/2009\/06\/piratenpartei-logo.gif\"><img loading=\"lazy\" decoding=\"async\" class=\"alignright size-full wp-image-4673\" title=\"piratenpartei-logo\" src=\"http:\/\/konsumpf.de\/wp-content\/uploads\/2009\/06\/piratenpartei-logo.gif\" alt=\"piratenpartei-logo\" width=\"194\" height=\"68\" \/><\/a>Und nochmal krankheitsbedingt heute nur etwas \u201eFremdfutter\u201c \u2013 wenngleich erfreuliches. Denn die <strong>Piratenpartei<\/strong> hat es bei den Europawahlen am Sonntag durch ihr gutes Abschneiden in Schweden tats\u00e4chlich ins EU-Parlament geschafft! Derzeit sammelt die Piratenpartei \u00fcbrigens noch Unterschriften, damit sie auch zur Bundestagswahl zugelassen wird \u2013 3\/4 der Stimmen hat sie schon zusammen, also <a href=\"http:\/\/ich.waehlepiraten.de\/\">bitte unterst\u00fctzen<\/a>. Selbst, wenn Zweifel daran, ob sich durch Wahlen noch gro\u00df was bewegen l\u00e4sst, angebracht bleiben, heutzutage mehr denn je zuvor (\u201eW\u00fcrden Wahlen wirklich etwas ver\u00e4ndern, so w\u00e4ren sie verboten\u201c, wie mal sinngem\u00e4\u00df ein ber\u00fchmter schlauer Kopf, komm jetzt grad nicht auf den Namen, sagte).<\/p>\n<p>Hier die dazugeh\u00f6rige Pressemitteilung:<\/p>\n<p>&#8212;&#8212;&#8212;&#8212;&#8212;&#8212;&#8212;&#8212;<\/p>\n<p>Die Europawahl am vergangenen Wochenende war f\u00fcr die Piratenpartei ein voller Erfolg. Bei ihrer ersten bundesweiten Teilnahme an Wahlen erreichte die Piratenpartei in Deutschland mit 0,9% der abgegebenen Stimmen das beste Wahl-Ergebnis ihrer jungen Geschichte und konnte 229.117 W\u00e4hler f\u00fcr sich gewinnen. In Schweden, dem Ursprungsland der PIRATEN-Bewegung, konnte die Piratpartei mit ihrem Spitzenkandidaten, dem 54-j\u00e4hrigen Informatiker Christian Engstr\u00f6m ein Rekord-Ergebnis von 7,1% einfahren. Damit ziehen zum ersten Mal PIRATEN in das Europ\u00e4ische Parlament ein.<\/p>\n<p>Andreas Popp, Spitzenkandidat der deutschen PIRATEN freut sich \u00fcber das Ergebnis: &#8220;Wir sind zum ersten Mal zu einer Europawahl angetreten und obwohl wir bei vielen W\u00e4hlern noch kaum bekannt waren, haben wir ein solch tolles Ergebnis erzielt. Das zeigt uns, dass sich viele B\u00fcrger mit unseren Zielen identifizieren und dass weiteres Potential besteht. Es zeigt auch, dass B\u00fcrgerrechte, Datenschutz und ein faires Verst\u00e4ndnis von Patent- und Urheberrechten wichtige moderne Themen sind, die die Menschen besch\u00e4ftigen. Ganz besonders danken wir allen, die uns unterst\u00fctzt haben. Ohne sie w\u00e4re dieser Erfolg nicht m\u00f6glich gewesen.<br \/>\nUnser Minimalziel von 0,5% haben wir \u00fcbertroffen. Wir sind jetzt in der staatlichen Parteienfinanzierung und jetzt geht es erst richtig los! Ab morgen konzentrieren wir uns auf die Wahlzulassung zur Bundestagswahl! Denn auch hier hei\u00dft es: Klarmachen zum \u00c4ndern!&#8221;.<\/p>\n<p>Jens Seipenbusch, stellvertretender Vorsitzender der Piratenpartei Deutschland erg\u00e4nzt weiter: &#8220;Mit Christian Engstr\u00f6m und den Schweden haben wir ab jetzt aktive Freibeuter direkt in Stra\u00dfburg und Br\u00fcssel vor Ort, die ein wachsames Auge auf alle Vorg\u00e4nge und Gesetzesvorhaben haben werden. Von diesem Fr\u00fchwarnsystem werden auch die deutschen B\u00fcrgerinnen und B\u00fcrger profitieren. Mit der Piratenpartei werden ab jetzt auch die wichtigen Themen der Informationsgesellschaft im Europaparlament konsequent vertreten. Die Piratenpartei Deutschland gratuliert Christian Engstr\u00f6m und der schwedischen Schwesterpartei zu ihrem grandiosen Wahlerfolg.&#8221;<\/p>\n<p>Auch Thorsten Wirth, Kandidat zur Europawahl und Sitzenkandidat der hessischen Landesliste zur Bundestagswahl freut sich au\u00dferordentlich, kritisiert aber die teilweise undifferenzierte Berichterstattung: &#8220;Wir sind da. Aus dem Stegreif 0,9% und auf einmal entdeckt uns die Presse. Einige Journalisten halten es dabei leider immer noch f\u00fcr ausreichend, aus unserem Namen unser Programm ableiten zu k\u00f6nnen. Es ist also herrlich, zu sehen dass unser Name es vermag, die Oberfl\u00e4chlichkeiten einiger Journalisten zu entlarven. Die Journalisten, die sich einmal die Zeit genommen haben, sich mit unseren Zielen auseinander zu setzen, schreiben sehr viel differenzierter. Wir haben jetzt etwas erreicht und die Erwartungen sind hoch. Wir werden noch viel arbeiten m\u00fcssen, um uns und diesen Erwartungen gerecht zu werden. Ich danke allen, die uns gew\u00e4hlt haben!&#8221;.<\/p>\n<p>[<a href=\"http:\/\/piratenpartei.de\/presse\/Europawahl%3A%20PIRATEN%20ziehen%20ins%20Europaparlament%20ein\">Quelle<\/a>]<\/p>\n<h3 class='related_post_title'>Verwandte Beitr\u00e4ge:<\/h3><ul class='related_post'><li><a href=\"http:\/\/konsumpf.de\/?p=3465\" title=\"Parteien-Alternativen: Piratenpartei, Die Basis, Die Guten\">Parteien-Alternativen: Piratenpartei, Die Basis, Die Guten<\/a><\/li><li><a href=\"http:\/\/konsumpf.de\/?p=15332\" title=\"Gef\u00e4hrliche Geheimnisse \u2013 Das Freihandelsabkommen\">Gef\u00e4hrliche Geheimnisse \u2013 Das Freihandelsabkommen<\/a><\/li><li><a href=\"http:\/\/konsumpf.de\/?p=15095\" title=\"Umfragen \u2013 Wissenschaft, oder etwas sehr \u00c4hnliches\">Umfragen \u2013 Wissenschaft, oder etwas sehr \u00c4hnliches<\/a><\/li><li><a href=\"http:\/\/konsumpf.de\/?p=14967\" title=\"Prism, Tempora &#038; Co. \u2013 das Ende der Privatsph\u00e4renillusion\">Prism, Tempora &#038; Co. \u2013 das Ende der Privatsph\u00e4renillusion<\/a><\/li><li><a href=\"http:\/\/konsumpf.de\/?p=14944\" title=\"Demokratie f\u00fcr Unternehmen\">Demokratie f\u00fcr Unternehmen<\/a><\/li><\/ul>","protected":false},"excerpt":{"rendered":"<p>Und nochmal krankheitsbedingt heute nur etwas \u201eFremdfutter\u201c \u2013 wenngleich erfreuliches. Denn die Piratenpartei hat es bei den Europawahlen am Sonntag durch ihr gutes Abschneiden in Schweden tats\u00e4chlich ins EU-Parlament geschafft! Derzeit sammelt die Piratenpartei \u00fcbrigens noch Unterschriften, damit sie auch zur Bundestagswahl zugelassen wird \u2013 3\/4 der Stimmen hat sie schon zusammen, also bitte unterst\u00fctzen. [&hellip;]<\/p>\n","protected":false},"author":1,"featured_media":0,"comment_status":"open","ping_status":"open","sticky":false,"template":"","format":"standard","meta":{"footnotes":""},"categories":[311,12,53],"tags":[2883,819,765,767,820],"yoast_head":"<!-- This site is optimized with the Yoast SEO plugin v24.4 - https:\/\/yoast.com\/wordpress\/plugins\/seo\/ -->\n<title>Europawahl: PIRATEN ziehen ins Europaparlament ein - Konsumpf - Forum f\u00fcr kreative Konsumkritik - Culture Jamming, Nachhaltigkeit, Konzernkritik, Adbusting<\/title>\n<meta name=\"robots\" content=\"index, follow, max-snippet:-1, max-image-preview:large, max-video-preview:-1\" \/>\n<link rel=\"canonical\" href=\"https:\/\/konsumpf.de\/?p=4671\" \/>\n<meta property=\"og:locale\" content=\"de_DE\" \/>\n<meta property=\"og:type\" content=\"article\" \/>\n<meta property=\"og:title\" content=\"Europawahl: PIRATEN ziehen ins Europaparlament ein - Konsumpf - Forum f\u00fcr kreative Konsumkritik - Culture Jamming, Nachhaltigkeit, Konzernkritik, Adbusting\" \/>\n<meta property=\"og:description\" content=\"Und nochmal krankheitsbedingt heute nur etwas \u201eFremdfutter\u201c \u2013 wenngleich erfreuliches. Denn die Piratenpartei hat es bei den Europawahlen am Sonntag durch ihr gutes Abschneiden in Schweden tats\u00e4chlich ins EU-Parlament geschafft! Derzeit sammelt die Piratenpartei \u00fcbrigens noch Unterschriften, damit sie auch zur Bundestagswahl zugelassen wird \u2013 3\/4 der Stimmen hat sie schon zusammen, also bitte unterst\u00fctzen. [&hellip;]\" \/>\n<meta property=\"og:url\" content=\"https:\/\/konsumpf.de\/?p=4671\" \/>\n<meta property=\"og:site_name\" content=\"Konsumpf - Forum f\u00fcr kreative Konsumkritik - Culture Jamming, Nachhaltigkeit, Konzernkritik, Adbusting\" \/>\n<meta property=\"article:published_time\" content=\"2009-06-12T07:51:27+00:00\" \/>\n<meta property=\"og:image\" content=\"http:\/\/konsumpf.de\/wp-content\/uploads\/2009\/06\/piratenpartei-logo.gif\" \/>\n<meta name=\"author\" content=\"Peter M.\" \/>\n<meta name=\"twitter:card\" content=\"summary_large_image\" \/>\n<meta name=\"twitter:label1\" content=\"Verfasst von\" \/>\n\t<meta name=\"twitter:data1\" content=\"Peter M.\" \/>\n\t<meta name=\"twitter:label2\" content=\"Gesch\u00e4tzte Lesezeit\" \/>\n\t<meta name=\"twitter:data2\" content=\"3\u00a0Minuten\" \/>\n<script type=\"application\/ld+json\" class=\"yoast-schema-graph\">{\"@context\":\"https:\/\/schema.org\",\"@graph\":[{\"@type\":\"WebPage\",\"@id\":\"https:\/\/konsumpf.de\/?p=4671\",\"url\":\"https:\/\/konsumpf.de\/?p=4671\",\"name\":\"Europawahl: PIRATEN ziehen ins Europaparlament ein - Konsumpf - Forum f\u00fcr kreative Konsumkritik - Culture Jamming, Nachhaltigkeit, Konzernkritik, Adbusting\",\"isPartOf\":{\"@id\":\"https:\/\/konsumpf.de\/#website\"},\"primaryImageOfPage\":{\"@id\":\"https:\/\/konsumpf.de\/?p=4671#primaryimage\"},\"image\":{\"@id\":\"https:\/\/konsumpf.de\/?p=4671#primaryimage\"},\"thumbnailUrl\":\"http:\/\/konsumpf.de\/wp-content\/uploads\/2009\/06\/piratenpartei-logo.gif\",\"datePublished\":\"2009-06-12T07:51:27+00:00\",\"author\":{\"@id\":\"https:\/\/konsumpf.de\/#\/schema\/person\/e595a6d286b26994e7e0926d70699070\"},\"breadcrumb\":{\"@id\":\"https:\/\/konsumpf.de\/?p=4671#breadcrumb\"},\"inLanguage\":\"de\",\"potentialAction\":[{\"@type\":\"ReadAction\",\"target\":[\"https:\/\/konsumpf.de\/?p=4671\"]}]},{\"@type\":\"ImageObject\",\"inLanguage\":\"de\",\"@id\":\"https:\/\/konsumpf.de\/?p=4671#primaryimage\",\"url\":\"https:\/\/konsumpf.de\/wp-content\/uploads\/2009\/06\/piratenpartei-logo.gif\",\"contentUrl\":\"https:\/\/konsumpf.de\/wp-content\/uploads\/2009\/06\/piratenpartei-logo.gif\",\"width\":\"194\",\"height\":\"68\"},{\"@type\":\"BreadcrumbList\",\"@id\":\"https:\/\/konsumpf.de\/?p=4671#breadcrumb\",\"itemListElement\":[{\"@type\":\"ListItem\",\"position\":1,\"name\":\"Startseite\",\"item\":\"https:\/\/konsumpf.de\/\"},{\"@type\":\"ListItem\",\"position\":2,\"name\":\"Europawahl: PIRATEN ziehen ins Europaparlament ein\"}]},{\"@type\":\"WebSite\",\"@id\":\"https:\/\/konsumpf.de\/#website\",\"url\":\"https:\/\/konsumpf.de\/\",\"name\":\"Konsumpf - Forum f\u00fcr kreative Konsumkritik - Culture Jamming, Nachhaltigkeit, Konzernkritik, Adbusting\",\"description\":\"\",\"potentialAction\":[{\"@type\":\"SearchAction\",\"target\":{\"@type\":\"EntryPoint\",\"urlTemplate\":\"https:\/\/konsumpf.de\/?s={search_term_string}\"},\"query-input\":{\"@type\":\"PropertyValueSpecification\",\"valueRequired\":true,\"valueName\":\"search_term_string\"}}],\"inLanguage\":\"de\"},{\"@type\":\"Person\",\"@id\":\"https:\/\/konsumpf.de\/#\/schema\/person\/e595a6d286b26994e7e0926d70699070\",\"name\":\"Peter M.\",\"sameAs\":[\"http:\/\/konsumpf.de\"]}]}<\/script>\n<!-- \/ Yoast SEO plugin. -->","yoast_head_json":{"title":"Europawahl: PIRATEN ziehen ins Europaparlament ein - Konsumpf - Forum f\u00fcr kreative Konsumkritik - Culture Jamming, Nachhaltigkeit, Konzernkritik, Adbusting","robots":{"index":"index","follow":"follow","max-snippet":"max-snippet:-1","max-image-preview":"max-image-preview:large","max-video-preview":"max-video-preview:-1"},"canonical":"https:\/\/konsumpf.de\/?p=4671","og_locale":"de_DE","og_type":"article","og_title":"Europawahl: PIRATEN ziehen ins Europaparlament ein - Konsumpf - Forum f\u00fcr kreative Konsumkritik - Culture Jamming, Nachhaltigkeit, Konzernkritik, Adbusting","og_description":"Und nochmal krankheitsbedingt heute nur etwas \u201eFremdfutter\u201c \u2013 wenngleich erfreuliches. Denn die Piratenpartei hat es bei den Europawahlen am Sonntag durch ihr gutes Abschneiden in Schweden tats\u00e4chlich ins EU-Parlament geschafft! Derzeit sammelt die Piratenpartei \u00fcbrigens noch Unterschriften, damit sie auch zur Bundestagswahl zugelassen wird \u2013 3\/4 der Stimmen hat sie schon zusammen, also bitte unterst\u00fctzen. [&hellip;]","og_url":"https:\/\/konsumpf.de\/?p=4671","og_site_name":"Konsumpf - Forum f\u00fcr kreative Konsumkritik - Culture Jamming, Nachhaltigkeit, Konzernkritik, Adbusting","article_published_time":"2009-06-12T07:51:27+00:00","og_image":[{"url":"http:\/\/konsumpf.de\/wp-content\/uploads\/2009\/06\/piratenpartei-logo.gif","type":"","width":"","height":""}],"author":"Peter M.","twitter_card":"summary_large_image","twitter_misc":{"Verfasst von":"Peter M.","Gesch\u00e4tzte Lesezeit":"3\u00a0Minuten"},"schema":{"@context":"https:\/\/schema.org","@graph":[{"@type":"WebPage","@id":"https:\/\/konsumpf.de\/?p=4671","url":"https:\/\/konsumpf.de\/?p=4671","name":"Europawahl: PIRATEN ziehen ins Europaparlament ein - Konsumpf - Forum f\u00fcr kreative Konsumkritik - Culture Jamming, Nachhaltigkeit, Konzernkritik, Adbusting","isPartOf":{"@id":"https:\/\/konsumpf.de\/#website"},"primaryImageOfPage":{"@id":"https:\/\/konsumpf.de\/?p=4671#primaryimage"},"image":{"@id":"https:\/\/konsumpf.de\/?p=4671#primaryimage"},"thumbnailUrl":"http:\/\/konsumpf.de\/wp-content\/uploads\/2009\/06\/piratenpartei-logo.gif","datePublished":"2009-06-12T07:51:27+00:00","author":{"@id":"https:\/\/konsumpf.de\/#\/schema\/person\/e595a6d286b26994e7e0926d70699070"},"breadcrumb":{"@id":"https:\/\/konsumpf.de\/?p=4671#breadcrumb"},"inLanguage":"de","potentialAction":[{"@type":"ReadAction","target":["https:\/\/konsumpf.de\/?p=4671"]}]},{"@type":"ImageObject","inLanguage":"de","@id":"https:\/\/konsumpf.de\/?p=4671#primaryimage","url":"https:\/\/konsumpf.de\/wp-content\/uploads\/2009\/06\/piratenpartei-logo.gif","contentUrl":"https:\/\/konsumpf.de\/wp-content\/uploads\/2009\/06\/piratenpartei-logo.gif","width":"194","height":"68"},{"@type":"BreadcrumbList","@id":"https:\/\/konsumpf.de\/?p=4671#breadcrumb","itemListElement":[{"@type":"ListItem","position":1,"name":"Startseite","item":"https:\/\/konsumpf.de\/"},{"@type":"ListItem","position":2,"name":"Europawahl: PIRATEN ziehen ins Europaparlament ein"}]},{"@type":"WebSite","@id":"https:\/\/konsumpf.de\/#website","url":"https:\/\/konsumpf.de\/","name":"Konsumpf - Forum f\u00fcr kreative Konsumkritik - Culture Jamming, Nachhaltigkeit, Konzernkritik, Adbusting","description":"","potentialAction":[{"@type":"SearchAction","target":{"@type":"EntryPoint","urlTemplate":"https:\/\/konsumpf.de\/?s={search_term_string}"},"query-input":{"@type":"PropertyValueSpecification","valueRequired":true,"valueName":"search_term_string"}}],"inLanguage":"de"},{"@type":"Person","@id":"https:\/\/konsumpf.de\/#\/schema\/person\/e595a6d286b26994e7e0926d70699070","name":"Peter M.","sameAs":["http:\/\/konsumpf.de"]}]}},"_links":{"self":[{"href":"https:\/\/konsumpf.de\/index.php?rest_route=\/wp\/v2\/posts\/4671"}],"collection":[{"href":"https:\/\/konsumpf.de\/index.php?rest_route=\/wp\/v2\/posts"}],"about":[{"href":"https:\/\/konsumpf.de\/index.php?rest_route=\/wp\/v2\/types\/post"}],"author":[{"embeddable":true,"href":"https:\/\/konsumpf.de\/index.php?rest_route=\/wp\/v2\/users\/1"}],"replies":[{"embeddable":true,"href":"https:\/\/konsumpf.de\/index.php?rest_route=%2Fwp%2Fv2%2Fcomments&post=4671"}],"version-history":[{"count":5,"href":"https:\/\/konsumpf.de\/index.php?rest_route=\/wp\/v2\/posts\/4671\/revisions"}],"predecessor-version":[{"id":4676,"href":"https:\/\/konsumpf.de\/index.php?rest_route=\/wp\/v2\/posts\/4671\/revisions\/4676"}],"wp:attachment":[{"href":"https:\/\/konsumpf.de\/index.php?rest_route=%2Fwp%2Fv2%2Fmedia&parent=4671"}],"wp:term":[{"taxonomy":"category","embeddable":true,"href":"https:\/\/konsumpf.de\/index.php?rest_route=%2Fwp%2Fv2%2Fcategories&post=4671"},{"taxonomy":"post_tag","embeddable":true,"href":"https:\/\/konsumpf.de\/index.php?rest_route=%2Fwp%2Fv2%2Ftags&post=4671"}],"curies":[{"name":"wp","href":"https:\/\/api.w.org\/{rel}","templated":true}]}}