{"id":4667,"date":"2009-06-11T10:05:28","date_gmt":"2009-06-11T08:05:28","guid":{"rendered":"http:\/\/konsumpf.de\/?p=4667"},"modified":"2009-10-31T18:32:29","modified_gmt":"2009-10-31T16:32:29","slug":"charlotte-roche-interviewt-klaus-werner-lobo","status":"publish","type":"post","link":"https:\/\/konsumpf.de\/?p=4667","title":{"rendered":"Charlotte Roche interviewt Klaus Werner-Lobo"},"content":{"rendered":"<p>Da ich derzeit vor mich hin kr\u00e4nkel und keine gro\u00dfartigen eigenen Texte zusammenbekomme, will ich Euch heute dennoch dieses nette kleine Interview ans Herz legen, das <strong>Charlotte Roche<\/strong> vor einiger Zeit im Stern (!) mit <strong>Klaus Werner-Lobo<\/strong>, u.a. Autor der B\u00fccher \u201eSchwarzbuch Markenfirmen\u201c und \u201eUns geh\u00f6rt die Welt!\u201c gef\u00fchrt hat. Darin kommt so manch hei\u00dfes Eisen rund um Globalisierung und kapitalistische Weltordnung zur Sprache. Die \u00dcberschrift des Artikels, \u201e<a href=\"http:\/\/www.stern.de\/unterhaltung\/buecher\/:Charlotte-Roche-Gespr%E4ch-Von-Muschis-Multis\/650281.html\">Von Muschis und Multis<\/a>\u201c ist nat\u00fcrlich grausig, aber vom Stern kann man wohl nichts anderes erwarten \u2013 man muss wohl eher froh sein, dass er sich dieses Themas mal annimmt.<\/p>\n<blockquote><p>(&#8230;)<em> Wenn Sie sich etwas w\u00fcnschen d\u00fcrften, um die Welt besser oder ertr\u00e4glicher zu machen, was w\u00e4re das?<\/em><\/p>\n<div class=\"H5\">Dass jeder seine pers\u00f6nlichen und beruflichen M\u00f6glichkeiten nutzt, um aktiv an der Gestaltung der Welt teilzunehmen. Das geht nur, wenn wir an unsere eigenen Tr\u00e4ume glauben, anstatt die Erwartungen anderer zu erf\u00fcllen. In der Schule, durch die Werbeindustrie und die Konkurrenzgesellschaft lernen wir Wettbewerbsf\u00e4higkeit, Konsumwahn und Ellbogenqualit\u00e4ten statt Teilen und Mitgef\u00fchl. M\u00e4dchen sollen aussehen wie Barbie-Puppen, Jungs sollen noch immer vor allem \u00f6konomisch erfolgreich sein. Gl\u00fccklich macht das niemanden, es erzeugt nur scheinbare Gewinner und vor allem das Gef\u00fchl, ein Loser zu sein wenn man es in diesem System nicht &#8220;schafft&#8221;. Wenn wir wieder mehr miteinander reden und uns \u00fcber die Hintergr\u00fcnde von Missst\u00e4nden informieren, werden wir merken, dass Solidarit\u00e4t und Zivilcourage gl\u00fccklicher machen als &#8220;Geiz ist geil&#8221;.<\/div>\n<div class=\"H5\">\n(&#8230;) <em>Gibt es etwas, das Sie besonders w\u00fctend macht? <\/em><\/div>\n<div class=\"H5\">Ja, der Zynismus der M\u00e4chtigen. Die Deutsche Bank wirbt zum Beispiel f\u00fcr Aktienspekulationen auf die Nahrungsmittelkrise. Da hei\u00dft es auf der Homepage des Bankenfonds DWS: &#8220;Die Weltbev\u00f6lkerung w\u00e4chst stetig, die landwirtschaftlichen Nutzfl\u00e4chen schrumpfen und Ernteausf\u00e4lle h\u00e4ufen sich. Diese Herausforderung ruft der Agrarwirtschaft viel Innovationskraft ab, von der auch der DWS Invest Global Agribusiness profitieren kann.&#8221; Das muss man sich mal vorstellen: \u00dcbersetzt hei\u00dft das, dass wir damit Geld verdienen sollen, dass andere hungern.<\/div>\n<div class=\"H5\">\n<div class=\"H5\"><em><br \/>\nHat Sie eigentlich eine der von Ihnen genannten Firmen mal verklagt? Ein gutes Image ist f\u00fcr Markenfirmen doch so ziemlich alles.<\/em><\/div>\n<div class=\"H5\"><em><\/em>Deswegen nenne ich diese Konzerne ja auch das &#8220;gut organisierte Verbrechen&#8221;. Die sind so gut organisiert, dass fast alles, was sie tun, legal ist, weil sie gro\u00dfen Einfluss auf unsere Regierungen haben. Aber sie wissen auch, dass meine Vorw\u00fcrfe stimmen. Und dass sie bei einem Prozess damit rechnen m\u00fcssten, sich ins Rampenlicht der \u00d6ffentlichkeit zu stellen. Die schweigen das Problem lieber tot, das ist aus ihrer Sicht auch gescheiter.<\/div>\n<\/div>\n<\/blockquote>\n<h3 class='related_post_title'>Verwandte Beitr\u00e4ge:<\/h3><ul class='related_post'><li><a href=\"http:\/\/konsumpf.de\/?p=3083\" title=\"\u201eIch verstehe mich als Mensch und nicht als Verbraucher\u201c \u2013 Klaus-Werner Lobo im Interview\">\u201eIch verstehe mich als Mensch und nicht als Verbraucher\u201c \u2013 Klaus-Werner Lobo im Interview<\/a><\/li><li><a href=\"http:\/\/konsumpf.de\/?p=14271\" title=\"Der \u00f6konomische Putsch \u2013 Was hinter den Finanzkrisen steckt\">Der \u00f6konomische Putsch \u2013 Was hinter den Finanzkrisen steckt<\/a><\/li><li><a href=\"http:\/\/konsumpf.de\/?p=13590\" title=\"Die Wei\u00dfen kommen \u2013 Die wahre Geschichte des Kolonialismus\">Die Wei\u00dfen kommen \u2013 Die wahre Geschichte des Kolonialismus<\/a><\/li><li><a href=\"http:\/\/konsumpf.de\/?p=13382\" title=\"Lesetipps: Krise und Wahn | 147 Konzerne kontrollieren die Wirtschaft | Fundamentalisten | \u00d6ko\">Lesetipps: Krise und Wahn | 147 Konzerne kontrollieren die Wirtschaft | Fundamentalisten | \u00d6ko<\/a><\/li><li><a href=\"http:\/\/konsumpf.de\/?p=11564\" title=\"Fernsehtipp: Gegenangriff \u2013 Wirtschaft im Fadenkreuz der Kunst\">Fernsehtipp: Gegenangriff \u2013 Wirtschaft im Fadenkreuz der Kunst<\/a><\/li><\/ul>","protected":false},"excerpt":{"rendered":"<p>Da ich derzeit vor mich hin kr\u00e4nkel und keine gro\u00dfartigen eigenen Texte zusammenbekomme, will ich Euch heute dennoch dieses nette kleine Interview ans Herz legen, das Charlotte Roche vor einiger Zeit im Stern (!) mit Klaus Werner-Lobo, u.a. Autor der B\u00fccher \u201eSchwarzbuch Markenfirmen\u201c und \u201eUns geh\u00f6rt die Welt!\u201c gef\u00fchrt hat. Darin kommt so manch hei\u00dfes [&hellip;]<\/p>\n","protected":false},"author":1,"featured_media":0,"comment_status":"open","ping_status":"open","sticky":false,"template":"","format":"standard","meta":{"footnotes":""},"categories":[37,12,53,78],"tags":[817,2865,541,31,538,818],"yoast_head":"<!-- This site is optimized with the Yoast SEO plugin v24.4 - https:\/\/yoast.com\/wordpress\/plugins\/seo\/ -->\n<title>Charlotte Roche interviewt Klaus Werner-Lobo - Konsumpf - Forum f\u00fcr kreative Konsumkritik - Culture Jamming, Nachhaltigkeit, Konzernkritik, Adbusting<\/title>\n<meta name=\"robots\" content=\"index, follow, max-snippet:-1, max-image-preview:large, max-video-preview:-1\" \/>\n<link rel=\"canonical\" href=\"https:\/\/konsumpf.de\/?p=4667\" \/>\n<meta property=\"og:locale\" content=\"de_DE\" \/>\n<meta property=\"og:type\" content=\"article\" \/>\n<meta property=\"og:title\" content=\"Charlotte Roche interviewt Klaus Werner-Lobo - Konsumpf - Forum f\u00fcr kreative Konsumkritik - Culture Jamming, Nachhaltigkeit, Konzernkritik, Adbusting\" \/>\n<meta property=\"og:description\" content=\"Da ich derzeit vor mich hin kr\u00e4nkel und keine gro\u00dfartigen eigenen Texte zusammenbekomme, will ich Euch heute dennoch dieses nette kleine Interview ans Herz legen, das Charlotte Roche vor einiger Zeit im Stern (!) mit Klaus Werner-Lobo, u.a. Autor der B\u00fccher \u201eSchwarzbuch Markenfirmen\u201c und \u201eUns geh\u00f6rt die Welt!\u201c gef\u00fchrt hat. Darin kommt so manch hei\u00dfes [&hellip;]\" \/>\n<meta property=\"og:url\" content=\"https:\/\/konsumpf.de\/?p=4667\" \/>\n<meta property=\"og:site_name\" content=\"Konsumpf - Forum f\u00fcr kreative Konsumkritik - Culture Jamming, Nachhaltigkeit, Konzernkritik, Adbusting\" \/>\n<meta property=\"article:published_time\" content=\"2009-06-11T08:05:28+00:00\" \/>\n<meta property=\"article:modified_time\" content=\"2009-10-31T16:32:29+00:00\" \/>\n<meta name=\"author\" content=\"Peter M.\" \/>\n<meta name=\"twitter:card\" content=\"summary_large_image\" \/>\n<meta name=\"twitter:label1\" content=\"Verfasst von\" \/>\n\t<meta name=\"twitter:data1\" content=\"Peter M.\" \/>\n\t<meta name=\"twitter:label2\" content=\"Gesch\u00e4tzte Lesezeit\" \/>\n\t<meta name=\"twitter:data2\" content=\"2\u00a0Minuten\" \/>\n<script type=\"application\/ld+json\" class=\"yoast-schema-graph\">{\"@context\":\"https:\/\/schema.org\",\"@graph\":[{\"@type\":\"WebPage\",\"@id\":\"https:\/\/konsumpf.de\/?p=4667\",\"url\":\"https:\/\/konsumpf.de\/?p=4667\",\"name\":\"Charlotte Roche interviewt Klaus Werner-Lobo - Konsumpf - Forum f\u00fcr kreative Konsumkritik - Culture Jamming, Nachhaltigkeit, Konzernkritik, Adbusting\",\"isPartOf\":{\"@id\":\"https:\/\/konsumpf.de\/#website\"},\"datePublished\":\"2009-06-11T08:05:28+00:00\",\"dateModified\":\"2009-10-31T16:32:29+00:00\",\"author\":{\"@id\":\"https:\/\/konsumpf.de\/#\/schema\/person\/e595a6d286b26994e7e0926d70699070\"},\"breadcrumb\":{\"@id\":\"https:\/\/konsumpf.de\/?p=4667#breadcrumb\"},\"inLanguage\":\"de\",\"potentialAction\":[{\"@type\":\"ReadAction\",\"target\":[\"https:\/\/konsumpf.de\/?p=4667\"]}]},{\"@type\":\"BreadcrumbList\",\"@id\":\"https:\/\/konsumpf.de\/?p=4667#breadcrumb\",\"itemListElement\":[{\"@type\":\"ListItem\",\"position\":1,\"name\":\"Startseite\",\"item\":\"https:\/\/konsumpf.de\/\"},{\"@type\":\"ListItem\",\"position\":2,\"name\":\"Charlotte Roche interviewt Klaus Werner-Lobo\"}]},{\"@type\":\"WebSite\",\"@id\":\"https:\/\/konsumpf.de\/#website\",\"url\":\"https:\/\/konsumpf.de\/\",\"name\":\"Konsumpf - Forum f\u00fcr kreative Konsumkritik - Culture Jamming, Nachhaltigkeit, Konzernkritik, Adbusting\",\"description\":\"\",\"potentialAction\":[{\"@type\":\"SearchAction\",\"target\":{\"@type\":\"EntryPoint\",\"urlTemplate\":\"https:\/\/konsumpf.de\/?s={search_term_string}\"},\"query-input\":{\"@type\":\"PropertyValueSpecification\",\"valueRequired\":true,\"valueName\":\"search_term_string\"}}],\"inLanguage\":\"de\"},{\"@type\":\"Person\",\"@id\":\"https:\/\/konsumpf.de\/#\/schema\/person\/e595a6d286b26994e7e0926d70699070\",\"name\":\"Peter M.\",\"sameAs\":[\"http:\/\/konsumpf.de\"]}]}<\/script>\n<!-- \/ Yoast SEO plugin. -->","yoast_head_json":{"title":"Charlotte Roche interviewt Klaus Werner-Lobo - Konsumpf - Forum f\u00fcr kreative Konsumkritik - Culture Jamming, Nachhaltigkeit, Konzernkritik, Adbusting","robots":{"index":"index","follow":"follow","max-snippet":"max-snippet:-1","max-image-preview":"max-image-preview:large","max-video-preview":"max-video-preview:-1"},"canonical":"https:\/\/konsumpf.de\/?p=4667","og_locale":"de_DE","og_type":"article","og_title":"Charlotte Roche interviewt Klaus Werner-Lobo - Konsumpf - Forum f\u00fcr kreative Konsumkritik - Culture Jamming, Nachhaltigkeit, Konzernkritik, Adbusting","og_description":"Da ich derzeit vor mich hin kr\u00e4nkel und keine gro\u00dfartigen eigenen Texte zusammenbekomme, will ich Euch heute dennoch dieses nette kleine Interview ans Herz legen, das Charlotte Roche vor einiger Zeit im Stern (!) mit Klaus Werner-Lobo, u.a. Autor der B\u00fccher \u201eSchwarzbuch Markenfirmen\u201c und \u201eUns geh\u00f6rt die Welt!\u201c gef\u00fchrt hat. Darin kommt so manch hei\u00dfes [&hellip;]","og_url":"https:\/\/konsumpf.de\/?p=4667","og_site_name":"Konsumpf - Forum f\u00fcr kreative Konsumkritik - Culture Jamming, Nachhaltigkeit, Konzernkritik, Adbusting","article_published_time":"2009-06-11T08:05:28+00:00","article_modified_time":"2009-10-31T16:32:29+00:00","author":"Peter M.","twitter_card":"summary_large_image","twitter_misc":{"Verfasst von":"Peter M.","Gesch\u00e4tzte Lesezeit":"2\u00a0Minuten"},"schema":{"@context":"https:\/\/schema.org","@graph":[{"@type":"WebPage","@id":"https:\/\/konsumpf.de\/?p=4667","url":"https:\/\/konsumpf.de\/?p=4667","name":"Charlotte Roche interviewt Klaus Werner-Lobo - Konsumpf - Forum f\u00fcr kreative Konsumkritik - Culture Jamming, Nachhaltigkeit, Konzernkritik, Adbusting","isPartOf":{"@id":"https:\/\/konsumpf.de\/#website"},"datePublished":"2009-06-11T08:05:28+00:00","dateModified":"2009-10-31T16:32:29+00:00","author":{"@id":"https:\/\/konsumpf.de\/#\/schema\/person\/e595a6d286b26994e7e0926d70699070"},"breadcrumb":{"@id":"https:\/\/konsumpf.de\/?p=4667#breadcrumb"},"inLanguage":"de","potentialAction":[{"@type":"ReadAction","target":["https:\/\/konsumpf.de\/?p=4667"]}]},{"@type":"BreadcrumbList","@id":"https:\/\/konsumpf.de\/?p=4667#breadcrumb","itemListElement":[{"@type":"ListItem","position":1,"name":"Startseite","item":"https:\/\/konsumpf.de\/"},{"@type":"ListItem","position":2,"name":"Charlotte Roche interviewt Klaus Werner-Lobo"}]},{"@type":"WebSite","@id":"https:\/\/konsumpf.de\/#website","url":"https:\/\/konsumpf.de\/","name":"Konsumpf - Forum f\u00fcr kreative Konsumkritik - Culture Jamming, Nachhaltigkeit, Konzernkritik, Adbusting","description":"","potentialAction":[{"@type":"SearchAction","target":{"@type":"EntryPoint","urlTemplate":"https:\/\/konsumpf.de\/?s={search_term_string}"},"query-input":{"@type":"PropertyValueSpecification","valueRequired":true,"valueName":"search_term_string"}}],"inLanguage":"de"},{"@type":"Person","@id":"https:\/\/konsumpf.de\/#\/schema\/person\/e595a6d286b26994e7e0926d70699070","name":"Peter M.","sameAs":["http:\/\/konsumpf.de"]}]}},"_links":{"self":[{"href":"https:\/\/konsumpf.de\/index.php?rest_route=\/wp\/v2\/posts\/4667"}],"collection":[{"href":"https:\/\/konsumpf.de\/index.php?rest_route=\/wp\/v2\/posts"}],"about":[{"href":"https:\/\/konsumpf.de\/index.php?rest_route=\/wp\/v2\/types\/post"}],"author":[{"embeddable":true,"href":"https:\/\/konsumpf.de\/index.php?rest_route=\/wp\/v2\/users\/1"}],"replies":[{"embeddable":true,"href":"https:\/\/konsumpf.de\/index.php?rest_route=%2Fwp%2Fv2%2Fcomments&post=4667"}],"version-history":[{"count":4,"href":"https:\/\/konsumpf.de\/index.php?rest_route=\/wp\/v2\/posts\/4667\/revisions"}],"predecessor-version":[{"id":6196,"href":"https:\/\/konsumpf.de\/index.php?rest_route=\/wp\/v2\/posts\/4667\/revisions\/6196"}],"wp:attachment":[{"href":"https:\/\/konsumpf.de\/index.php?rest_route=%2Fwp%2Fv2%2Fmedia&parent=4667"}],"wp:term":[{"taxonomy":"category","embeddable":true,"href":"https:\/\/konsumpf.de\/index.php?rest_route=%2Fwp%2Fv2%2Fcategories&post=4667"},{"taxonomy":"post_tag","embeddable":true,"href":"https:\/\/konsumpf.de\/index.php?rest_route=%2Fwp%2Fv2%2Ftags&post=4667"}],"curies":[{"name":"wp","href":"https:\/\/api.w.org\/{rel}","templated":true}]}}