{"id":4596,"date":"2009-06-01T10:30:16","date_gmt":"2009-06-01T08:30:16","guid":{"rendered":"http:\/\/konsumpf.de\/?p=4596"},"modified":"2009-05-26T22:37:44","modified_gmt":"2009-05-26T20:37:44","slug":"wirr-in-europa","status":"publish","type":"post","link":"https:\/\/konsumpf.de\/?p=4596","title":{"rendered":"Wirr in Europa"},"content":{"rendered":"<p>Eine willkommene und absolut angebrachte Korrektur an den <strong>CDU-Wahlplakaten<\/strong> zur Europawahl, wie ich finde. [via <a href=\"http:\/\/blah.tamagothi.de\/2009\/05\/24\/brueller-des-tages-das-richtig-gedichte\/\">Nachtw\u00e4chter-Blah<\/a>; Quelle: <a href=\"http:\/\/www.flickr.com\/photos\/bloghaus\/3556024623\/\">Der Hausmeister @ flickr<\/a>]<\/p>\n<p><a href=\"http:\/\/konsumpf.de\/wp-content\/uploads\/2009\/05\/cdu-wirr-in-europa.jpg\"><img loading=\"lazy\" decoding=\"async\" class=\"aligncenter size-full wp-image-4597\" title=\"cdu-wirr-in-europa\" src=\"http:\/\/konsumpf.de\/wp-content\/uploads\/2009\/05\/cdu-wirr-in-europa.jpg\" alt=\"cdu-wirr-in-europa\" width=\"500\" height=\"290\" srcset=\"https:\/\/konsumpf.de\/wp-content\/uploads\/2009\/05\/cdu-wirr-in-europa.jpg 500w, https:\/\/konsumpf.de\/wp-content\/uploads\/2009\/05\/cdu-wirr-in-europa-300x174.jpg 300w\" sizes=\"(max-width: 500px) 100vw, 500px\" \/><\/a><\/p>\n<p>Wobei man sagen muss, dass die Dinger der anderen Parteien ein \u00e4hnliches Treatment genauso verdient h\u00e4tten. Die Plakate der SPD mit ihren ausschlie\u00dflichen Anti-Attit\u00fcden gegen\u00fcber den restlichen Parteien (\u201eFinanzhaie w\u00fcrden FDP w\u00e4hlen\u201c etc.) finde ich sogar besonders arm, da offenbar gar kein eigenes Programm propagiert wird, sondern man sich nur in Abgrenzung zu den anderen definiert.<\/p>\n<h3 class='related_post_title'>Verwandte Beitr\u00e4ge:<\/h3><ul class='related_post'><li><a href=\"http:\/\/konsumpf.de\/?p=5474\" title=\"Wahlplakat-Remixe\">Wahlplakat-Remixe<\/a><\/li><li><a href=\"http:\/\/konsumpf.de\/?p=15064\" title=\"Wahlplakat-Adbusting 2013\">Wahlplakat-Adbusting 2013<\/a><\/li><li><a href=\"http:\/\/konsumpf.de\/?p=15015\" title=\"Mein Reich \u2013 Die Qual der Wahl\">Mein Reich \u2013 Die Qual der Wahl<\/a><\/li><li><a href=\"http:\/\/konsumpf.de\/?p=12878\" title=\"Berliner Wahlplakat-Busting, Nachschlag\">Berliner Wahlplakat-Busting, Nachschlag<\/a><\/li><li><a href=\"http:\/\/konsumpf.de\/?p=5566\" title=\"\u201eHistorisches\u201c Wahlkampfbusting\">\u201eHistorisches\u201c Wahlkampfbusting<\/a><\/li><\/ul>","protected":false},"excerpt":{"rendered":"<p>Eine willkommene und absolut angebrachte Korrektur an den CDU-Wahlplakaten zur Europawahl, wie ich finde. [via Nachtw\u00e4chter-Blah; Quelle: Der Hausmeister @ flickr] Wobei man sagen muss, dass die Dinger der anderen Parteien ein \u00e4hnliches Treatment genauso verdient h\u00e4tten. Die Plakate der SPD mit ihren ausschlie\u00dflichen Anti-Attit\u00fcden gegen\u00fcber den restlichen Parteien (\u201eFinanzhaie w\u00fcrden FDP w\u00e4hlen\u201c etc.) finde [&hellip;]<\/p>\n","protected":false},"author":1,"featured_media":0,"comment_status":"open","ping_status":"open","sticky":false,"template":"","format":"standard","meta":{"footnotes":""},"categories":[18,311,53],"tags":[2858,233,765,448,801],"yoast_head":"<!-- This site is optimized with the Yoast SEO plugin v24.4 - https:\/\/yoast.com\/wordpress\/plugins\/seo\/ -->\n<title>Wirr in Europa - Konsumpf - Forum f\u00fcr kreative Konsumkritik - Culture Jamming, Nachhaltigkeit, Konzernkritik, Adbusting<\/title>\n<meta name=\"robots\" content=\"index, follow, max-snippet:-1, max-image-preview:large, max-video-preview:-1\" \/>\n<link rel=\"canonical\" href=\"https:\/\/konsumpf.de\/?p=4596\" \/>\n<meta property=\"og:locale\" content=\"de_DE\" \/>\n<meta property=\"og:type\" content=\"article\" \/>\n<meta property=\"og:title\" content=\"Wirr in Europa - Konsumpf - Forum f\u00fcr kreative Konsumkritik - Culture Jamming, Nachhaltigkeit, Konzernkritik, Adbusting\" \/>\n<meta property=\"og:description\" content=\"Eine willkommene und absolut angebrachte Korrektur an den CDU-Wahlplakaten zur Europawahl, wie ich finde. [via Nachtw\u00e4chter-Blah; Quelle: Der Hausmeister @ flickr] Wobei man sagen muss, dass die Dinger der anderen Parteien ein \u00e4hnliches Treatment genauso verdient h\u00e4tten. Die Plakate der SPD mit ihren ausschlie\u00dflichen Anti-Attit\u00fcden gegen\u00fcber den restlichen Parteien (\u201eFinanzhaie w\u00fcrden FDP w\u00e4hlen\u201c etc.) finde [&hellip;]\" \/>\n<meta property=\"og:url\" content=\"https:\/\/konsumpf.de\/?p=4596\" \/>\n<meta property=\"og:site_name\" content=\"Konsumpf - Forum f\u00fcr kreative Konsumkritik - Culture Jamming, Nachhaltigkeit, Konzernkritik, Adbusting\" \/>\n<meta property=\"article:published_time\" content=\"2009-06-01T08:30:16+00:00\" \/>\n<meta property=\"og:image\" content=\"http:\/\/konsumpf.de\/wp-content\/uploads\/2009\/05\/cdu-wirr-in-europa.jpg\" \/>\n<meta name=\"author\" content=\"Peter M.\" \/>\n<meta name=\"twitter:card\" content=\"summary_large_image\" \/>\n<meta name=\"twitter:label1\" content=\"Verfasst von\" \/>\n\t<meta name=\"twitter:data1\" content=\"Peter M.\" \/>\n<script type=\"application\/ld+json\" class=\"yoast-schema-graph\">{\"@context\":\"https:\/\/schema.org\",\"@graph\":[{\"@type\":\"WebPage\",\"@id\":\"https:\/\/konsumpf.de\/?p=4596\",\"url\":\"https:\/\/konsumpf.de\/?p=4596\",\"name\":\"Wirr in Europa - Konsumpf - Forum f\u00fcr kreative Konsumkritik - Culture Jamming, Nachhaltigkeit, Konzernkritik, Adbusting\",\"isPartOf\":{\"@id\":\"https:\/\/konsumpf.de\/#website\"},\"primaryImageOfPage\":{\"@id\":\"https:\/\/konsumpf.de\/?p=4596#primaryimage\"},\"image\":{\"@id\":\"https:\/\/konsumpf.de\/?p=4596#primaryimage\"},\"thumbnailUrl\":\"http:\/\/konsumpf.de\/wp-content\/uploads\/2009\/05\/cdu-wirr-in-europa.jpg\",\"datePublished\":\"2009-06-01T08:30:16+00:00\",\"author\":{\"@id\":\"https:\/\/konsumpf.de\/#\/schema\/person\/e595a6d286b26994e7e0926d70699070\"},\"breadcrumb\":{\"@id\":\"https:\/\/konsumpf.de\/?p=4596#breadcrumb\"},\"inLanguage\":\"de\",\"potentialAction\":[{\"@type\":\"ReadAction\",\"target\":[\"https:\/\/konsumpf.de\/?p=4596\"]}]},{\"@type\":\"ImageObject\",\"inLanguage\":\"de\",\"@id\":\"https:\/\/konsumpf.de\/?p=4596#primaryimage\",\"url\":\"https:\/\/konsumpf.de\/wp-content\/uploads\/2009\/05\/cdu-wirr-in-europa.jpg\",\"contentUrl\":\"https:\/\/konsumpf.de\/wp-content\/uploads\/2009\/05\/cdu-wirr-in-europa.jpg\",\"width\":\"500\",\"height\":\"290\"},{\"@type\":\"BreadcrumbList\",\"@id\":\"https:\/\/konsumpf.de\/?p=4596#breadcrumb\",\"itemListElement\":[{\"@type\":\"ListItem\",\"position\":1,\"name\":\"Startseite\",\"item\":\"https:\/\/konsumpf.de\/\"},{\"@type\":\"ListItem\",\"position\":2,\"name\":\"Wirr in Europa\"}]},{\"@type\":\"WebSite\",\"@id\":\"https:\/\/konsumpf.de\/#website\",\"url\":\"https:\/\/konsumpf.de\/\",\"name\":\"Konsumpf - Forum f\u00fcr kreative Konsumkritik - Culture Jamming, Nachhaltigkeit, Konzernkritik, Adbusting\",\"description\":\"\",\"potentialAction\":[{\"@type\":\"SearchAction\",\"target\":{\"@type\":\"EntryPoint\",\"urlTemplate\":\"https:\/\/konsumpf.de\/?s={search_term_string}\"},\"query-input\":{\"@type\":\"PropertyValueSpecification\",\"valueRequired\":true,\"valueName\":\"search_term_string\"}}],\"inLanguage\":\"de\"},{\"@type\":\"Person\",\"@id\":\"https:\/\/konsumpf.de\/#\/schema\/person\/e595a6d286b26994e7e0926d70699070\",\"name\":\"Peter M.\",\"sameAs\":[\"http:\/\/konsumpf.de\"]}]}<\/script>\n<!-- \/ Yoast SEO plugin. -->","yoast_head_json":{"title":"Wirr in Europa - Konsumpf - Forum f\u00fcr kreative Konsumkritik - Culture Jamming, Nachhaltigkeit, Konzernkritik, Adbusting","robots":{"index":"index","follow":"follow","max-snippet":"max-snippet:-1","max-image-preview":"max-image-preview:large","max-video-preview":"max-video-preview:-1"},"canonical":"https:\/\/konsumpf.de\/?p=4596","og_locale":"de_DE","og_type":"article","og_title":"Wirr in Europa - Konsumpf - Forum f\u00fcr kreative Konsumkritik - Culture Jamming, Nachhaltigkeit, Konzernkritik, Adbusting","og_description":"Eine willkommene und absolut angebrachte Korrektur an den CDU-Wahlplakaten zur Europawahl, wie ich finde. [via Nachtw\u00e4chter-Blah; Quelle: Der Hausmeister @ flickr] Wobei man sagen muss, dass die Dinger der anderen Parteien ein \u00e4hnliches Treatment genauso verdient h\u00e4tten. Die Plakate der SPD mit ihren ausschlie\u00dflichen Anti-Attit\u00fcden gegen\u00fcber den restlichen Parteien (\u201eFinanzhaie w\u00fcrden FDP w\u00e4hlen\u201c etc.) finde [&hellip;]","og_url":"https:\/\/konsumpf.de\/?p=4596","og_site_name":"Konsumpf - Forum f\u00fcr kreative Konsumkritik - Culture Jamming, Nachhaltigkeit, Konzernkritik, Adbusting","article_published_time":"2009-06-01T08:30:16+00:00","og_image":[{"url":"http:\/\/konsumpf.de\/wp-content\/uploads\/2009\/05\/cdu-wirr-in-europa.jpg","type":"","width":"","height":""}],"author":"Peter M.","twitter_card":"summary_large_image","twitter_misc":{"Verfasst von":"Peter M."},"schema":{"@context":"https:\/\/schema.org","@graph":[{"@type":"WebPage","@id":"https:\/\/konsumpf.de\/?p=4596","url":"https:\/\/konsumpf.de\/?p=4596","name":"Wirr in Europa - Konsumpf - Forum f\u00fcr kreative Konsumkritik - Culture Jamming, Nachhaltigkeit, Konzernkritik, Adbusting","isPartOf":{"@id":"https:\/\/konsumpf.de\/#website"},"primaryImageOfPage":{"@id":"https:\/\/konsumpf.de\/?p=4596#primaryimage"},"image":{"@id":"https:\/\/konsumpf.de\/?p=4596#primaryimage"},"thumbnailUrl":"http:\/\/konsumpf.de\/wp-content\/uploads\/2009\/05\/cdu-wirr-in-europa.jpg","datePublished":"2009-06-01T08:30:16+00:00","author":{"@id":"https:\/\/konsumpf.de\/#\/schema\/person\/e595a6d286b26994e7e0926d70699070"},"breadcrumb":{"@id":"https:\/\/konsumpf.de\/?p=4596#breadcrumb"},"inLanguage":"de","potentialAction":[{"@type":"ReadAction","target":["https:\/\/konsumpf.de\/?p=4596"]}]},{"@type":"ImageObject","inLanguage":"de","@id":"https:\/\/konsumpf.de\/?p=4596#primaryimage","url":"https:\/\/konsumpf.de\/wp-content\/uploads\/2009\/05\/cdu-wirr-in-europa.jpg","contentUrl":"https:\/\/konsumpf.de\/wp-content\/uploads\/2009\/05\/cdu-wirr-in-europa.jpg","width":"500","height":"290"},{"@type":"BreadcrumbList","@id":"https:\/\/konsumpf.de\/?p=4596#breadcrumb","itemListElement":[{"@type":"ListItem","position":1,"name":"Startseite","item":"https:\/\/konsumpf.de\/"},{"@type":"ListItem","position":2,"name":"Wirr in Europa"}]},{"@type":"WebSite","@id":"https:\/\/konsumpf.de\/#website","url":"https:\/\/konsumpf.de\/","name":"Konsumpf - Forum f\u00fcr kreative Konsumkritik - Culture Jamming, Nachhaltigkeit, Konzernkritik, Adbusting","description":"","potentialAction":[{"@type":"SearchAction","target":{"@type":"EntryPoint","urlTemplate":"https:\/\/konsumpf.de\/?s={search_term_string}"},"query-input":{"@type":"PropertyValueSpecification","valueRequired":true,"valueName":"search_term_string"}}],"inLanguage":"de"},{"@type":"Person","@id":"https:\/\/konsumpf.de\/#\/schema\/person\/e595a6d286b26994e7e0926d70699070","name":"Peter M.","sameAs":["http:\/\/konsumpf.de"]}]}},"_links":{"self":[{"href":"https:\/\/konsumpf.de\/index.php?rest_route=\/wp\/v2\/posts\/4596"}],"collection":[{"href":"https:\/\/konsumpf.de\/index.php?rest_route=\/wp\/v2\/posts"}],"about":[{"href":"https:\/\/konsumpf.de\/index.php?rest_route=\/wp\/v2\/types\/post"}],"author":[{"embeddable":true,"href":"https:\/\/konsumpf.de\/index.php?rest_route=\/wp\/v2\/users\/1"}],"replies":[{"embeddable":true,"href":"https:\/\/konsumpf.de\/index.php?rest_route=%2Fwp%2Fv2%2Fcomments&post=4596"}],"version-history":[{"count":5,"href":"https:\/\/konsumpf.de\/index.php?rest_route=\/wp\/v2\/posts\/4596\/revisions"}],"predecessor-version":[{"id":4602,"href":"https:\/\/konsumpf.de\/index.php?rest_route=\/wp\/v2\/posts\/4596\/revisions\/4602"}],"wp:attachment":[{"href":"https:\/\/konsumpf.de\/index.php?rest_route=%2Fwp%2Fv2%2Fmedia&parent=4596"}],"wp:term":[{"taxonomy":"category","embeddable":true,"href":"https:\/\/konsumpf.de\/index.php?rest_route=%2Fwp%2Fv2%2Fcategories&post=4596"},{"taxonomy":"post_tag","embeddable":true,"href":"https:\/\/konsumpf.de\/index.php?rest_route=%2Fwp%2Fv2%2Ftags&post=4596"}],"curies":[{"name":"wp","href":"https:\/\/api.w.org\/{rel}","templated":true}]}}