{"id":4563,"date":"2009-05-30T10:01:21","date_gmt":"2009-05-30T08:01:21","guid":{"rendered":"http:\/\/konsumpf.de\/?p=4563"},"modified":"2009-05-30T00:20:41","modified_gmt":"2009-05-29T22:20:41","slug":"kritik-am-konsumwahn","status":"publish","type":"post","link":"https:\/\/konsumpf.de\/?p=4563","title":{"rendered":"Kritik am Konsumwahn"},"content":{"rendered":"<p><a href=\"http:\/\/konsumpf.de\/wp-content\/uploads\/2009\/05\/small_tree_on_white.jpg\"><img loading=\"lazy\" decoding=\"async\" class=\"alignright size-full wp-image-4566\" title=\"small_tree_on_white\" src=\"http:\/\/konsumpf.de\/wp-content\/uploads\/2009\/05\/small_tree_on_white.jpg\" alt=\"small_tree_on_white\" width=\"242\" height=\"161\" \/><\/a>Im letzten <strong>Spiegel<\/strong> fand sich dieses tolle Interview mit der indischen Aktivistin <strong>Vandana Shiva<\/strong> \u2013 \u201e<a href=\"http:\/\/www.spiegel.de\/panorama\/gesellschaft\/0,1518,626287,00.html\"><strong>Die Bestohlenen werden sich erheben<\/strong><\/a>\u201c \u2013, in dem sie sich gegen Konsumwahn und Wachstumswirtschaft ausspricht und daf\u00fcr pl\u00e4diert, B\u00e4ume zu pflanzen statt zu konsumieren. Sehr lesenswert! Hier ein paar Ausz\u00fcge:<\/p>\n<blockquote><p><strong>SPIEGEL ONLINE:<\/strong> Frau Shiva, haben Sie als Umweltaktivistin und Feministin Verst\u00e4ndnis daf\u00fcr, dass viele Menschen in Deutschland gerade die Frage umtreibt, wer die Wahl zu &#8220;Germany&#8217;s Next Topmodel&#8221; gewonnen hat?<\/p>\n<p><strong>Vandana Shiva:<\/strong> Nein, was diesen Teil des Lebens anbelangt, bin ich wirklich ignorant. Top-Models k\u00f6nnten an mir vorbeilaufen, und ich w\u00fcrde sie nicht erkennen. Nach Super-Models zu suchen, w\u00e4hrend das Klima und die Weltwirtschaft im Chaos versinken, ist so, als w\u00fcrde Nero fiedeln, w\u00e4hrend Rom brennt.<\/p>\n<p>(&#8230;)<strong> Shiva:<\/strong> Wir konzentrieren uns sicherlich zu sehr auf die \u00f6konomische Krise &#8211; nat\u00fcrlich auch, weil die Regierungen und die Automobilindustrie sie als den Anfang vom Ende darstellen. Als w\u00fcrde die Welt ohne Banken und Autobauer zusammenbrechen. Dabei verkauft die Automobilindustrie zu viele Wagen, die keiner wirklich braucht, und die Banken spekulieren st\u00e4ndig mit neuen Papieren. Statt das zu korrigieren, wird alles getan, um rettend einzugreifen. Das ist so, als h\u00e4tte ein Luftballon ein Loch, und man pustet trotzdem weiter Luft hinein. Aber ein kaputter Ballon ist kaputt.<\/p>\n<p><strong>SPIEGEL ONLINE:<\/strong> Wir m\u00fcssen uns also von Limousinen und Investment-Fonds verabschieden?<\/p>\n<p><strong>Shiva:<\/strong> Die Krise zeigt uns, das stetige Anh\u00e4ufen von materiellen Dingen ist vorbei. Nun kann man entweder in Panik geraten oder man kann sagen, gut, dass das vorbei ist &#8211; nun kann ich mich darauf konzentrieren, ein wirklich gl\u00fcckliches Leben zu f\u00fchren.<\/p><\/blockquote>\n<h3 class='related_post_title'>Verwandte Beitr\u00e4ge:<\/h3><ul class='related_post'><li><a href=\"http:\/\/konsumpf.de\/?p=11564\" title=\"Fernsehtipp: Gegenangriff \u2013 Wirtschaft im Fadenkreuz der Kunst\">Fernsehtipp: Gegenangriff \u2013 Wirtschaft im Fadenkreuz der Kunst<\/a><\/li><li><a href=\"http:\/\/konsumpf.de\/?p=4277\" title=\"Surftipp: Erkl\u00e4rung von Bern \/ Kinderarbeit f\u00fcr Schokolade\">Surftipp: Erkl\u00e4rung von Bern \/ Kinderarbeit f\u00fcr Schokolade<\/a><\/li><li><a href=\"http:\/\/konsumpf.de\/?p=3216\" title=\"\u201eWarum es zivilen Ungehorsam braucht, um unsere Allgemeing\u00fcter zu verteidigen\u201c\">\u201eWarum es zivilen Ungehorsam braucht, um unsere Allgemeing\u00fcter zu verteidigen\u201c<\/a><\/li><li><a href=\"http:\/\/konsumpf.de\/?p=15354\" title=\"Die besten Weihnachtsgeschenketipps aller Zeiten\">Die besten Weihnachtsgeschenketipps aller Zeiten<\/a><\/li><li><a href=\"http:\/\/konsumpf.de\/?p=15349\" title=\"Schluss mit schnell \u2013 Alternativen zur Turbo-Konsumgesellschaft\">Schluss mit schnell \u2013 Alternativen zur Turbo-Konsumgesellschaft<\/a><\/li><\/ul>","protected":false},"excerpt":{"rendered":"<p>Im letzten Spiegel fand sich dieses tolle Interview mit der indischen Aktivistin Vandana Shiva \u2013 \u201eDie Bestohlenen werden sich erheben\u201c \u2013, in dem sie sich gegen Konsumwahn und Wachstumswirtschaft ausspricht und daf\u00fcr pl\u00e4diert, B\u00e4ume zu pflanzen statt zu konsumieren. Sehr lesenswert! Hier ein paar Ausz\u00fcge: SPIEGEL ONLINE: Frau Shiva, haben Sie als Umweltaktivistin und Feministin [&hellip;]<\/p>\n","protected":false},"author":1,"featured_media":0,"comment_status":"open","ping_status":"open","sticky":false,"template":"","format":"standard","meta":{"footnotes":""},"categories":[259,37,12,4,16,50,78],"tags":[2865,624,555,58,2854,351,554,97],"yoast_head":"<!-- This site is optimized with the Yoast SEO plugin v24.4 - https:\/\/yoast.com\/wordpress\/plugins\/seo\/ -->\n<title>Kritik am Konsumwahn - Konsumpf - Forum f\u00fcr kreative Konsumkritik - Culture Jamming, Nachhaltigkeit, Konzernkritik, Adbusting<\/title>\n<meta name=\"robots\" content=\"index, follow, max-snippet:-1, max-image-preview:large, max-video-preview:-1\" \/>\n<link rel=\"canonical\" href=\"https:\/\/konsumpf.de\/?p=4563\" \/>\n<meta property=\"og:locale\" content=\"de_DE\" \/>\n<meta property=\"og:type\" content=\"article\" \/>\n<meta property=\"og:title\" content=\"Kritik am Konsumwahn - Konsumpf - Forum f\u00fcr kreative Konsumkritik - Culture Jamming, Nachhaltigkeit, Konzernkritik, Adbusting\" \/>\n<meta property=\"og:description\" content=\"Im letzten Spiegel fand sich dieses tolle Interview mit der indischen Aktivistin Vandana Shiva \u2013 \u201eDie Bestohlenen werden sich erheben\u201c \u2013, in dem sie sich gegen Konsumwahn und Wachstumswirtschaft ausspricht und daf\u00fcr pl\u00e4diert, B\u00e4ume zu pflanzen statt zu konsumieren. Sehr lesenswert! Hier ein paar Ausz\u00fcge: SPIEGEL ONLINE: Frau Shiva, haben Sie als Umweltaktivistin und Feministin [&hellip;]\" \/>\n<meta property=\"og:url\" content=\"https:\/\/konsumpf.de\/?p=4563\" \/>\n<meta property=\"og:site_name\" content=\"Konsumpf - Forum f\u00fcr kreative Konsumkritik - Culture Jamming, Nachhaltigkeit, Konzernkritik, Adbusting\" \/>\n<meta property=\"article:published_time\" content=\"2009-05-30T08:01:21+00:00\" \/>\n<meta property=\"og:image\" content=\"http:\/\/konsumpf.de\/wp-content\/uploads\/2009\/05\/small_tree_on_white.jpg\" \/>\n<meta name=\"author\" content=\"Peter M.\" \/>\n<meta name=\"twitter:card\" content=\"summary_large_image\" \/>\n<meta name=\"twitter:label1\" content=\"Verfasst von\" \/>\n\t<meta name=\"twitter:data1\" content=\"Peter M.\" \/>\n\t<meta name=\"twitter:label2\" content=\"Gesch\u00e4tzte Lesezeit\" \/>\n\t<meta name=\"twitter:data2\" content=\"1\u00a0Minute\" \/>\n<script type=\"application\/ld+json\" class=\"yoast-schema-graph\">{\"@context\":\"https:\/\/schema.org\",\"@graph\":[{\"@type\":\"WebPage\",\"@id\":\"https:\/\/konsumpf.de\/?p=4563\",\"url\":\"https:\/\/konsumpf.de\/?p=4563\",\"name\":\"Kritik am Konsumwahn - Konsumpf - Forum f\u00fcr kreative Konsumkritik - Culture Jamming, Nachhaltigkeit, Konzernkritik, Adbusting\",\"isPartOf\":{\"@id\":\"https:\/\/konsumpf.de\/#website\"},\"primaryImageOfPage\":{\"@id\":\"https:\/\/konsumpf.de\/?p=4563#primaryimage\"},\"image\":{\"@id\":\"https:\/\/konsumpf.de\/?p=4563#primaryimage\"},\"thumbnailUrl\":\"http:\/\/konsumpf.de\/wp-content\/uploads\/2009\/05\/small_tree_on_white.jpg\",\"datePublished\":\"2009-05-30T08:01:21+00:00\",\"author\":{\"@id\":\"https:\/\/konsumpf.de\/#\/schema\/person\/e595a6d286b26994e7e0926d70699070\"},\"breadcrumb\":{\"@id\":\"https:\/\/konsumpf.de\/?p=4563#breadcrumb\"},\"inLanguage\":\"de\",\"potentialAction\":[{\"@type\":\"ReadAction\",\"target\":[\"https:\/\/konsumpf.de\/?p=4563\"]}]},{\"@type\":\"ImageObject\",\"inLanguage\":\"de\",\"@id\":\"https:\/\/konsumpf.de\/?p=4563#primaryimage\",\"url\":\"https:\/\/konsumpf.de\/wp-content\/uploads\/2009\/05\/small_tree_on_white.jpg\",\"contentUrl\":\"https:\/\/konsumpf.de\/wp-content\/uploads\/2009\/05\/small_tree_on_white.jpg\",\"width\":\"300\",\"height\":\"200\"},{\"@type\":\"BreadcrumbList\",\"@id\":\"https:\/\/konsumpf.de\/?p=4563#breadcrumb\",\"itemListElement\":[{\"@type\":\"ListItem\",\"position\":1,\"name\":\"Startseite\",\"item\":\"https:\/\/konsumpf.de\/\"},{\"@type\":\"ListItem\",\"position\":2,\"name\":\"Kritik am Konsumwahn\"}]},{\"@type\":\"WebSite\",\"@id\":\"https:\/\/konsumpf.de\/#website\",\"url\":\"https:\/\/konsumpf.de\/\",\"name\":\"Konsumpf - Forum f\u00fcr kreative Konsumkritik - Culture Jamming, Nachhaltigkeit, Konzernkritik, Adbusting\",\"description\":\"\",\"potentialAction\":[{\"@type\":\"SearchAction\",\"target\":{\"@type\":\"EntryPoint\",\"urlTemplate\":\"https:\/\/konsumpf.de\/?s={search_term_string}\"},\"query-input\":{\"@type\":\"PropertyValueSpecification\",\"valueRequired\":true,\"valueName\":\"search_term_string\"}}],\"inLanguage\":\"de\"},{\"@type\":\"Person\",\"@id\":\"https:\/\/konsumpf.de\/#\/schema\/person\/e595a6d286b26994e7e0926d70699070\",\"name\":\"Peter M.\",\"sameAs\":[\"http:\/\/konsumpf.de\"]}]}<\/script>\n<!-- \/ Yoast SEO plugin. -->","yoast_head_json":{"title":"Kritik am Konsumwahn - Konsumpf - Forum f\u00fcr kreative Konsumkritik - Culture Jamming, Nachhaltigkeit, Konzernkritik, Adbusting","robots":{"index":"index","follow":"follow","max-snippet":"max-snippet:-1","max-image-preview":"max-image-preview:large","max-video-preview":"max-video-preview:-1"},"canonical":"https:\/\/konsumpf.de\/?p=4563","og_locale":"de_DE","og_type":"article","og_title":"Kritik am Konsumwahn - Konsumpf - Forum f\u00fcr kreative Konsumkritik - Culture Jamming, Nachhaltigkeit, Konzernkritik, Adbusting","og_description":"Im letzten Spiegel fand sich dieses tolle Interview mit der indischen Aktivistin Vandana Shiva \u2013 \u201eDie Bestohlenen werden sich erheben\u201c \u2013, in dem sie sich gegen Konsumwahn und Wachstumswirtschaft ausspricht und daf\u00fcr pl\u00e4diert, B\u00e4ume zu pflanzen statt zu konsumieren. Sehr lesenswert! Hier ein paar Ausz\u00fcge: SPIEGEL ONLINE: Frau Shiva, haben Sie als Umweltaktivistin und Feministin [&hellip;]","og_url":"https:\/\/konsumpf.de\/?p=4563","og_site_name":"Konsumpf - Forum f\u00fcr kreative Konsumkritik - Culture Jamming, Nachhaltigkeit, Konzernkritik, Adbusting","article_published_time":"2009-05-30T08:01:21+00:00","og_image":[{"url":"http:\/\/konsumpf.de\/wp-content\/uploads\/2009\/05\/small_tree_on_white.jpg","type":"","width":"","height":""}],"author":"Peter M.","twitter_card":"summary_large_image","twitter_misc":{"Verfasst von":"Peter M.","Gesch\u00e4tzte Lesezeit":"1\u00a0Minute"},"schema":{"@context":"https:\/\/schema.org","@graph":[{"@type":"WebPage","@id":"https:\/\/konsumpf.de\/?p=4563","url":"https:\/\/konsumpf.de\/?p=4563","name":"Kritik am Konsumwahn - Konsumpf - Forum f\u00fcr kreative Konsumkritik - Culture Jamming, Nachhaltigkeit, Konzernkritik, Adbusting","isPartOf":{"@id":"https:\/\/konsumpf.de\/#website"},"primaryImageOfPage":{"@id":"https:\/\/konsumpf.de\/?p=4563#primaryimage"},"image":{"@id":"https:\/\/konsumpf.de\/?p=4563#primaryimage"},"thumbnailUrl":"http:\/\/konsumpf.de\/wp-content\/uploads\/2009\/05\/small_tree_on_white.jpg","datePublished":"2009-05-30T08:01:21+00:00","author":{"@id":"https:\/\/konsumpf.de\/#\/schema\/person\/e595a6d286b26994e7e0926d70699070"},"breadcrumb":{"@id":"https:\/\/konsumpf.de\/?p=4563#breadcrumb"},"inLanguage":"de","potentialAction":[{"@type":"ReadAction","target":["https:\/\/konsumpf.de\/?p=4563"]}]},{"@type":"ImageObject","inLanguage":"de","@id":"https:\/\/konsumpf.de\/?p=4563#primaryimage","url":"https:\/\/konsumpf.de\/wp-content\/uploads\/2009\/05\/small_tree_on_white.jpg","contentUrl":"https:\/\/konsumpf.de\/wp-content\/uploads\/2009\/05\/small_tree_on_white.jpg","width":"300","height":"200"},{"@type":"BreadcrumbList","@id":"https:\/\/konsumpf.de\/?p=4563#breadcrumb","itemListElement":[{"@type":"ListItem","position":1,"name":"Startseite","item":"https:\/\/konsumpf.de\/"},{"@type":"ListItem","position":2,"name":"Kritik am Konsumwahn"}]},{"@type":"WebSite","@id":"https:\/\/konsumpf.de\/#website","url":"https:\/\/konsumpf.de\/","name":"Konsumpf - Forum f\u00fcr kreative Konsumkritik - Culture Jamming, Nachhaltigkeit, Konzernkritik, Adbusting","description":"","potentialAction":[{"@type":"SearchAction","target":{"@type":"EntryPoint","urlTemplate":"https:\/\/konsumpf.de\/?s={search_term_string}"},"query-input":{"@type":"PropertyValueSpecification","valueRequired":true,"valueName":"search_term_string"}}],"inLanguage":"de"},{"@type":"Person","@id":"https:\/\/konsumpf.de\/#\/schema\/person\/e595a6d286b26994e7e0926d70699070","name":"Peter M.","sameAs":["http:\/\/konsumpf.de"]}]}},"_links":{"self":[{"href":"https:\/\/konsumpf.de\/index.php?rest_route=\/wp\/v2\/posts\/4563"}],"collection":[{"href":"https:\/\/konsumpf.de\/index.php?rest_route=\/wp\/v2\/posts"}],"about":[{"href":"https:\/\/konsumpf.de\/index.php?rest_route=\/wp\/v2\/types\/post"}],"author":[{"embeddable":true,"href":"https:\/\/konsumpf.de\/index.php?rest_route=\/wp\/v2\/users\/1"}],"replies":[{"embeddable":true,"href":"https:\/\/konsumpf.de\/index.php?rest_route=%2Fwp%2Fv2%2Fcomments&post=4563"}],"version-history":[{"count":6,"href":"https:\/\/konsumpf.de\/index.php?rest_route=\/wp\/v2\/posts\/4563\/revisions"}],"predecessor-version":[{"id":4615,"href":"https:\/\/konsumpf.de\/index.php?rest_route=\/wp\/v2\/posts\/4563\/revisions\/4615"}],"wp:attachment":[{"href":"https:\/\/konsumpf.de\/index.php?rest_route=%2Fwp%2Fv2%2Fmedia&parent=4563"}],"wp:term":[{"taxonomy":"category","embeddable":true,"href":"https:\/\/konsumpf.de\/index.php?rest_route=%2Fwp%2Fv2%2Fcategories&post=4563"},{"taxonomy":"post_tag","embeddable":true,"href":"https:\/\/konsumpf.de\/index.php?rest_route=%2Fwp%2Fv2%2Ftags&post=4563"}],"curies":[{"name":"wp","href":"https:\/\/api.w.org\/{rel}","templated":true}]}}