{"id":4467,"date":"2009-05-23T10:01:41","date_gmt":"2009-05-23T08:01:41","guid":{"rendered":"http:\/\/konsumpf.de\/?p=4467"},"modified":"2009-05-22T18:37:45","modified_gmt":"2009-05-22T16:37:45","slug":"ausbeutung-in-deutschland-%e2%80%93-%e2%80%9esystem-schlecker-muss-geknackt-werden%e2%80%9c","status":"publish","type":"post","link":"https:\/\/konsumpf.de\/?p=4467","title":{"rendered":"Ausbeutung in Deutschland \u2013 \u201eSystem Schlecker muss geknackt werden\u201c"},"content":{"rendered":"<p><a href=\"http:\/\/konsumpf.de\/wp-content\/uploads\/2009\/05\/arschlecker.jpg\"><img loading=\"lazy\" decoding=\"async\" class=\"alignright size-medium wp-image-4498\" title=\"arschlecker\" src=\"http:\/\/konsumpf.de\/wp-content\/uploads\/2009\/05\/arschlecker-300x217.jpg\" alt=\"arschlecker\" width=\"262\" height=\"189\" srcset=\"https:\/\/konsumpf.de\/wp-content\/uploads\/2009\/05\/arschlecker-300x217.jpg 300w, https:\/\/konsumpf.de\/wp-content\/uploads\/2009\/05\/arschlecker.jpg 480w\" sizes=\"(max-width: 262px) 100vw, 262px\" \/><\/a>Eigentlich habe ich zum Thema Discounter &amp; Co. ja schon <a href=\"http:\/\/konsumpf.de\/?p=2353\">genug gesagt<\/a>, andererseits werde ich nicht ruhen, bis diese Pest einged\u00e4mmt ist \u2013 zudem gibt es immer wieder neue Entwicklungen bzw. Meldungen aus dem Bereich, die ich Euch nicht vorenthalten m\u00f6chte. Zur Abwechslung werde ich heute mal nicht auf Aldi &amp; Lidl einschlagen, sondern suche mir den dritten Gro\u00dfen im Ausbeuterbunde aus \u2013 <strong>Schlecker<\/strong>. In puncto baulicher und typographischer H\u00e4sslichkeit kann diese Kette Aldi bequem das Wasser reichen, schon das Logo ist eine Beleidigung f\u00fcrs Auge. Die Arbeitsbedingungen f\u00fcr die Angestellten\u00a0 sind vermutlich mit die \u00fcbelsten bei der ganzen Discounterbagage, zumal hier <a href=\"http:\/\/www.manager-magazin.de\/koepfe\/unternehmerarchiv\/0,2828,276910,00.html\">mit besonders harter Hand<\/a> regiert wird. Vor ein paar Tagen fand ich dann auf Pressetext.de diesen Aufruf der \u00f6sterreichischen Gewerkschaft der Privatangestellten <strong>\u201e<a href=\"http:\/\/pressetext.de\/news\/090519039\/gewerkschaft-system-schlecker-muss-geknackt-werden\/\">Das System Schlecker muss geknackt werden<\/a>\u201c<\/strong>:<\/p>\n<blockquote><p>Nach Angaben der GPA-djp haben sich die Arbeitsbedingungen f\u00fcr Schlecker-Angestellte in den vergangenen vier Jahren zwar leicht verbessert. Dennoch w\u00fcrden die Mitarbeiter mit steigender Tendenz von &#8220;schlimmen Zust\u00e4nden im Unternehmen berichten&#8221;. So gaben etwa 76 Prozent der Befragten an, nach Verlassen ihrer Filiale kontrolliert zu werden, selbst Handtaschen w\u00fcrden durchsucht. Dabei handle es sich um &#8220;klare Eingriffe in die Pers\u00f6nlichkeitssph\u00e4re&#8221; der Angestellten. Es scheine Teil der Unternehmenskultur zu sein, &#8220;die Besch\u00e4ftigten grunds\u00e4tzlich zu verd\u00e4chtigen und unter Druck zu setzen&#8221;. Dar\u00fcber hinaus habe es Hinweise auf Videokontrollen gegeben, die bislang jedoch nicht verifiziert werden konnten. Die meist weiblichen Mitarbeiterinnen weisen darauf hin, sich an ihrem Arbeitsplatz nicht sicher zu f\u00fchlen. In den meisten F\u00e4llen seien sie alleine im Gesch\u00e4ft t\u00e4tig, w\u00fcrden \u00dcberf\u00e4lle f\u00fcrchten und kaum Gelegenheit f\u00fcr Toilettenpausen finden.<\/p>\n<p>Zu den arbeitsrechtlichen Vorw\u00fcrfen z\u00e4hlt au\u00dferdem eine problematische Betriebsvereinbarung, die der Gewerkschaft zugespielt worden sei. &#8220;Die Vereinbarung dient ausschlie\u00dflich dazu, um die bei Schlecker Besch\u00e4ftigten um ihren Mehrarbeitszuschlag zu prellen. Das ist ein unannehmbarer Zustand, den wir mit Sicherheit nicht hinnehmen werden&#8221;, kritisiert Stein. So m\u00fcssten Mitarbeiter &#8220;jederzeit f\u00fcr Mehrarbeit zur Verf\u00fcgung stehen und regelm\u00e4\u00dfig mehr Stunden arbeiten als vereinbart&#8221;. Gleichzeitig werde der Arbeitsvertrag vom Dienstgeber niedrig gehalten. Knapp die H\u00e4lfte der Befragten berichte zudem von einseitigen Anordnungen zur Arbeitszeit.<\/p>\n<p>(&#8230;) &#8220;Die Frauen sind bei m\u00f6glichen Alternativen am Arbeitsmarkt stark eingeschr\u00e4nkt. Diese Situation wird ausgen\u00fctzt&#8221;, erkl\u00e4rt GPA-djp-Bundesfrauenvorsitzende Ilse Fetik im pressetext-Gespr\u00e4ch. Nachdem ihre Wochenarbeitsvertr\u00e4ge vom Unternehmen herabgestuft werden, verdienen die Mitarbeiterinnen trotz \u00dcberstunden weniger Geld. Ein m\u00f6glicher Freizeitausgleich werde ebenfalls von Schlecker vorgegeben. Au\u00dferdem w\u00fcrden die Besch\u00e4ftigten dazu angehalten, &#8220;abgelaufene Ware zum Vollpreis zu kaufen&#8221;, um Abschreibungen zu vermeiden. Die Mitarbeiterinnen m\u00fcssten im Schlecker-Bestellshop gewisse Mindestmengen und Verkaufsziele erreichen. &#8220;Werden diese nicht erf\u00fcllt, bestellen sie f\u00fcr sich selbst oder ihre Familienmitglieder&#8221;, so Bundesgesch\u00e4ftsf\u00fchrerin Stein. Dabei spiele es keine Rolle, ob sie die Artikel ben\u00f6tigen oder nicht. Die Bestellungen w\u00fcrden lediglich get\u00e4tigt, um Ermahnungen und angedrohten K\u00fcndigungen zu entgehen.<\/p><\/blockquote>\n<p>Dem Aufruf zum \u201eKnacken\u201c von Schlecker kann ich mich nat\u00fcrlich nur anschlie\u00dfen \u2013 obwohl der n\u00e4chste Schleckermarkt nur 20 m von meiner Wohnung entfernt liegt, meide ich diese Kette prinzipiell und betrete deren L\u00e4den nicht (mehr). Immerhin wird geplant, 4.000 Gesch\u00e4fte zu schlie\u00dfen, was schon mal ein Anfang ist&#8230;<\/p>\n<p>Diese beiden aktuellen Beitr\u00e4ge passen irgendwie auch zum Thema und werfen ein bezeichnendes Licht auf den Arbeitsmarkt Deutschland \u2013 <strong>\u201e<a href=\"http:\/\/pressetext.de\/news\/090520019\/kik-spitzelte-schulden-von-mitarbeitern-aus\/\">KiK spitzelte Schulden von Mitarbeitern aus<\/a>\u201c<\/strong> und<strong> \u201e<a href=\"http:\/\/www.zeit.de\/online\/2009\/21\/ausbeutung-arbeit\">Ausbeutung: Arbeiten zu widrigsten Bedingungen in Deutschland<\/a>\u201c<\/strong> (Zeit.de).<\/p>\n<h3 class='related_post_title'>Verwandte Beitr\u00e4ge:<\/h3><ul class='related_post'><li><a href=\"http:\/\/konsumpf.de\/?p=10941\" title=\"Discounter: Reibach auf dem R\u00fccken der Menschen &#8211; Beispiel Netto\">Discounter: Reibach auf dem R\u00fccken der Menschen &#8211; Beispiel Netto<\/a><\/li><li><a href=\"http:\/\/konsumpf.de\/?p=7045\" title=\"Ein paar Lesetipps zum Wochenende: \u201eSie k\u00f6nnen nur billig\u201c, \u201eFacebook wei\u00df alles \u00fcber uns\u201c und \u201eWann stehen die Deutschen auf?\u201c\">Ein paar Lesetipps zum Wochenende: \u201eSie k\u00f6nnen nur billig\u201c, \u201eFacebook wei\u00df alles \u00fcber uns\u201c und \u201eWann stehen die Deutschen auf?\u201c<\/a><\/li><li><a href=\"http:\/\/konsumpf.de\/?p=6437\" title=\"Schlecker XL \u2013 so funktionieren Kapitalismus &#038; Ausbeutung\">Schlecker XL \u2013 so funktionieren Kapitalismus &#038; Ausbeutung<\/a><\/li><li><a href=\"http:\/\/konsumpf.de\/?p=14631\" title=\"KiK \u2013 Der Menschenrechts-Diskont\">KiK \u2013 Der Menschenrechts-Diskont<\/a><\/li><li><a href=\"http:\/\/konsumpf.de\/?p=13010\" title=\"Billige Klamotten\">Billige Klamotten<\/a><\/li><\/ul>","protected":false},"excerpt":{"rendered":"<p>Eigentlich habe ich zum Thema Discounter &amp; Co. ja schon genug gesagt, andererseits werde ich nicht ruhen, bis diese Pest einged\u00e4mmt ist \u2013 zudem gibt es immer wieder neue Entwicklungen bzw. Meldungen aus dem Bereich, die ich Euch nicht vorenthalten m\u00f6chte. Zur Abwechslung werde ich heute mal nicht auf Aldi &amp; Lidl einschlagen, sondern suche [&hellip;]<\/p>\n","protected":false},"author":1,"featured_media":0,"comment_status":"open","ping_status":"open","sticky":false,"template":"","format":"standard","meta":{"footnotes":""},"categories":[23,259,12,78],"tags":[603,483,2860,193,203],"yoast_head":"<!-- This site is optimized with the Yoast SEO plugin v24.4 - https:\/\/yoast.com\/wordpress\/plugins\/seo\/ -->\n<title>Ausbeutung in Deutschland \u2013 \u201eSystem Schlecker muss geknackt werden\u201c - Konsumpf - Forum f\u00fcr kreative Konsumkritik - Culture Jamming, Nachhaltigkeit, Konzernkritik, Adbusting<\/title>\n<meta name=\"robots\" content=\"index, follow, max-snippet:-1, max-image-preview:large, max-video-preview:-1\" \/>\n<link rel=\"canonical\" href=\"https:\/\/konsumpf.de\/?p=4467\" \/>\n<meta property=\"og:locale\" content=\"de_DE\" \/>\n<meta property=\"og:type\" content=\"article\" \/>\n<meta property=\"og:title\" content=\"Ausbeutung in Deutschland \u2013 \u201eSystem Schlecker muss geknackt werden\u201c - Konsumpf - Forum f\u00fcr kreative Konsumkritik - Culture Jamming, Nachhaltigkeit, Konzernkritik, Adbusting\" \/>\n<meta property=\"og:description\" content=\"Eigentlich habe ich zum Thema Discounter &amp; Co. ja schon genug gesagt, andererseits werde ich nicht ruhen, bis diese Pest einged\u00e4mmt ist \u2013 zudem gibt es immer wieder neue Entwicklungen bzw. Meldungen aus dem Bereich, die ich Euch nicht vorenthalten m\u00f6chte. Zur Abwechslung werde ich heute mal nicht auf Aldi &amp; Lidl einschlagen, sondern suche [&hellip;]\" \/>\n<meta property=\"og:url\" content=\"https:\/\/konsumpf.de\/?p=4467\" \/>\n<meta property=\"og:site_name\" content=\"Konsumpf - Forum f\u00fcr kreative Konsumkritik - Culture Jamming, Nachhaltigkeit, Konzernkritik, Adbusting\" \/>\n<meta property=\"article:published_time\" content=\"2009-05-23T08:01:41+00:00\" \/>\n<meta property=\"og:image\" content=\"http:\/\/konsumpf.de\/wp-content\/uploads\/2009\/05\/arschlecker-300x217.jpg\" \/>\n<meta name=\"author\" content=\"Peter M.\" \/>\n<meta name=\"twitter:card\" content=\"summary_large_image\" \/>\n<meta name=\"twitter:label1\" content=\"Verfasst von\" \/>\n\t<meta name=\"twitter:data1\" content=\"Peter M.\" \/>\n\t<meta name=\"twitter:label2\" content=\"Gesch\u00e4tzte Lesezeit\" \/>\n\t<meta name=\"twitter:data2\" content=\"3\u00a0Minuten\" \/>\n<script type=\"application\/ld+json\" class=\"yoast-schema-graph\">{\"@context\":\"https:\/\/schema.org\",\"@graph\":[{\"@type\":\"WebPage\",\"@id\":\"https:\/\/konsumpf.de\/?p=4467\",\"url\":\"https:\/\/konsumpf.de\/?p=4467\",\"name\":\"Ausbeutung in Deutschland \u2013 \u201eSystem Schlecker muss geknackt werden\u201c - Konsumpf - Forum f\u00fcr kreative Konsumkritik - Culture Jamming, Nachhaltigkeit, Konzernkritik, Adbusting\",\"isPartOf\":{\"@id\":\"https:\/\/konsumpf.de\/#website\"},\"primaryImageOfPage\":{\"@id\":\"https:\/\/konsumpf.de\/?p=4467#primaryimage\"},\"image\":{\"@id\":\"https:\/\/konsumpf.de\/?p=4467#primaryimage\"},\"thumbnailUrl\":\"http:\/\/konsumpf.de\/wp-content\/uploads\/2009\/05\/arschlecker-300x217.jpg\",\"datePublished\":\"2009-05-23T08:01:41+00:00\",\"author\":{\"@id\":\"https:\/\/konsumpf.de\/#\/schema\/person\/e595a6d286b26994e7e0926d70699070\"},\"breadcrumb\":{\"@id\":\"https:\/\/konsumpf.de\/?p=4467#breadcrumb\"},\"inLanguage\":\"de\",\"potentialAction\":[{\"@type\":\"ReadAction\",\"target\":[\"https:\/\/konsumpf.de\/?p=4467\"]}]},{\"@type\":\"ImageObject\",\"inLanguage\":\"de\",\"@id\":\"https:\/\/konsumpf.de\/?p=4467#primaryimage\",\"url\":\"https:\/\/konsumpf.de\/wp-content\/uploads\/2009\/05\/arschlecker.jpg\",\"contentUrl\":\"https:\/\/konsumpf.de\/wp-content\/uploads\/2009\/05\/arschlecker.jpg\",\"width\":\"480\",\"height\":\"348\"},{\"@type\":\"BreadcrumbList\",\"@id\":\"https:\/\/konsumpf.de\/?p=4467#breadcrumb\",\"itemListElement\":[{\"@type\":\"ListItem\",\"position\":1,\"name\":\"Startseite\",\"item\":\"https:\/\/konsumpf.de\/\"},{\"@type\":\"ListItem\",\"position\":2,\"name\":\"Ausbeutung in Deutschland \u2013 \u201eSystem Schlecker muss geknackt werden\u201c\"}]},{\"@type\":\"WebSite\",\"@id\":\"https:\/\/konsumpf.de\/#website\",\"url\":\"https:\/\/konsumpf.de\/\",\"name\":\"Konsumpf - Forum f\u00fcr kreative Konsumkritik - Culture Jamming, Nachhaltigkeit, Konzernkritik, Adbusting\",\"description\":\"\",\"potentialAction\":[{\"@type\":\"SearchAction\",\"target\":{\"@type\":\"EntryPoint\",\"urlTemplate\":\"https:\/\/konsumpf.de\/?s={search_term_string}\"},\"query-input\":{\"@type\":\"PropertyValueSpecification\",\"valueRequired\":true,\"valueName\":\"search_term_string\"}}],\"inLanguage\":\"de\"},{\"@type\":\"Person\",\"@id\":\"https:\/\/konsumpf.de\/#\/schema\/person\/e595a6d286b26994e7e0926d70699070\",\"name\":\"Peter M.\",\"sameAs\":[\"http:\/\/konsumpf.de\"]}]}<\/script>\n<!-- \/ Yoast SEO plugin. -->","yoast_head_json":{"title":"Ausbeutung in Deutschland \u2013 \u201eSystem Schlecker muss geknackt werden\u201c - Konsumpf - Forum f\u00fcr kreative Konsumkritik - Culture Jamming, Nachhaltigkeit, Konzernkritik, Adbusting","robots":{"index":"index","follow":"follow","max-snippet":"max-snippet:-1","max-image-preview":"max-image-preview:large","max-video-preview":"max-video-preview:-1"},"canonical":"https:\/\/konsumpf.de\/?p=4467","og_locale":"de_DE","og_type":"article","og_title":"Ausbeutung in Deutschland \u2013 \u201eSystem Schlecker muss geknackt werden\u201c - Konsumpf - Forum f\u00fcr kreative Konsumkritik - Culture Jamming, Nachhaltigkeit, Konzernkritik, Adbusting","og_description":"Eigentlich habe ich zum Thema Discounter &amp; Co. ja schon genug gesagt, andererseits werde ich nicht ruhen, bis diese Pest einged\u00e4mmt ist \u2013 zudem gibt es immer wieder neue Entwicklungen bzw. Meldungen aus dem Bereich, die ich Euch nicht vorenthalten m\u00f6chte. Zur Abwechslung werde ich heute mal nicht auf Aldi &amp; Lidl einschlagen, sondern suche [&hellip;]","og_url":"https:\/\/konsumpf.de\/?p=4467","og_site_name":"Konsumpf - Forum f\u00fcr kreative Konsumkritik - Culture Jamming, Nachhaltigkeit, Konzernkritik, Adbusting","article_published_time":"2009-05-23T08:01:41+00:00","og_image":[{"url":"http:\/\/konsumpf.de\/wp-content\/uploads\/2009\/05\/arschlecker-300x217.jpg","type":"","width":"","height":""}],"author":"Peter M.","twitter_card":"summary_large_image","twitter_misc":{"Verfasst von":"Peter M.","Gesch\u00e4tzte Lesezeit":"3\u00a0Minuten"},"schema":{"@context":"https:\/\/schema.org","@graph":[{"@type":"WebPage","@id":"https:\/\/konsumpf.de\/?p=4467","url":"https:\/\/konsumpf.de\/?p=4467","name":"Ausbeutung in Deutschland \u2013 \u201eSystem Schlecker muss geknackt werden\u201c - Konsumpf - Forum f\u00fcr kreative Konsumkritik - Culture Jamming, Nachhaltigkeit, Konzernkritik, Adbusting","isPartOf":{"@id":"https:\/\/konsumpf.de\/#website"},"primaryImageOfPage":{"@id":"https:\/\/konsumpf.de\/?p=4467#primaryimage"},"image":{"@id":"https:\/\/konsumpf.de\/?p=4467#primaryimage"},"thumbnailUrl":"http:\/\/konsumpf.de\/wp-content\/uploads\/2009\/05\/arschlecker-300x217.jpg","datePublished":"2009-05-23T08:01:41+00:00","author":{"@id":"https:\/\/konsumpf.de\/#\/schema\/person\/e595a6d286b26994e7e0926d70699070"},"breadcrumb":{"@id":"https:\/\/konsumpf.de\/?p=4467#breadcrumb"},"inLanguage":"de","potentialAction":[{"@type":"ReadAction","target":["https:\/\/konsumpf.de\/?p=4467"]}]},{"@type":"ImageObject","inLanguage":"de","@id":"https:\/\/konsumpf.de\/?p=4467#primaryimage","url":"https:\/\/konsumpf.de\/wp-content\/uploads\/2009\/05\/arschlecker.jpg","contentUrl":"https:\/\/konsumpf.de\/wp-content\/uploads\/2009\/05\/arschlecker.jpg","width":"480","height":"348"},{"@type":"BreadcrumbList","@id":"https:\/\/konsumpf.de\/?p=4467#breadcrumb","itemListElement":[{"@type":"ListItem","position":1,"name":"Startseite","item":"https:\/\/konsumpf.de\/"},{"@type":"ListItem","position":2,"name":"Ausbeutung in Deutschland \u2013 \u201eSystem Schlecker muss geknackt werden\u201c"}]},{"@type":"WebSite","@id":"https:\/\/konsumpf.de\/#website","url":"https:\/\/konsumpf.de\/","name":"Konsumpf - Forum f\u00fcr kreative Konsumkritik - Culture Jamming, Nachhaltigkeit, Konzernkritik, Adbusting","description":"","potentialAction":[{"@type":"SearchAction","target":{"@type":"EntryPoint","urlTemplate":"https:\/\/konsumpf.de\/?s={search_term_string}"},"query-input":{"@type":"PropertyValueSpecification","valueRequired":true,"valueName":"search_term_string"}}],"inLanguage":"de"},{"@type":"Person","@id":"https:\/\/konsumpf.de\/#\/schema\/person\/e595a6d286b26994e7e0926d70699070","name":"Peter M.","sameAs":["http:\/\/konsumpf.de"]}]}},"_links":{"self":[{"href":"https:\/\/konsumpf.de\/index.php?rest_route=\/wp\/v2\/posts\/4467"}],"collection":[{"href":"https:\/\/konsumpf.de\/index.php?rest_route=\/wp\/v2\/posts"}],"about":[{"href":"https:\/\/konsumpf.de\/index.php?rest_route=\/wp\/v2\/types\/post"}],"author":[{"embeddable":true,"href":"https:\/\/konsumpf.de\/index.php?rest_route=\/wp\/v2\/users\/1"}],"replies":[{"embeddable":true,"href":"https:\/\/konsumpf.de\/index.php?rest_route=%2Fwp%2Fv2%2Fcomments&post=4467"}],"version-history":[{"count":7,"href":"https:\/\/konsumpf.de\/index.php?rest_route=\/wp\/v2\/posts\/4467\/revisions"}],"predecessor-version":[{"id":4500,"href":"https:\/\/konsumpf.de\/index.php?rest_route=\/wp\/v2\/posts\/4467\/revisions\/4500"}],"wp:attachment":[{"href":"https:\/\/konsumpf.de\/index.php?rest_route=%2Fwp%2Fv2%2Fmedia&parent=4467"}],"wp:term":[{"taxonomy":"category","embeddable":true,"href":"https:\/\/konsumpf.de\/index.php?rest_route=%2Fwp%2Fv2%2Fcategories&post=4467"},{"taxonomy":"post_tag","embeddable":true,"href":"https:\/\/konsumpf.de\/index.php?rest_route=%2Fwp%2Fv2%2Ftags&post=4467"}],"curies":[{"name":"wp","href":"https:\/\/api.w.org\/{rel}","templated":true}]}}