{"id":4364,"date":"2009-09-10T10:16:55","date_gmt":"2009-09-10T08:16:55","guid":{"rendered":"http:\/\/konsumpf.de\/?p=4364"},"modified":"2009-09-06T22:29:19","modified_gmt":"2009-09-06T20:29:19","slug":"das-gutenberg-phanomen-medienmacht","status":"publish","type":"post","link":"https:\/\/konsumpf.de\/?p=4364","title":{"rendered":"Das Gutenberg-Ph\u00e4nomen: Medienmacht"},"content":{"rendered":"<div id=\"attachment_5667\" style=\"width: 256px\" class=\"wp-caption alignright\"><a href=\"http:\/\/www.sxc.hu\/photo\/1122580\"><img loading=\"lazy\" decoding=\"async\" aria-describedby=\"caption-attachment-5667\" class=\"size-full wp-image-5667\" title=\"1122580___type__\" src=\"http:\/\/konsumpf.de\/wp-content\/uploads\/2009\/09\/1122580___type__.jpg\" alt=\"\u00a9 clix, stock.xchng\" width=\"246\" height=\"164\" \/><\/a><p id=\"caption-attachment-5667\" class=\"wp-caption-text\">\u00a9 clix, stock.xchng<\/p><\/div>\n<p>Immer wieder finden sich auch in der oft kritisierten Medienlandschaft querdenkende Stimmen und hintergr\u00fcndige Artikel, auch wenn diese oft in dem allgemeinen Mediengemurmel untergehen oder nur zaghaft am Rande auftauchen. Im <strong>Leserartikel-Blog der ZEIT<\/strong> beispielsweise schrieb User <strong>iDog<\/strong> vor einiger Zeit den ausgesprochen lesenswerten Artikel <strong>\u201e<a href=\"http:\/\/kommentare.zeit.de\/user\/idog\/beitrag\/2008\/09\/14\/das-gutenbergphaenomen\">Das Gutenberg-Ph\u00e4nomen: Medienmacht. Realit\u00e4tsmonopol und zeitgen\u00f6ssische Medienrevolution<\/a>\u201c<\/strong>, in dem er die sich zuspitzende Machtkonzentration im Medienbereich und die damit einhergehende Desinformation gro\u00dfer Bev\u00f6lkerungsschichten pointiert und ungeschminkt beschreibt. Ja, der komplette Original-Text ist lang, lohnt sich meines Erachtens aber (selbst dann, wenn man nicht unbedingt alle Schlussfolgerungen und Beobachtungen teilen sollte)!<\/p>\n<blockquote><p>(&#8230;) So ist die mediale Manipulation ganzer Bev\u00f6lkerungen zwar aus der Aufkl\u00e4rung geboren, aber wird politisch und wirtschaftlich zu der Machtkonzentration f\u00fchren, die den feudalen Strukturen vor der gutenbergschen Medienrevolution im Mittelalter gleichkommen. Jene fr\u00fchere Struktur erkennen wir heute in der schmalen <a href=\"http:\/\/www.projectcensored.org\/censorship\/corporate-media-ownership\/\">Eigent\u00fcmerelite<\/a> der medialen Welt wieder, welche somit wieder ein Monopol h\u00e4lt auf das, was wir &#8220;Realit\u00e4t&#8221; nennen, bzw. auf das, was die Medienkonsumenten als &#8220;Realit\u00e4t&#8221; angeboten bekommen und auch lange aus Mangel an alternativen Informationsquellen als &#8220;Realit\u00e4t&#8221; bezeichnen m\u00fcssen.<\/p>\n<p>Zus\u00e4tzlich zur Monopolgewalt \u00fcber die selektiven Medieninhalte und Darstellungen der Wirklichkeit durch Muster des &#8220;Vergessens&#8221; oder durch die methodische Unterschlagung werden Profite durch Urheberschaft aus diesem Zentralismus generiert. Dass diese kommerziellen Eigentumsrechte nicht nur auf wirtschaftlichem Urheberschutz, also Copyright basiert, sondern historisch auf klerikal-juristische Urheberfeststellung im Auftrag der Inquisition zur\u00fcckgeht, sei nur nebenbei bemerkt. Hier wird also die 4. gesellschaftliche Gewalt, die in ihrem nicht\u00f6ffentlichen Interesse der Eigent\u00fcmer dem \u00f6ffentlichen Interesse des politischen Souver\u00e4ns entgegenarbeitet, zur Waffe und besichert sich selbst in ihrer gleichzeitigen Erscheinungsform als Eigentum. Ein virtuoser Kreislauf aus Bevormundung und Unterdr\u00fcckung, in dem sich Aufkl\u00e4rung in ihr Gegenteil verkehrt, bzw. deren Schw\u00e4chen sich zeigen in ihrer K\u00e4uflichkeit, ihrem vagen Allgemeing\u00fcltigkeitsanspruch und in ihrem suggestiven Anspruch auf Objektivit\u00e4t, den sie in Nebens\u00e4chlichkeiten beweist, um ihn in Hauptsachen missbrauchen zu k\u00f6nnen. Gerade im letzten Punkt erweist sich diese &#8220;Alzheimerdoktrin&#8221; immer mehr als anwendbar an einer get\u00e4uschten Bev\u00f6lkerung von &#8220;Alzheimerdemokraten&#8221;.<\/p>\n<p>(&#8230;) Durch weitreichende virtuelle Illusionswelten von Holly- bis Bollywood, von &#8220;World of Warcraft&#8221; bis &#8220;Second Life&#8221; werden die konsumierenden und medial zum Konsum angeregten Menschen jenseits der subelit\u00e4ren Dienstleisterbranchen zu einem nicht eigenverantwortlichen Leben ohne eigeninitiatives Denken und Entscheiden versucht. Der Mensch wird zum Konsumenten degradiert und dies auch besonders auf Ideologie bezogen. Solcherma\u00dfen manipuliert, werden Menschen \u00fcberredet und verf\u00fchrt, in letzter Konsequenz nicht nur ethisch unhaltbare imperialmilit\u00e4rische Machterweiterungen zu akzeptieren, sondern sie auch unter zum Teil grossen Opfern in den eigenen Reihen zwecks Profitmaximierung besagter quasi monopolistischer Eigent\u00fcmerelite und deren Machtinteressen durchzuf\u00fchren.<\/p>\n<p>(&#8230;) Noch befindet sich die mediale Wandlung des Westens in einer fruchtbaren Periode, die eine Chance beinhaltet, wie sie mir einzigartig erscheint, um ein orwellsches Welttheater in naher Zukunft zu verhindern, in dem uns der individuelle Austausch von kritischer Wahrnehmung nicht mehr gestattet sein wird und wir und unsere Kinder im schlechtesten Fall als blindes, nicht denkendes Kanonenfutter aufeinandergehetzt werden.<\/p><\/blockquote>\n<h3 class='related_post_title'>Verwandte Beitr\u00e4ge:<\/h3><ul class='related_post'><li><a href=\"http:\/\/konsumpf.de\/?p=12852\" title=\"Lesetipps: ZEIT-Edition \u2013\u00a0Plutokratie, Niebel und Libyen\">Lesetipps: ZEIT-Edition \u2013\u00a0Plutokratie, Niebel und Libyen<\/a><\/li><li><a href=\"http:\/\/konsumpf.de\/?p=12268\" title=\"Ehemaliger Spiegel-Journalist \u00fcber Objektivit\u00e4t und Meinungsfreiheit in den Medien\">Ehemaliger Spiegel-Journalist \u00fcber Objektivit\u00e4t und Meinungsfreiheit in den Medien<\/a><\/li><li><a href=\"http:\/\/konsumpf.de\/?p=9087\" title=\"Kongress \u00d6ffentlichkeit und Demokratie in Berlin\">Kongress \u00d6ffentlichkeit und Demokratie in Berlin<\/a><\/li><li><a href=\"http:\/\/konsumpf.de\/?p=4926\" title=\"Buchbesprechung: Kembrew McLeod \u201eFreedom of Expression\u00ae\u201c\">Buchbesprechung: Kembrew McLeod \u201eFreedom of Expression\u00ae\u201c<\/a><\/li><li><a href=\"http:\/\/konsumpf.de\/?p=6563\" title=\"Meinungsmache\">Meinungsmache<\/a><\/li><\/ul>","protected":false},"excerpt":{"rendered":"<p>Immer wieder finden sich auch in der oft kritisierten Medienlandschaft querdenkende Stimmen und hintergr\u00fcndige Artikel, auch wenn diese oft in dem allgemeinen Mediengemurmel untergehen oder nur zaghaft am Rande auftauchen. Im Leserartikel-Blog der ZEIT beispielsweise schrieb User iDog vor einiger Zeit den ausgesprochen lesenswerten Artikel \u201eDas Gutenberg-Ph\u00e4nomen: Medienmacht. Realit\u00e4tsmonopol und zeitgen\u00f6ssische Medienrevolution\u201c, in dem er [&hellip;]<\/p>\n","protected":false},"author":1,"featured_media":0,"comment_status":"open","ping_status":"open","sticky":false,"template":"","format":"standard","meta":{"footnotes":""},"categories":[311,12,320,33],"tags":[2883,2863,264,972],"yoast_head":"<!-- This site is optimized with the Yoast SEO plugin v24.4 - https:\/\/yoast.com\/wordpress\/plugins\/seo\/ -->\n<title>Das Gutenberg-Ph\u00e4nomen: Medienmacht - Konsumpf - Forum f\u00fcr kreative Konsumkritik - Culture Jamming, Nachhaltigkeit, Konzernkritik, Adbusting<\/title>\n<meta name=\"robots\" content=\"index, follow, max-snippet:-1, max-image-preview:large, max-video-preview:-1\" \/>\n<link rel=\"canonical\" href=\"https:\/\/konsumpf.de\/?p=4364\" \/>\n<meta property=\"og:locale\" content=\"de_DE\" \/>\n<meta property=\"og:type\" content=\"article\" \/>\n<meta property=\"og:title\" content=\"Das Gutenberg-Ph\u00e4nomen: Medienmacht - Konsumpf - Forum f\u00fcr kreative Konsumkritik - Culture Jamming, Nachhaltigkeit, Konzernkritik, Adbusting\" \/>\n<meta property=\"og:description\" content=\"Immer wieder finden sich auch in der oft kritisierten Medienlandschaft querdenkende Stimmen und hintergr\u00fcndige Artikel, auch wenn diese oft in dem allgemeinen Mediengemurmel untergehen oder nur zaghaft am Rande auftauchen. Im Leserartikel-Blog der ZEIT beispielsweise schrieb User iDog vor einiger Zeit den ausgesprochen lesenswerten Artikel \u201eDas Gutenberg-Ph\u00e4nomen: Medienmacht. Realit\u00e4tsmonopol und zeitgen\u00f6ssische Medienrevolution\u201c, in dem er [&hellip;]\" \/>\n<meta property=\"og:url\" content=\"https:\/\/konsumpf.de\/?p=4364\" \/>\n<meta property=\"og:site_name\" content=\"Konsumpf - Forum f\u00fcr kreative Konsumkritik - Culture Jamming, Nachhaltigkeit, Konzernkritik, Adbusting\" \/>\n<meta property=\"article:published_time\" content=\"2009-09-10T08:16:55+00:00\" \/>\n<meta property=\"og:image\" content=\"http:\/\/konsumpf.de\/wp-content\/uploads\/2009\/09\/1122580___type__.jpg\" \/>\n<meta name=\"author\" content=\"Peter M.\" \/>\n<meta name=\"twitter:card\" content=\"summary_large_image\" \/>\n<meta name=\"twitter:label1\" content=\"Verfasst von\" \/>\n\t<meta name=\"twitter:data1\" content=\"Peter M.\" \/>\n\t<meta name=\"twitter:label2\" content=\"Gesch\u00e4tzte Lesezeit\" \/>\n\t<meta name=\"twitter:data2\" content=\"3\u00a0Minuten\" \/>\n<script type=\"application\/ld+json\" class=\"yoast-schema-graph\">{\"@context\":\"https:\/\/schema.org\",\"@graph\":[{\"@type\":\"WebPage\",\"@id\":\"https:\/\/konsumpf.de\/?p=4364\",\"url\":\"https:\/\/konsumpf.de\/?p=4364\",\"name\":\"Das Gutenberg-Ph\u00e4nomen: Medienmacht - Konsumpf - Forum f\u00fcr kreative Konsumkritik - Culture Jamming, Nachhaltigkeit, Konzernkritik, Adbusting\",\"isPartOf\":{\"@id\":\"https:\/\/konsumpf.de\/#website\"},\"primaryImageOfPage\":{\"@id\":\"https:\/\/konsumpf.de\/?p=4364#primaryimage\"},\"image\":{\"@id\":\"https:\/\/konsumpf.de\/?p=4364#primaryimage\"},\"thumbnailUrl\":\"http:\/\/konsumpf.de\/wp-content\/uploads\/2009\/09\/1122580___type__.jpg\",\"datePublished\":\"2009-09-10T08:16:55+00:00\",\"author\":{\"@id\":\"https:\/\/konsumpf.de\/#\/schema\/person\/e595a6d286b26994e7e0926d70699070\"},\"breadcrumb\":{\"@id\":\"https:\/\/konsumpf.de\/?p=4364#breadcrumb\"},\"inLanguage\":\"de\",\"potentialAction\":[{\"@type\":\"ReadAction\",\"target\":[\"https:\/\/konsumpf.de\/?p=4364\"]}]},{\"@type\":\"ImageObject\",\"inLanguage\":\"de\",\"@id\":\"https:\/\/konsumpf.de\/?p=4364#primaryimage\",\"url\":\"https:\/\/konsumpf.de\/wp-content\/uploads\/2009\/09\/1122580___type__.jpg\",\"contentUrl\":\"https:\/\/konsumpf.de\/wp-content\/uploads\/2009\/09\/1122580___type__.jpg\",\"width\":\"300\",\"height\":\"200\",\"caption\":\"\u00a9 clix, stock.xchng\"},{\"@type\":\"BreadcrumbList\",\"@id\":\"https:\/\/konsumpf.de\/?p=4364#breadcrumb\",\"itemListElement\":[{\"@type\":\"ListItem\",\"position\":1,\"name\":\"Startseite\",\"item\":\"https:\/\/konsumpf.de\/\"},{\"@type\":\"ListItem\",\"position\":2,\"name\":\"Das Gutenberg-Ph\u00e4nomen: Medienmacht\"}]},{\"@type\":\"WebSite\",\"@id\":\"https:\/\/konsumpf.de\/#website\",\"url\":\"https:\/\/konsumpf.de\/\",\"name\":\"Konsumpf - Forum f\u00fcr kreative Konsumkritik - Culture Jamming, Nachhaltigkeit, Konzernkritik, Adbusting\",\"description\":\"\",\"potentialAction\":[{\"@type\":\"SearchAction\",\"target\":{\"@type\":\"EntryPoint\",\"urlTemplate\":\"https:\/\/konsumpf.de\/?s={search_term_string}\"},\"query-input\":{\"@type\":\"PropertyValueSpecification\",\"valueRequired\":true,\"valueName\":\"search_term_string\"}}],\"inLanguage\":\"de\"},{\"@type\":\"Person\",\"@id\":\"https:\/\/konsumpf.de\/#\/schema\/person\/e595a6d286b26994e7e0926d70699070\",\"name\":\"Peter M.\",\"sameAs\":[\"http:\/\/konsumpf.de\"]}]}<\/script>\n<!-- \/ Yoast SEO plugin. -->","yoast_head_json":{"title":"Das Gutenberg-Ph\u00e4nomen: Medienmacht - Konsumpf - Forum f\u00fcr kreative Konsumkritik - Culture Jamming, Nachhaltigkeit, Konzernkritik, Adbusting","robots":{"index":"index","follow":"follow","max-snippet":"max-snippet:-1","max-image-preview":"max-image-preview:large","max-video-preview":"max-video-preview:-1"},"canonical":"https:\/\/konsumpf.de\/?p=4364","og_locale":"de_DE","og_type":"article","og_title":"Das Gutenberg-Ph\u00e4nomen: Medienmacht - Konsumpf - Forum f\u00fcr kreative Konsumkritik - Culture Jamming, Nachhaltigkeit, Konzernkritik, Adbusting","og_description":"Immer wieder finden sich auch in der oft kritisierten Medienlandschaft querdenkende Stimmen und hintergr\u00fcndige Artikel, auch wenn diese oft in dem allgemeinen Mediengemurmel untergehen oder nur zaghaft am Rande auftauchen. Im Leserartikel-Blog der ZEIT beispielsweise schrieb User iDog vor einiger Zeit den ausgesprochen lesenswerten Artikel \u201eDas Gutenberg-Ph\u00e4nomen: Medienmacht. Realit\u00e4tsmonopol und zeitgen\u00f6ssische Medienrevolution\u201c, in dem er [&hellip;]","og_url":"https:\/\/konsumpf.de\/?p=4364","og_site_name":"Konsumpf - Forum f\u00fcr kreative Konsumkritik - Culture Jamming, Nachhaltigkeit, Konzernkritik, Adbusting","article_published_time":"2009-09-10T08:16:55+00:00","og_image":[{"url":"http:\/\/konsumpf.de\/wp-content\/uploads\/2009\/09\/1122580___type__.jpg","type":"","width":"","height":""}],"author":"Peter M.","twitter_card":"summary_large_image","twitter_misc":{"Verfasst von":"Peter M.","Gesch\u00e4tzte Lesezeit":"3\u00a0Minuten"},"schema":{"@context":"https:\/\/schema.org","@graph":[{"@type":"WebPage","@id":"https:\/\/konsumpf.de\/?p=4364","url":"https:\/\/konsumpf.de\/?p=4364","name":"Das Gutenberg-Ph\u00e4nomen: Medienmacht - Konsumpf - Forum f\u00fcr kreative Konsumkritik - Culture Jamming, Nachhaltigkeit, Konzernkritik, Adbusting","isPartOf":{"@id":"https:\/\/konsumpf.de\/#website"},"primaryImageOfPage":{"@id":"https:\/\/konsumpf.de\/?p=4364#primaryimage"},"image":{"@id":"https:\/\/konsumpf.de\/?p=4364#primaryimage"},"thumbnailUrl":"http:\/\/konsumpf.de\/wp-content\/uploads\/2009\/09\/1122580___type__.jpg","datePublished":"2009-09-10T08:16:55+00:00","author":{"@id":"https:\/\/konsumpf.de\/#\/schema\/person\/e595a6d286b26994e7e0926d70699070"},"breadcrumb":{"@id":"https:\/\/konsumpf.de\/?p=4364#breadcrumb"},"inLanguage":"de","potentialAction":[{"@type":"ReadAction","target":["https:\/\/konsumpf.de\/?p=4364"]}]},{"@type":"ImageObject","inLanguage":"de","@id":"https:\/\/konsumpf.de\/?p=4364#primaryimage","url":"https:\/\/konsumpf.de\/wp-content\/uploads\/2009\/09\/1122580___type__.jpg","contentUrl":"https:\/\/konsumpf.de\/wp-content\/uploads\/2009\/09\/1122580___type__.jpg","width":"300","height":"200","caption":"\u00a9 clix, stock.xchng"},{"@type":"BreadcrumbList","@id":"https:\/\/konsumpf.de\/?p=4364#breadcrumb","itemListElement":[{"@type":"ListItem","position":1,"name":"Startseite","item":"https:\/\/konsumpf.de\/"},{"@type":"ListItem","position":2,"name":"Das Gutenberg-Ph\u00e4nomen: Medienmacht"}]},{"@type":"WebSite","@id":"https:\/\/konsumpf.de\/#website","url":"https:\/\/konsumpf.de\/","name":"Konsumpf - Forum f\u00fcr kreative Konsumkritik - Culture Jamming, Nachhaltigkeit, Konzernkritik, Adbusting","description":"","potentialAction":[{"@type":"SearchAction","target":{"@type":"EntryPoint","urlTemplate":"https:\/\/konsumpf.de\/?s={search_term_string}"},"query-input":{"@type":"PropertyValueSpecification","valueRequired":true,"valueName":"search_term_string"}}],"inLanguage":"de"},{"@type":"Person","@id":"https:\/\/konsumpf.de\/#\/schema\/person\/e595a6d286b26994e7e0926d70699070","name":"Peter M.","sameAs":["http:\/\/konsumpf.de"]}]}},"_links":{"self":[{"href":"https:\/\/konsumpf.de\/index.php?rest_route=\/wp\/v2\/posts\/4364"}],"collection":[{"href":"https:\/\/konsumpf.de\/index.php?rest_route=\/wp\/v2\/posts"}],"about":[{"href":"https:\/\/konsumpf.de\/index.php?rest_route=\/wp\/v2\/types\/post"}],"author":[{"embeddable":true,"href":"https:\/\/konsumpf.de\/index.php?rest_route=\/wp\/v2\/users\/1"}],"replies":[{"embeddable":true,"href":"https:\/\/konsumpf.de\/index.php?rest_route=%2Fwp%2Fv2%2Fcomments&post=4364"}],"version-history":[{"count":8,"href":"https:\/\/konsumpf.de\/index.php?rest_route=\/wp\/v2\/posts\/4364\/revisions"}],"predecessor-version":[{"id":5678,"href":"https:\/\/konsumpf.de\/index.php?rest_route=\/wp\/v2\/posts\/4364\/revisions\/5678"}],"wp:attachment":[{"href":"https:\/\/konsumpf.de\/index.php?rest_route=%2Fwp%2Fv2%2Fmedia&parent=4364"}],"wp:term":[{"taxonomy":"category","embeddable":true,"href":"https:\/\/konsumpf.de\/index.php?rest_route=%2Fwp%2Fv2%2Fcategories&post=4364"},{"taxonomy":"post_tag","embeddable":true,"href":"https:\/\/konsumpf.de\/index.php?rest_route=%2Fwp%2Fv2%2Ftags&post=4364"}],"curies":[{"name":"wp","href":"https:\/\/api.w.org\/{rel}","templated":true}]}}