{"id":4308,"date":"2009-05-15T10:18:56","date_gmt":"2009-05-15T08:18:56","guid":{"rendered":"http:\/\/konsumpf.de\/?p=4308"},"modified":"2009-05-15T10:01:16","modified_gmt":"2009-05-15T08:01:16","slug":"der-zentis-schmu","status":"publish","type":"post","link":"https:\/\/konsumpf.de\/?p=4308","title":{"rendered":"Der neue Verpackungs-Schmu"},"content":{"rendered":"<p>Als ich vor einigen Wochen \u00fcber <a href=\"http:\/\/konsumpf.de\/?p=3935\">die neue EU-Verpackungsverordnung berichtete<\/a>, mutma\u00dfte ich (und nicht nur ich), dass diese Aufweichungen der Richtlinien die Hersteller dazu animieren w\u00fcrde, eine gewisse Kreativit\u00e4t in Bezug auf Verpackungsgr\u00f6\u00dfe, geringerem Inhalt und gleichbleibendem Preis an den Tag zu legen. Nun schrieb mich gerade ein Leser an und wies mich auf die aktuelle Vorgehensweise bei der <strong>Zentis Fruchtkonfit\u00fcre<\/strong> hin \u2013 auf deren Website wird vollmundig vom \u201epraktischen und formsch\u00f6nen 200-g-Schalenbecher\u201c geschrieben, allerdings lasse man die nicht unwichtige Information unter den Tisch fallen, dass der Becher bislang 225g enthielt. Ach so, der Preis sei nat\u00fcrlich gleich geblieben, trotz \u00fcber 10% Gewichtsreduktion. Ich kann diese Information nun nicht aus eigener Anschauung verifizieren, da ich industriell gefertigte und gezuckerte Marmelade (\u201e50% Fruchtanteil\u201c, na super&#8230;) seit vielen Jahren nicht mehr kaufe, aber so etwas passt eindeutig in die Strategien vieler gro\u00dfer Konzerne (siehe auch <a href=\"http:\/\/www.abgespeist.de\">abgespeist.de<\/a>).<\/p>\n<p>Ich habe auf jeden Fall gleich mal bei Zentis angefragt, wie es sich denn mit dem Preis der neuverpackten Marmelade verhalte, also ob dieser dementsprechend auch um 10% gesenkt werde, und erhielt jetzt diesen erkl\u00e4renden Brief, den ich auszugsweise wiedergebe:<\/p>\n<blockquote><p>Mit der Reduzierung der Bechergr\u00f6\u00dfe haben wir auf den allgemeinen Trend zu kleineren Verpackungen reagiert.<\/p>\n<p>(&#8230;) Neben dieser Aufwertung m\u00fcssen aber auch die gestiegenen Rohstoffpreise der Vergangenheit, die gestiegenen Energiepreise sowie andere Preisfaktoren f\u00fcr die neue Fr\u00fchst\u00fcckskonfit\u00fcre beachtet werden. Alle Faktoren zusammen machten eine Verteuerung unumg\u00e4nglich.<\/p>\n<p>(&#8230;) Da die grundlegende \u00dcberarbeitung aber bereits feststand, haben wir uns dazu entschlossen, die Preiserh\u00f6hung erst mit der neu gestalteten Verpackung umzusetzen.<\/p><\/blockquote>\n<p>Naja, es ist aber schon ulkig, dass man mit der Preiserh\u00f6hung so lange wartete, bis man eh eine kleinere Verpackung auf den Markt bringt, wahscheinlich in der (vermutlich berechtigten) Hoffnung, dass der normale Kunde die kleinere Verpackung nicht als solche wahrnimmt. Die NDR-Sendung Markt brachte Anfang der Woche \u00fcbrigens einen passenden Bericht zum Thema Preisgestaltung \u2013 \u201e<a href=\"http:\/\/www3.ndr.de\/sendungen\/markt\/archiv\/verbraucher\/grundpreis100.html\"><strong>Neue Mogelpackungen: Schmu beim Grundpreis<\/strong><\/a>\u201c:<\/p>\n<blockquote><p>Seit dem 11. April 2009 ist diese 95-Gramm-Tafel nun erlaubt. Laut einer EU-Richtlinie m\u00fcssen sich Lebensmittelhersteller nicht mehr an die bisher geltenden Verpackungsstandards f\u00fcr Grundnahrungsmittel halten. Diese Richtlinie wird in Deutschland in der sogenannten\u00a0Verpackungsverordnung umgesetzt.<\/p>\n<p>Wurde Milch bisher in den festen Gr\u00f6\u00dfen 0,5, 0,75 oder 1 Liter verkauft, sind nun auch 0,85 oder 0,96 Liter m\u00f6glich. Mehl oder Zucker k\u00f6nnen in 275-Gramm-Packungen, Butter in 75 Gramm, Wasser in 1,25 Liter-Flaschen verkauft werden. Gleiches gilt f\u00fcr Kaffee oder Schokolade. Einzig in der Spirituosen-Abteilung ist Verlass auf alte Gr\u00f6\u00dfen. Die Verpackungsgr\u00f6\u00dfen f\u00fcr Alkoholisches sind noch nicht freigegeben. \u00a0Verbrauchersch\u00fctzerin Silke Schwartau von der Verbraucherzentrale Hamburg bef\u00fcrchtet, dass &#8220;die Verpackungen alle verkleinert werden, ohne dass man das auf den ersten Blick erkennt. Das ist ein deutlicher Nutzen f\u00fcr den Anbieter, denn er verkauft weniger Ware f\u00fcr den gleichen Preis, und f\u00fcr uns eine versteckte Preiserh\u00f6hung.\u201c<\/p>\n<p>Beispiele daf\u00fcr gibt es genug: Anbieter von Kosmetik-, Hygiene-, Putz- oder S\u00fc\u00dfwaren k\u00f6nnen schon seit Jahren freie Mengen w\u00e4hlen:\u00a0Die ehemalige Pampers-Packung hatte\u00a0zum Beispiel 44 Windeln, die neue hat nur noch 40. Der Preis ist gleich geblieben: 8,95 Euro.\u00a0Beispiel\u00a0Calgonit, Spezialsalz f\u00fcr den Geschirrsp\u00fcler: Die alte Packung beinhaltet 1,8 Kilo Salz, die neue\u00a0nur noch 1,5 Kilo.\u00a0Beide kosten aber 5,99 Euro. Der alte B\u00e4renmarke Sch\u00fcttel-Shake hat einen Inhalt von 475 Milliliterb, der neue nur noch 400 Milliliter &#8211; beide kosten aber 76 Cent.<\/p>\n<p>(&#8230;) Besonders wachsam sollten Kunden sein, die meist zu den gleichen Produkten greifen. Sie achten aus Gewohnheit meist weder auf den Preis noch auf die Packungsgr\u00f6\u00dfe. Doch auch f\u00fcr alle anderen Verbraucher gilt: Augen auf im Supermarkt. Um nicht auf Mogelpackungen reinzufallen, ist es wichtig, sowohl die F\u00fcllmenge als auch den Grundpreis zu kontrollieren.<\/p><\/blockquote>\n<p><object width=\"425\" height=\"344\" data=\"http:\/\/www.youtube.com\/v\/XLkpvv31AKA&amp;hl=de&amp;fs=1\" type=\"application\/x-shockwave-flash\"><param name=\"allowFullScreen\" value=\"true\" \/><param name=\"allowscriptaccess\" value=\"always\" \/><param name=\"src\" value=\"http:\/\/www.youtube.com\/v\/XLkpvv31AKA&amp;hl=de&amp;fs=1\" \/><param name=\"allowfullscreen\" value=\"true\" \/><\/object><\/p>\n<h3 class='related_post_title'>Verwandte Beitr\u00e4ge:<\/h3><ul class='related_post'><li><a href=\"http:\/\/konsumpf.de\/?p=8790\" title=\"Telekolleg Grundkurs Mogelpackung\">Telekolleg Grundkurs Mogelpackung<\/a><\/li><li><a href=\"http:\/\/konsumpf.de\/?p=7352\" title=\"Die dreisteste Werbel\u00fcge \u2013 Der Goldene Windbeutel 2010\">Die dreisteste Werbel\u00fcge \u2013 Der Goldene Windbeutel 2010<\/a><\/li><li><a href=\"http:\/\/konsumpf.de\/?p=13134\" title=\"Nimm2 ist nicht f\u00fcr Kinder und Danones Verpackungsschwindel\">Nimm2 ist nicht f\u00fcr Kinder und Danones Verpackungsschwindel<\/a><\/li><li><a href=\"http:\/\/konsumpf.de\/?p=12403\" title=\"Verband abzockender Konzerne\">Verband abzockender Konzerne<\/a><\/li><li><a href=\"http:\/\/konsumpf.de\/?p=7530\" title=\"Zott \u201egewinnt\u201c den Goldenen Windbeutel 2010 und die Komplett-Kommerzialisierung der Sozialen Netzwerke\">Zott \u201egewinnt\u201c den Goldenen Windbeutel 2010 und die Komplett-Kommerzialisierung der Sozialen Netzwerke<\/a><\/li><\/ul>","protected":false},"excerpt":{"rendered":"<p>Als ich vor einigen Wochen \u00fcber die neue EU-Verpackungsverordnung berichtete, mutma\u00dfte ich (und nicht nur ich), dass diese Aufweichungen der Richtlinien die Hersteller dazu animieren w\u00fcrde, eine gewisse Kreativit\u00e4t in Bezug auf Verpackungsgr\u00f6\u00dfe, geringerem Inhalt und gleichbleibendem Preis an den Tag zu legen. Nun schrieb mich gerade ein Leser an und wies mich auf die [&hellip;]<\/p>\n","protected":false},"author":1,"featured_media":0,"comment_status":"open","ping_status":"open","sticky":false,"template":"","format":"standard","meta":{"footnotes":""},"categories":[256,16],"tags":[254,770,730,769],"yoast_head":"<!-- This site is optimized with the Yoast SEO plugin v24.4 - https:\/\/yoast.com\/wordpress\/plugins\/seo\/ -->\n<title>Der neue Verpackungs-Schmu - Konsumpf - Forum f\u00fcr kreative Konsumkritik - Culture Jamming, Nachhaltigkeit, Konzernkritik, Adbusting<\/title>\n<meta name=\"robots\" content=\"index, follow, max-snippet:-1, max-image-preview:large, max-video-preview:-1\" \/>\n<link rel=\"canonical\" href=\"https:\/\/konsumpf.de\/?p=4308\" \/>\n<meta property=\"og:locale\" content=\"de_DE\" \/>\n<meta property=\"og:type\" content=\"article\" \/>\n<meta property=\"og:title\" content=\"Der neue Verpackungs-Schmu - Konsumpf - Forum f\u00fcr kreative Konsumkritik - Culture Jamming, Nachhaltigkeit, Konzernkritik, Adbusting\" \/>\n<meta property=\"og:description\" content=\"Als ich vor einigen Wochen \u00fcber die neue EU-Verpackungsverordnung berichtete, mutma\u00dfte ich (und nicht nur ich), dass diese Aufweichungen der Richtlinien die Hersteller dazu animieren w\u00fcrde, eine gewisse Kreativit\u00e4t in Bezug auf Verpackungsgr\u00f6\u00dfe, geringerem Inhalt und gleichbleibendem Preis an den Tag zu legen. Nun schrieb mich gerade ein Leser an und wies mich auf die [&hellip;]\" \/>\n<meta property=\"og:url\" content=\"https:\/\/konsumpf.de\/?p=4308\" \/>\n<meta property=\"og:site_name\" content=\"Konsumpf - Forum f\u00fcr kreative Konsumkritik - Culture Jamming, Nachhaltigkeit, Konzernkritik, Adbusting\" \/>\n<meta property=\"article:published_time\" content=\"2009-05-15T08:18:56+00:00\" \/>\n<meta name=\"author\" content=\"Peter M.\" \/>\n<meta name=\"twitter:card\" content=\"summary_large_image\" \/>\n<meta name=\"twitter:label1\" content=\"Verfasst von\" \/>\n\t<meta name=\"twitter:data1\" content=\"Peter M.\" \/>\n\t<meta name=\"twitter:label2\" content=\"Gesch\u00e4tzte Lesezeit\" \/>\n\t<meta name=\"twitter:data2\" content=\"3\u00a0Minuten\" \/>\n<script type=\"application\/ld+json\" class=\"yoast-schema-graph\">{\"@context\":\"https:\/\/schema.org\",\"@graph\":[{\"@type\":\"WebPage\",\"@id\":\"https:\/\/konsumpf.de\/?p=4308\",\"url\":\"https:\/\/konsumpf.de\/?p=4308\",\"name\":\"Der neue Verpackungs-Schmu - Konsumpf - Forum f\u00fcr kreative Konsumkritik - Culture Jamming, Nachhaltigkeit, Konzernkritik, Adbusting\",\"isPartOf\":{\"@id\":\"https:\/\/konsumpf.de\/#website\"},\"datePublished\":\"2009-05-15T08:18:56+00:00\",\"author\":{\"@id\":\"https:\/\/konsumpf.de\/#\/schema\/person\/e595a6d286b26994e7e0926d70699070\"},\"breadcrumb\":{\"@id\":\"https:\/\/konsumpf.de\/?p=4308#breadcrumb\"},\"inLanguage\":\"de\",\"potentialAction\":[{\"@type\":\"ReadAction\",\"target\":[\"https:\/\/konsumpf.de\/?p=4308\"]}]},{\"@type\":\"BreadcrumbList\",\"@id\":\"https:\/\/konsumpf.de\/?p=4308#breadcrumb\",\"itemListElement\":[{\"@type\":\"ListItem\",\"position\":1,\"name\":\"Startseite\",\"item\":\"https:\/\/konsumpf.de\/\"},{\"@type\":\"ListItem\",\"position\":2,\"name\":\"Der neue Verpackungs-Schmu\"}]},{\"@type\":\"WebSite\",\"@id\":\"https:\/\/konsumpf.de\/#website\",\"url\":\"https:\/\/konsumpf.de\/\",\"name\":\"Konsumpf - Forum f\u00fcr kreative Konsumkritik - Culture Jamming, Nachhaltigkeit, Konzernkritik, Adbusting\",\"description\":\"\",\"potentialAction\":[{\"@type\":\"SearchAction\",\"target\":{\"@type\":\"EntryPoint\",\"urlTemplate\":\"https:\/\/konsumpf.de\/?s={search_term_string}\"},\"query-input\":{\"@type\":\"PropertyValueSpecification\",\"valueRequired\":true,\"valueName\":\"search_term_string\"}}],\"inLanguage\":\"de\"},{\"@type\":\"Person\",\"@id\":\"https:\/\/konsumpf.de\/#\/schema\/person\/e595a6d286b26994e7e0926d70699070\",\"name\":\"Peter M.\",\"sameAs\":[\"http:\/\/konsumpf.de\"]}]}<\/script>\n<!-- \/ Yoast SEO plugin. -->","yoast_head_json":{"title":"Der neue Verpackungs-Schmu - Konsumpf - Forum f\u00fcr kreative Konsumkritik - Culture Jamming, Nachhaltigkeit, Konzernkritik, Adbusting","robots":{"index":"index","follow":"follow","max-snippet":"max-snippet:-1","max-image-preview":"max-image-preview:large","max-video-preview":"max-video-preview:-1"},"canonical":"https:\/\/konsumpf.de\/?p=4308","og_locale":"de_DE","og_type":"article","og_title":"Der neue Verpackungs-Schmu - Konsumpf - Forum f\u00fcr kreative Konsumkritik - Culture Jamming, Nachhaltigkeit, Konzernkritik, Adbusting","og_description":"Als ich vor einigen Wochen \u00fcber die neue EU-Verpackungsverordnung berichtete, mutma\u00dfte ich (und nicht nur ich), dass diese Aufweichungen der Richtlinien die Hersteller dazu animieren w\u00fcrde, eine gewisse Kreativit\u00e4t in Bezug auf Verpackungsgr\u00f6\u00dfe, geringerem Inhalt und gleichbleibendem Preis an den Tag zu legen. Nun schrieb mich gerade ein Leser an und wies mich auf die [&hellip;]","og_url":"https:\/\/konsumpf.de\/?p=4308","og_site_name":"Konsumpf - Forum f\u00fcr kreative Konsumkritik - Culture Jamming, Nachhaltigkeit, Konzernkritik, Adbusting","article_published_time":"2009-05-15T08:18:56+00:00","author":"Peter M.","twitter_card":"summary_large_image","twitter_misc":{"Verfasst von":"Peter M.","Gesch\u00e4tzte Lesezeit":"3\u00a0Minuten"},"schema":{"@context":"https:\/\/schema.org","@graph":[{"@type":"WebPage","@id":"https:\/\/konsumpf.de\/?p=4308","url":"https:\/\/konsumpf.de\/?p=4308","name":"Der neue Verpackungs-Schmu - Konsumpf - Forum f\u00fcr kreative Konsumkritik - Culture Jamming, Nachhaltigkeit, Konzernkritik, Adbusting","isPartOf":{"@id":"https:\/\/konsumpf.de\/#website"},"datePublished":"2009-05-15T08:18:56+00:00","author":{"@id":"https:\/\/konsumpf.de\/#\/schema\/person\/e595a6d286b26994e7e0926d70699070"},"breadcrumb":{"@id":"https:\/\/konsumpf.de\/?p=4308#breadcrumb"},"inLanguage":"de","potentialAction":[{"@type":"ReadAction","target":["https:\/\/konsumpf.de\/?p=4308"]}]},{"@type":"BreadcrumbList","@id":"https:\/\/konsumpf.de\/?p=4308#breadcrumb","itemListElement":[{"@type":"ListItem","position":1,"name":"Startseite","item":"https:\/\/konsumpf.de\/"},{"@type":"ListItem","position":2,"name":"Der neue Verpackungs-Schmu"}]},{"@type":"WebSite","@id":"https:\/\/konsumpf.de\/#website","url":"https:\/\/konsumpf.de\/","name":"Konsumpf - Forum f\u00fcr kreative Konsumkritik - Culture Jamming, Nachhaltigkeit, Konzernkritik, Adbusting","description":"","potentialAction":[{"@type":"SearchAction","target":{"@type":"EntryPoint","urlTemplate":"https:\/\/konsumpf.de\/?s={search_term_string}"},"query-input":{"@type":"PropertyValueSpecification","valueRequired":true,"valueName":"search_term_string"}}],"inLanguage":"de"},{"@type":"Person","@id":"https:\/\/konsumpf.de\/#\/schema\/person\/e595a6d286b26994e7e0926d70699070","name":"Peter M.","sameAs":["http:\/\/konsumpf.de"]}]}},"_links":{"self":[{"href":"https:\/\/konsumpf.de\/index.php?rest_route=\/wp\/v2\/posts\/4308"}],"collection":[{"href":"https:\/\/konsumpf.de\/index.php?rest_route=\/wp\/v2\/posts"}],"about":[{"href":"https:\/\/konsumpf.de\/index.php?rest_route=\/wp\/v2\/types\/post"}],"author":[{"embeddable":true,"href":"https:\/\/konsumpf.de\/index.php?rest_route=\/wp\/v2\/users\/1"}],"replies":[{"embeddable":true,"href":"https:\/\/konsumpf.de\/index.php?rest_route=%2Fwp%2Fv2%2Fcomments&post=4308"}],"version-history":[{"count":11,"href":"https:\/\/konsumpf.de\/index.php?rest_route=\/wp\/v2\/posts\/4308\/revisions"}],"predecessor-version":[{"id":4404,"href":"https:\/\/konsumpf.de\/index.php?rest_route=\/wp\/v2\/posts\/4308\/revisions\/4404"}],"wp:attachment":[{"href":"https:\/\/konsumpf.de\/index.php?rest_route=%2Fwp%2Fv2%2Fmedia&parent=4308"}],"wp:term":[{"taxonomy":"category","embeddable":true,"href":"https:\/\/konsumpf.de\/index.php?rest_route=%2Fwp%2Fv2%2Fcategories&post=4308"},{"taxonomy":"post_tag","embeddable":true,"href":"https:\/\/konsumpf.de\/index.php?rest_route=%2Fwp%2Fv2%2Ftags&post=4308"}],"curies":[{"name":"wp","href":"https:\/\/api.w.org\/{rel}","templated":true}]}}