{"id":4281,"date":"2009-06-15T09:48:45","date_gmt":"2009-06-15T07:48:45","guid":{"rendered":"http:\/\/konsumpf.de\/?p=4281"},"modified":"2009-06-14T21:57:40","modified_gmt":"2009-06-14T19:57:40","slug":"nochmal-subversion-%e2%80%93-wir-sind-doch-nicht-blod","status":"publish","type":"post","link":"https:\/\/konsumpf.de\/?p=4281","title":{"rendered":"Nochmal Subversion \u2013 Wir sind doch nicht bl\u00f6d!"},"content":{"rendered":"<p>Ich hatte <a href=\"http:\/\/konsumpf.de\/?p=4157\">neulich<\/a> schon das Magazin Malmoe vorgestellt, das im Mai den Themenschwerpunkt <strong>\u201eSubversion\u201c<\/strong> hatte. In die gleiche Kerbe schlug auch die Mai-Ausgabe des \u201ePopkultur und Gegenwart\u201c-Magazin <strong>Umag<\/strong>. Unter dem Titel <strong>\u201e<a href=\"http:\/\/www.umagazine.de\/artikel.php?ID=303668&amp;page=1\">Wir sind doch nicht bl\u00f6d<\/a>\u201c<\/strong> taucht die Autorin ein wenig ein in das schillernde und weite Feld von Subversion, Widerstand gegen die Kommerzkultur und Reklame.<\/p>\n<blockquote><p>Subversiv kann vieles sein: Street Art, politische Aktionen, gefakte Werbung und sogar Klauen. Aber die 150 Graffiti-Tags in Reih und Glied, die gerade im Pariser Grand Palais ausgestellt werden, sind es nicht &#8211; weil eigens f\u00fcrs Museum gesprayte und noch dazu genormte Tags die urspr\u00fcngliche Funktion der Street Art, n\u00e4mlich die Aneignung von \u00f6ffentlichem Raum, verloren haben. Subversion h\u00e4ngt nicht im Museum, sondern sie r\u00fcttelt auf und unterwandert Herrschaftsverh\u00e4ltnisse und Normen, um eine gesellschaftliche Weiterentwicklung zu erreichen. Nichts davon passiert, wenn Widerstandformen in den H\u00e4nden von Marketingstrategen oder in einer Ausstellung landen. Was noch lange nicht hei\u00dft, dass es vorbei ist mit der Rebellion: Widerstand ist m\u00f6glich &#8211; wenn er sich st\u00e4ndig neu erfindet und kapitalistische Mechanismen nicht nur entlarvt, sondern auch kreativ aneignet.<\/p><\/blockquote>\n<p><a href=\"http:\/\/konsumpf.de\/wp-content\/uploads\/2009\/06\/megainfarkt.jpg\"><img loading=\"lazy\" decoding=\"async\" class=\"alignright size-medium wp-image-4690\" title=\"megainfarkt\" src=\"http:\/\/konsumpf.de\/wp-content\/uploads\/2009\/06\/megainfarkt-300x145.jpg\" alt=\"megainfarkt\" width=\"267\" height=\"129\" srcset=\"https:\/\/konsumpf.de\/wp-content\/uploads\/2009\/06\/megainfarkt-300x145.jpg 300w, https:\/\/konsumpf.de\/wp-content\/uploads\/2009\/06\/megainfarkt.jpg 515w\" sizes=\"(max-width: 267px) 100vw, 267px\" \/><\/a>Dass auch mein Blog in der <a href=\"http:\/\/www.umagazine.de\/artikel.php?ID=303668&amp;page=5\">Linkliste zum Thema<\/a> empfohlen wird, ist nat\u00fcrlich nicht der Grund, den Artikel zu erw\u00e4hnen :-) \u2013 sondern vielmehr, dass ich in dem Beitrag neben schon bekannten Aktionen wie dem <strong>Guerilla Gardening<\/strong> (dem heimlichen und illegalen Wiederbegr\u00fcnen von brachen oder h\u00e4sslichen Fl\u00e4chen in der Stadt) durchaus auf einige Facetten aufmerksam wurde, von deren Existenz ich bislang nichts wusste. So beispielsweise das Projekt der Gruppe <strong>Mega Infarkt<\/strong>, das mit der widerw\u00e4rtigen MediaMarkt-Reklame arbeitet und diese in ihr Gegenteil verkehrt (<a href=\"http:\/\/www.umagazine.de\/video\/2009\/megainfarkt.pdf\">siehe dieses pdf)<\/a>:<\/p>\n<blockquote><p>Unter dem Slogan &#8220;Lasst euch nicht verarschen, ihr bestimmt den Preis&#8221; machen sie Werbung f\u00fcrs Klauen &#8211; oder um es in ihren Worten zusagen: Sie pl\u00e4dieren f\u00fcr Ladendiebstahl als pers\u00f6nliche Armutsbek\u00e4mpfungsstrategie, den r\u00fcckw\u00e4rtslaufenden Stromz\u00e4hler als ausgleichende soziale Gerechtigkeit und die Schutzehe f\u00fcr Bleiberecht.<\/p>\n<p>(&#8230;) Bei der Messe werden die Mitglieder von Mega Infarkt versuchen, Ungerechtigkeiten im Alltag der Besucher aufzusp\u00fcren und gemeinsam Gegenmittel zu entwickeln. Denn Subversion bleibt wirkungslos, wenn sie nicht im t\u00e4glichen Leben der Menschen passiert. Weil jeder einzelne von uns bestimmt, in welche Richtung sich unsere Gesellschaft ver\u00e4ndert. Und zwar jeden Tag aufs Neue.<\/p><\/blockquote>\n<h3 class='related_post_title'>Verwandte Beitr\u00e4ge:<\/h3><ul class='related_post'><li><a href=\"http:\/\/konsumpf.de\/?p=2653\" title=\"Subversiv-Messe\">Subversiv-Messe<\/a><\/li><li><a href=\"http:\/\/konsumpf.de\/?p=15184\" title=\"Kulturelle St\u00f6rger\u00e4usche \">Kulturelle St\u00f6rger\u00e4usche <\/a><\/li><li><a href=\"http:\/\/konsumpf.de\/?p=14462\" title=\"Helft den Yes Men bei der Revolte!\">Helft den Yes Men bei der Revolte!<\/a><\/li><li><a href=\"http:\/\/konsumpf.de\/?p=14194\" title=\"Lagerfeld z\u00fcndet Autos an \u2013 und weitere Adbusts\">Lagerfeld z\u00fcndet Autos an \u2013 und weitere Adbusts<\/a><\/li><li><a href=\"http:\/\/konsumpf.de\/?p=14157\" title=\"Adbusting in Paris, London und Berlin \u2013 Kampf gegen den Reklamewahnsinn\">Adbusting in Paris, London und Berlin \u2013 Kampf gegen den Reklamewahnsinn<\/a><\/li><\/ul>","protected":false},"excerpt":{"rendered":"<p>Ich hatte neulich schon das Magazin Malmoe vorgestellt, das im Mai den Themenschwerpunkt \u201eSubversion\u201c hatte. In die gleiche Kerbe schlug auch die Mai-Ausgabe des \u201ePopkultur und Gegenwart\u201c-Magazin Umag. Unter dem Titel \u201eWir sind doch nicht bl\u00f6d\u201c taucht die Autorin ein wenig ein in das schillernde und weite Feld von Subversion, Widerstand gegen die Kommerzkultur und [&hellip;]<\/p>\n","protected":false},"author":1,"featured_media":0,"comment_status":"open","ping_status":"open","sticky":false,"template":"","format":"standard","meta":{"footnotes":""},"categories":[18,5,12],"tags":[2858,822,477,823,479],"yoast_head":"<!-- This site is optimized with the Yoast SEO plugin v24.4 - https:\/\/yoast.com\/wordpress\/plugins\/seo\/ -->\n<title>Nochmal Subversion \u2013 Wir sind doch nicht bl\u00f6d! - Konsumpf - Forum f\u00fcr kreative Konsumkritik - Culture Jamming, Nachhaltigkeit, Konzernkritik, Adbusting<\/title>\n<meta name=\"robots\" content=\"index, follow, max-snippet:-1, max-image-preview:large, max-video-preview:-1\" \/>\n<link rel=\"canonical\" href=\"https:\/\/konsumpf.de\/?p=4281\" \/>\n<meta property=\"og:locale\" content=\"de_DE\" \/>\n<meta property=\"og:type\" content=\"article\" \/>\n<meta property=\"og:title\" content=\"Nochmal Subversion \u2013 Wir sind doch nicht bl\u00f6d! - Konsumpf - Forum f\u00fcr kreative Konsumkritik - Culture Jamming, Nachhaltigkeit, Konzernkritik, Adbusting\" \/>\n<meta property=\"og:description\" content=\"Ich hatte neulich schon das Magazin Malmoe vorgestellt, das im Mai den Themenschwerpunkt \u201eSubversion\u201c hatte. In die gleiche Kerbe schlug auch die Mai-Ausgabe des \u201ePopkultur und Gegenwart\u201c-Magazin Umag. Unter dem Titel \u201eWir sind doch nicht bl\u00f6d\u201c taucht die Autorin ein wenig ein in das schillernde und weite Feld von Subversion, Widerstand gegen die Kommerzkultur und [&hellip;]\" \/>\n<meta property=\"og:url\" content=\"https:\/\/konsumpf.de\/?p=4281\" \/>\n<meta property=\"og:site_name\" content=\"Konsumpf - Forum f\u00fcr kreative Konsumkritik - Culture Jamming, Nachhaltigkeit, Konzernkritik, Adbusting\" \/>\n<meta property=\"article:published_time\" content=\"2009-06-15T07:48:45+00:00\" \/>\n<meta property=\"og:image\" content=\"http:\/\/konsumpf.de\/wp-content\/uploads\/2009\/06\/megainfarkt-300x145.jpg\" \/>\n<meta name=\"author\" content=\"Peter M.\" \/>\n<meta name=\"twitter:card\" content=\"summary_large_image\" \/>\n<meta name=\"twitter:label1\" content=\"Verfasst von\" \/>\n\t<meta name=\"twitter:data1\" content=\"Peter M.\" \/>\n\t<meta name=\"twitter:label2\" content=\"Gesch\u00e4tzte Lesezeit\" \/>\n\t<meta name=\"twitter:data2\" content=\"2\u00a0Minuten\" \/>\n<script type=\"application\/ld+json\" class=\"yoast-schema-graph\">{\"@context\":\"https:\/\/schema.org\",\"@graph\":[{\"@type\":\"WebPage\",\"@id\":\"https:\/\/konsumpf.de\/?p=4281\",\"url\":\"https:\/\/konsumpf.de\/?p=4281\",\"name\":\"Nochmal Subversion \u2013 Wir sind doch nicht bl\u00f6d! - Konsumpf - Forum f\u00fcr kreative Konsumkritik - Culture Jamming, Nachhaltigkeit, Konzernkritik, Adbusting\",\"isPartOf\":{\"@id\":\"https:\/\/konsumpf.de\/#website\"},\"primaryImageOfPage\":{\"@id\":\"https:\/\/konsumpf.de\/?p=4281#primaryimage\"},\"image\":{\"@id\":\"https:\/\/konsumpf.de\/?p=4281#primaryimage\"},\"thumbnailUrl\":\"http:\/\/konsumpf.de\/wp-content\/uploads\/2009\/06\/megainfarkt-300x145.jpg\",\"datePublished\":\"2009-06-15T07:48:45+00:00\",\"author\":{\"@id\":\"https:\/\/konsumpf.de\/#\/schema\/person\/e595a6d286b26994e7e0926d70699070\"},\"breadcrumb\":{\"@id\":\"https:\/\/konsumpf.de\/?p=4281#breadcrumb\"},\"inLanguage\":\"de\",\"potentialAction\":[{\"@type\":\"ReadAction\",\"target\":[\"https:\/\/konsumpf.de\/?p=4281\"]}]},{\"@type\":\"ImageObject\",\"inLanguage\":\"de\",\"@id\":\"https:\/\/konsumpf.de\/?p=4281#primaryimage\",\"url\":\"https:\/\/konsumpf.de\/wp-content\/uploads\/2009\/06\/megainfarkt.jpg\",\"contentUrl\":\"https:\/\/konsumpf.de\/wp-content\/uploads\/2009\/06\/megainfarkt.jpg\",\"width\":\"515\",\"height\":\"250\"},{\"@type\":\"BreadcrumbList\",\"@id\":\"https:\/\/konsumpf.de\/?p=4281#breadcrumb\",\"itemListElement\":[{\"@type\":\"ListItem\",\"position\":1,\"name\":\"Startseite\",\"item\":\"https:\/\/konsumpf.de\/\"},{\"@type\":\"ListItem\",\"position\":2,\"name\":\"Nochmal Subversion \u2013 Wir sind doch nicht bl\u00f6d!\"}]},{\"@type\":\"WebSite\",\"@id\":\"https:\/\/konsumpf.de\/#website\",\"url\":\"https:\/\/konsumpf.de\/\",\"name\":\"Konsumpf - Forum f\u00fcr kreative Konsumkritik - Culture Jamming, Nachhaltigkeit, Konzernkritik, Adbusting\",\"description\":\"\",\"potentialAction\":[{\"@type\":\"SearchAction\",\"target\":{\"@type\":\"EntryPoint\",\"urlTemplate\":\"https:\/\/konsumpf.de\/?s={search_term_string}\"},\"query-input\":{\"@type\":\"PropertyValueSpecification\",\"valueRequired\":true,\"valueName\":\"search_term_string\"}}],\"inLanguage\":\"de\"},{\"@type\":\"Person\",\"@id\":\"https:\/\/konsumpf.de\/#\/schema\/person\/e595a6d286b26994e7e0926d70699070\",\"name\":\"Peter M.\",\"sameAs\":[\"http:\/\/konsumpf.de\"]}]}<\/script>\n<!-- \/ Yoast SEO plugin. -->","yoast_head_json":{"title":"Nochmal Subversion \u2013 Wir sind doch nicht bl\u00f6d! - Konsumpf - Forum f\u00fcr kreative Konsumkritik - Culture Jamming, Nachhaltigkeit, Konzernkritik, Adbusting","robots":{"index":"index","follow":"follow","max-snippet":"max-snippet:-1","max-image-preview":"max-image-preview:large","max-video-preview":"max-video-preview:-1"},"canonical":"https:\/\/konsumpf.de\/?p=4281","og_locale":"de_DE","og_type":"article","og_title":"Nochmal Subversion \u2013 Wir sind doch nicht bl\u00f6d! - Konsumpf - Forum f\u00fcr kreative Konsumkritik - Culture Jamming, Nachhaltigkeit, Konzernkritik, Adbusting","og_description":"Ich hatte neulich schon das Magazin Malmoe vorgestellt, das im Mai den Themenschwerpunkt \u201eSubversion\u201c hatte. In die gleiche Kerbe schlug auch die Mai-Ausgabe des \u201ePopkultur und Gegenwart\u201c-Magazin Umag. Unter dem Titel \u201eWir sind doch nicht bl\u00f6d\u201c taucht die Autorin ein wenig ein in das schillernde und weite Feld von Subversion, Widerstand gegen die Kommerzkultur und [&hellip;]","og_url":"https:\/\/konsumpf.de\/?p=4281","og_site_name":"Konsumpf - Forum f\u00fcr kreative Konsumkritik - Culture Jamming, Nachhaltigkeit, Konzernkritik, Adbusting","article_published_time":"2009-06-15T07:48:45+00:00","og_image":[{"url":"http:\/\/konsumpf.de\/wp-content\/uploads\/2009\/06\/megainfarkt-300x145.jpg","type":"","width":"","height":""}],"author":"Peter M.","twitter_card":"summary_large_image","twitter_misc":{"Verfasst von":"Peter M.","Gesch\u00e4tzte Lesezeit":"2\u00a0Minuten"},"schema":{"@context":"https:\/\/schema.org","@graph":[{"@type":"WebPage","@id":"https:\/\/konsumpf.de\/?p=4281","url":"https:\/\/konsumpf.de\/?p=4281","name":"Nochmal Subversion \u2013 Wir sind doch nicht bl\u00f6d! - Konsumpf - Forum f\u00fcr kreative Konsumkritik - Culture Jamming, Nachhaltigkeit, Konzernkritik, Adbusting","isPartOf":{"@id":"https:\/\/konsumpf.de\/#website"},"primaryImageOfPage":{"@id":"https:\/\/konsumpf.de\/?p=4281#primaryimage"},"image":{"@id":"https:\/\/konsumpf.de\/?p=4281#primaryimage"},"thumbnailUrl":"http:\/\/konsumpf.de\/wp-content\/uploads\/2009\/06\/megainfarkt-300x145.jpg","datePublished":"2009-06-15T07:48:45+00:00","author":{"@id":"https:\/\/konsumpf.de\/#\/schema\/person\/e595a6d286b26994e7e0926d70699070"},"breadcrumb":{"@id":"https:\/\/konsumpf.de\/?p=4281#breadcrumb"},"inLanguage":"de","potentialAction":[{"@type":"ReadAction","target":["https:\/\/konsumpf.de\/?p=4281"]}]},{"@type":"ImageObject","inLanguage":"de","@id":"https:\/\/konsumpf.de\/?p=4281#primaryimage","url":"https:\/\/konsumpf.de\/wp-content\/uploads\/2009\/06\/megainfarkt.jpg","contentUrl":"https:\/\/konsumpf.de\/wp-content\/uploads\/2009\/06\/megainfarkt.jpg","width":"515","height":"250"},{"@type":"BreadcrumbList","@id":"https:\/\/konsumpf.de\/?p=4281#breadcrumb","itemListElement":[{"@type":"ListItem","position":1,"name":"Startseite","item":"https:\/\/konsumpf.de\/"},{"@type":"ListItem","position":2,"name":"Nochmal Subversion \u2013 Wir sind doch nicht bl\u00f6d!"}]},{"@type":"WebSite","@id":"https:\/\/konsumpf.de\/#website","url":"https:\/\/konsumpf.de\/","name":"Konsumpf - Forum f\u00fcr kreative Konsumkritik - Culture Jamming, Nachhaltigkeit, Konzernkritik, Adbusting","description":"","potentialAction":[{"@type":"SearchAction","target":{"@type":"EntryPoint","urlTemplate":"https:\/\/konsumpf.de\/?s={search_term_string}"},"query-input":{"@type":"PropertyValueSpecification","valueRequired":true,"valueName":"search_term_string"}}],"inLanguage":"de"},{"@type":"Person","@id":"https:\/\/konsumpf.de\/#\/schema\/person\/e595a6d286b26994e7e0926d70699070","name":"Peter M.","sameAs":["http:\/\/konsumpf.de"]}]}},"_links":{"self":[{"href":"https:\/\/konsumpf.de\/index.php?rest_route=\/wp\/v2\/posts\/4281"}],"collection":[{"href":"https:\/\/konsumpf.de\/index.php?rest_route=\/wp\/v2\/posts"}],"about":[{"href":"https:\/\/konsumpf.de\/index.php?rest_route=\/wp\/v2\/types\/post"}],"author":[{"embeddable":true,"href":"https:\/\/konsumpf.de\/index.php?rest_route=\/wp\/v2\/users\/1"}],"replies":[{"embeddable":true,"href":"https:\/\/konsumpf.de\/index.php?rest_route=%2Fwp%2Fv2%2Fcomments&post=4281"}],"version-history":[{"count":8,"href":"https:\/\/konsumpf.de\/index.php?rest_route=\/wp\/v2\/posts\/4281\/revisions"}],"predecessor-version":[{"id":4693,"href":"https:\/\/konsumpf.de\/index.php?rest_route=\/wp\/v2\/posts\/4281\/revisions\/4693"}],"wp:attachment":[{"href":"https:\/\/konsumpf.de\/index.php?rest_route=%2Fwp%2Fv2%2Fmedia&parent=4281"}],"wp:term":[{"taxonomy":"category","embeddable":true,"href":"https:\/\/konsumpf.de\/index.php?rest_route=%2Fwp%2Fv2%2Fcategories&post=4281"},{"taxonomy":"post_tag","embeddable":true,"href":"https:\/\/konsumpf.de\/index.php?rest_route=%2Fwp%2Fv2%2Ftags&post=4281"}],"curies":[{"name":"wp","href":"https:\/\/api.w.org\/{rel}","templated":true}]}}