{"id":4061,"date":"2009-04-24T15:57:14","date_gmt":"2009-04-24T13:57:14","guid":{"rendered":"http:\/\/konsumpf.de\/?p=4061"},"modified":"2009-04-25T17:08:23","modified_gmt":"2009-04-25T15:08:23","slug":"am-samstag-zwei-flashmobs-in-kiel","status":"publish","type":"post","link":"https:\/\/konsumpf.de\/?p=4061","title":{"rendered":"Am Samstag: Zwei Flashmobs in Kiel"},"content":{"rendered":"<p><a href=\"http:\/\/konsumpf.de\/wp-content\/uploads\/2009\/04\/flashmob_madrid.jpg\"><img loading=\"lazy\" decoding=\"async\" class=\"alignright size-medium wp-image-4068\" title=\"flashmob_madrid\" src=\"http:\/\/konsumpf.de\/wp-content\/uploads\/2009\/04\/flashmob_madrid-300x225.jpg\" alt=\"flashmob_madrid\" width=\"202\" height=\"151\" srcset=\"https:\/\/konsumpf.de\/wp-content\/uploads\/2009\/04\/flashmob_madrid-300x225.jpg 300w, https:\/\/konsumpf.de\/wp-content\/uploads\/2009\/04\/flashmob_madrid.jpg 316w\" sizes=\"(max-width: 202px) 100vw, 202px\" \/><\/a>In <strong>Kiel<\/strong> geht derzeit einiges, was spontane Aktionen, quasi Culture Jamming, anbetrifft. Letztes Wochenende eine <a href=\"http:\/\/www.kn-online.de\/lokales\/kiel\/?em_cnt=87000\">spontane Riesenparty<\/a>, die den Westring (eine der Hauptverkehrsadern der Stadt) stundenlang lahmlegte, am Mittwoch ja mein Adbusting-Vortrag, und am morgigen Samstag, den 25.4., sind gleich zwei <strong>Flashmobs<\/strong> anberaumt. Flashmob, was ist denn das? Ich zitiere <a href=\"http:\/\/de.wikipedia.org\/wiki\/Flashmob\">Wikipedia<\/a>:<\/p>\n<blockquote><p>Der Begriff <strong>Flashmob<\/strong> (<em>flash<\/em> \u2013 Blitz; <em>mob<\/em> \u2013 von <em>mobilis<\/em> \u2013 beweglich), auch <strong>Blitzauflauf<\/strong>, bezeichnet einen kurzen, scheinbar spontanen Menschenauflauf auf \u00f6ffentlichen oder halb\u00f6ffentlichen Pl\u00e4tzen, bei denen sich die Teilnehmer \u00fcblicherweise pers\u00f6nlich nicht kennen. Flashmobs werden \u00fcber <span class=\"mw-redirect\">Weblogs<\/span>, Newsgroups, E-Mail-Kettenbriefe oder per Mobiltelefon organisiert. Obwohl die Ursprungsidee explizit unpolitisch war, gibt es mittlerweile auch Flashmobs mit politischem Hintergrund.<\/p><\/blockquote>\n<p>Die Greenpeace-Gruppe Kiel ruft nun also morgen um 11 Uhr zu Flashmob Nummer 1 auf:<\/p>\n<blockquote><p>Am 26. April ist es 23 Jahre her, dass es im Kernreaktor Tschernobyl Block 4 zur Kernschmelze und Explosion kam und damit eine der gr\u00f6\u00dften Umweltkatastrophen unserer Zeit ausgel\u00f6st wurde.<\/p>\n<p>Die Greenpeace Gruppe Kiel plant am Samstag den 25. April eine Flash Mob Aktion, um auf die damalige Katastrophe und m\u00f6glicher zuk\u00fcnftige Katastrophen aufmerksam zu machen. Das ist so gedacht, dass sich eine m\u00f6glichst gro\u00dfe Gruppe von Menschen am Samstag 11.00 Uhr scheinbar zuf\u00e4llig versammelt und alle auf ein vorher verabredetes Signal wie tot umfallen. Nur einige wenige in Schutzanz\u00fcgen bleiben stehen und ummalen die \u201eLeichenumrisse\u201c mit Kreide. Au\u00dferdem kl\u00e4rt jemand die Unbeteiligten \u00fcber den Grund der Aktion auf. Nachdem der Flash Mob sich dann aufgel\u00f6st hat, ist au\u00dferdem noch ein Infostand oder etwas in der Art geplant, wo noch einmal eingehender \u00fcber das Thema informiert wird.<\/p>\n<p>Damit das Ganze aber wirklich Aufmerksamkeit erregt und Spa\u00df macht brauchen wir ganz ganz viele Leute!!! Dies ist also eine Einladung zu kommen und so viele Leute mitzubringen wie es geht, damit es richtig lustig wird! Das Ganze soll am Samstag um 11.00 am Dreiecksplatz Uhr starten. Es w\u00e4re also gut wenn ihr schon ein paar Minuten fr\u00fcher da sein und euch unauff\u00e4llig (so weit m\u00f6glich) verhalten k\u00f6nntet. Umkippen sollen dann schlie\u00dflich alle m\u00f6glichst auf dem B\u00fcrgersteig bei der Gr\u00fcnfl\u00e4che zwischen Backeria und Schuhgesch\u00e4ft. Das Signal wird ein Sirenenger\u00e4usch von\/durch ein Megaphon sein.<\/p><\/blockquote>\n<p>Flashmob Nummer zwei, von den Veranstaltern als \u201eMobMent\u201c bezeichnet, und offenbar eher unpolitisch, findet dann zwei Stunden sp\u00e4ter statt:<\/p>\n<blockquote><p>WAS WIRD GEMACHT: Auf der Stra\u00dfe hinlegen, &#8220;schlafen&#8221; und nach 5 Minuten wieder aufstehen<br \/>\nWO: Beim Fu\u00dfg\u00e4nger\u00fcberweg der Holstenstra\u00dfe, Berliner Platz, Kiel<br \/>\nWANN: 25. April 2009, 13:00 &#8211; 13:05 Uhr<br \/>\nAlle, die Lust haben, k\u00f6nnen einen Wecker oder ein Handy mitnehmen. Wichtig ist dabei nur, dass sie alle um 13:05 Uhr klingeln (siehe Forum).<br \/>\nhttp:\/\/www.uhrzeit.org\/atomuhr.html<\/p>\n<p>Was ist MobMent? &#8220;MobMent&#8221; ist ein Kurzwort f\u00fcr die Aktion &#8220;Mob-Movement&#8221; von Niels Fleichhauer und Alexander Main und umfasst alle g\u00e4ngigen Formen von Flash Mob, Freeze Mob und Smart Mob, f\u00fcgt sie zu einem Neuen zusammen!<\/p><\/blockquote>\n<h3 class='related_post_title'>Verwandte Beitr\u00e4ge:<\/h3><ul class='related_post'><li><a href=\"http:\/\/konsumpf.de\/?p=6073\" title=\"Zwei Aktionstipps f\u00fcr den Samstag: Flashmob in Kiel und Carrotmob in Berlin\">Zwei Aktionstipps f\u00fcr den Samstag: Flashmob in Kiel und Carrotmob in Berlin<\/a><\/li><li><a href=\"http:\/\/konsumpf.de\/?p=13922\" title=\"Am 21.3. Demo in Kiel \u201eBauernh\u00f6fe statt Agrarindustrie\u201c\">Am 21.3. Demo in Kiel \u201eBauernh\u00f6fe statt Agrarindustrie\u201c<\/a><\/li><li><a href=\"http:\/\/konsumpf.de\/?p=13292\" title=\"KonsUmkehr in Kiel\">KonsUmkehr in Kiel<\/a><\/li><li><a href=\"http:\/\/konsumpf.de\/?p=13203\" title=\"Weltweiter Aktionstag am 15. Oktober \u2013 auch in Kiel\">Weltweiter Aktionstag am 15. Oktober \u2013 auch in Kiel<\/a><\/li><li><a href=\"http:\/\/konsumpf.de\/?p=12308\" title=\"Am Samstag Flashmob in Hamburg gegen Obdachlosigkeit\">Am Samstag Flashmob in Hamburg gegen Obdachlosigkeit<\/a><\/li><\/ul>","protected":false},"excerpt":{"rendered":"<p>In Kiel geht derzeit einiges, was spontane Aktionen, quasi Culture Jamming, anbetrifft. Letztes Wochenende eine spontane Riesenparty, die den Westring (eine der Hauptverkehrsadern der Stadt) stundenlang lahmlegte, am Mittwoch ja mein Adbusting-Vortrag, und am morgigen Samstag, den 25.4., sind gleich zwei Flashmobs anberaumt. Flashmob, was ist denn das? Ich zitiere Wikipedia: Der Begriff Flashmob (flash [&hellip;]<\/p>\n","protected":false},"author":1,"featured_media":0,"comment_status":"open","ping_status":"open","sticky":false,"template":"","format":"standard","meta":{"footnotes":""},"categories":[5,12],"tags":[716,348,717],"yoast_head":"<!-- This site is optimized with the Yoast SEO plugin v24.4 - https:\/\/yoast.com\/wordpress\/plugins\/seo\/ -->\n<title>Am Samstag: Zwei Flashmobs in Kiel - Konsumpf - Forum f\u00fcr kreative Konsumkritik - Culture Jamming, Nachhaltigkeit, Konzernkritik, Adbusting<\/title>\n<meta name=\"robots\" content=\"index, follow, max-snippet:-1, max-image-preview:large, max-video-preview:-1\" \/>\n<link rel=\"canonical\" href=\"https:\/\/konsumpf.de\/?p=4061\" \/>\n<meta property=\"og:locale\" content=\"de_DE\" \/>\n<meta property=\"og:type\" content=\"article\" \/>\n<meta property=\"og:title\" content=\"Am Samstag: Zwei Flashmobs in Kiel - Konsumpf - Forum f\u00fcr kreative Konsumkritik - Culture Jamming, Nachhaltigkeit, Konzernkritik, Adbusting\" \/>\n<meta property=\"og:description\" content=\"In Kiel geht derzeit einiges, was spontane Aktionen, quasi Culture Jamming, anbetrifft. Letztes Wochenende eine spontane Riesenparty, die den Westring (eine der Hauptverkehrsadern der Stadt) stundenlang lahmlegte, am Mittwoch ja mein Adbusting-Vortrag, und am morgigen Samstag, den 25.4., sind gleich zwei Flashmobs anberaumt. Flashmob, was ist denn das? Ich zitiere Wikipedia: Der Begriff Flashmob (flash [&hellip;]\" \/>\n<meta property=\"og:url\" content=\"https:\/\/konsumpf.de\/?p=4061\" \/>\n<meta property=\"og:site_name\" content=\"Konsumpf - Forum f\u00fcr kreative Konsumkritik - Culture Jamming, Nachhaltigkeit, Konzernkritik, Adbusting\" \/>\n<meta property=\"article:published_time\" content=\"2009-04-24T13:57:14+00:00\" \/>\n<meta property=\"article:modified_time\" content=\"2009-04-25T15:08:23+00:00\" \/>\n<meta property=\"og:image\" content=\"http:\/\/konsumpf.de\/wp-content\/uploads\/2009\/04\/flashmob_madrid-300x225.jpg\" \/>\n<meta name=\"author\" content=\"Peter M.\" \/>\n<meta name=\"twitter:card\" content=\"summary_large_image\" \/>\n<meta name=\"twitter:label1\" content=\"Verfasst von\" \/>\n\t<meta name=\"twitter:data1\" content=\"Peter M.\" \/>\n\t<meta name=\"twitter:label2\" content=\"Gesch\u00e4tzte Lesezeit\" \/>\n\t<meta name=\"twitter:data2\" content=\"2\u00a0Minuten\" \/>\n<script type=\"application\/ld+json\" class=\"yoast-schema-graph\">{\"@context\":\"https:\/\/schema.org\",\"@graph\":[{\"@type\":\"WebPage\",\"@id\":\"https:\/\/konsumpf.de\/?p=4061\",\"url\":\"https:\/\/konsumpf.de\/?p=4061\",\"name\":\"Am Samstag: Zwei Flashmobs in Kiel - Konsumpf - Forum f\u00fcr kreative Konsumkritik - Culture Jamming, Nachhaltigkeit, Konzernkritik, Adbusting\",\"isPartOf\":{\"@id\":\"https:\/\/konsumpf.de\/#website\"},\"primaryImageOfPage\":{\"@id\":\"https:\/\/konsumpf.de\/?p=4061#primaryimage\"},\"image\":{\"@id\":\"https:\/\/konsumpf.de\/?p=4061#primaryimage\"},\"thumbnailUrl\":\"http:\/\/konsumpf.de\/wp-content\/uploads\/2009\/04\/flashmob_madrid-300x225.jpg\",\"datePublished\":\"2009-04-24T13:57:14+00:00\",\"dateModified\":\"2009-04-25T15:08:23+00:00\",\"author\":{\"@id\":\"https:\/\/konsumpf.de\/#\/schema\/person\/e595a6d286b26994e7e0926d70699070\"},\"breadcrumb\":{\"@id\":\"https:\/\/konsumpf.de\/?p=4061#breadcrumb\"},\"inLanguage\":\"de\",\"potentialAction\":[{\"@type\":\"ReadAction\",\"target\":[\"https:\/\/konsumpf.de\/?p=4061\"]}]},{\"@type\":\"ImageObject\",\"inLanguage\":\"de\",\"@id\":\"https:\/\/konsumpf.de\/?p=4061#primaryimage\",\"url\":\"https:\/\/konsumpf.de\/wp-content\/uploads\/2009\/04\/flashmob_madrid.jpg\",\"contentUrl\":\"https:\/\/konsumpf.de\/wp-content\/uploads\/2009\/04\/flashmob_madrid.jpg\",\"width\":\"316\",\"height\":\"238\"},{\"@type\":\"BreadcrumbList\",\"@id\":\"https:\/\/konsumpf.de\/?p=4061#breadcrumb\",\"itemListElement\":[{\"@type\":\"ListItem\",\"position\":1,\"name\":\"Startseite\",\"item\":\"https:\/\/konsumpf.de\/\"},{\"@type\":\"ListItem\",\"position\":2,\"name\":\"Am Samstag: Zwei Flashmobs in Kiel\"}]},{\"@type\":\"WebSite\",\"@id\":\"https:\/\/konsumpf.de\/#website\",\"url\":\"https:\/\/konsumpf.de\/\",\"name\":\"Konsumpf - Forum f\u00fcr kreative Konsumkritik - Culture Jamming, Nachhaltigkeit, Konzernkritik, Adbusting\",\"description\":\"\",\"potentialAction\":[{\"@type\":\"SearchAction\",\"target\":{\"@type\":\"EntryPoint\",\"urlTemplate\":\"https:\/\/konsumpf.de\/?s={search_term_string}\"},\"query-input\":{\"@type\":\"PropertyValueSpecification\",\"valueRequired\":true,\"valueName\":\"search_term_string\"}}],\"inLanguage\":\"de\"},{\"@type\":\"Person\",\"@id\":\"https:\/\/konsumpf.de\/#\/schema\/person\/e595a6d286b26994e7e0926d70699070\",\"name\":\"Peter M.\",\"sameAs\":[\"http:\/\/konsumpf.de\"]}]}<\/script>\n<!-- \/ Yoast SEO plugin. -->","yoast_head_json":{"title":"Am Samstag: Zwei Flashmobs in Kiel - Konsumpf - Forum f\u00fcr kreative Konsumkritik - Culture Jamming, Nachhaltigkeit, Konzernkritik, Adbusting","robots":{"index":"index","follow":"follow","max-snippet":"max-snippet:-1","max-image-preview":"max-image-preview:large","max-video-preview":"max-video-preview:-1"},"canonical":"https:\/\/konsumpf.de\/?p=4061","og_locale":"de_DE","og_type":"article","og_title":"Am Samstag: Zwei Flashmobs in Kiel - Konsumpf - Forum f\u00fcr kreative Konsumkritik - Culture Jamming, Nachhaltigkeit, Konzernkritik, Adbusting","og_description":"In Kiel geht derzeit einiges, was spontane Aktionen, quasi Culture Jamming, anbetrifft. Letztes Wochenende eine spontane Riesenparty, die den Westring (eine der Hauptverkehrsadern der Stadt) stundenlang lahmlegte, am Mittwoch ja mein Adbusting-Vortrag, und am morgigen Samstag, den 25.4., sind gleich zwei Flashmobs anberaumt. Flashmob, was ist denn das? Ich zitiere Wikipedia: Der Begriff Flashmob (flash [&hellip;]","og_url":"https:\/\/konsumpf.de\/?p=4061","og_site_name":"Konsumpf - Forum f\u00fcr kreative Konsumkritik - Culture Jamming, Nachhaltigkeit, Konzernkritik, Adbusting","article_published_time":"2009-04-24T13:57:14+00:00","article_modified_time":"2009-04-25T15:08:23+00:00","og_image":[{"url":"http:\/\/konsumpf.de\/wp-content\/uploads\/2009\/04\/flashmob_madrid-300x225.jpg","type":"","width":"","height":""}],"author":"Peter M.","twitter_card":"summary_large_image","twitter_misc":{"Verfasst von":"Peter M.","Gesch\u00e4tzte Lesezeit":"2\u00a0Minuten"},"schema":{"@context":"https:\/\/schema.org","@graph":[{"@type":"WebPage","@id":"https:\/\/konsumpf.de\/?p=4061","url":"https:\/\/konsumpf.de\/?p=4061","name":"Am Samstag: Zwei Flashmobs in Kiel - Konsumpf - Forum f\u00fcr kreative Konsumkritik - Culture Jamming, Nachhaltigkeit, Konzernkritik, Adbusting","isPartOf":{"@id":"https:\/\/konsumpf.de\/#website"},"primaryImageOfPage":{"@id":"https:\/\/konsumpf.de\/?p=4061#primaryimage"},"image":{"@id":"https:\/\/konsumpf.de\/?p=4061#primaryimage"},"thumbnailUrl":"http:\/\/konsumpf.de\/wp-content\/uploads\/2009\/04\/flashmob_madrid-300x225.jpg","datePublished":"2009-04-24T13:57:14+00:00","dateModified":"2009-04-25T15:08:23+00:00","author":{"@id":"https:\/\/konsumpf.de\/#\/schema\/person\/e595a6d286b26994e7e0926d70699070"},"breadcrumb":{"@id":"https:\/\/konsumpf.de\/?p=4061#breadcrumb"},"inLanguage":"de","potentialAction":[{"@type":"ReadAction","target":["https:\/\/konsumpf.de\/?p=4061"]}]},{"@type":"ImageObject","inLanguage":"de","@id":"https:\/\/konsumpf.de\/?p=4061#primaryimage","url":"https:\/\/konsumpf.de\/wp-content\/uploads\/2009\/04\/flashmob_madrid.jpg","contentUrl":"https:\/\/konsumpf.de\/wp-content\/uploads\/2009\/04\/flashmob_madrid.jpg","width":"316","height":"238"},{"@type":"BreadcrumbList","@id":"https:\/\/konsumpf.de\/?p=4061#breadcrumb","itemListElement":[{"@type":"ListItem","position":1,"name":"Startseite","item":"https:\/\/konsumpf.de\/"},{"@type":"ListItem","position":2,"name":"Am Samstag: Zwei Flashmobs in Kiel"}]},{"@type":"WebSite","@id":"https:\/\/konsumpf.de\/#website","url":"https:\/\/konsumpf.de\/","name":"Konsumpf - Forum f\u00fcr kreative Konsumkritik - Culture Jamming, Nachhaltigkeit, Konzernkritik, Adbusting","description":"","potentialAction":[{"@type":"SearchAction","target":{"@type":"EntryPoint","urlTemplate":"https:\/\/konsumpf.de\/?s={search_term_string}"},"query-input":{"@type":"PropertyValueSpecification","valueRequired":true,"valueName":"search_term_string"}}],"inLanguage":"de"},{"@type":"Person","@id":"https:\/\/konsumpf.de\/#\/schema\/person\/e595a6d286b26994e7e0926d70699070","name":"Peter M.","sameAs":["http:\/\/konsumpf.de"]}]}},"_links":{"self":[{"href":"https:\/\/konsumpf.de\/index.php?rest_route=\/wp\/v2\/posts\/4061"}],"collection":[{"href":"https:\/\/konsumpf.de\/index.php?rest_route=\/wp\/v2\/posts"}],"about":[{"href":"https:\/\/konsumpf.de\/index.php?rest_route=\/wp\/v2\/types\/post"}],"author":[{"embeddable":true,"href":"https:\/\/konsumpf.de\/index.php?rest_route=\/wp\/v2\/users\/1"}],"replies":[{"embeddable":true,"href":"https:\/\/konsumpf.de\/index.php?rest_route=%2Fwp%2Fv2%2Fcomments&post=4061"}],"version-history":[{"count":8,"href":"https:\/\/konsumpf.de\/index.php?rest_route=\/wp\/v2\/posts\/4061\/revisions"}],"predecessor-version":[{"id":4081,"href":"https:\/\/konsumpf.de\/index.php?rest_route=\/wp\/v2\/posts\/4061\/revisions\/4081"}],"wp:attachment":[{"href":"https:\/\/konsumpf.de\/index.php?rest_route=%2Fwp%2Fv2%2Fmedia&parent=4061"}],"wp:term":[{"taxonomy":"category","embeddable":true,"href":"https:\/\/konsumpf.de\/index.php?rest_route=%2Fwp%2Fv2%2Fcategories&post=4061"},{"taxonomy":"post_tag","embeddable":true,"href":"https:\/\/konsumpf.de\/index.php?rest_route=%2Fwp%2Fv2%2Ftags&post=4061"}],"curies":[{"name":"wp","href":"https:\/\/api.w.org\/{rel}","templated":true}]}}