{"id":4058,"date":"2009-04-26T10:02:33","date_gmt":"2009-04-26T08:02:33","guid":{"rendered":"http:\/\/konsumpf.de\/?p=4058"},"modified":"2010-11-02T21:58:45","modified_gmt":"2010-11-02T20:58:45","slug":"die-macht-der-mediaagenturen","status":"publish","type":"post","link":"https:\/\/konsumpf.de\/?p=4058","title":{"rendered":"Die Macht der Mediaagenturen"},"content":{"rendered":"<p>Das <strong>3Sat<\/strong>-Medienmagazin <a href=\"http:\/\/www3.ndr.de\/sendungen\/zapp\/archiv\/medien_wirtschaft\/mediaagenturen100.html\"><strong>ZAPP<\/strong><\/a> (eine der erfreulich kritischenen Ausnahmen im Fernseheinerlei) brachte k\u00fcrzlich einen sehr erhellenden und ein erschreckendes Schlaglicht auf unsere ach so freien Medien werfenden Beitrag \u2013 \u201e<strong>Mediaagenturen in der Grauzone<\/strong>\u201c [<a href=\"http:\/\/nokturnaltimes.wordpress.com\/2009\/04\/17\/machtige-mediaagenturen-in-der-grauzone\/\">via Nokturnal Times<\/a>]. Hier ein Auszug aus dem <a href=\"http:\/\/www3.ndr.de\/sendungen\/zapp\/archiv\/medien_wirtschaft\/mediaagenturen100.html\">Text der Sendung<\/a>, der nat\u00fcrlich auch zu meiner Serie \u201e<strong>Werbung schadet<\/strong>\u201c, <a href=\"http:\/\/konsumpf.de\/?p=2044\">Teil 2<\/a> und <a href=\"http:\/\/konsumpf.de\/?p=2975\">2b<\/a>, bestens passt:<\/p>\n<blockquote><p>Es gibt einfach kein Entkommen. Jeden Tag, immer und \u00fcberall. Tausende von Werbe-Botschaften. Im Fernsehen. Zeitschriften. Internet. Doch woher wissen die Hersteller eigentlich, wo und wie sie uns am besten erreichen? Mediaagenturen kennen die Antwort. Oder sollten es zumindest. Sie beraten die Unternehmen, verteilen deren Werbemilliarden. Doch immer mehr flie\u00dfen dabei auch in die eigene Tasche. Sebastian Bellwinkel \u00fcber ein gigantisches Gesch\u00e4ft in der Grauzone.<\/p>\n<p>Sie hei\u00dfen GroupM, Omnicom Media Group, oder Zenithmedia. Und sie bewegen gesch\u00e4tzte 20 Milliarden Euro &#8211; Pro Jahr &#8211; ein Riesengesch\u00e4ft. Mediaagenturen, wie Carat in Hamburg, sind die stillen Lenker im Gesch\u00e4ft zwischen werbungstreibender Wirtschaft und den Medien. Sie entscheiden, wo eine Anzeige erscheint und wann ein Werbespot l\u00e4uft. Peter Petermann, Gesch\u00e4ftsf\u00fchrer CARAT Hamburg: \u201eEine Mediaagentur hat die Aufgabe, die kreativen Inhalte, den Spot oder eine Anzeige, die eine Kreativagentur gestaltet, bei dem Fernsehsender oder in dem Verlag zu platzieren. Und nat\u00fcrlich daf\u00fcr zu sorgen, dass das Budget, dass der werbetreibende Kunde zur Verf\u00fcgung stellt, m\u00f6glichst effizient einzusetzen.\u201c<\/p>\n<p><strong>Mediaagenturen als Berater<\/strong><br \/>\nEigentlich sollen die Mediaagenturen ihre Kunden beraten. Dann kaufen sie z.B. bei den Vermarktern der TV-Sender Werbezeiten ein. F\u00fcr diese Leistung werden die Mediaagenturen von den Werbekunden bezahlt &#8211; Eigentlich. Sonja Feldmeier, Medienjournalistin \u201ew&amp;v\u201c: \u201eDie Kunden haben darauf vertraut, dass die Mediaagenturen treuh\u00e4nderisch f\u00fcr sie t\u00e4tig sind. Allerdings hat sich das dann im Laufe der Zeit abgeschliffen, die Mediaagenturen gerieten sehr stark unter Kostendruck. Die Kunden, ihre eigenen Kunden haben die Honorare gek\u00fcrzt, Druck darauf ausge\u00fcbt, und die Mediaagenturen mussten sich neue Wege zur Refinanzierung suchen.\u201c Auszeichnungen und Pokale f\u00fcr die beste Strategie reichten nicht mehr aus. Nur Mittler zu sein im gro\u00dfen Werbegesch\u00e4ft, das brachte auf einmal zu wenig Geld. Sonja Feldmeier hat die Werbebranche seit 20 Jahren im Blick. Und sie beobachtet, wie die Agenturen immer einflussreicher werden. Vom treuh\u00e4nderischen Berater zum m\u00e4chtigen H\u00e4ndler. Sonja Feldmeier, Medienjournalistin \u201ew&amp;v\u201c: \u201eDie Mediaagenturen selber definieren sich heute als eigenst\u00e4ndige Wirtschaftsstufe. Das hei\u00dft, dass sie mit dem Gut, das sie eigentlich neutral und objektiv empfehlen sollten, auch Handel treiben.\u201c<br \/>\n(&#8230;)<br \/>\n<strong> Redaktionelle Einflussnahme<\/strong><br \/>\nUnd nicht nur wirtschaftlich droht ein Ausverkauf. Jens Uwe Steffens, Gesch\u00e4ftsf\u00fchrer pilot media: \u201eDie Agentur b\u00fcndelt als Gro\u00dfh\u00e4ndler nat\u00fcrlich wahnsinnig viele Kundenvolumina, ist dadurch nat\u00fcrlich viel m\u00e4chtiger als ein einzelner Kunde. Kommt dieser in Schwierigkeiten rein und bittet seine Agentur um Mithilfe, weil eine kritische Berichterstattung zum Beispiel droht, ist da ein sehr gro\u00dfes Machtpotential gegen\u00fcber den Medien, dieses auch einzuschr\u00e4nken.\u201c Redaktionelle Einflussnahme. Auch solche F\u00e4lle kennt Sonja Feldmeier. Doch Namen m\u00f6chte sie lieber nicht nennen. Sonja Feldmeier, Medienjournalistin \u201ew&amp;v\u201c: \u201eJe ges\u00fcnder ein Medium ist, egal ob Verlag oder Sender, desto st\u00e4rker k\u00f6nnen die auch bewussten Einflussnahmen widerstehen. In den jetzigen Zeiten d\u00fcrfte es schwierig werden f\u00fcr den ein oder anderen.\u201c Und das nutzen die Mediaagenturen aus. Immer mehr Verlage und Sender knicken ein und akzeptieren Vertr\u00e4ge, die sie eigentlich anprangern m\u00fcssten. Uli Bellieno, ehemaliger Vermarktungschef von RTL: \u201eAlso ein sehr riskantes Spiel, was hier gespielt wird und was auch ein bisschen Endzeitstimmung zeigt, wenn man sich auf so ein Spiel einl\u00e4sst.\u201c<\/p><\/blockquote>\n<p><object width=\"500\" height=\"300\"><param name=\"movie\" value=\"http:\/\/www.youtube.com\/v\/x7uv3MhYOLE?fs=1&amp;hl=de_DE\"><\/param><param name=\"allowFullScreen\" value=\"true\"><\/param><param name=\"allowscriptaccess\" value=\"always\"><\/param><embed src=\"http:\/\/www.youtube.com\/v\/x7uv3MhYOLE?fs=1&amp;hl=de_DE\" type=\"application\/x-shockwave-flash\" allowscriptaccess=\"always\" allowfullscreen=\"true\" width=\"500\" height=\"300\"><\/embed><\/object><\/p>\n<h3 class='related_post_title'>Verwandte Beitr\u00e4ge:<\/h3><ul class='related_post'><li><a href=\"http:\/\/konsumpf.de\/?p=7063\" title=\"PR-Berater: Gesch\u00e4fte und Machenschaften\">PR-Berater: Gesch\u00e4fte und Machenschaften<\/a><\/li><li><a href=\"http:\/\/konsumpf.de\/?p=5029\" title=\"Versendete Werte \u2013 Das Privatfernsehen\">Versendete Werte \u2013 Das Privatfernsehen<\/a><\/li><li><a href=\"http:\/\/konsumpf.de\/?p=14027\" title=\"ZAPP und die Piraten\">ZAPP und die Piraten<\/a><\/li><li><a href=\"http:\/\/konsumpf.de\/?p=13191\" title=\"Schleichwerbung macht sich breit\">Schleichwerbung macht sich breit<\/a><\/li><li><a href=\"http:\/\/konsumpf.de\/?p=9135\" title=\"Die verdeckte PR im Boulevard\">Die verdeckte PR im Boulevard<\/a><\/li><\/ul>","protected":false},"excerpt":{"rendered":"<p>Das 3Sat-Medienmagazin ZAPP (eine der erfreulich kritischenen Ausnahmen im Fernseheinerlei) brachte k\u00fcrzlich einen sehr erhellenden und ein erschreckendes Schlaglicht auf unsere ach so freien Medien werfenden Beitrag \u2013 \u201eMediaagenturen in der Grauzone\u201c [via Nokturnal Times]. Hier ein Auszug aus dem Text der Sendung, der nat\u00fcrlich auch zu meiner Serie \u201eWerbung schadet\u201c, Teil 2 und 2b, [&hellip;]<\/p>\n","protected":false},"author":1,"featured_media":0,"comment_status":"open","ping_status":"open","sticky":false,"template":"","format":"standard","meta":{"footnotes":""},"categories":[311,34,12,320,33],"tags":[723,724,2863,725,551],"yoast_head":"<!-- This site is optimized with the Yoast SEO plugin v24.4 - https:\/\/yoast.com\/wordpress\/plugins\/seo\/ -->\n<title>Die Macht der Mediaagenturen - Konsumpf - Forum f\u00fcr kreative Konsumkritik - Culture Jamming, Nachhaltigkeit, Konzernkritik, Adbusting<\/title>\n<meta name=\"robots\" content=\"index, follow, max-snippet:-1, max-image-preview:large, max-video-preview:-1\" \/>\n<link rel=\"canonical\" href=\"https:\/\/konsumpf.de\/?p=4058\" \/>\n<meta property=\"og:locale\" content=\"de_DE\" \/>\n<meta property=\"og:type\" content=\"article\" \/>\n<meta property=\"og:title\" content=\"Die Macht der Mediaagenturen - Konsumpf - Forum f\u00fcr kreative Konsumkritik - Culture Jamming, Nachhaltigkeit, Konzernkritik, Adbusting\" \/>\n<meta property=\"og:description\" content=\"Das 3Sat-Medienmagazin ZAPP (eine der erfreulich kritischenen Ausnahmen im Fernseheinerlei) brachte k\u00fcrzlich einen sehr erhellenden und ein erschreckendes Schlaglicht auf unsere ach so freien Medien werfenden Beitrag \u2013 \u201eMediaagenturen in der Grauzone\u201c [via Nokturnal Times]. Hier ein Auszug aus dem Text der Sendung, der nat\u00fcrlich auch zu meiner Serie \u201eWerbung schadet\u201c, Teil 2 und 2b, [&hellip;]\" \/>\n<meta property=\"og:url\" content=\"https:\/\/konsumpf.de\/?p=4058\" \/>\n<meta property=\"og:site_name\" content=\"Konsumpf - Forum f\u00fcr kreative Konsumkritik - Culture Jamming, Nachhaltigkeit, Konzernkritik, Adbusting\" \/>\n<meta property=\"article:published_time\" content=\"2009-04-26T08:02:33+00:00\" \/>\n<meta property=\"article:modified_time\" content=\"2010-11-02T20:58:45+00:00\" \/>\n<meta name=\"author\" content=\"Peter M.\" \/>\n<meta name=\"twitter:card\" content=\"summary_large_image\" \/>\n<meta name=\"twitter:label1\" content=\"Verfasst von\" \/>\n\t<meta name=\"twitter:data1\" content=\"Peter M.\" \/>\n\t<meta name=\"twitter:label2\" content=\"Gesch\u00e4tzte Lesezeit\" \/>\n\t<meta name=\"twitter:data2\" content=\"3\u00a0Minuten\" \/>\n<script type=\"application\/ld+json\" class=\"yoast-schema-graph\">{\"@context\":\"https:\/\/schema.org\",\"@graph\":[{\"@type\":\"WebPage\",\"@id\":\"https:\/\/konsumpf.de\/?p=4058\",\"url\":\"https:\/\/konsumpf.de\/?p=4058\",\"name\":\"Die Macht der Mediaagenturen - Konsumpf - Forum f\u00fcr kreative Konsumkritik - Culture Jamming, Nachhaltigkeit, Konzernkritik, Adbusting\",\"isPartOf\":{\"@id\":\"https:\/\/konsumpf.de\/#website\"},\"datePublished\":\"2009-04-26T08:02:33+00:00\",\"dateModified\":\"2010-11-02T20:58:45+00:00\",\"author\":{\"@id\":\"https:\/\/konsumpf.de\/#\/schema\/person\/e595a6d286b26994e7e0926d70699070\"},\"breadcrumb\":{\"@id\":\"https:\/\/konsumpf.de\/?p=4058#breadcrumb\"},\"inLanguage\":\"de\",\"potentialAction\":[{\"@type\":\"ReadAction\",\"target\":[\"https:\/\/konsumpf.de\/?p=4058\"]}]},{\"@type\":\"BreadcrumbList\",\"@id\":\"https:\/\/konsumpf.de\/?p=4058#breadcrumb\",\"itemListElement\":[{\"@type\":\"ListItem\",\"position\":1,\"name\":\"Startseite\",\"item\":\"https:\/\/konsumpf.de\/\"},{\"@type\":\"ListItem\",\"position\":2,\"name\":\"Die Macht der Mediaagenturen\"}]},{\"@type\":\"WebSite\",\"@id\":\"https:\/\/konsumpf.de\/#website\",\"url\":\"https:\/\/konsumpf.de\/\",\"name\":\"Konsumpf - Forum f\u00fcr kreative Konsumkritik - Culture Jamming, Nachhaltigkeit, Konzernkritik, Adbusting\",\"description\":\"\",\"potentialAction\":[{\"@type\":\"SearchAction\",\"target\":{\"@type\":\"EntryPoint\",\"urlTemplate\":\"https:\/\/konsumpf.de\/?s={search_term_string}\"},\"query-input\":{\"@type\":\"PropertyValueSpecification\",\"valueRequired\":true,\"valueName\":\"search_term_string\"}}],\"inLanguage\":\"de\"},{\"@type\":\"Person\",\"@id\":\"https:\/\/konsumpf.de\/#\/schema\/person\/e595a6d286b26994e7e0926d70699070\",\"name\":\"Peter M.\",\"sameAs\":[\"http:\/\/konsumpf.de\"]}]}<\/script>\n<!-- \/ Yoast SEO plugin. -->","yoast_head_json":{"title":"Die Macht der Mediaagenturen - Konsumpf - Forum f\u00fcr kreative Konsumkritik - Culture Jamming, Nachhaltigkeit, Konzernkritik, Adbusting","robots":{"index":"index","follow":"follow","max-snippet":"max-snippet:-1","max-image-preview":"max-image-preview:large","max-video-preview":"max-video-preview:-1"},"canonical":"https:\/\/konsumpf.de\/?p=4058","og_locale":"de_DE","og_type":"article","og_title":"Die Macht der Mediaagenturen - Konsumpf - Forum f\u00fcr kreative Konsumkritik - Culture Jamming, Nachhaltigkeit, Konzernkritik, Adbusting","og_description":"Das 3Sat-Medienmagazin ZAPP (eine der erfreulich kritischenen Ausnahmen im Fernseheinerlei) brachte k\u00fcrzlich einen sehr erhellenden und ein erschreckendes Schlaglicht auf unsere ach so freien Medien werfenden Beitrag \u2013 \u201eMediaagenturen in der Grauzone\u201c [via Nokturnal Times]. Hier ein Auszug aus dem Text der Sendung, der nat\u00fcrlich auch zu meiner Serie \u201eWerbung schadet\u201c, Teil 2 und 2b, [&hellip;]","og_url":"https:\/\/konsumpf.de\/?p=4058","og_site_name":"Konsumpf - Forum f\u00fcr kreative Konsumkritik - Culture Jamming, Nachhaltigkeit, Konzernkritik, Adbusting","article_published_time":"2009-04-26T08:02:33+00:00","article_modified_time":"2010-11-02T20:58:45+00:00","author":"Peter M.","twitter_card":"summary_large_image","twitter_misc":{"Verfasst von":"Peter M.","Gesch\u00e4tzte Lesezeit":"3\u00a0Minuten"},"schema":{"@context":"https:\/\/schema.org","@graph":[{"@type":"WebPage","@id":"https:\/\/konsumpf.de\/?p=4058","url":"https:\/\/konsumpf.de\/?p=4058","name":"Die Macht der Mediaagenturen - Konsumpf - Forum f\u00fcr kreative Konsumkritik - Culture Jamming, Nachhaltigkeit, Konzernkritik, Adbusting","isPartOf":{"@id":"https:\/\/konsumpf.de\/#website"},"datePublished":"2009-04-26T08:02:33+00:00","dateModified":"2010-11-02T20:58:45+00:00","author":{"@id":"https:\/\/konsumpf.de\/#\/schema\/person\/e595a6d286b26994e7e0926d70699070"},"breadcrumb":{"@id":"https:\/\/konsumpf.de\/?p=4058#breadcrumb"},"inLanguage":"de","potentialAction":[{"@type":"ReadAction","target":["https:\/\/konsumpf.de\/?p=4058"]}]},{"@type":"BreadcrumbList","@id":"https:\/\/konsumpf.de\/?p=4058#breadcrumb","itemListElement":[{"@type":"ListItem","position":1,"name":"Startseite","item":"https:\/\/konsumpf.de\/"},{"@type":"ListItem","position":2,"name":"Die Macht der Mediaagenturen"}]},{"@type":"WebSite","@id":"https:\/\/konsumpf.de\/#website","url":"https:\/\/konsumpf.de\/","name":"Konsumpf - Forum f\u00fcr kreative Konsumkritik - Culture Jamming, Nachhaltigkeit, Konzernkritik, Adbusting","description":"","potentialAction":[{"@type":"SearchAction","target":{"@type":"EntryPoint","urlTemplate":"https:\/\/konsumpf.de\/?s={search_term_string}"},"query-input":{"@type":"PropertyValueSpecification","valueRequired":true,"valueName":"search_term_string"}}],"inLanguage":"de"},{"@type":"Person","@id":"https:\/\/konsumpf.de\/#\/schema\/person\/e595a6d286b26994e7e0926d70699070","name":"Peter M.","sameAs":["http:\/\/konsumpf.de"]}]}},"_links":{"self":[{"href":"https:\/\/konsumpf.de\/index.php?rest_route=\/wp\/v2\/posts\/4058"}],"collection":[{"href":"https:\/\/konsumpf.de\/index.php?rest_route=\/wp\/v2\/posts"}],"about":[{"href":"https:\/\/konsumpf.de\/index.php?rest_route=\/wp\/v2\/types\/post"}],"author":[{"embeddable":true,"href":"https:\/\/konsumpf.de\/index.php?rest_route=\/wp\/v2\/users\/1"}],"replies":[{"embeddable":true,"href":"https:\/\/konsumpf.de\/index.php?rest_route=%2Fwp%2Fv2%2Fcomments&post=4058"}],"version-history":[{"count":7,"href":"https:\/\/konsumpf.de\/index.php?rest_route=\/wp\/v2\/posts\/4058\/revisions"}],"predecessor-version":[{"id":4088,"href":"https:\/\/konsumpf.de\/index.php?rest_route=\/wp\/v2\/posts\/4058\/revisions\/4088"}],"wp:attachment":[{"href":"https:\/\/konsumpf.de\/index.php?rest_route=%2Fwp%2Fv2%2Fmedia&parent=4058"}],"wp:term":[{"taxonomy":"category","embeddable":true,"href":"https:\/\/konsumpf.de\/index.php?rest_route=%2Fwp%2Fv2%2Fcategories&post=4058"},{"taxonomy":"post_tag","embeddable":true,"href":"https:\/\/konsumpf.de\/index.php?rest_route=%2Fwp%2Fv2%2Ftags&post=4058"}],"curies":[{"name":"wp","href":"https:\/\/api.w.org\/{rel}","templated":true}]}}