{"id":4047,"date":"2009-04-25T10:15:00","date_gmt":"2009-04-25T08:15:00","guid":{"rendered":"http:\/\/konsumpf.de\/?p=4047"},"modified":"2009-04-25T16:07:51","modified_gmt":"2009-04-25T14:07:51","slug":"the-bubble-project","status":"publish","type":"post","link":"https:\/\/konsumpf.de\/?p=4047","title":{"rendered":"The Bubble Project"},"content":{"rendered":"<p><a href=\"http:\/\/konsumpf.de\/wp-content\/uploads\/2009\/04\/bubbeproject-ibm.jpg\"><img loading=\"lazy\" decoding=\"async\" class=\"alignright size-medium wp-image-4073\" title=\"bubbeproject-ibm\" src=\"http:\/\/konsumpf.de\/wp-content\/uploads\/2009\/04\/bubbeproject-ibm-257x300.jpg\" alt=\"bubbeproject-ibm\" width=\"257\" height=\"300\" srcset=\"https:\/\/konsumpf.de\/wp-content\/uploads\/2009\/04\/bubbeproject-ibm-257x300.jpg 257w, https:\/\/konsumpf.de\/wp-content\/uploads\/2009\/04\/bubbeproject-ibm.jpg 434w\" sizes=\"(max-width: 257px) 100vw, 257px\" \/><\/a>Bei meinen Recherchen zu meinem Adbusting-Vortrag, fiel mir wieder auf, wie vielf\u00e4ltig und abwechslungsreich Culture Jamming und kreativer Protest weltweit doch\u00a0 stattfindet. Bei den <a href=\"http:\/\/www.popnutten.de\/archiv\/2005\/10\/22\/the-bubble-project\/\">Popnutten<\/a> stie\u00df ich beispielsweise auf diese tolle (wenn auch schon etwas \u00e4ltere) Aktion \u2013 <a href=\"http:\/\/www.thebubbleproject.com\/\"><strong>The Bubble Project<\/strong><\/a>. Initiiert vom amerikanischen K\u00fcnstler <strong>Ji Lee<\/strong>, der es leid war, immer nur die Einbahnstra\u00dfen-Kommunikation der Werbung zu erleben, und statt dessen auf die Idee verfiel, 15.000 leere Sprechblasen auszudrucken und in ganz New York an Plakatw\u00e4nde etc. zu kleben, so dass die Passanten endlich die M\u00f6glichkeit hatten, auf die Reklame zu reagieren. Er dokumentierte dies am Ende als eine eigenst\u00e4ndige Kunstaktion \u2013 aber auf seiner Seite gibt es die Schablonen f\u00fcr die Sprechblasen zum Herunterladen, so dass jeder von uns losgehen und in seiner Stadt mal f\u00fcr ein wenig mehr Mitspracherecht sorgen kann. Es bietet sich sicherlich auch an, vielleicht schon ein paar fertige markige Spr\u00fcche auf besonders nervige Logos und Plakate zu platzieren, zum Am\u00fcsement der vorbeigehenden Menschen und zur L\u00e4cherlichmachung der manipulativen Werbeaussagen und der aufdringlichen Markenpr\u00e4sentationen.<\/p>\n<blockquote><p><em>Our communal spaces are being overrun with ads. Train stations, streets, squares, busses, and subways now scream one message after another at us. Once considered \u201cpublic\u201d, these spaces are increasingly being seized by corporations to propagate their messages solely in the interest of profit. Armed with heavy budgets, their marketing tactics are becoming more and more aggressive and manipulative. We the public, are both target and victim of this media attack. <\/em><\/p>\n<p><em>The Bubble Project is the counterattack. The Bubbles are the ammunition. Once placed on ads, these stickers transform the corporate monologue into an open dialogue. They encourage anyone to fill them in with any form of self expression, free from censorship. More bubbles mean more freed spaces, more sharing of personal thoughts, more reactions to current events, and most importantly, more imagination and fun.<\/em><\/p><\/blockquote>\n<h3 class='related_post_title'>Verwandte Beitr\u00e4ge:<\/h3><ul class='related_post'><li><a href=\"http:\/\/konsumpf.de\/?p=13488\" title=\"Surftipp: Destructables \u2013 Anleitungen zum Widerspruch\">Surftipp: Destructables \u2013 Anleitungen zum Widerspruch<\/a><\/li><li><a href=\"http:\/\/konsumpf.de\/?p=8706\" title=\"Surftipp: sniggle.net \u2013\u00a0The Culture Jammer\u2019s Encyclopedia\">Surftipp: sniggle.net \u2013\u00a0The Culture Jammer\u2019s Encyclopedia<\/a><\/li><li><a href=\"http:\/\/konsumpf.de\/?p=7735\" title=\"Buchbesprechung: Andreas V\u00f6llinger \u201eIm Zeichen des Marktes\u201c\">Buchbesprechung: Andreas V\u00f6llinger \u201eIm Zeichen des Marktes\u201c<\/a><\/li><li><a href=\"http:\/\/konsumpf.de\/?p=4743\" title=\"Buchbesprechung: Kalle Lasn \u201eCulture Jamming. Das Manifest der Anti-Werbung\u201c\">Buchbesprechung: Kalle Lasn \u201eCulture Jamming. Das Manifest der Anti-Werbung\u201c<\/a><\/li><li><a href=\"http:\/\/konsumpf.de\/?p=4568\" title=\"Kunst statt Reklame bzw. Wei\u00dfheit statt Werbung\">Kunst statt Reklame bzw. Wei\u00dfheit statt Werbung<\/a><\/li><\/ul>","protected":false},"excerpt":{"rendered":"<p>Bei meinen Recherchen zu meinem Adbusting-Vortrag, fiel mir wieder auf, wie vielf\u00e4ltig und abwechslungsreich Culture Jamming und kreativer Protest weltweit doch\u00a0 stattfindet. Bei den Popnutten stie\u00df ich beispielsweise auf diese tolle (wenn auch schon etwas \u00e4ltere) Aktion \u2013 The Bubble Project. Initiiert vom amerikanischen K\u00fcnstler Ji Lee, der es leid war, immer nur die Einbahnstra\u00dfen-Kommunikation [&hellip;]<\/p>\n","protected":false},"author":1,"featured_media":0,"comment_status":"open","ping_status":"open","sticky":false,"template":"","format":"standard","meta":{"footnotes":""},"categories":[18,5,20],"tags":[2858,719,2855,718,720,19],"yoast_head":"<!-- This site is optimized with the Yoast SEO plugin v24.4 - https:\/\/yoast.com\/wordpress\/plugins\/seo\/ -->\n<title>The Bubble Project - Konsumpf - Forum f\u00fcr kreative Konsumkritik - Culture Jamming, Nachhaltigkeit, Konzernkritik, Adbusting<\/title>\n<meta name=\"robots\" content=\"index, follow, max-snippet:-1, max-image-preview:large, max-video-preview:-1\" \/>\n<link rel=\"canonical\" href=\"https:\/\/konsumpf.de\/?p=4047\" \/>\n<meta property=\"og:locale\" content=\"de_DE\" \/>\n<meta property=\"og:type\" content=\"article\" \/>\n<meta property=\"og:title\" content=\"The Bubble Project - Konsumpf - Forum f\u00fcr kreative Konsumkritik - Culture Jamming, Nachhaltigkeit, Konzernkritik, Adbusting\" \/>\n<meta property=\"og:description\" content=\"Bei meinen Recherchen zu meinem Adbusting-Vortrag, fiel mir wieder auf, wie vielf\u00e4ltig und abwechslungsreich Culture Jamming und kreativer Protest weltweit doch\u00a0 stattfindet. Bei den Popnutten stie\u00df ich beispielsweise auf diese tolle (wenn auch schon etwas \u00e4ltere) Aktion \u2013 The Bubble Project. Initiiert vom amerikanischen K\u00fcnstler Ji Lee, der es leid war, immer nur die Einbahnstra\u00dfen-Kommunikation [&hellip;]\" \/>\n<meta property=\"og:url\" content=\"https:\/\/konsumpf.de\/?p=4047\" \/>\n<meta property=\"og:site_name\" content=\"Konsumpf - Forum f\u00fcr kreative Konsumkritik - Culture Jamming, Nachhaltigkeit, Konzernkritik, Adbusting\" \/>\n<meta property=\"article:published_time\" content=\"2009-04-25T08:15:00+00:00\" \/>\n<meta property=\"article:modified_time\" content=\"2009-04-25T14:07:51+00:00\" \/>\n<meta property=\"og:image\" content=\"http:\/\/konsumpf.de\/wp-content\/uploads\/2009\/04\/bubbeproject-ibm-257x300.jpg\" \/>\n<meta name=\"author\" content=\"Peter M.\" \/>\n<meta name=\"twitter:card\" content=\"summary_large_image\" \/>\n<meta name=\"twitter:label1\" content=\"Verfasst von\" \/>\n\t<meta name=\"twitter:data1\" content=\"Peter M.\" \/>\n\t<meta name=\"twitter:label2\" content=\"Gesch\u00e4tzte Lesezeit\" \/>\n\t<meta name=\"twitter:data2\" content=\"2\u00a0Minuten\" \/>\n<script type=\"application\/ld+json\" class=\"yoast-schema-graph\">{\"@context\":\"https:\/\/schema.org\",\"@graph\":[{\"@type\":\"WebPage\",\"@id\":\"https:\/\/konsumpf.de\/?p=4047\",\"url\":\"https:\/\/konsumpf.de\/?p=4047\",\"name\":\"The Bubble Project - Konsumpf - Forum f\u00fcr kreative Konsumkritik - Culture Jamming, Nachhaltigkeit, Konzernkritik, Adbusting\",\"isPartOf\":{\"@id\":\"https:\/\/konsumpf.de\/#website\"},\"primaryImageOfPage\":{\"@id\":\"https:\/\/konsumpf.de\/?p=4047#primaryimage\"},\"image\":{\"@id\":\"https:\/\/konsumpf.de\/?p=4047#primaryimage\"},\"thumbnailUrl\":\"http:\/\/konsumpf.de\/wp-content\/uploads\/2009\/04\/bubbeproject-ibm-257x300.jpg\",\"datePublished\":\"2009-04-25T08:15:00+00:00\",\"dateModified\":\"2009-04-25T14:07:51+00:00\",\"author\":{\"@id\":\"https:\/\/konsumpf.de\/#\/schema\/person\/e595a6d286b26994e7e0926d70699070\"},\"breadcrumb\":{\"@id\":\"https:\/\/konsumpf.de\/?p=4047#breadcrumb\"},\"inLanguage\":\"de\",\"potentialAction\":[{\"@type\":\"ReadAction\",\"target\":[\"https:\/\/konsumpf.de\/?p=4047\"]}]},{\"@type\":\"ImageObject\",\"inLanguage\":\"de\",\"@id\":\"https:\/\/konsumpf.de\/?p=4047#primaryimage\",\"url\":\"https:\/\/konsumpf.de\/wp-content\/uploads\/2009\/04\/bubbeproject-ibm.jpg\",\"contentUrl\":\"https:\/\/konsumpf.de\/wp-content\/uploads\/2009\/04\/bubbeproject-ibm.jpg\",\"width\":\"434\",\"height\":\"505\"},{\"@type\":\"BreadcrumbList\",\"@id\":\"https:\/\/konsumpf.de\/?p=4047#breadcrumb\",\"itemListElement\":[{\"@type\":\"ListItem\",\"position\":1,\"name\":\"Startseite\",\"item\":\"https:\/\/konsumpf.de\/\"},{\"@type\":\"ListItem\",\"position\":2,\"name\":\"The Bubble Project\"}]},{\"@type\":\"WebSite\",\"@id\":\"https:\/\/konsumpf.de\/#website\",\"url\":\"https:\/\/konsumpf.de\/\",\"name\":\"Konsumpf - Forum f\u00fcr kreative Konsumkritik - Culture Jamming, Nachhaltigkeit, Konzernkritik, Adbusting\",\"description\":\"\",\"potentialAction\":[{\"@type\":\"SearchAction\",\"target\":{\"@type\":\"EntryPoint\",\"urlTemplate\":\"https:\/\/konsumpf.de\/?s={search_term_string}\"},\"query-input\":{\"@type\":\"PropertyValueSpecification\",\"valueRequired\":true,\"valueName\":\"search_term_string\"}}],\"inLanguage\":\"de\"},{\"@type\":\"Person\",\"@id\":\"https:\/\/konsumpf.de\/#\/schema\/person\/e595a6d286b26994e7e0926d70699070\",\"name\":\"Peter M.\",\"sameAs\":[\"http:\/\/konsumpf.de\"]}]}<\/script>\n<!-- \/ Yoast SEO plugin. -->","yoast_head_json":{"title":"The Bubble Project - Konsumpf - Forum f\u00fcr kreative Konsumkritik - Culture Jamming, Nachhaltigkeit, Konzernkritik, Adbusting","robots":{"index":"index","follow":"follow","max-snippet":"max-snippet:-1","max-image-preview":"max-image-preview:large","max-video-preview":"max-video-preview:-1"},"canonical":"https:\/\/konsumpf.de\/?p=4047","og_locale":"de_DE","og_type":"article","og_title":"The Bubble Project - Konsumpf - Forum f\u00fcr kreative Konsumkritik - Culture Jamming, Nachhaltigkeit, Konzernkritik, Adbusting","og_description":"Bei meinen Recherchen zu meinem Adbusting-Vortrag, fiel mir wieder auf, wie vielf\u00e4ltig und abwechslungsreich Culture Jamming und kreativer Protest weltweit doch\u00a0 stattfindet. Bei den Popnutten stie\u00df ich beispielsweise auf diese tolle (wenn auch schon etwas \u00e4ltere) Aktion \u2013 The Bubble Project. Initiiert vom amerikanischen K\u00fcnstler Ji Lee, der es leid war, immer nur die Einbahnstra\u00dfen-Kommunikation [&hellip;]","og_url":"https:\/\/konsumpf.de\/?p=4047","og_site_name":"Konsumpf - Forum f\u00fcr kreative Konsumkritik - Culture Jamming, Nachhaltigkeit, Konzernkritik, Adbusting","article_published_time":"2009-04-25T08:15:00+00:00","article_modified_time":"2009-04-25T14:07:51+00:00","og_image":[{"url":"http:\/\/konsumpf.de\/wp-content\/uploads\/2009\/04\/bubbeproject-ibm-257x300.jpg","type":"","width":"","height":""}],"author":"Peter M.","twitter_card":"summary_large_image","twitter_misc":{"Verfasst von":"Peter M.","Gesch\u00e4tzte Lesezeit":"2\u00a0Minuten"},"schema":{"@context":"https:\/\/schema.org","@graph":[{"@type":"WebPage","@id":"https:\/\/konsumpf.de\/?p=4047","url":"https:\/\/konsumpf.de\/?p=4047","name":"The Bubble Project - Konsumpf - Forum f\u00fcr kreative Konsumkritik - Culture Jamming, Nachhaltigkeit, Konzernkritik, Adbusting","isPartOf":{"@id":"https:\/\/konsumpf.de\/#website"},"primaryImageOfPage":{"@id":"https:\/\/konsumpf.de\/?p=4047#primaryimage"},"image":{"@id":"https:\/\/konsumpf.de\/?p=4047#primaryimage"},"thumbnailUrl":"http:\/\/konsumpf.de\/wp-content\/uploads\/2009\/04\/bubbeproject-ibm-257x300.jpg","datePublished":"2009-04-25T08:15:00+00:00","dateModified":"2009-04-25T14:07:51+00:00","author":{"@id":"https:\/\/konsumpf.de\/#\/schema\/person\/e595a6d286b26994e7e0926d70699070"},"breadcrumb":{"@id":"https:\/\/konsumpf.de\/?p=4047#breadcrumb"},"inLanguage":"de","potentialAction":[{"@type":"ReadAction","target":["https:\/\/konsumpf.de\/?p=4047"]}]},{"@type":"ImageObject","inLanguage":"de","@id":"https:\/\/konsumpf.de\/?p=4047#primaryimage","url":"https:\/\/konsumpf.de\/wp-content\/uploads\/2009\/04\/bubbeproject-ibm.jpg","contentUrl":"https:\/\/konsumpf.de\/wp-content\/uploads\/2009\/04\/bubbeproject-ibm.jpg","width":"434","height":"505"},{"@type":"BreadcrumbList","@id":"https:\/\/konsumpf.de\/?p=4047#breadcrumb","itemListElement":[{"@type":"ListItem","position":1,"name":"Startseite","item":"https:\/\/konsumpf.de\/"},{"@type":"ListItem","position":2,"name":"The Bubble Project"}]},{"@type":"WebSite","@id":"https:\/\/konsumpf.de\/#website","url":"https:\/\/konsumpf.de\/","name":"Konsumpf - Forum f\u00fcr kreative Konsumkritik - Culture Jamming, Nachhaltigkeit, Konzernkritik, Adbusting","description":"","potentialAction":[{"@type":"SearchAction","target":{"@type":"EntryPoint","urlTemplate":"https:\/\/konsumpf.de\/?s={search_term_string}"},"query-input":{"@type":"PropertyValueSpecification","valueRequired":true,"valueName":"search_term_string"}}],"inLanguage":"de"},{"@type":"Person","@id":"https:\/\/konsumpf.de\/#\/schema\/person\/e595a6d286b26994e7e0926d70699070","name":"Peter M.","sameAs":["http:\/\/konsumpf.de"]}]}},"_links":{"self":[{"href":"https:\/\/konsumpf.de\/index.php?rest_route=\/wp\/v2\/posts\/4047"}],"collection":[{"href":"https:\/\/konsumpf.de\/index.php?rest_route=\/wp\/v2\/posts"}],"about":[{"href":"https:\/\/konsumpf.de\/index.php?rest_route=\/wp\/v2\/types\/post"}],"author":[{"embeddable":true,"href":"https:\/\/konsumpf.de\/index.php?rest_route=\/wp\/v2\/users\/1"}],"replies":[{"embeddable":true,"href":"https:\/\/konsumpf.de\/index.php?rest_route=%2Fwp%2Fv2%2Fcomments&post=4047"}],"version-history":[{"count":10,"href":"https:\/\/konsumpf.de\/index.php?rest_route=\/wp\/v2\/posts\/4047\/revisions"}],"predecessor-version":[{"id":4079,"href":"https:\/\/konsumpf.de\/index.php?rest_route=\/wp\/v2\/posts\/4047\/revisions\/4079"}],"wp:attachment":[{"href":"https:\/\/konsumpf.de\/index.php?rest_route=%2Fwp%2Fv2%2Fmedia&parent=4047"}],"wp:term":[{"taxonomy":"category","embeddable":true,"href":"https:\/\/konsumpf.de\/index.php?rest_route=%2Fwp%2Fv2%2Fcategories&post=4047"},{"taxonomy":"post_tag","embeddable":true,"href":"https:\/\/konsumpf.de\/index.php?rest_route=%2Fwp%2Fv2%2Ftags&post=4047"}],"curies":[{"name":"wp","href":"https:\/\/api.w.org\/{rel}","templated":true}]}}