{"id":3981,"date":"2009-04-16T16:48:31","date_gmt":"2009-04-16T14:48:31","guid":{"rendered":"http:\/\/konsumpf.de\/?p=3981"},"modified":"2009-04-16T18:13:51","modified_gmt":"2009-04-16T16:13:51","slug":"aufstehen-fur-ein-freies-internet-%e2%80%93-mahnwache-am-morgigen-freitag-in-berlin","status":"publish","type":"post","link":"https:\/\/konsumpf.de\/?p=3981","title":{"rendered":"Aufstehen f\u00fcr ein freies Internet \u2013 Mahnwache am morgigen Freitag in Berlin"},"content":{"rendered":"<p><a href=\"http:\/\/konsumpf.de\/wp-content\/uploads\/2009\/04\/http_.jpg\"><img loading=\"lazy\" decoding=\"async\" class=\"alignright size-full wp-image-3984\" title=\"http_\" src=\"http:\/\/konsumpf.de\/wp-content\/uploads\/2009\/04\/http_.jpg\" alt=\"http_\" width=\"198\" height=\"150\" \/><\/a>Diesem Aufruf des <a href=\"http:\/\/www.ccc.de\/updates\/2009\/besucht-zensursula\"><strong>Chaos Computer Clubs<\/strong><\/a> sowie von <a href=\"http:\/\/netzpolitik.org\/2009\/mahnwache-am-freitag-keine-scheuklappen-fuers-netz\/\"><strong>Netzpolitik<\/strong><\/a> gegen die unselige Internetzensur-Entscheidung der Bundesregierung schlie\u00dfe ich mich gerne an \u2013 die Mediendemokratie steht wieder einmal auf dem Spiel. Man sollte den Verantwortlichen f\u00fcr das <a href=\"http:\/\/konsumpf.de\/?p=3896\">neue Gesetz<\/a> zumindest zeigen, dass sie damit auf Widerstand sto\u00dfen und nicht alles klaglos hingenommen wird, was in der Politik so ausgebr\u00fctet wird. Also alle in und um Berlin morgen fr\u00fch aufstehen!<\/p>\n<blockquote><p>Am Freitag Vormittag machen die Internetausdrucker Ernst: Der erste deutsche Zensurvertrag soll unter Dach und Fach gebracht werden. Wir wollen dabei und pr\u00e4sent sein, wenn die gr\u00f6\u00dften deutschen Internetprovider h\u00e4ndchenhaltend mit Bundesfamilienministerin Ursula von der Leyen den Vertrag unterzeichnen werden, mit dem sie sich ohne jegliche gesetzliche Grundlage verpflichten, unliebsame Inhalte nach Gutd\u00fcnken des Bundeskriminalamtes (BKA) zu sperren und zu filtern.<\/p>\n<p>Die Internetanbieter werden dabei knallhart erpresst: Um nicht in einem Atemzug mit Kindersch\u00e4ndern erw\u00e4hnt zu werden, sollen sie am offenen Versto\u00df gegen das Grundgesetz mitwirken. Dabei soll es vorerst nur um die Erschwerung des Zugangs zu strafbaren Inhalten gehen. Zur Erweiterung des Systems auf die Zensur beliebiger anderer Webseiten ist lediglich eine Anpassung der Filterliste notwendig.<\/p>\n<p>Jeder wei\u00df, dass Kindesmissbrauch mit den geplanten Geheimlisten nicht bek\u00e4mpft werden kann. Auch die Verbreitung von Bildern und Filmen missbrauchter Kinder lie\u00dfe sich einfacher verhindern: Ginge es ihr wirklich darum, k\u00f6nnte Zensursula die Betreiber der Server mit den Mitteln des Rechtsstaats belangen. Die Strafverfolgungsbeh\u00f6rden k\u00f6nnten die Anbieter und Produzenten zwar effektiv verfolgen, tun es aber nicht. Denn eine bessere Ausstattung und mehr Zusammenarbeit der Ermittler sind nicht geplant. Damit entsteht erst der angeblich rechtsfreie Raum, von dem die Internetausdrucker so gern reden. Deswegen:<\/p>\n<p>Wer keine Lust mehr hat auf die dreisten L\u00fcgen, wer was dagegen hat, dass Zensursula mit dem BKA geheime Sperrlisten ohne jegliche Gesetzesgrundlage vereinbart, wer offenen Verfassungsbruch nicht toleriert, wer ein unzensiertes Internet genauso wichtig findet wie wir, der nimmt seinen Hund, seine Kinder und alle seine Freunde und Kollegen am Freitag, dem 17. April 2009, mit zum Reichstagsufer am S-Bahnhof Friedrichstra\u00dfe in Berlin-Mitte.<\/p>\n<p>Wir wissen, dass 9 Uhr eine Herausforderung ist, aber die Devise lautet: Aufstehn f\u00fcr ein freies Internet!<\/p>\n<h3>Wann?<\/h3>\n<ul>\n<li>Am Freitag, den 17. April 2009<\/li>\n<li>Zwischen 9 Uhr und 9:30 Uhr<\/li>\n<\/ul>\n<h3>Wo?<\/h3>\n<ul>\n<li>Vor dem Presse- &amp; Besucherzentrum der Bundesregierung<\/li>\n<li>Reichstagsufer 14 | U- und S-Bhf. Berlin-Friedrichstra\u00dfe<\/li>\n<li><a href=\"http:\/\/tinyurl.com\/d9d7pm\"><img decoding=\"async\" src=\"http:\/\/www.ccc.de\/images\/style\/link-extern-blue.png\" alt=\"[Externer Link]\" \/>Karte<\/a><\/li>\n<\/ul>\n<\/blockquote>\n<h3 class='related_post_title'>Verwandte Beitr\u00e4ge:<\/h3><ul class='related_post'><li><a href=\"http:\/\/konsumpf.de\/?p=4288\" title=\"Widerstand gegen die Internetzensur &#8211; Online-Petition unterzeichnen\">Widerstand gegen die Internetzensur &#8211; Online-Petition unterzeichnen<\/a><\/li><li><a href=\"http:\/\/konsumpf.de\/?p=5755\" title=\"Rette Deine Freiheit\">Rette Deine Freiheit<\/a><\/li><li><a href=\"http:\/\/konsumpf.de\/?p=4728\" title=\"Die Demokratiesimulation\">Die Demokratiesimulation<\/a><\/li><li><a href=\"http:\/\/konsumpf.de\/?p=4509\" title=\"Innenministerium l\u00e4sst Satire-Website vom Netz nehmen\">Innenministerium l\u00e4sst Satire-Website vom Netz nehmen<\/a><\/li><li><a href=\"http:\/\/konsumpf.de\/?p=4396\" title=\"Surftipp: Aktion \u00dcBERWACH! sowie Neues vom elektronischen Polizeistaat\">Surftipp: Aktion \u00dcBERWACH! sowie Neues vom elektronischen Polizeistaat<\/a><\/li><\/ul>","protected":false},"excerpt":{"rendered":"<p>Diesem Aufruf des Chaos Computer Clubs sowie von Netzpolitik gegen die unselige Internetzensur-Entscheidung der Bundesregierung schlie\u00dfe ich mich gerne an \u2013 die Mediendemokratie steht wieder einmal auf dem Spiel. Man sollte den Verantwortlichen f\u00fcr das neue Gesetz zumindest zeigen, dass sie damit auf Widerstand sto\u00dfen und nicht alles klaglos hingenommen wird, was in der Politik [&hellip;]<\/p>\n","protected":false},"author":1,"featured_media":0,"comment_status":"open","ping_status":"open","sticky":false,"template":"","format":"standard","meta":{"footnotes":""},"categories":[311,259,12,265,33,53,225],"tags":[706,696,705,287,707,139],"yoast_head":"<!-- This site is optimized with the Yoast SEO plugin v24.4 - https:\/\/yoast.com\/wordpress\/plugins\/seo\/ -->\n<title>Aufstehen f\u00fcr ein freies Internet \u2013 Mahnwache am morgigen Freitag in Berlin - Konsumpf - Forum f\u00fcr kreative Konsumkritik - Culture Jamming, Nachhaltigkeit, Konzernkritik, Adbusting<\/title>\n<meta name=\"robots\" content=\"index, follow, max-snippet:-1, max-image-preview:large, max-video-preview:-1\" \/>\n<link rel=\"canonical\" href=\"https:\/\/konsumpf.de\/?p=3981\" \/>\n<meta property=\"og:locale\" content=\"de_DE\" \/>\n<meta property=\"og:type\" content=\"article\" \/>\n<meta property=\"og:title\" content=\"Aufstehen f\u00fcr ein freies Internet \u2013 Mahnwache am morgigen Freitag in Berlin - Konsumpf - Forum f\u00fcr kreative Konsumkritik - Culture Jamming, Nachhaltigkeit, Konzernkritik, Adbusting\" \/>\n<meta property=\"og:description\" content=\"Diesem Aufruf des Chaos Computer Clubs sowie von Netzpolitik gegen die unselige Internetzensur-Entscheidung der Bundesregierung schlie\u00dfe ich mich gerne an \u2013 die Mediendemokratie steht wieder einmal auf dem Spiel. Man sollte den Verantwortlichen f\u00fcr das neue Gesetz zumindest zeigen, dass sie damit auf Widerstand sto\u00dfen und nicht alles klaglos hingenommen wird, was in der Politik [&hellip;]\" \/>\n<meta property=\"og:url\" content=\"https:\/\/konsumpf.de\/?p=3981\" \/>\n<meta property=\"og:site_name\" content=\"Konsumpf - Forum f\u00fcr kreative Konsumkritik - Culture Jamming, Nachhaltigkeit, Konzernkritik, Adbusting\" \/>\n<meta property=\"article:published_time\" content=\"2009-04-16T14:48:31+00:00\" \/>\n<meta property=\"article:modified_time\" content=\"2009-04-16T16:13:51+00:00\" \/>\n<meta property=\"og:image\" content=\"http:\/\/konsumpf.de\/wp-content\/uploads\/2009\/04\/http_.jpg\" \/>\n<meta name=\"author\" content=\"Peter M.\" \/>\n<meta name=\"twitter:card\" content=\"summary_large_image\" \/>\n<meta name=\"twitter:label1\" content=\"Verfasst von\" \/>\n\t<meta name=\"twitter:data1\" content=\"Peter M.\" \/>\n\t<meta name=\"twitter:label2\" content=\"Gesch\u00e4tzte Lesezeit\" \/>\n\t<meta name=\"twitter:data2\" content=\"2\u00a0Minuten\" \/>\n<script type=\"application\/ld+json\" class=\"yoast-schema-graph\">{\"@context\":\"https:\/\/schema.org\",\"@graph\":[{\"@type\":\"WebPage\",\"@id\":\"https:\/\/konsumpf.de\/?p=3981\",\"url\":\"https:\/\/konsumpf.de\/?p=3981\",\"name\":\"Aufstehen f\u00fcr ein freies Internet \u2013 Mahnwache am morgigen Freitag in Berlin - Konsumpf - Forum f\u00fcr kreative Konsumkritik - Culture Jamming, Nachhaltigkeit, Konzernkritik, Adbusting\",\"isPartOf\":{\"@id\":\"https:\/\/konsumpf.de\/#website\"},\"primaryImageOfPage\":{\"@id\":\"https:\/\/konsumpf.de\/?p=3981#primaryimage\"},\"image\":{\"@id\":\"https:\/\/konsumpf.de\/?p=3981#primaryimage\"},\"thumbnailUrl\":\"http:\/\/konsumpf.de\/wp-content\/uploads\/2009\/04\/http_.jpg\",\"datePublished\":\"2009-04-16T14:48:31+00:00\",\"dateModified\":\"2009-04-16T16:13:51+00:00\",\"author\":{\"@id\":\"https:\/\/konsumpf.de\/#\/schema\/person\/e595a6d286b26994e7e0926d70699070\"},\"breadcrumb\":{\"@id\":\"https:\/\/konsumpf.de\/?p=3981#breadcrumb\"},\"inLanguage\":\"de\",\"potentialAction\":[{\"@type\":\"ReadAction\",\"target\":[\"https:\/\/konsumpf.de\/?p=3981\"]}]},{\"@type\":\"ImageObject\",\"inLanguage\":\"de\",\"@id\":\"https:\/\/konsumpf.de\/?p=3981#primaryimage\",\"url\":\"https:\/\/konsumpf.de\/wp-content\/uploads\/2009\/04\/http_.jpg\",\"contentUrl\":\"https:\/\/konsumpf.de\/wp-content\/uploads\/2009\/04\/http_.jpg\",\"width\":\"300\",\"height\":\"228\"},{\"@type\":\"BreadcrumbList\",\"@id\":\"https:\/\/konsumpf.de\/?p=3981#breadcrumb\",\"itemListElement\":[{\"@type\":\"ListItem\",\"position\":1,\"name\":\"Startseite\",\"item\":\"https:\/\/konsumpf.de\/\"},{\"@type\":\"ListItem\",\"position\":2,\"name\":\"Aufstehen f\u00fcr ein freies Internet \u2013 Mahnwache am morgigen Freitag in Berlin\"}]},{\"@type\":\"WebSite\",\"@id\":\"https:\/\/konsumpf.de\/#website\",\"url\":\"https:\/\/konsumpf.de\/\",\"name\":\"Konsumpf - Forum f\u00fcr kreative Konsumkritik - Culture Jamming, Nachhaltigkeit, Konzernkritik, Adbusting\",\"description\":\"\",\"potentialAction\":[{\"@type\":\"SearchAction\",\"target\":{\"@type\":\"EntryPoint\",\"urlTemplate\":\"https:\/\/konsumpf.de\/?s={search_term_string}\"},\"query-input\":{\"@type\":\"PropertyValueSpecification\",\"valueRequired\":true,\"valueName\":\"search_term_string\"}}],\"inLanguage\":\"de\"},{\"@type\":\"Person\",\"@id\":\"https:\/\/konsumpf.de\/#\/schema\/person\/e595a6d286b26994e7e0926d70699070\",\"name\":\"Peter M.\",\"sameAs\":[\"http:\/\/konsumpf.de\"]}]}<\/script>\n<!-- \/ Yoast SEO plugin. -->","yoast_head_json":{"title":"Aufstehen f\u00fcr ein freies Internet \u2013 Mahnwache am morgigen Freitag in Berlin - Konsumpf - Forum f\u00fcr kreative Konsumkritik - Culture Jamming, Nachhaltigkeit, Konzernkritik, Adbusting","robots":{"index":"index","follow":"follow","max-snippet":"max-snippet:-1","max-image-preview":"max-image-preview:large","max-video-preview":"max-video-preview:-1"},"canonical":"https:\/\/konsumpf.de\/?p=3981","og_locale":"de_DE","og_type":"article","og_title":"Aufstehen f\u00fcr ein freies Internet \u2013 Mahnwache am morgigen Freitag in Berlin - Konsumpf - Forum f\u00fcr kreative Konsumkritik - Culture Jamming, Nachhaltigkeit, Konzernkritik, Adbusting","og_description":"Diesem Aufruf des Chaos Computer Clubs sowie von Netzpolitik gegen die unselige Internetzensur-Entscheidung der Bundesregierung schlie\u00dfe ich mich gerne an \u2013 die Mediendemokratie steht wieder einmal auf dem Spiel. Man sollte den Verantwortlichen f\u00fcr das neue Gesetz zumindest zeigen, dass sie damit auf Widerstand sto\u00dfen und nicht alles klaglos hingenommen wird, was in der Politik [&hellip;]","og_url":"https:\/\/konsumpf.de\/?p=3981","og_site_name":"Konsumpf - Forum f\u00fcr kreative Konsumkritik - Culture Jamming, Nachhaltigkeit, Konzernkritik, Adbusting","article_published_time":"2009-04-16T14:48:31+00:00","article_modified_time":"2009-04-16T16:13:51+00:00","og_image":[{"url":"http:\/\/konsumpf.de\/wp-content\/uploads\/2009\/04\/http_.jpg","type":"","width":"","height":""}],"author":"Peter M.","twitter_card":"summary_large_image","twitter_misc":{"Verfasst von":"Peter M.","Gesch\u00e4tzte Lesezeit":"2\u00a0Minuten"},"schema":{"@context":"https:\/\/schema.org","@graph":[{"@type":"WebPage","@id":"https:\/\/konsumpf.de\/?p=3981","url":"https:\/\/konsumpf.de\/?p=3981","name":"Aufstehen f\u00fcr ein freies Internet \u2013 Mahnwache am morgigen Freitag in Berlin - Konsumpf - Forum f\u00fcr kreative Konsumkritik - Culture Jamming, Nachhaltigkeit, Konzernkritik, Adbusting","isPartOf":{"@id":"https:\/\/konsumpf.de\/#website"},"primaryImageOfPage":{"@id":"https:\/\/konsumpf.de\/?p=3981#primaryimage"},"image":{"@id":"https:\/\/konsumpf.de\/?p=3981#primaryimage"},"thumbnailUrl":"http:\/\/konsumpf.de\/wp-content\/uploads\/2009\/04\/http_.jpg","datePublished":"2009-04-16T14:48:31+00:00","dateModified":"2009-04-16T16:13:51+00:00","author":{"@id":"https:\/\/konsumpf.de\/#\/schema\/person\/e595a6d286b26994e7e0926d70699070"},"breadcrumb":{"@id":"https:\/\/konsumpf.de\/?p=3981#breadcrumb"},"inLanguage":"de","potentialAction":[{"@type":"ReadAction","target":["https:\/\/konsumpf.de\/?p=3981"]}]},{"@type":"ImageObject","inLanguage":"de","@id":"https:\/\/konsumpf.de\/?p=3981#primaryimage","url":"https:\/\/konsumpf.de\/wp-content\/uploads\/2009\/04\/http_.jpg","contentUrl":"https:\/\/konsumpf.de\/wp-content\/uploads\/2009\/04\/http_.jpg","width":"300","height":"228"},{"@type":"BreadcrumbList","@id":"https:\/\/konsumpf.de\/?p=3981#breadcrumb","itemListElement":[{"@type":"ListItem","position":1,"name":"Startseite","item":"https:\/\/konsumpf.de\/"},{"@type":"ListItem","position":2,"name":"Aufstehen f\u00fcr ein freies Internet \u2013 Mahnwache am morgigen Freitag in Berlin"}]},{"@type":"WebSite","@id":"https:\/\/konsumpf.de\/#website","url":"https:\/\/konsumpf.de\/","name":"Konsumpf - Forum f\u00fcr kreative Konsumkritik - Culture Jamming, Nachhaltigkeit, Konzernkritik, Adbusting","description":"","potentialAction":[{"@type":"SearchAction","target":{"@type":"EntryPoint","urlTemplate":"https:\/\/konsumpf.de\/?s={search_term_string}"},"query-input":{"@type":"PropertyValueSpecification","valueRequired":true,"valueName":"search_term_string"}}],"inLanguage":"de"},{"@type":"Person","@id":"https:\/\/konsumpf.de\/#\/schema\/person\/e595a6d286b26994e7e0926d70699070","name":"Peter M.","sameAs":["http:\/\/konsumpf.de"]}]}},"_links":{"self":[{"href":"https:\/\/konsumpf.de\/index.php?rest_route=\/wp\/v2\/posts\/3981"}],"collection":[{"href":"https:\/\/konsumpf.de\/index.php?rest_route=\/wp\/v2\/posts"}],"about":[{"href":"https:\/\/konsumpf.de\/index.php?rest_route=\/wp\/v2\/types\/post"}],"author":[{"embeddable":true,"href":"https:\/\/konsumpf.de\/index.php?rest_route=\/wp\/v2\/users\/1"}],"replies":[{"embeddable":true,"href":"https:\/\/konsumpf.de\/index.php?rest_route=%2Fwp%2Fv2%2Fcomments&post=3981"}],"version-history":[{"count":6,"href":"https:\/\/konsumpf.de\/index.php?rest_route=\/wp\/v2\/posts\/3981\/revisions"}],"predecessor-version":[{"id":3990,"href":"https:\/\/konsumpf.de\/index.php?rest_route=\/wp\/v2\/posts\/3981\/revisions\/3990"}],"wp:attachment":[{"href":"https:\/\/konsumpf.de\/index.php?rest_route=%2Fwp%2Fv2%2Fmedia&parent=3981"}],"wp:term":[{"taxonomy":"category","embeddable":true,"href":"https:\/\/konsumpf.de\/index.php?rest_route=%2Fwp%2Fv2%2Fcategories&post=3981"},{"taxonomy":"post_tag","embeddable":true,"href":"https:\/\/konsumpf.de\/index.php?rest_route=%2Fwp%2Fv2%2Ftags&post=3981"}],"curies":[{"name":"wp","href":"https:\/\/api.w.org\/{rel}","templated":true}]}}