{"id":3935,"date":"2009-04-15T17:15:53","date_gmt":"2009-04-15T15:15:53","guid":{"rendered":"http:\/\/konsumpf.de\/?p=3935"},"modified":"2009-04-14T22:26:34","modified_gmt":"2009-04-14T20:26:34","slug":"unerfreuliche-neuigkeiten-fur-uns-burger-teil-2-aufweichung-der-verpackungsverordnungen","status":"publish","type":"post","link":"https:\/\/konsumpf.de\/?p=3935","title":{"rendered":"Unerfreuliche Neuigkeiten f\u00fcr uns B\u00fcrger, Teil 2: Aufweichung der Verpackungsverordnungen"},"content":{"rendered":"<p><a href=\"http:\/\/konsumpf.de\/wp-content\/uploads\/2009\/04\/shampoo_packaging.jpg\"><img loading=\"lazy\" decoding=\"async\" class=\"alignright size-full wp-image-3940\" title=\"shampoo_packaging\" src=\"http:\/\/konsumpf.de\/wp-content\/uploads\/2009\/04\/shampoo_packaging.jpg\" alt=\"shampoo_packaging\" width=\"185\" height=\"300\" \/><\/a>Na gro\u00dfartig, als wenn die Reklameindustrie und die Konzerne nicht schon genug M\u00f6glichkeiten h\u00e4tten, den Konsumenten mit falschen Versprechungen und bunten Bildern hinters Licht zu f\u00fchren \u2013 offenbar reichen den Firmen normale Werbung und auch Manipulationen in Form ihrer bisherigen Verpackungen (siehe die Initiative <a href=\"http:\/\/www.abgespeist.de\/\"><strong>Abgespeist<\/strong><\/a>, die die Werbel\u00fcgen, die dem Verbraucher auf Etiketten begegnen, regelm\u00e4\u00dfig aufdeckt) noch nicht aus. Denn seit dem 11. April entfallen nun die bisherigen <strong>EU-Verpackungsvorschriften<\/strong>,<\/p>\n<blockquote><p>die bisher die Einheitsgr\u00f6\u00dfen f\u00fcr verschiedene allt\u00e4gliche Produkte vorschrieben. Das hei\u00dft, dass z.B. Zucker, Milch, Butter oder Schokolade ab sofort in unterschiedlichen Gr\u00f6\u00dfen angeboten werden d\u00fcrfen. Das macht es dem Verbraucher nat\u00fcrlich viel schwerer, den g\u00fcnstigeren Preis zu erwischen oder den Schmuh hinter dem Ganzen zu entdecken. Schlaue Beobachter d\u00fcrften in diversen Superm\u00e4rkten schon bemerkt haben, dass z.B. kleinere Packungen h\u00f6here Preise haben als gr\u00f6\u00dfere Packungen des selben Produkts. Oftmals erkennt der Verbraucher die Verarsche, wenn er mit dem 100 Gramm-Preis vergleicht, der im Miniformat am Preisschild im Regal angebracht ist. [<a href=\"http:\/\/www.drop-a-line.com\/wp\/?p=351\">via<\/a>]<\/p><\/blockquote>\n<p>Das alles nat\u00fcrlich im Namen der angeblichen Konsumentenfreiheit&#8230; Darauf bezieht sich auch der Artikel \u201e<a href=\"http:\/\/www.neues-deutschland.de\/artikel\/147049.mogelpackung-im-anmarsch.html\">Mogelpackungen im Anmarsch<\/a>\u201c in der Zeitung Neues Deutschland:<\/p>\n<blockquote><p>Vielen Verbrauchersch\u00fctzern bereitet die Umstellung Bauchschmerzen. Sie trauern der auslaufenden Regelung nach, die den Herstellern Verpackungsstandards vorschrieb. Schokolade beispielsweise gab es in der 100-Gramm-Packung. Auch 85-Gramm-Varianten fanden sich in den Supermarktregalen. Nicht aber 90-Gramm-Packungen. K\u00fcnftig gelten solche Vorgaben nur noch f\u00fcr Wein und Spirituosen. Armin Valet von der Hamburger Verbraucherzentrale bef\u00fcrchtet nun mehr Tricks und T\u00e4uschungen im Supermarkt.<\/p>\n<p>Solche Tricksereien beobachtet er bei Produkten wie Marmelade, Putzmitteln oder Kosmetika, f\u00fcr die schon jetzt keine Vorgaben mehr bestehen. Die Masche ist simpel und funktioniert nach dem Prinzip: Weniger drin, gleicher Preis. Ein Windelhersteller bel\u00e4sst bei der Packungsgr\u00f6\u00dfe und beim Preis alles beim Alten, packt aber drei Windeln weniger rein und erh\u00f6ht so unbemerkt den Preis. \u00bbDas merkt der Verbraucher meist gar nicht\u00ab, sagt Valet. Versteckte Preiserh\u00f6hungen von mehr als 20 Prozent hat der Verbrauchersch\u00fctzer in den vergangenen Jahren aufgedeckt.<\/p><\/blockquote>\n<h3 class='related_post_title'>Verwandte Beitr\u00e4ge:<\/h3><ul class='related_post'><li><a href=\"http:\/\/konsumpf.de\/?p=15259\" title=\"Lesetipps: Freihandelsabkommen | Wirtschaftswachstum | Billiggesellschaft | Kampf gegen Verpackungen | Autofrei | Adbusting\">Lesetipps: Freihandelsabkommen | Wirtschaftswachstum | Billiggesellschaft | Kampf gegen Verpackungen | Autofrei | Adbusting<\/a><\/li><li><a href=\"http:\/\/konsumpf.de\/?p=7530\" title=\"Zott \u201egewinnt\u201c den Goldenen Windbeutel 2010 und die Komplett-Kommerzialisierung der Sozialen Netzwerke\">Zott \u201egewinnt\u201c den Goldenen Windbeutel 2010 und die Komplett-Kommerzialisierung der Sozialen Netzwerke<\/a><\/li><li><a href=\"http:\/\/konsumpf.de\/?p=7352\" title=\"Die dreisteste Werbel\u00fcge \u2013 Der Goldene Windbeutel 2010\">Die dreisteste Werbel\u00fcge \u2013 Der Goldene Windbeutel 2010<\/a><\/li><li><a href=\"http:\/\/konsumpf.de\/?p=4308\" title=\"Der neue Verpackungs-Schmu\">Der neue Verpackungs-Schmu<\/a><\/li><li><a href=\"http:\/\/konsumpf.de\/?p=3977\" title=\"Werbung gegen Realit\u00e4t, Teil 12: Yogurette\">Werbung gegen Realit\u00e4t, Teil 12: Yogurette<\/a><\/li><\/ul>","protected":false},"excerpt":{"rendered":"<p>Na gro\u00dfartig, als wenn die Reklameindustrie und die Konzerne nicht schon genug M\u00f6glichkeiten h\u00e4tten, den Konsumenten mit falschen Versprechungen und bunten Bildern hinters Licht zu f\u00fchren \u2013 offenbar reichen den Firmen normale Werbung und auch Manipulationen in Form ihrer bisherigen Verpackungen (siehe die Initiative Abgespeist, die die Werbel\u00fcgen, die dem Verbraucher auf Etiketten begegnen, regelm\u00e4\u00dfig [&hellip;]<\/p>\n","protected":false},"author":1,"featured_media":0,"comment_status":"open","ping_status":"open","sticky":false,"template":"","format":"standard","meta":{"footnotes":""},"categories":[12,78],"tags":[254,699,700],"yoast_head":"<!-- This site is optimized with the Yoast SEO plugin v24.4 - https:\/\/yoast.com\/wordpress\/plugins\/seo\/ -->\n<title>Unerfreuliche Neuigkeiten f\u00fcr uns B\u00fcrger, Teil 2: Aufweichung der Verpackungsverordnungen - Konsumpf - Forum f\u00fcr kreative Konsumkritik - Culture Jamming, Nachhaltigkeit, Konzernkritik, Adbusting<\/title>\n<meta name=\"robots\" content=\"index, follow, max-snippet:-1, max-image-preview:large, max-video-preview:-1\" \/>\n<link rel=\"canonical\" href=\"https:\/\/konsumpf.de\/?p=3935\" \/>\n<meta property=\"og:locale\" content=\"de_DE\" \/>\n<meta property=\"og:type\" content=\"article\" \/>\n<meta property=\"og:title\" content=\"Unerfreuliche Neuigkeiten f\u00fcr uns B\u00fcrger, Teil 2: Aufweichung der Verpackungsverordnungen - Konsumpf - Forum f\u00fcr kreative Konsumkritik - Culture Jamming, Nachhaltigkeit, Konzernkritik, Adbusting\" \/>\n<meta property=\"og:description\" content=\"Na gro\u00dfartig, als wenn die Reklameindustrie und die Konzerne nicht schon genug M\u00f6glichkeiten h\u00e4tten, den Konsumenten mit falschen Versprechungen und bunten Bildern hinters Licht zu f\u00fchren \u2013 offenbar reichen den Firmen normale Werbung und auch Manipulationen in Form ihrer bisherigen Verpackungen (siehe die Initiative Abgespeist, die die Werbel\u00fcgen, die dem Verbraucher auf Etiketten begegnen, regelm\u00e4\u00dfig [&hellip;]\" \/>\n<meta property=\"og:url\" content=\"https:\/\/konsumpf.de\/?p=3935\" \/>\n<meta property=\"og:site_name\" content=\"Konsumpf - Forum f\u00fcr kreative Konsumkritik - Culture Jamming, Nachhaltigkeit, Konzernkritik, Adbusting\" \/>\n<meta property=\"article:published_time\" content=\"2009-04-15T15:15:53+00:00\" \/>\n<meta property=\"og:image\" content=\"http:\/\/konsumpf.de\/wp-content\/uploads\/2009\/04\/shampoo_packaging.jpg\" \/>\n<meta name=\"author\" content=\"Peter M.\" \/>\n<meta name=\"twitter:card\" content=\"summary_large_image\" \/>\n<meta name=\"twitter:label1\" content=\"Verfasst von\" \/>\n\t<meta name=\"twitter:data1\" content=\"Peter M.\" \/>\n\t<meta name=\"twitter:label2\" content=\"Gesch\u00e4tzte Lesezeit\" \/>\n\t<meta name=\"twitter:data2\" content=\"2\u00a0Minuten\" \/>\n<script type=\"application\/ld+json\" class=\"yoast-schema-graph\">{\"@context\":\"https:\/\/schema.org\",\"@graph\":[{\"@type\":\"WebPage\",\"@id\":\"https:\/\/konsumpf.de\/?p=3935\",\"url\":\"https:\/\/konsumpf.de\/?p=3935\",\"name\":\"Unerfreuliche Neuigkeiten f\u00fcr uns B\u00fcrger, Teil 2: Aufweichung der Verpackungsverordnungen - Konsumpf - Forum f\u00fcr kreative Konsumkritik - Culture Jamming, Nachhaltigkeit, Konzernkritik, Adbusting\",\"isPartOf\":{\"@id\":\"https:\/\/konsumpf.de\/#website\"},\"primaryImageOfPage\":{\"@id\":\"https:\/\/konsumpf.de\/?p=3935#primaryimage\"},\"image\":{\"@id\":\"https:\/\/konsumpf.de\/?p=3935#primaryimage\"},\"thumbnailUrl\":\"http:\/\/konsumpf.de\/wp-content\/uploads\/2009\/04\/shampoo_packaging.jpg\",\"datePublished\":\"2009-04-15T15:15:53+00:00\",\"author\":{\"@id\":\"https:\/\/konsumpf.de\/#\/schema\/person\/e595a6d286b26994e7e0926d70699070\"},\"breadcrumb\":{\"@id\":\"https:\/\/konsumpf.de\/?p=3935#breadcrumb\"},\"inLanguage\":\"de\",\"potentialAction\":[{\"@type\":\"ReadAction\",\"target\":[\"https:\/\/konsumpf.de\/?p=3935\"]}]},{\"@type\":\"ImageObject\",\"inLanguage\":\"de\",\"@id\":\"https:\/\/konsumpf.de\/?p=3935#primaryimage\",\"url\":\"https:\/\/konsumpf.de\/wp-content\/uploads\/2009\/04\/shampoo_packaging.jpg\",\"contentUrl\":\"https:\/\/konsumpf.de\/wp-content\/uploads\/2009\/04\/shampoo_packaging.jpg\",\"width\":\"185\",\"height\":\"300\"},{\"@type\":\"BreadcrumbList\",\"@id\":\"https:\/\/konsumpf.de\/?p=3935#breadcrumb\",\"itemListElement\":[{\"@type\":\"ListItem\",\"position\":1,\"name\":\"Startseite\",\"item\":\"https:\/\/konsumpf.de\/\"},{\"@type\":\"ListItem\",\"position\":2,\"name\":\"Unerfreuliche Neuigkeiten f\u00fcr uns B\u00fcrger, Teil 2: Aufweichung der Verpackungsverordnungen\"}]},{\"@type\":\"WebSite\",\"@id\":\"https:\/\/konsumpf.de\/#website\",\"url\":\"https:\/\/konsumpf.de\/\",\"name\":\"Konsumpf - Forum f\u00fcr kreative Konsumkritik - Culture Jamming, Nachhaltigkeit, Konzernkritik, Adbusting\",\"description\":\"\",\"potentialAction\":[{\"@type\":\"SearchAction\",\"target\":{\"@type\":\"EntryPoint\",\"urlTemplate\":\"https:\/\/konsumpf.de\/?s={search_term_string}\"},\"query-input\":{\"@type\":\"PropertyValueSpecification\",\"valueRequired\":true,\"valueName\":\"search_term_string\"}}],\"inLanguage\":\"de\"},{\"@type\":\"Person\",\"@id\":\"https:\/\/konsumpf.de\/#\/schema\/person\/e595a6d286b26994e7e0926d70699070\",\"name\":\"Peter M.\",\"sameAs\":[\"http:\/\/konsumpf.de\"]}]}<\/script>\n<!-- \/ Yoast SEO plugin. -->","yoast_head_json":{"title":"Unerfreuliche Neuigkeiten f\u00fcr uns B\u00fcrger, Teil 2: Aufweichung der Verpackungsverordnungen - Konsumpf - Forum f\u00fcr kreative Konsumkritik - Culture Jamming, Nachhaltigkeit, Konzernkritik, Adbusting","robots":{"index":"index","follow":"follow","max-snippet":"max-snippet:-1","max-image-preview":"max-image-preview:large","max-video-preview":"max-video-preview:-1"},"canonical":"https:\/\/konsumpf.de\/?p=3935","og_locale":"de_DE","og_type":"article","og_title":"Unerfreuliche Neuigkeiten f\u00fcr uns B\u00fcrger, Teil 2: Aufweichung der Verpackungsverordnungen - Konsumpf - Forum f\u00fcr kreative Konsumkritik - Culture Jamming, Nachhaltigkeit, Konzernkritik, Adbusting","og_description":"Na gro\u00dfartig, als wenn die Reklameindustrie und die Konzerne nicht schon genug M\u00f6glichkeiten h\u00e4tten, den Konsumenten mit falschen Versprechungen und bunten Bildern hinters Licht zu f\u00fchren \u2013 offenbar reichen den Firmen normale Werbung und auch Manipulationen in Form ihrer bisherigen Verpackungen (siehe die Initiative Abgespeist, die die Werbel\u00fcgen, die dem Verbraucher auf Etiketten begegnen, regelm\u00e4\u00dfig [&hellip;]","og_url":"https:\/\/konsumpf.de\/?p=3935","og_site_name":"Konsumpf - Forum f\u00fcr kreative Konsumkritik - Culture Jamming, Nachhaltigkeit, Konzernkritik, Adbusting","article_published_time":"2009-04-15T15:15:53+00:00","og_image":[{"url":"http:\/\/konsumpf.de\/wp-content\/uploads\/2009\/04\/shampoo_packaging.jpg","type":"","width":"","height":""}],"author":"Peter M.","twitter_card":"summary_large_image","twitter_misc":{"Verfasst von":"Peter M.","Gesch\u00e4tzte Lesezeit":"2\u00a0Minuten"},"schema":{"@context":"https:\/\/schema.org","@graph":[{"@type":"WebPage","@id":"https:\/\/konsumpf.de\/?p=3935","url":"https:\/\/konsumpf.de\/?p=3935","name":"Unerfreuliche Neuigkeiten f\u00fcr uns B\u00fcrger, Teil 2: Aufweichung der Verpackungsverordnungen - Konsumpf - Forum f\u00fcr kreative Konsumkritik - Culture Jamming, Nachhaltigkeit, Konzernkritik, Adbusting","isPartOf":{"@id":"https:\/\/konsumpf.de\/#website"},"primaryImageOfPage":{"@id":"https:\/\/konsumpf.de\/?p=3935#primaryimage"},"image":{"@id":"https:\/\/konsumpf.de\/?p=3935#primaryimage"},"thumbnailUrl":"http:\/\/konsumpf.de\/wp-content\/uploads\/2009\/04\/shampoo_packaging.jpg","datePublished":"2009-04-15T15:15:53+00:00","author":{"@id":"https:\/\/konsumpf.de\/#\/schema\/person\/e595a6d286b26994e7e0926d70699070"},"breadcrumb":{"@id":"https:\/\/konsumpf.de\/?p=3935#breadcrumb"},"inLanguage":"de","potentialAction":[{"@type":"ReadAction","target":["https:\/\/konsumpf.de\/?p=3935"]}]},{"@type":"ImageObject","inLanguage":"de","@id":"https:\/\/konsumpf.de\/?p=3935#primaryimage","url":"https:\/\/konsumpf.de\/wp-content\/uploads\/2009\/04\/shampoo_packaging.jpg","contentUrl":"https:\/\/konsumpf.de\/wp-content\/uploads\/2009\/04\/shampoo_packaging.jpg","width":"185","height":"300"},{"@type":"BreadcrumbList","@id":"https:\/\/konsumpf.de\/?p=3935#breadcrumb","itemListElement":[{"@type":"ListItem","position":1,"name":"Startseite","item":"https:\/\/konsumpf.de\/"},{"@type":"ListItem","position":2,"name":"Unerfreuliche Neuigkeiten f\u00fcr uns B\u00fcrger, Teil 2: Aufweichung der Verpackungsverordnungen"}]},{"@type":"WebSite","@id":"https:\/\/konsumpf.de\/#website","url":"https:\/\/konsumpf.de\/","name":"Konsumpf - Forum f\u00fcr kreative Konsumkritik - Culture Jamming, Nachhaltigkeit, Konzernkritik, Adbusting","description":"","potentialAction":[{"@type":"SearchAction","target":{"@type":"EntryPoint","urlTemplate":"https:\/\/konsumpf.de\/?s={search_term_string}"},"query-input":{"@type":"PropertyValueSpecification","valueRequired":true,"valueName":"search_term_string"}}],"inLanguage":"de"},{"@type":"Person","@id":"https:\/\/konsumpf.de\/#\/schema\/person\/e595a6d286b26994e7e0926d70699070","name":"Peter M.","sameAs":["http:\/\/konsumpf.de"]}]}},"_links":{"self":[{"href":"https:\/\/konsumpf.de\/index.php?rest_route=\/wp\/v2\/posts\/3935"}],"collection":[{"href":"https:\/\/konsumpf.de\/index.php?rest_route=\/wp\/v2\/posts"}],"about":[{"href":"https:\/\/konsumpf.de\/index.php?rest_route=\/wp\/v2\/types\/post"}],"author":[{"embeddable":true,"href":"https:\/\/konsumpf.de\/index.php?rest_route=\/wp\/v2\/users\/1"}],"replies":[{"embeddable":true,"href":"https:\/\/konsumpf.de\/index.php?rest_route=%2Fwp%2Fv2%2Fcomments&post=3935"}],"version-history":[{"count":7,"href":"https:\/\/konsumpf.de\/index.php?rest_route=\/wp\/v2\/posts\/3935\/revisions"}],"predecessor-version":[{"id":3942,"href":"https:\/\/konsumpf.de\/index.php?rest_route=\/wp\/v2\/posts\/3935\/revisions\/3942"}],"wp:attachment":[{"href":"https:\/\/konsumpf.de\/index.php?rest_route=%2Fwp%2Fv2%2Fmedia&parent=3935"}],"wp:term":[{"taxonomy":"category","embeddable":true,"href":"https:\/\/konsumpf.de\/index.php?rest_route=%2Fwp%2Fv2%2Fcategories&post=3935"},{"taxonomy":"post_tag","embeddable":true,"href":"https:\/\/konsumpf.de\/index.php?rest_route=%2Fwp%2Fv2%2Ftags&post=3935"}],"curies":[{"name":"wp","href":"https:\/\/api.w.org\/{rel}","templated":true}]}}