{"id":3880,"date":"2009-04-12T10:11:24","date_gmt":"2009-04-12T08:11:24","guid":{"rendered":"http:\/\/konsumpf.de\/?p=3880"},"modified":"2009-04-12T11:26:49","modified_gmt":"2009-04-12T09:26:49","slug":"zwei-ostereier","status":"publish","type":"post","link":"https:\/\/konsumpf.de\/?p=3880","title":{"rendered":"Zwei Ostereier"},"content":{"rendered":"<p><a href=\"http:\/\/konsumpf.de\/wp-content\/uploads\/2009\/04\/young_rabbit.jpg\"><img loading=\"lazy\" decoding=\"async\" class=\"alignright size-full wp-image-3882\" title=\"young_rabbit\" src=\"http:\/\/konsumpf.de\/wp-content\/uploads\/2009\/04\/young_rabbit.jpg\" alt=\"young_rabbit\" width=\"210\" height=\"280\" \/><\/a>Ach ja, Ostern. Ein bisschen zu sp\u00e4t, n\u00e4mlich erst nachdem alle L\u00e4den geschlossen haben und alle etwaigen Eink\u00e4ufe erledigt worden sind, m\u00f6chte ich Euch doch zwei Lesetipps zum Oster\u201efest\u201c mit auf den Weg geben, die mir gerade \u00fcber den Weg liefen. Zum einen der Bericht der <strong>taz<\/strong> \u00fcber \u201e<a href=\"http:\/\/www.taz.de\/1\/zukunft\/umwelt\/artikel\/1\/zum-hoppeln-ist-kein-platz\/\">Qu\u00e4lerei f\u00fcr Mastkaninchen: Zum Hoppeln ist kein Platz<\/a>\u201c, der wieder einmal zeigt, dass die Menschheit ihren Mitgesch\u00f6pfen \u00fcbel mitspielt, insbesondere, wenn selbige der kommerziellen Verwertung (hier dem Verzehr) zugef\u00fchrt werden sollen:<\/p>\n<blockquote><p>Die bewegungsfreudigen Nagetiere brauchen viel Platz zum Herumhoppeln oder Springen. Auch an R\u00fcckzugsbereichen, Einstreu und Nagematerial sollte es nicht mangeln. Doch in der industrialisierten Mastkaninchenzucht bieten die in mehreren Etagen \u00fcbereinandergestapelten Drahtk\u00e4fige den zu mehreren zusammengepferchten Tieren kaum Bewegungsm\u00f6glichkeiten. Pfotengeschw\u00fcre, Gelenkprobleme und Skelettdeformationen sowie Verhaltensst\u00f6rungen sind nach Angaben von Tiersch\u00fctzern die Folgen.<\/p><\/blockquote>\n<p>Ich verweise an der Stelle gerne noch mal auf die <a href=\"http:\/\/www.greenpeace-magazin.de\/index.php?id=5625\">deutlich fortschrittlicheren und sch\u00e4rferen neuen Tierschutzgesetze der Schweiz<\/a>, nach denen zum Beispiel Kaninchen immer paarweise gehalten werden m\u00fcssen. Geht doch, wenn man nur will und die wirtschaftlichen Interessen nicht \u00fcber das Leben stellt.<\/p>\n<p>Unter dem Motto \u201e<a href=\"http:\/\/reset.to\/blog\/frohe-ostern-sind-faire-ostern\">Frohe Ostern sind faire Ostern<\/a>\u201c stehen die aktuellen Infos von <strong>reset.to<\/strong>, in denen wir Tipps und Hinweise f\u00fcr \u00f6kologische und faire Ostern bekommen:<\/p>\n<blockquote><p>Osterzeit ist Fasten-, Feier- &amp; Familienzeit, aber auch die erste M\u00f6glichkeit, im neuen Jahr inne zu halten und \u00fcber die guten Vorhaben im neuen Jahr nach zu sinnen. Wir bei RESET finden, dass nur faire Ostern auch frohe Ostern sind. Nachhaltigkeitsprinzip und Feierlichkeiten m\u00fcssen einander nicht ausschlie\u00dfen.<\/p><\/blockquote>\n<h3 class='related_post_title'>Verwandte Beitr\u00e4ge:<\/h3><ul class='related_post'><li><a href=\"http:\/\/konsumpf.de\/?p=1819\" title=\"Am Rande beobachtet, erfreuliche Edition\">Am Rande beobachtet, erfreuliche Edition<\/a><\/li><li><a href=\"http:\/\/konsumpf.de\/?p=15335\" title=\"Die PARTEI rettet Europa\">Die PARTEI rettet Europa<\/a><\/li><li><a href=\"http:\/\/konsumpf.de\/?p=15303\" title=\"Zeit zu entgiften\">Zeit zu entgiften<\/a><\/li><li><a href=\"http:\/\/konsumpf.de\/?p=15174\" title=\"Dumme W\u00e4hler und kurzsichtige Konsumenten\">Dumme W\u00e4hler und kurzsichtige Konsumenten<\/a><\/li><li><a href=\"http:\/\/konsumpf.de\/?p=15112\" title=\"Fernsehtipp: Weniger ist mehr \u2013 Die Grenzen des Wachstums und das bessere Leben\">Fernsehtipp: Weniger ist mehr \u2013 Die Grenzen des Wachstums und das bessere Leben<\/a><\/li><\/ul>","protected":false},"excerpt":{"rendered":"<p>Ach ja, Ostern. Ein bisschen zu sp\u00e4t, n\u00e4mlich erst nachdem alle L\u00e4den geschlossen haben und alle etwaigen Eink\u00e4ufe erledigt worden sind, m\u00f6chte ich Euch doch zwei Lesetipps zum Oster\u201efest\u201c mit auf den Weg geben, die mir gerade \u00fcber den Weg liefen. Zum einen der Bericht der taz \u00fcber \u201eQu\u00e4lerei f\u00fcr Mastkaninchen: Zum Hoppeln ist kein [&hellip;]<\/p>\n","protected":false},"author":1,"featured_media":0,"comment_status":"open","ping_status":"open","sticky":false,"template":"","format":"standard","meta":{"footnotes":""},"categories":[12,54,334],"tags":[2870,695,2885],"yoast_head":"<!-- This site is optimized with the Yoast SEO plugin v24.4 - https:\/\/yoast.com\/wordpress\/plugins\/seo\/ -->\n<title>Zwei Ostereier - Konsumpf - Forum f\u00fcr kreative Konsumkritik - Culture Jamming, Nachhaltigkeit, Konzernkritik, Adbusting<\/title>\n<meta name=\"robots\" content=\"index, follow, max-snippet:-1, max-image-preview:large, max-video-preview:-1\" \/>\n<link rel=\"canonical\" href=\"https:\/\/konsumpf.de\/?p=3880\" \/>\n<meta property=\"og:locale\" content=\"de_DE\" \/>\n<meta property=\"og:type\" content=\"article\" \/>\n<meta property=\"og:title\" content=\"Zwei Ostereier - Konsumpf - Forum f\u00fcr kreative Konsumkritik - Culture Jamming, Nachhaltigkeit, Konzernkritik, Adbusting\" \/>\n<meta property=\"og:description\" content=\"Ach ja, Ostern. Ein bisschen zu sp\u00e4t, n\u00e4mlich erst nachdem alle L\u00e4den geschlossen haben und alle etwaigen Eink\u00e4ufe erledigt worden sind, m\u00f6chte ich Euch doch zwei Lesetipps zum Oster\u201efest\u201c mit auf den Weg geben, die mir gerade \u00fcber den Weg liefen. Zum einen der Bericht der taz \u00fcber \u201eQu\u00e4lerei f\u00fcr Mastkaninchen: Zum Hoppeln ist kein [&hellip;]\" \/>\n<meta property=\"og:url\" content=\"https:\/\/konsumpf.de\/?p=3880\" \/>\n<meta property=\"og:site_name\" content=\"Konsumpf - Forum f\u00fcr kreative Konsumkritik - Culture Jamming, Nachhaltigkeit, Konzernkritik, Adbusting\" \/>\n<meta property=\"article:published_time\" content=\"2009-04-12T08:11:24+00:00\" \/>\n<meta property=\"article:modified_time\" content=\"2009-04-12T09:26:49+00:00\" \/>\n<meta property=\"og:image\" content=\"http:\/\/konsumpf.de\/wp-content\/uploads\/2009\/04\/young_rabbit.jpg\" \/>\n<meta name=\"author\" content=\"Peter M.\" \/>\n<meta name=\"twitter:card\" content=\"summary_large_image\" \/>\n<meta name=\"twitter:label1\" content=\"Verfasst von\" \/>\n\t<meta name=\"twitter:data1\" content=\"Peter M.\" \/>\n\t<meta name=\"twitter:label2\" content=\"Gesch\u00e4tzte Lesezeit\" \/>\n\t<meta name=\"twitter:data2\" content=\"1\u00a0Minute\" \/>\n<script type=\"application\/ld+json\" class=\"yoast-schema-graph\">{\"@context\":\"https:\/\/schema.org\",\"@graph\":[{\"@type\":\"WebPage\",\"@id\":\"https:\/\/konsumpf.de\/?p=3880\",\"url\":\"https:\/\/konsumpf.de\/?p=3880\",\"name\":\"Zwei Ostereier - Konsumpf - Forum f\u00fcr kreative Konsumkritik - Culture Jamming, Nachhaltigkeit, Konzernkritik, Adbusting\",\"isPartOf\":{\"@id\":\"https:\/\/konsumpf.de\/#website\"},\"primaryImageOfPage\":{\"@id\":\"https:\/\/konsumpf.de\/?p=3880#primaryimage\"},\"image\":{\"@id\":\"https:\/\/konsumpf.de\/?p=3880#primaryimage\"},\"thumbnailUrl\":\"http:\/\/konsumpf.de\/wp-content\/uploads\/2009\/04\/young_rabbit.jpg\",\"datePublished\":\"2009-04-12T08:11:24+00:00\",\"dateModified\":\"2009-04-12T09:26:49+00:00\",\"author\":{\"@id\":\"https:\/\/konsumpf.de\/#\/schema\/person\/e595a6d286b26994e7e0926d70699070\"},\"breadcrumb\":{\"@id\":\"https:\/\/konsumpf.de\/?p=3880#breadcrumb\"},\"inLanguage\":\"de\",\"potentialAction\":[{\"@type\":\"ReadAction\",\"target\":[\"https:\/\/konsumpf.de\/?p=3880\"]}]},{\"@type\":\"ImageObject\",\"inLanguage\":\"de\",\"@id\":\"https:\/\/konsumpf.de\/?p=3880#primaryimage\",\"url\":\"https:\/\/konsumpf.de\/wp-content\/uploads\/2009\/04\/young_rabbit.jpg\",\"contentUrl\":\"https:\/\/konsumpf.de\/wp-content\/uploads\/2009\/04\/young_rabbit.jpg\",\"width\":\"225\",\"height\":\"300\"},{\"@type\":\"BreadcrumbList\",\"@id\":\"https:\/\/konsumpf.de\/?p=3880#breadcrumb\",\"itemListElement\":[{\"@type\":\"ListItem\",\"position\":1,\"name\":\"Startseite\",\"item\":\"https:\/\/konsumpf.de\/\"},{\"@type\":\"ListItem\",\"position\":2,\"name\":\"Zwei Ostereier\"}]},{\"@type\":\"WebSite\",\"@id\":\"https:\/\/konsumpf.de\/#website\",\"url\":\"https:\/\/konsumpf.de\/\",\"name\":\"Konsumpf - Forum f\u00fcr kreative Konsumkritik - Culture Jamming, Nachhaltigkeit, Konzernkritik, Adbusting\",\"description\":\"\",\"potentialAction\":[{\"@type\":\"SearchAction\",\"target\":{\"@type\":\"EntryPoint\",\"urlTemplate\":\"https:\/\/konsumpf.de\/?s={search_term_string}\"},\"query-input\":{\"@type\":\"PropertyValueSpecification\",\"valueRequired\":true,\"valueName\":\"search_term_string\"}}],\"inLanguage\":\"de\"},{\"@type\":\"Person\",\"@id\":\"https:\/\/konsumpf.de\/#\/schema\/person\/e595a6d286b26994e7e0926d70699070\",\"name\":\"Peter M.\",\"sameAs\":[\"http:\/\/konsumpf.de\"]}]}<\/script>\n<!-- \/ Yoast SEO plugin. -->","yoast_head_json":{"title":"Zwei Ostereier - Konsumpf - Forum f\u00fcr kreative Konsumkritik - Culture Jamming, Nachhaltigkeit, Konzernkritik, Adbusting","robots":{"index":"index","follow":"follow","max-snippet":"max-snippet:-1","max-image-preview":"max-image-preview:large","max-video-preview":"max-video-preview:-1"},"canonical":"https:\/\/konsumpf.de\/?p=3880","og_locale":"de_DE","og_type":"article","og_title":"Zwei Ostereier - Konsumpf - Forum f\u00fcr kreative Konsumkritik - Culture Jamming, Nachhaltigkeit, Konzernkritik, Adbusting","og_description":"Ach ja, Ostern. Ein bisschen zu sp\u00e4t, n\u00e4mlich erst nachdem alle L\u00e4den geschlossen haben und alle etwaigen Eink\u00e4ufe erledigt worden sind, m\u00f6chte ich Euch doch zwei Lesetipps zum Oster\u201efest\u201c mit auf den Weg geben, die mir gerade \u00fcber den Weg liefen. Zum einen der Bericht der taz \u00fcber \u201eQu\u00e4lerei f\u00fcr Mastkaninchen: Zum Hoppeln ist kein [&hellip;]","og_url":"https:\/\/konsumpf.de\/?p=3880","og_site_name":"Konsumpf - Forum f\u00fcr kreative Konsumkritik - Culture Jamming, Nachhaltigkeit, Konzernkritik, Adbusting","article_published_time":"2009-04-12T08:11:24+00:00","article_modified_time":"2009-04-12T09:26:49+00:00","og_image":[{"url":"http:\/\/konsumpf.de\/wp-content\/uploads\/2009\/04\/young_rabbit.jpg","type":"","width":"","height":""}],"author":"Peter M.","twitter_card":"summary_large_image","twitter_misc":{"Verfasst von":"Peter M.","Gesch\u00e4tzte Lesezeit":"1\u00a0Minute"},"schema":{"@context":"https:\/\/schema.org","@graph":[{"@type":"WebPage","@id":"https:\/\/konsumpf.de\/?p=3880","url":"https:\/\/konsumpf.de\/?p=3880","name":"Zwei Ostereier - Konsumpf - Forum f\u00fcr kreative Konsumkritik - Culture Jamming, Nachhaltigkeit, Konzernkritik, Adbusting","isPartOf":{"@id":"https:\/\/konsumpf.de\/#website"},"primaryImageOfPage":{"@id":"https:\/\/konsumpf.de\/?p=3880#primaryimage"},"image":{"@id":"https:\/\/konsumpf.de\/?p=3880#primaryimage"},"thumbnailUrl":"http:\/\/konsumpf.de\/wp-content\/uploads\/2009\/04\/young_rabbit.jpg","datePublished":"2009-04-12T08:11:24+00:00","dateModified":"2009-04-12T09:26:49+00:00","author":{"@id":"https:\/\/konsumpf.de\/#\/schema\/person\/e595a6d286b26994e7e0926d70699070"},"breadcrumb":{"@id":"https:\/\/konsumpf.de\/?p=3880#breadcrumb"},"inLanguage":"de","potentialAction":[{"@type":"ReadAction","target":["https:\/\/konsumpf.de\/?p=3880"]}]},{"@type":"ImageObject","inLanguage":"de","@id":"https:\/\/konsumpf.de\/?p=3880#primaryimage","url":"https:\/\/konsumpf.de\/wp-content\/uploads\/2009\/04\/young_rabbit.jpg","contentUrl":"https:\/\/konsumpf.de\/wp-content\/uploads\/2009\/04\/young_rabbit.jpg","width":"225","height":"300"},{"@type":"BreadcrumbList","@id":"https:\/\/konsumpf.de\/?p=3880#breadcrumb","itemListElement":[{"@type":"ListItem","position":1,"name":"Startseite","item":"https:\/\/konsumpf.de\/"},{"@type":"ListItem","position":2,"name":"Zwei Ostereier"}]},{"@type":"WebSite","@id":"https:\/\/konsumpf.de\/#website","url":"https:\/\/konsumpf.de\/","name":"Konsumpf - Forum f\u00fcr kreative Konsumkritik - Culture Jamming, Nachhaltigkeit, Konzernkritik, Adbusting","description":"","potentialAction":[{"@type":"SearchAction","target":{"@type":"EntryPoint","urlTemplate":"https:\/\/konsumpf.de\/?s={search_term_string}"},"query-input":{"@type":"PropertyValueSpecification","valueRequired":true,"valueName":"search_term_string"}}],"inLanguage":"de"},{"@type":"Person","@id":"https:\/\/konsumpf.de\/#\/schema\/person\/e595a6d286b26994e7e0926d70699070","name":"Peter M.","sameAs":["http:\/\/konsumpf.de"]}]}},"_links":{"self":[{"href":"https:\/\/konsumpf.de\/index.php?rest_route=\/wp\/v2\/posts\/3880"}],"collection":[{"href":"https:\/\/konsumpf.de\/index.php?rest_route=\/wp\/v2\/posts"}],"about":[{"href":"https:\/\/konsumpf.de\/index.php?rest_route=\/wp\/v2\/types\/post"}],"author":[{"embeddable":true,"href":"https:\/\/konsumpf.de\/index.php?rest_route=\/wp\/v2\/users\/1"}],"replies":[{"embeddable":true,"href":"https:\/\/konsumpf.de\/index.php?rest_route=%2Fwp%2Fv2%2Fcomments&post=3880"}],"version-history":[{"count":9,"href":"https:\/\/konsumpf.de\/index.php?rest_route=\/wp\/v2\/posts\/3880\/revisions"}],"predecessor-version":[{"id":3895,"href":"https:\/\/konsumpf.de\/index.php?rest_route=\/wp\/v2\/posts\/3880\/revisions\/3895"}],"wp:attachment":[{"href":"https:\/\/konsumpf.de\/index.php?rest_route=%2Fwp%2Fv2%2Fmedia&parent=3880"}],"wp:term":[{"taxonomy":"category","embeddable":true,"href":"https:\/\/konsumpf.de\/index.php?rest_route=%2Fwp%2Fv2%2Fcategories&post=3880"},{"taxonomy":"post_tag","embeddable":true,"href":"https:\/\/konsumpf.de\/index.php?rest_route=%2Fwp%2Fv2%2Ftags&post=3880"}],"curies":[{"name":"wp","href":"https:\/\/api.w.org\/{rel}","templated":true}]}}