{"id":3846,"date":"2009-04-11T10:20:59","date_gmt":"2009-04-11T08:20:59","guid":{"rendered":"http:\/\/konsumpf.de\/?p=3846"},"modified":"2009-10-31T14:54:15","modified_gmt":"2009-10-31T12:54:15","slug":"lebensmittelmullhalde-deutschland","status":"publish","type":"post","link":"https:\/\/konsumpf.de\/?p=3846","title":{"rendered":"Lebensmittelm\u00fcllhalde Deutschland + Analog-K\u00e4se"},"content":{"rendered":"<p><a href=\"http:\/\/konsumpf.de\/wp-content\/uploads\/2009\/04\/909820_food.jpg\"><img loading=\"lazy\" decoding=\"async\" class=\"alignright size-full wp-image-3849\" title=\"909820_food\" src=\"http:\/\/konsumpf.de\/wp-content\/uploads\/2009\/04\/909820_food.jpg\" alt=\"909820_food\" width=\"222\" height=\"166\" \/><\/a>Diesen offenen und direkten Worten von <strong>Vincent Klink<\/strong> aus <a href=\"http:\/\/blog.zeit.de\/nachgesalzen\/2009\/04\/04\/lebensmittelmullhade-deutschland_1253\"><strong>Zeit Online<\/strong><\/a> ist meines Erachtens nicht viel hinzuzuf\u00fcgen \u2013 auch nicht dem Hinweis auf die Beeinflussung der \u201efreien Medien\u201c durch die Reklame, welche ja in meinem Blog auch schon <a href=\"http:\/\/konsumpf.de\/?p=2044\">einige<\/a> <a href=\"http:\/\/konsumpf.de\/wp-admin\/post.php?action=edit&amp;post=2975\">Male<\/a> Thema war:<\/p>\n<blockquote><p><span id=\"contentmain\" class=\"storycontent\">Die deutschen Verbraucher seien bei der Ern\u00e4hrung derma\u00dfen knickrig, dass man ihnen, wie nirgendwo sonst in Europa, \u201cLebensmittelm\u00fcll\u201d andrehen k\u00f6nne. Das sagte <a href=\"http:\/\/www.slowfood.de\/presse\/pressemitteilungen\/02_05_06\/\" target=\"_blank\">Otto Geisel<\/a>, der Vorsitzende von Slow Food.<\/span><\/p>\n<p>(&#8230;) \u201cLebensmittelm\u00fcllhalde Deutschland\u201d, das darf man schon sagen, aber nicht in Heilbronn. Dort hat n\u00e4mlich der Lebensmittelkonzern <a href=\"http:\/\/www.zeit.de\/online\/2009\/15\/lidl-kommentar\" target=\"_blank\">Lidl<\/a> seinen Sitz und die Nahrungsmittelfirma Knorr besch\u00e4ftigt dort eine kleine Armee von Chemikern.<\/p>\n<p>Kurzum, Unmut, Kopfsch\u00fctteln und gro\u00dfe Aufregung wegen des Pauschalurteils. Die Presse ist nat\u00fcrlich auch etwas verst\u00f6rt, denn die \u201cLebensmittelm\u00fcllh\u00e4ndler\u201d Deutschlands schalten in den Medien gro\u00dfe Anzeigen. Wie wir alle wissen, bestimmt ja deshalb mittlerweile der Anzeigenchef, was gedruckt wird.<\/p>\n<p>(&#8230;) Deutliche Worte sind nicht mehr gern gelitten, denn unsere hochsensible Zivilisation vertr\u00e4gt die Wahrheit l\u00e4ngst nicht mehr. (&#8230;) Taktvolle Schmeichelei ist der Schmierstoff unserer Gesellschaft, die, um jetzt auch mal pauschal zu werden, von L\u00fcgen zusammengehalten wird.<\/p><\/blockquote>\n<p>Dazu passt auch dieser Beitrag aus dem <strong>ZDF<\/strong> \u00fcber einen neuen k\u00fcnstlichen \u201eK\u00e4se\u201c, hergestellt aus allerlei Zeug aus dem Chemiebaukasten, \u201eein um 40% biligeres Imitat aus Eiwei\u00dfpulver, Wasser, Pflanzenfett und Geschmacksverst\u00e4rkern\u201c \u2013 <strong>\u201e<a href=\"http:\/\/www.zdf.de\/ZDFmediathek\/content\/Etikettenschwindel_Analog-Kaese\/731102?inPopup=true\">Etikettenschwindel: Analog-K\u00e4se<\/a>\u201c<\/strong>. Unglaublich \u2013 und den Dreck essen viele von uns vermutlich unwissentlich schon&#8230;! (Siehe dazu auch den <a href=\"http:\/\/www.perspektive2010.org\/blog\/2009\/04\/10\/falscher-kaese-falsche-sprache-und-kaeseblatt-jornalismus-bei-n-tvde\/\">Beitrag bei Perspektive 2010<\/a>.)<\/p>\n<h3 class='related_post_title'>Verwandte Beitr\u00e4ge:<\/h3><ul class='related_post'><li><a href=\"http:\/\/konsumpf.de\/?p=14277\" title=\"Wie billig kann Bio sein?\">Wie billig kann Bio sein?<\/a><\/li><li><a href=\"http:\/\/konsumpf.de\/?p=14115\" title=\"Bio in der Profit-M\u00fchle\">Bio in der Profit-M\u00fchle<\/a><\/li><li><a href=\"http:\/\/konsumpf.de\/?p=13621\" title=\"Billige Br\u00f6tchen: Die Spur der Teiglinge\">Billige Br\u00f6tchen: Die Spur der Teiglinge<\/a><\/li><li><a href=\"http:\/\/konsumpf.de\/?p=11218\" title=\"Die Auswirkungen des Billigwahns auf die Lebensmittelqualit\u00e4t\">Die Auswirkungen des Billigwahns auf die Lebensmittelqualit\u00e4t<\/a><\/li><li><a href=\"http:\/\/konsumpf.de\/?p=10511\" title=\"Dioxin-Skandal \u2013\u00a0Gift im Futter\">Dioxin-Skandal \u2013\u00a0Gift im Futter<\/a><\/li><\/ul>","protected":false},"excerpt":{"rendered":"<p>Diesen offenen und direkten Worten von Vincent Klink aus Zeit Online ist meines Erachtens nicht viel hinzuzuf\u00fcgen \u2013 auch nicht dem Hinweis auf die Beeinflussung der \u201efreien Medien\u201c durch die Reklame, welche ja in meinem Blog auch schon einige Male Thema war: Die deutschen Verbraucher seien bei der Ern\u00e4hrung derma\u00dfen knickrig, dass man ihnen, wie [&hellip;]<\/p>\n","protected":false},"author":1,"featured_media":0,"comment_status":"open","ping_status":"open","sticky":false,"template":"","format":"standard","meta":{"footnotes":""},"categories":[23,256,78],"tags":[694,2860,128,692,634,693],"yoast_head":"<!-- This site is optimized with the Yoast SEO plugin v24.4 - https:\/\/yoast.com\/wordpress\/plugins\/seo\/ -->\n<title>Lebensmittelm\u00fcllhalde Deutschland + Analog-K\u00e4se - Konsumpf - Forum f\u00fcr kreative Konsumkritik - Culture Jamming, Nachhaltigkeit, Konzernkritik, Adbusting<\/title>\n<meta name=\"robots\" content=\"index, follow, max-snippet:-1, max-image-preview:large, max-video-preview:-1\" \/>\n<link rel=\"canonical\" href=\"https:\/\/konsumpf.de\/?p=3846\" \/>\n<meta property=\"og:locale\" content=\"de_DE\" \/>\n<meta property=\"og:type\" content=\"article\" \/>\n<meta property=\"og:title\" content=\"Lebensmittelm\u00fcllhalde Deutschland + Analog-K\u00e4se - Konsumpf - Forum f\u00fcr kreative Konsumkritik - Culture Jamming, Nachhaltigkeit, Konzernkritik, Adbusting\" \/>\n<meta property=\"og:description\" content=\"Diesen offenen und direkten Worten von Vincent Klink aus Zeit Online ist meines Erachtens nicht viel hinzuzuf\u00fcgen \u2013 auch nicht dem Hinweis auf die Beeinflussung der \u201efreien Medien\u201c durch die Reklame, welche ja in meinem Blog auch schon einige Male Thema war: Die deutschen Verbraucher seien bei der Ern\u00e4hrung derma\u00dfen knickrig, dass man ihnen, wie [&hellip;]\" \/>\n<meta property=\"og:url\" content=\"https:\/\/konsumpf.de\/?p=3846\" \/>\n<meta property=\"og:site_name\" content=\"Konsumpf - Forum f\u00fcr kreative Konsumkritik - Culture Jamming, Nachhaltigkeit, Konzernkritik, Adbusting\" \/>\n<meta property=\"article:published_time\" content=\"2009-04-11T08:20:59+00:00\" \/>\n<meta property=\"article:modified_time\" content=\"2009-10-31T12:54:15+00:00\" \/>\n<meta property=\"og:image\" content=\"http:\/\/konsumpf.de\/wp-content\/uploads\/2009\/04\/909820_food.jpg\" \/>\n<meta name=\"author\" content=\"Peter M.\" \/>\n<meta name=\"twitter:card\" content=\"summary_large_image\" \/>\n<meta name=\"twitter:label1\" content=\"Verfasst von\" \/>\n\t<meta name=\"twitter:data1\" content=\"Peter M.\" \/>\n\t<meta name=\"twitter:label2\" content=\"Gesch\u00e4tzte Lesezeit\" \/>\n\t<meta name=\"twitter:data2\" content=\"1\u00a0Minute\" \/>\n<script type=\"application\/ld+json\" class=\"yoast-schema-graph\">{\"@context\":\"https:\/\/schema.org\",\"@graph\":[{\"@type\":\"WebPage\",\"@id\":\"https:\/\/konsumpf.de\/?p=3846\",\"url\":\"https:\/\/konsumpf.de\/?p=3846\",\"name\":\"Lebensmittelm\u00fcllhalde Deutschland + Analog-K\u00e4se - Konsumpf - Forum f\u00fcr kreative Konsumkritik - Culture Jamming, Nachhaltigkeit, Konzernkritik, Adbusting\",\"isPartOf\":{\"@id\":\"https:\/\/konsumpf.de\/#website\"},\"primaryImageOfPage\":{\"@id\":\"https:\/\/konsumpf.de\/?p=3846#primaryimage\"},\"image\":{\"@id\":\"https:\/\/konsumpf.de\/?p=3846#primaryimage\"},\"thumbnailUrl\":\"http:\/\/konsumpf.de\/wp-content\/uploads\/2009\/04\/909820_food.jpg\",\"datePublished\":\"2009-04-11T08:20:59+00:00\",\"dateModified\":\"2009-10-31T12:54:15+00:00\",\"author\":{\"@id\":\"https:\/\/konsumpf.de\/#\/schema\/person\/e595a6d286b26994e7e0926d70699070\"},\"breadcrumb\":{\"@id\":\"https:\/\/konsumpf.de\/?p=3846#breadcrumb\"},\"inLanguage\":\"de\",\"potentialAction\":[{\"@type\":\"ReadAction\",\"target\":[\"https:\/\/konsumpf.de\/?p=3846\"]}]},{\"@type\":\"ImageObject\",\"inLanguage\":\"de\",\"@id\":\"https:\/\/konsumpf.de\/?p=3846#primaryimage\",\"url\":\"https:\/\/konsumpf.de\/wp-content\/uploads\/2009\/04\/909820_food.jpg\",\"contentUrl\":\"https:\/\/konsumpf.de\/wp-content\/uploads\/2009\/04\/909820_food.jpg\",\"width\":\"300\",\"height\":\"225\"},{\"@type\":\"BreadcrumbList\",\"@id\":\"https:\/\/konsumpf.de\/?p=3846#breadcrumb\",\"itemListElement\":[{\"@type\":\"ListItem\",\"position\":1,\"name\":\"Startseite\",\"item\":\"https:\/\/konsumpf.de\/\"},{\"@type\":\"ListItem\",\"position\":2,\"name\":\"Lebensmittelm\u00fcllhalde Deutschland + Analog-K\u00e4se\"}]},{\"@type\":\"WebSite\",\"@id\":\"https:\/\/konsumpf.de\/#website\",\"url\":\"https:\/\/konsumpf.de\/\",\"name\":\"Konsumpf - Forum f\u00fcr kreative Konsumkritik - Culture Jamming, Nachhaltigkeit, Konzernkritik, Adbusting\",\"description\":\"\",\"potentialAction\":[{\"@type\":\"SearchAction\",\"target\":{\"@type\":\"EntryPoint\",\"urlTemplate\":\"https:\/\/konsumpf.de\/?s={search_term_string}\"},\"query-input\":{\"@type\":\"PropertyValueSpecification\",\"valueRequired\":true,\"valueName\":\"search_term_string\"}}],\"inLanguage\":\"de\"},{\"@type\":\"Person\",\"@id\":\"https:\/\/konsumpf.de\/#\/schema\/person\/e595a6d286b26994e7e0926d70699070\",\"name\":\"Peter M.\",\"sameAs\":[\"http:\/\/konsumpf.de\"]}]}<\/script>\n<!-- \/ Yoast SEO plugin. -->","yoast_head_json":{"title":"Lebensmittelm\u00fcllhalde Deutschland + Analog-K\u00e4se - Konsumpf - Forum f\u00fcr kreative Konsumkritik - Culture Jamming, Nachhaltigkeit, Konzernkritik, Adbusting","robots":{"index":"index","follow":"follow","max-snippet":"max-snippet:-1","max-image-preview":"max-image-preview:large","max-video-preview":"max-video-preview:-1"},"canonical":"https:\/\/konsumpf.de\/?p=3846","og_locale":"de_DE","og_type":"article","og_title":"Lebensmittelm\u00fcllhalde Deutschland + Analog-K\u00e4se - Konsumpf - Forum f\u00fcr kreative Konsumkritik - Culture Jamming, Nachhaltigkeit, Konzernkritik, Adbusting","og_description":"Diesen offenen und direkten Worten von Vincent Klink aus Zeit Online ist meines Erachtens nicht viel hinzuzuf\u00fcgen \u2013 auch nicht dem Hinweis auf die Beeinflussung der \u201efreien Medien\u201c durch die Reklame, welche ja in meinem Blog auch schon einige Male Thema war: Die deutschen Verbraucher seien bei der Ern\u00e4hrung derma\u00dfen knickrig, dass man ihnen, wie [&hellip;]","og_url":"https:\/\/konsumpf.de\/?p=3846","og_site_name":"Konsumpf - Forum f\u00fcr kreative Konsumkritik - Culture Jamming, Nachhaltigkeit, Konzernkritik, Adbusting","article_published_time":"2009-04-11T08:20:59+00:00","article_modified_time":"2009-10-31T12:54:15+00:00","og_image":[{"url":"http:\/\/konsumpf.de\/wp-content\/uploads\/2009\/04\/909820_food.jpg","type":"","width":"","height":""}],"author":"Peter M.","twitter_card":"summary_large_image","twitter_misc":{"Verfasst von":"Peter M.","Gesch\u00e4tzte Lesezeit":"1\u00a0Minute"},"schema":{"@context":"https:\/\/schema.org","@graph":[{"@type":"WebPage","@id":"https:\/\/konsumpf.de\/?p=3846","url":"https:\/\/konsumpf.de\/?p=3846","name":"Lebensmittelm\u00fcllhalde Deutschland + Analog-K\u00e4se - Konsumpf - Forum f\u00fcr kreative Konsumkritik - Culture Jamming, Nachhaltigkeit, Konzernkritik, Adbusting","isPartOf":{"@id":"https:\/\/konsumpf.de\/#website"},"primaryImageOfPage":{"@id":"https:\/\/konsumpf.de\/?p=3846#primaryimage"},"image":{"@id":"https:\/\/konsumpf.de\/?p=3846#primaryimage"},"thumbnailUrl":"http:\/\/konsumpf.de\/wp-content\/uploads\/2009\/04\/909820_food.jpg","datePublished":"2009-04-11T08:20:59+00:00","dateModified":"2009-10-31T12:54:15+00:00","author":{"@id":"https:\/\/konsumpf.de\/#\/schema\/person\/e595a6d286b26994e7e0926d70699070"},"breadcrumb":{"@id":"https:\/\/konsumpf.de\/?p=3846#breadcrumb"},"inLanguage":"de","potentialAction":[{"@type":"ReadAction","target":["https:\/\/konsumpf.de\/?p=3846"]}]},{"@type":"ImageObject","inLanguage":"de","@id":"https:\/\/konsumpf.de\/?p=3846#primaryimage","url":"https:\/\/konsumpf.de\/wp-content\/uploads\/2009\/04\/909820_food.jpg","contentUrl":"https:\/\/konsumpf.de\/wp-content\/uploads\/2009\/04\/909820_food.jpg","width":"300","height":"225"},{"@type":"BreadcrumbList","@id":"https:\/\/konsumpf.de\/?p=3846#breadcrumb","itemListElement":[{"@type":"ListItem","position":1,"name":"Startseite","item":"https:\/\/konsumpf.de\/"},{"@type":"ListItem","position":2,"name":"Lebensmittelm\u00fcllhalde Deutschland + Analog-K\u00e4se"}]},{"@type":"WebSite","@id":"https:\/\/konsumpf.de\/#website","url":"https:\/\/konsumpf.de\/","name":"Konsumpf - Forum f\u00fcr kreative Konsumkritik - Culture Jamming, Nachhaltigkeit, Konzernkritik, Adbusting","description":"","potentialAction":[{"@type":"SearchAction","target":{"@type":"EntryPoint","urlTemplate":"https:\/\/konsumpf.de\/?s={search_term_string}"},"query-input":{"@type":"PropertyValueSpecification","valueRequired":true,"valueName":"search_term_string"}}],"inLanguage":"de"},{"@type":"Person","@id":"https:\/\/konsumpf.de\/#\/schema\/person\/e595a6d286b26994e7e0926d70699070","name":"Peter M.","sameAs":["http:\/\/konsumpf.de"]}]}},"_links":{"self":[{"href":"https:\/\/konsumpf.de\/index.php?rest_route=\/wp\/v2\/posts\/3846"}],"collection":[{"href":"https:\/\/konsumpf.de\/index.php?rest_route=\/wp\/v2\/posts"}],"about":[{"href":"https:\/\/konsumpf.de\/index.php?rest_route=\/wp\/v2\/types\/post"}],"author":[{"embeddable":true,"href":"https:\/\/konsumpf.de\/index.php?rest_route=\/wp\/v2\/users\/1"}],"replies":[{"embeddable":true,"href":"https:\/\/konsumpf.de\/index.php?rest_route=%2Fwp%2Fv2%2Fcomments&post=3846"}],"version-history":[{"count":11,"href":"https:\/\/konsumpf.de\/index.php?rest_route=\/wp\/v2\/posts\/3846\/revisions"}],"predecessor-version":[{"id":3851,"href":"https:\/\/konsumpf.de\/index.php?rest_route=\/wp\/v2\/posts\/3846\/revisions\/3851"}],"wp:attachment":[{"href":"https:\/\/konsumpf.de\/index.php?rest_route=%2Fwp%2Fv2%2Fmedia&parent=3846"}],"wp:term":[{"taxonomy":"category","embeddable":true,"href":"https:\/\/konsumpf.de\/index.php?rest_route=%2Fwp%2Fv2%2Fcategories&post=3846"},{"taxonomy":"post_tag","embeddable":true,"href":"https:\/\/konsumpf.de\/index.php?rest_route=%2Fwp%2Fv2%2Ftags&post=3846"}],"curies":[{"name":"wp","href":"https:\/\/api.w.org\/{rel}","templated":true}]}}