{"id":3803,"date":"2009-04-07T17:03:48","date_gmt":"2009-04-07T15:03:48","guid":{"rendered":"http:\/\/konsumpf.de\/?p=3803"},"modified":"2009-04-07T17:09:11","modified_gmt":"2009-04-07T15:09:11","slug":"fernsehtipp-heute-abend-arte-themenabend","status":"publish","type":"post","link":"https:\/\/konsumpf.de\/?p=3803","title":{"rendered":"Fernsehtipp: heute ARTE Themenabend"},"content":{"rendered":"<p><a href=\"http:\/\/konsumpf.de\/wp-content\/uploads\/2009\/04\/arte.png\"><img loading=\"lazy\" decoding=\"async\" class=\"alignright size-full wp-image-3808\" title=\"arte\" src=\"http:\/\/konsumpf.de\/wp-content\/uploads\/2009\/04\/arte.png\" alt=\"arte\" width=\"163\" height=\"37\" \/><\/a>In seiner <strong>\u201e<a href=\"http:\/\/www.arte.tv\/de\/Die-Welt-verstehen\/Essen--aber-richtig\/2493230.html\">Woche der Ern\u00e4hrung<\/a>\u201c<\/strong> bringt der Fernsehsender <strong>ARTE<\/strong> heute Abend einige spannende Sendungen\/Filme, die anzuschauen sich lohnen k\u00f6nnte\/d\u00fcrfte \u2013 wenn schon fernsehen, dann doch bitte solche Beitr\u00e4ge:<\/p>\n<p><strong>19:00 Fr\u00fcher schmeckte alles besser<\/strong><br \/>\nBrot, Butter, Marmelade und Wurst \u2013 wie steht es um die Qualit\u00e4t unserer allt\u00e4glichen Lebensmittel?<\/p>\n<p><strong>21:00 We Feed the World \u2013 Essen global<\/strong><br \/>\nMassentierhaltung, alle Sorten von Obst und Gem\u00fcse zu jeder Jahreszeit im \u00dcberfluss, aber ohne Geschmack: Wie gehen wir mit unserer Nahrung um? Der \u00f6sterreichische Filmemacher Erwin Wagenhofer hat sich auf Spurensuche begeben&#8230;<\/p>\n<p><strong>22:35 Euer Hunger \u2013 Unser Profit<\/strong><br \/>\nWie die EU den Hunger subventioniert<\/p>\n<p><strong>23:15 Die Biosprit-L\u00fcge<\/strong><br \/>\nUm nicht weiter vom Erd\u00f6l abh\u00e4ngig zu sein, f\u00f6rdert die europ\u00e4ische Politik nachwachsende Rohstoffe.<\/p>\n<h3 class='related_post_title'>Verwandte Beitr\u00e4ge:<\/h3><ul class='related_post'><li><a href=\"http:\/\/konsumpf.de\/?p=10749\" title=\"Fernsehtipp: Rebellen im Namen der Erde und Tokyo Freeters\">Fernsehtipp: Rebellen im Namen der Erde und Tokyo Freeters<\/a><\/li><li><a href=\"http:\/\/konsumpf.de\/?p=8363\" title=\"Fernsehtipp: Gift &#8211; Unser t\u00e4gliches Risiko \u2013 Arte ab 20:15 Uhr\">Fernsehtipp: Gift &#8211; Unser t\u00e4gliches Risiko \u2013 Arte ab 20:15 Uhr<\/a><\/li><li><a href=\"http:\/\/konsumpf.de\/?p=15349\" title=\"Schluss mit schnell \u2013 Alternativen zur Turbo-Konsumgesellschaft\">Schluss mit schnell \u2013 Alternativen zur Turbo-Konsumgesellschaft<\/a><\/li><li><a href=\"http:\/\/konsumpf.de\/?p=15259\" title=\"Lesetipps: Freihandelsabkommen | Wirtschaftswachstum | Billiggesellschaft | Kampf gegen Verpackungen | Autofrei | Adbusting\">Lesetipps: Freihandelsabkommen | Wirtschaftswachstum | Billiggesellschaft | Kampf gegen Verpackungen | Autofrei | Adbusting<\/a><\/li><li><a href=\"http:\/\/konsumpf.de\/?p=14937\" title=\"Billig. Billiger. Banane.\">Billig. Billiger. Banane.<\/a><\/li><\/ul>","protected":false},"excerpt":{"rendered":"<p>In seiner \u201eWoche der Ern\u00e4hrung\u201c bringt der Fernsehsender ARTE heute Abend einige spannende Sendungen\/Filme, die anzuschauen sich lohnen k\u00f6nnte\/d\u00fcrfte \u2013 wenn schon fernsehen, dann doch bitte solche Beitr\u00e4ge: 19:00 Fr\u00fcher schmeckte alles besser Brot, Butter, Marmelade und Wurst \u2013 wie steht es um die Qualit\u00e4t unserer allt\u00e4glichen Lebensmittel? 21:00 We Feed the World \u2013 Essen [&hellip;]<\/p>\n","protected":false},"author":1,"featured_media":0,"comment_status":"open","ping_status":"open","sticky":false,"template":"","format":"standard","meta":{"footnotes":""},"categories":[34,259,37,78],"tags":[362,679,2864,2865,680],"yoast_head":"<!-- This site is optimized with the Yoast SEO plugin v24.4 - https:\/\/yoast.com\/wordpress\/plugins\/seo\/ -->\n<title>Fernsehtipp: heute ARTE Themenabend - Konsumpf - Forum f\u00fcr kreative Konsumkritik - Culture Jamming, Nachhaltigkeit, Konzernkritik, Adbusting<\/title>\n<meta name=\"robots\" content=\"index, follow, max-snippet:-1, max-image-preview:large, max-video-preview:-1\" \/>\n<link rel=\"canonical\" href=\"https:\/\/konsumpf.de\/?p=3803\" \/>\n<meta property=\"og:locale\" content=\"de_DE\" \/>\n<meta property=\"og:type\" content=\"article\" \/>\n<meta property=\"og:title\" content=\"Fernsehtipp: heute ARTE Themenabend - Konsumpf - Forum f\u00fcr kreative Konsumkritik - Culture Jamming, Nachhaltigkeit, Konzernkritik, Adbusting\" \/>\n<meta property=\"og:description\" content=\"In seiner \u201eWoche der Ern\u00e4hrung\u201c bringt der Fernsehsender ARTE heute Abend einige spannende Sendungen\/Filme, die anzuschauen sich lohnen k\u00f6nnte\/d\u00fcrfte \u2013 wenn schon fernsehen, dann doch bitte solche Beitr\u00e4ge: 19:00 Fr\u00fcher schmeckte alles besser Brot, Butter, Marmelade und Wurst \u2013 wie steht es um die Qualit\u00e4t unserer allt\u00e4glichen Lebensmittel? 21:00 We Feed the World \u2013 Essen [&hellip;]\" \/>\n<meta property=\"og:url\" content=\"https:\/\/konsumpf.de\/?p=3803\" \/>\n<meta property=\"og:site_name\" content=\"Konsumpf - Forum f\u00fcr kreative Konsumkritik - Culture Jamming, Nachhaltigkeit, Konzernkritik, Adbusting\" \/>\n<meta property=\"article:published_time\" content=\"2009-04-07T15:03:48+00:00\" \/>\n<meta property=\"article:modified_time\" content=\"2009-04-07T15:09:11+00:00\" \/>\n<meta property=\"og:image\" content=\"http:\/\/konsumpf.de\/wp-content\/uploads\/2009\/04\/arte.png\" \/>\n<meta name=\"author\" content=\"Peter M.\" \/>\n<meta name=\"twitter:card\" content=\"summary_large_image\" \/>\n<meta name=\"twitter:label1\" content=\"Verfasst von\" \/>\n\t<meta name=\"twitter:data1\" content=\"Peter M.\" \/>\n\t<meta name=\"twitter:label2\" content=\"Gesch\u00e4tzte Lesezeit\" \/>\n\t<meta name=\"twitter:data2\" content=\"1\u00a0Minute\" \/>\n<script type=\"application\/ld+json\" class=\"yoast-schema-graph\">{\"@context\":\"https:\/\/schema.org\",\"@graph\":[{\"@type\":\"WebPage\",\"@id\":\"https:\/\/konsumpf.de\/?p=3803\",\"url\":\"https:\/\/konsumpf.de\/?p=3803\",\"name\":\"Fernsehtipp: heute ARTE Themenabend - Konsumpf - Forum f\u00fcr kreative Konsumkritik - Culture Jamming, Nachhaltigkeit, Konzernkritik, Adbusting\",\"isPartOf\":{\"@id\":\"https:\/\/konsumpf.de\/#website\"},\"primaryImageOfPage\":{\"@id\":\"https:\/\/konsumpf.de\/?p=3803#primaryimage\"},\"image\":{\"@id\":\"https:\/\/konsumpf.de\/?p=3803#primaryimage\"},\"thumbnailUrl\":\"http:\/\/konsumpf.de\/wp-content\/uploads\/2009\/04\/arte.png\",\"datePublished\":\"2009-04-07T15:03:48+00:00\",\"dateModified\":\"2009-04-07T15:09:11+00:00\",\"author\":{\"@id\":\"https:\/\/konsumpf.de\/#\/schema\/person\/e595a6d286b26994e7e0926d70699070\"},\"breadcrumb\":{\"@id\":\"https:\/\/konsumpf.de\/?p=3803#breadcrumb\"},\"inLanguage\":\"de\",\"potentialAction\":[{\"@type\":\"ReadAction\",\"target\":[\"https:\/\/konsumpf.de\/?p=3803\"]}]},{\"@type\":\"ImageObject\",\"inLanguage\":\"de\",\"@id\":\"https:\/\/konsumpf.de\/?p=3803#primaryimage\",\"url\":\"https:\/\/konsumpf.de\/wp-content\/uploads\/2009\/04\/arte.png\",\"contentUrl\":\"https:\/\/konsumpf.de\/wp-content\/uploads\/2009\/04\/arte.png\",\"width\":\"163\",\"height\":\"37\"},{\"@type\":\"BreadcrumbList\",\"@id\":\"https:\/\/konsumpf.de\/?p=3803#breadcrumb\",\"itemListElement\":[{\"@type\":\"ListItem\",\"position\":1,\"name\":\"Startseite\",\"item\":\"https:\/\/konsumpf.de\/\"},{\"@type\":\"ListItem\",\"position\":2,\"name\":\"Fernsehtipp: heute ARTE Themenabend\"}]},{\"@type\":\"WebSite\",\"@id\":\"https:\/\/konsumpf.de\/#website\",\"url\":\"https:\/\/konsumpf.de\/\",\"name\":\"Konsumpf - Forum f\u00fcr kreative Konsumkritik - Culture Jamming, Nachhaltigkeit, Konzernkritik, Adbusting\",\"description\":\"\",\"potentialAction\":[{\"@type\":\"SearchAction\",\"target\":{\"@type\":\"EntryPoint\",\"urlTemplate\":\"https:\/\/konsumpf.de\/?s={search_term_string}\"},\"query-input\":{\"@type\":\"PropertyValueSpecification\",\"valueRequired\":true,\"valueName\":\"search_term_string\"}}],\"inLanguage\":\"de\"},{\"@type\":\"Person\",\"@id\":\"https:\/\/konsumpf.de\/#\/schema\/person\/e595a6d286b26994e7e0926d70699070\",\"name\":\"Peter M.\",\"sameAs\":[\"http:\/\/konsumpf.de\"]}]}<\/script>\n<!-- \/ Yoast SEO plugin. -->","yoast_head_json":{"title":"Fernsehtipp: heute ARTE Themenabend - Konsumpf - Forum f\u00fcr kreative Konsumkritik - Culture Jamming, Nachhaltigkeit, Konzernkritik, Adbusting","robots":{"index":"index","follow":"follow","max-snippet":"max-snippet:-1","max-image-preview":"max-image-preview:large","max-video-preview":"max-video-preview:-1"},"canonical":"https:\/\/konsumpf.de\/?p=3803","og_locale":"de_DE","og_type":"article","og_title":"Fernsehtipp: heute ARTE Themenabend - Konsumpf - Forum f\u00fcr kreative Konsumkritik - Culture Jamming, Nachhaltigkeit, Konzernkritik, Adbusting","og_description":"In seiner \u201eWoche der Ern\u00e4hrung\u201c bringt der Fernsehsender ARTE heute Abend einige spannende Sendungen\/Filme, die anzuschauen sich lohnen k\u00f6nnte\/d\u00fcrfte \u2013 wenn schon fernsehen, dann doch bitte solche Beitr\u00e4ge: 19:00 Fr\u00fcher schmeckte alles besser Brot, Butter, Marmelade und Wurst \u2013 wie steht es um die Qualit\u00e4t unserer allt\u00e4glichen Lebensmittel? 21:00 We Feed the World \u2013 Essen [&hellip;]","og_url":"https:\/\/konsumpf.de\/?p=3803","og_site_name":"Konsumpf - Forum f\u00fcr kreative Konsumkritik - Culture Jamming, Nachhaltigkeit, Konzernkritik, Adbusting","article_published_time":"2009-04-07T15:03:48+00:00","article_modified_time":"2009-04-07T15:09:11+00:00","og_image":[{"url":"http:\/\/konsumpf.de\/wp-content\/uploads\/2009\/04\/arte.png","type":"","width":"","height":""}],"author":"Peter M.","twitter_card":"summary_large_image","twitter_misc":{"Verfasst von":"Peter M.","Gesch\u00e4tzte Lesezeit":"1\u00a0Minute"},"schema":{"@context":"https:\/\/schema.org","@graph":[{"@type":"WebPage","@id":"https:\/\/konsumpf.de\/?p=3803","url":"https:\/\/konsumpf.de\/?p=3803","name":"Fernsehtipp: heute ARTE Themenabend - Konsumpf - Forum f\u00fcr kreative Konsumkritik - Culture Jamming, Nachhaltigkeit, Konzernkritik, Adbusting","isPartOf":{"@id":"https:\/\/konsumpf.de\/#website"},"primaryImageOfPage":{"@id":"https:\/\/konsumpf.de\/?p=3803#primaryimage"},"image":{"@id":"https:\/\/konsumpf.de\/?p=3803#primaryimage"},"thumbnailUrl":"http:\/\/konsumpf.de\/wp-content\/uploads\/2009\/04\/arte.png","datePublished":"2009-04-07T15:03:48+00:00","dateModified":"2009-04-07T15:09:11+00:00","author":{"@id":"https:\/\/konsumpf.de\/#\/schema\/person\/e595a6d286b26994e7e0926d70699070"},"breadcrumb":{"@id":"https:\/\/konsumpf.de\/?p=3803#breadcrumb"},"inLanguage":"de","potentialAction":[{"@type":"ReadAction","target":["https:\/\/konsumpf.de\/?p=3803"]}]},{"@type":"ImageObject","inLanguage":"de","@id":"https:\/\/konsumpf.de\/?p=3803#primaryimage","url":"https:\/\/konsumpf.de\/wp-content\/uploads\/2009\/04\/arte.png","contentUrl":"https:\/\/konsumpf.de\/wp-content\/uploads\/2009\/04\/arte.png","width":"163","height":"37"},{"@type":"BreadcrumbList","@id":"https:\/\/konsumpf.de\/?p=3803#breadcrumb","itemListElement":[{"@type":"ListItem","position":1,"name":"Startseite","item":"https:\/\/konsumpf.de\/"},{"@type":"ListItem","position":2,"name":"Fernsehtipp: heute ARTE Themenabend"}]},{"@type":"WebSite","@id":"https:\/\/konsumpf.de\/#website","url":"https:\/\/konsumpf.de\/","name":"Konsumpf - Forum f\u00fcr kreative Konsumkritik - Culture Jamming, Nachhaltigkeit, Konzernkritik, Adbusting","description":"","potentialAction":[{"@type":"SearchAction","target":{"@type":"EntryPoint","urlTemplate":"https:\/\/konsumpf.de\/?s={search_term_string}"},"query-input":{"@type":"PropertyValueSpecification","valueRequired":true,"valueName":"search_term_string"}}],"inLanguage":"de"},{"@type":"Person","@id":"https:\/\/konsumpf.de\/#\/schema\/person\/e595a6d286b26994e7e0926d70699070","name":"Peter M.","sameAs":["http:\/\/konsumpf.de"]}]}},"_links":{"self":[{"href":"https:\/\/konsumpf.de\/index.php?rest_route=\/wp\/v2\/posts\/3803"}],"collection":[{"href":"https:\/\/konsumpf.de\/index.php?rest_route=\/wp\/v2\/posts"}],"about":[{"href":"https:\/\/konsumpf.de\/index.php?rest_route=\/wp\/v2\/types\/post"}],"author":[{"embeddable":true,"href":"https:\/\/konsumpf.de\/index.php?rest_route=\/wp\/v2\/users\/1"}],"replies":[{"embeddable":true,"href":"https:\/\/konsumpf.de\/index.php?rest_route=%2Fwp%2Fv2%2Fcomments&post=3803"}],"version-history":[{"count":5,"href":"https:\/\/konsumpf.de\/index.php?rest_route=\/wp\/v2\/posts\/3803\/revisions"}],"predecessor-version":[{"id":3806,"href":"https:\/\/konsumpf.de\/index.php?rest_route=\/wp\/v2\/posts\/3803\/revisions\/3806"}],"wp:attachment":[{"href":"https:\/\/konsumpf.de\/index.php?rest_route=%2Fwp%2Fv2%2Fmedia&parent=3803"}],"wp:term":[{"taxonomy":"category","embeddable":true,"href":"https:\/\/konsumpf.de\/index.php?rest_route=%2Fwp%2Fv2%2Fcategories&post=3803"},{"taxonomy":"post_tag","embeddable":true,"href":"https:\/\/konsumpf.de\/index.php?rest_route=%2Fwp%2Fv2%2Ftags&post=3803"}],"curies":[{"name":"wp","href":"https:\/\/api.w.org\/{rel}","templated":true}]}}