{"id":3615,"date":"2009-03-25T17:14:21","date_gmt":"2009-03-25T16:14:21","guid":{"rendered":"http:\/\/konsumpf.de\/?p=3615"},"modified":"2009-03-25T17:14:41","modified_gmt":"2009-03-25T16:14:41","slug":"earth-hour-%e2%80%93-eine-globale-umweltaktion","status":"publish","type":"post","link":"https:\/\/konsumpf.de\/?p=3615","title":{"rendered":"Earth Hour \u2013 eine globale Umweltaktion"},"content":{"rendered":"<p style=\"text-align: center;\"><a href=\"http:\/\/konsumpf.de\/wp-content\/uploads\/2009\/03\/vote_earth_2009.png\"><img loading=\"lazy\" decoding=\"async\" class=\"size-full wp-image-3617 aligncenter\" title=\"vote_earth_2009\" src=\"http:\/\/konsumpf.de\/wp-content\/uploads\/2009\/03\/vote_earth_2009.png\" alt=\"vote_earth_2009\" width=\"474\" height=\"150\" srcset=\"https:\/\/konsumpf.de\/wp-content\/uploads\/2009\/03\/vote_earth_2009.png 663w, https:\/\/konsumpf.de\/wp-content\/uploads\/2009\/03\/vote_earth_2009-300x95.png 300w\" sizes=\"(max-width: 474px) 100vw, 474px\" \/><\/a><\/p>\n<p>Eine interessante Aktion, gerade bei <a href=\"http:\/\/karmakonsum.de\/earth-hour-die-groesste-globale-umweltaktion,2377,2009-03.html\">Karma Konsum<\/a> gefunden: die Initiative <a href=\"http:\/\/www.voteearth2009.org\">Vote Earth<\/a> ruft dazu auf, am <strong>Samstag, den 28. M\u00e4rz um 20:30 Uhr<\/strong> f\u00fcr eine Stunde das Licht auszuschalten. Nicht prim\u00e4r um Strom zu sparen, sondern als weltweites Zeichen gegen den Klimawandel bzw. f\u00fcr eine bessere Umweltpolitik:<\/p>\n<blockquote><p><span class=\"par\">This year, Earth Hour has been transformed into the world\u2019s first global election,<\/span> between Earth and global warming. For the first time in history, people of all ages, nationalities, race and background have the opportunity to use their light switch as their vote \u2013 Switching off your lights is a vote for Earth, or leaving them on is a vote for global warming. WWF are urging the world to VOTE EARTH and reach the target of 1 billion votes, which will be presented to world leaders at the Global Climate Change Conference in Copenhagen 2009. This meeting will determine official government policies to take action against global warming, which will replace the Kyoto Protocol. It is the chance for the people of the world to make their voice heard.<\/p><\/blockquote>\n<p>Um mitzumachen, muss man sich vorher <a href=\"http:\/\/www.earthhour.org\/signup\/default:en\">online registrieren<\/a>. Ich werde dann in der Stunde einfach noch mal durch Kiel gehen und ein paar Attac-ZEIT-Satiren verteilen. :-)<\/p>\n<h3 class='related_post_title'>Verwandte Beitr\u00e4ge:<\/h3><ul class='related_post'><li><a href=\"http:\/\/konsumpf.de\/?p=14220\" title=\"Abgefahren \u2013 vom Ende des Autos\">Abgefahren \u2013 vom Ende des Autos<\/a><\/li><li><a href=\"http:\/\/konsumpf.de\/?p=14210\" title=\"Greenwashing \u2013 der ganz legale Betrug\">Greenwashing \u2013 der ganz legale Betrug<\/a><\/li><li><a href=\"http:\/\/konsumpf.de\/?p=13922\" title=\"Am 21.3. Demo in Kiel \u201eBauernh\u00f6fe statt Agrarindustrie\u201c\">Am 21.3. Demo in Kiel \u201eBauernh\u00f6fe statt Agrarindustrie\u201c<\/a><\/li><li><a href=\"http:\/\/konsumpf.de\/?p=13608\" title=\"Lesetipps: Zwangsbeschallung | Deutschland wird amerikanischer | Lernatlas | Gier nach Soja | Kopp\">Lesetipps: Zwangsbeschallung | Deutschland wird amerikanischer | Lernatlas | Gier nach Soja | Kopp<\/a><\/li><li><a href=\"http:\/\/konsumpf.de\/?p=11909\" title=\"Grillen mit Tropenholz\">Grillen mit Tropenholz<\/a><\/li><\/ul>","protected":false},"excerpt":{"rendered":"<p>Eine interessante Aktion, gerade bei Karma Konsum gefunden: die Initiative Vote Earth ruft dazu auf, am Samstag, den 28. M\u00e4rz um 20:30 Uhr f\u00fcr eine Stunde das Licht auszuschalten. Nicht prim\u00e4r um Strom zu sparen, sondern als weltweites Zeichen gegen den Klimawandel bzw. f\u00fcr eine bessere Umweltpolitik: This year, Earth Hour has been transformed into [&hellip;]<\/p>\n","protected":false},"author":1,"featured_media":0,"comment_status":"open","ping_status":"open","sticky":false,"template":"","format":"standard","meta":{"footnotes":""},"categories":[50],"tags":[635,634,2868,636],"yoast_head":"<!-- This site is optimized with the Yoast SEO plugin v24.4 - https:\/\/yoast.com\/wordpress\/plugins\/seo\/ -->\n<title>Earth Hour \u2013 eine globale Umweltaktion - Konsumpf - Forum f\u00fcr kreative Konsumkritik - Culture Jamming, Nachhaltigkeit, Konzernkritik, Adbusting<\/title>\n<meta name=\"robots\" content=\"index, follow, max-snippet:-1, max-image-preview:large, max-video-preview:-1\" \/>\n<link rel=\"canonical\" href=\"https:\/\/konsumpf.de\/?p=3615\" \/>\n<meta property=\"og:locale\" content=\"de_DE\" \/>\n<meta property=\"og:type\" content=\"article\" \/>\n<meta property=\"og:title\" content=\"Earth Hour \u2013 eine globale Umweltaktion - Konsumpf - Forum f\u00fcr kreative Konsumkritik - Culture Jamming, Nachhaltigkeit, Konzernkritik, Adbusting\" \/>\n<meta property=\"og:description\" content=\"Eine interessante Aktion, gerade bei Karma Konsum gefunden: die Initiative Vote Earth ruft dazu auf, am Samstag, den 28. M\u00e4rz um 20:30 Uhr f\u00fcr eine Stunde das Licht auszuschalten. Nicht prim\u00e4r um Strom zu sparen, sondern als weltweites Zeichen gegen den Klimawandel bzw. f\u00fcr eine bessere Umweltpolitik: This year, Earth Hour has been transformed into [&hellip;]\" \/>\n<meta property=\"og:url\" content=\"https:\/\/konsumpf.de\/?p=3615\" \/>\n<meta property=\"og:site_name\" content=\"Konsumpf - Forum f\u00fcr kreative Konsumkritik - Culture Jamming, Nachhaltigkeit, Konzernkritik, Adbusting\" \/>\n<meta property=\"article:published_time\" content=\"2009-03-25T16:14:21+00:00\" \/>\n<meta property=\"article:modified_time\" content=\"2009-03-25T16:14:41+00:00\" \/>\n<meta property=\"og:image\" content=\"http:\/\/konsumpf.de\/wp-content\/uploads\/2009\/03\/vote_earth_2009.png\" \/>\n<meta name=\"author\" content=\"Peter M.\" \/>\n<meta name=\"twitter:card\" content=\"summary_large_image\" \/>\n<meta name=\"twitter:label1\" content=\"Verfasst von\" \/>\n\t<meta name=\"twitter:data1\" content=\"Peter M.\" \/>\n\t<meta name=\"twitter:label2\" content=\"Gesch\u00e4tzte Lesezeit\" \/>\n\t<meta name=\"twitter:data2\" content=\"1\u00a0Minute\" \/>\n<script type=\"application\/ld+json\" class=\"yoast-schema-graph\">{\"@context\":\"https:\/\/schema.org\",\"@graph\":[{\"@type\":\"WebPage\",\"@id\":\"https:\/\/konsumpf.de\/?p=3615\",\"url\":\"https:\/\/konsumpf.de\/?p=3615\",\"name\":\"Earth Hour \u2013 eine globale Umweltaktion - Konsumpf - Forum f\u00fcr kreative Konsumkritik - Culture Jamming, Nachhaltigkeit, Konzernkritik, Adbusting\",\"isPartOf\":{\"@id\":\"https:\/\/konsumpf.de\/#website\"},\"primaryImageOfPage\":{\"@id\":\"https:\/\/konsumpf.de\/?p=3615#primaryimage\"},\"image\":{\"@id\":\"https:\/\/konsumpf.de\/?p=3615#primaryimage\"},\"thumbnailUrl\":\"http:\/\/konsumpf.de\/wp-content\/uploads\/2009\/03\/vote_earth_2009.png\",\"datePublished\":\"2009-03-25T16:14:21+00:00\",\"dateModified\":\"2009-03-25T16:14:41+00:00\",\"author\":{\"@id\":\"https:\/\/konsumpf.de\/#\/schema\/person\/e595a6d286b26994e7e0926d70699070\"},\"breadcrumb\":{\"@id\":\"https:\/\/konsumpf.de\/?p=3615#breadcrumb\"},\"inLanguage\":\"de\",\"potentialAction\":[{\"@type\":\"ReadAction\",\"target\":[\"https:\/\/konsumpf.de\/?p=3615\"]}]},{\"@type\":\"ImageObject\",\"inLanguage\":\"de\",\"@id\":\"https:\/\/konsumpf.de\/?p=3615#primaryimage\",\"url\":\"https:\/\/konsumpf.de\/wp-content\/uploads\/2009\/03\/vote_earth_2009.png\",\"contentUrl\":\"https:\/\/konsumpf.de\/wp-content\/uploads\/2009\/03\/vote_earth_2009.png\",\"width\":\"663\",\"height\":\"210\"},{\"@type\":\"BreadcrumbList\",\"@id\":\"https:\/\/konsumpf.de\/?p=3615#breadcrumb\",\"itemListElement\":[{\"@type\":\"ListItem\",\"position\":1,\"name\":\"Startseite\",\"item\":\"https:\/\/konsumpf.de\/\"},{\"@type\":\"ListItem\",\"position\":2,\"name\":\"Earth Hour \u2013 eine globale Umweltaktion\"}]},{\"@type\":\"WebSite\",\"@id\":\"https:\/\/konsumpf.de\/#website\",\"url\":\"https:\/\/konsumpf.de\/\",\"name\":\"Konsumpf - Forum f\u00fcr kreative Konsumkritik - Culture Jamming, Nachhaltigkeit, Konzernkritik, Adbusting\",\"description\":\"\",\"potentialAction\":[{\"@type\":\"SearchAction\",\"target\":{\"@type\":\"EntryPoint\",\"urlTemplate\":\"https:\/\/konsumpf.de\/?s={search_term_string}\"},\"query-input\":{\"@type\":\"PropertyValueSpecification\",\"valueRequired\":true,\"valueName\":\"search_term_string\"}}],\"inLanguage\":\"de\"},{\"@type\":\"Person\",\"@id\":\"https:\/\/konsumpf.de\/#\/schema\/person\/e595a6d286b26994e7e0926d70699070\",\"name\":\"Peter M.\",\"sameAs\":[\"http:\/\/konsumpf.de\"]}]}<\/script>\n<!-- \/ Yoast SEO plugin. -->","yoast_head_json":{"title":"Earth Hour \u2013 eine globale Umweltaktion - Konsumpf - Forum f\u00fcr kreative Konsumkritik - Culture Jamming, Nachhaltigkeit, Konzernkritik, Adbusting","robots":{"index":"index","follow":"follow","max-snippet":"max-snippet:-1","max-image-preview":"max-image-preview:large","max-video-preview":"max-video-preview:-1"},"canonical":"https:\/\/konsumpf.de\/?p=3615","og_locale":"de_DE","og_type":"article","og_title":"Earth Hour \u2013 eine globale Umweltaktion - Konsumpf - Forum f\u00fcr kreative Konsumkritik - Culture Jamming, Nachhaltigkeit, Konzernkritik, Adbusting","og_description":"Eine interessante Aktion, gerade bei Karma Konsum gefunden: die Initiative Vote Earth ruft dazu auf, am Samstag, den 28. M\u00e4rz um 20:30 Uhr f\u00fcr eine Stunde das Licht auszuschalten. Nicht prim\u00e4r um Strom zu sparen, sondern als weltweites Zeichen gegen den Klimawandel bzw. f\u00fcr eine bessere Umweltpolitik: This year, Earth Hour has been transformed into [&hellip;]","og_url":"https:\/\/konsumpf.de\/?p=3615","og_site_name":"Konsumpf - Forum f\u00fcr kreative Konsumkritik - Culture Jamming, Nachhaltigkeit, Konzernkritik, Adbusting","article_published_time":"2009-03-25T16:14:21+00:00","article_modified_time":"2009-03-25T16:14:41+00:00","og_image":[{"url":"http:\/\/konsumpf.de\/wp-content\/uploads\/2009\/03\/vote_earth_2009.png","type":"","width":"","height":""}],"author":"Peter M.","twitter_card":"summary_large_image","twitter_misc":{"Verfasst von":"Peter M.","Gesch\u00e4tzte Lesezeit":"1\u00a0Minute"},"schema":{"@context":"https:\/\/schema.org","@graph":[{"@type":"WebPage","@id":"https:\/\/konsumpf.de\/?p=3615","url":"https:\/\/konsumpf.de\/?p=3615","name":"Earth Hour \u2013 eine globale Umweltaktion - Konsumpf - Forum f\u00fcr kreative Konsumkritik - Culture Jamming, Nachhaltigkeit, Konzernkritik, Adbusting","isPartOf":{"@id":"https:\/\/konsumpf.de\/#website"},"primaryImageOfPage":{"@id":"https:\/\/konsumpf.de\/?p=3615#primaryimage"},"image":{"@id":"https:\/\/konsumpf.de\/?p=3615#primaryimage"},"thumbnailUrl":"http:\/\/konsumpf.de\/wp-content\/uploads\/2009\/03\/vote_earth_2009.png","datePublished":"2009-03-25T16:14:21+00:00","dateModified":"2009-03-25T16:14:41+00:00","author":{"@id":"https:\/\/konsumpf.de\/#\/schema\/person\/e595a6d286b26994e7e0926d70699070"},"breadcrumb":{"@id":"https:\/\/konsumpf.de\/?p=3615#breadcrumb"},"inLanguage":"de","potentialAction":[{"@type":"ReadAction","target":["https:\/\/konsumpf.de\/?p=3615"]}]},{"@type":"ImageObject","inLanguage":"de","@id":"https:\/\/konsumpf.de\/?p=3615#primaryimage","url":"https:\/\/konsumpf.de\/wp-content\/uploads\/2009\/03\/vote_earth_2009.png","contentUrl":"https:\/\/konsumpf.de\/wp-content\/uploads\/2009\/03\/vote_earth_2009.png","width":"663","height":"210"},{"@type":"BreadcrumbList","@id":"https:\/\/konsumpf.de\/?p=3615#breadcrumb","itemListElement":[{"@type":"ListItem","position":1,"name":"Startseite","item":"https:\/\/konsumpf.de\/"},{"@type":"ListItem","position":2,"name":"Earth Hour \u2013 eine globale Umweltaktion"}]},{"@type":"WebSite","@id":"https:\/\/konsumpf.de\/#website","url":"https:\/\/konsumpf.de\/","name":"Konsumpf - Forum f\u00fcr kreative Konsumkritik - Culture Jamming, Nachhaltigkeit, Konzernkritik, Adbusting","description":"","potentialAction":[{"@type":"SearchAction","target":{"@type":"EntryPoint","urlTemplate":"https:\/\/konsumpf.de\/?s={search_term_string}"},"query-input":{"@type":"PropertyValueSpecification","valueRequired":true,"valueName":"search_term_string"}}],"inLanguage":"de"},{"@type":"Person","@id":"https:\/\/konsumpf.de\/#\/schema\/person\/e595a6d286b26994e7e0926d70699070","name":"Peter M.","sameAs":["http:\/\/konsumpf.de"]}]}},"_links":{"self":[{"href":"https:\/\/konsumpf.de\/index.php?rest_route=\/wp\/v2\/posts\/3615"}],"collection":[{"href":"https:\/\/konsumpf.de\/index.php?rest_route=\/wp\/v2\/posts"}],"about":[{"href":"https:\/\/konsumpf.de\/index.php?rest_route=\/wp\/v2\/types\/post"}],"author":[{"embeddable":true,"href":"https:\/\/konsumpf.de\/index.php?rest_route=\/wp\/v2\/users\/1"}],"replies":[{"embeddable":true,"href":"https:\/\/konsumpf.de\/index.php?rest_route=%2Fwp%2Fv2%2Fcomments&post=3615"}],"version-history":[{"count":4,"href":"https:\/\/konsumpf.de\/index.php?rest_route=\/wp\/v2\/posts\/3615\/revisions"}],"predecessor-version":[{"id":3620,"href":"https:\/\/konsumpf.de\/index.php?rest_route=\/wp\/v2\/posts\/3615\/revisions\/3620"}],"wp:attachment":[{"href":"https:\/\/konsumpf.de\/index.php?rest_route=%2Fwp%2Fv2%2Fmedia&parent=3615"}],"wp:term":[{"taxonomy":"category","embeddable":true,"href":"https:\/\/konsumpf.de\/index.php?rest_route=%2Fwp%2Fv2%2Fcategories&post=3615"},{"taxonomy":"post_tag","embeddable":true,"href":"https:\/\/konsumpf.de\/index.php?rest_route=%2Fwp%2Fv2%2Ftags&post=3615"}],"curies":[{"name":"wp","href":"https:\/\/api.w.org\/{rel}","templated":true}]}}