{"id":3545,"date":"2009-03-23T10:03:06","date_gmt":"2009-03-23T09:03:06","guid":{"rendered":"http:\/\/konsumpf.de\/?p=3545"},"modified":"2009-03-25T16:17:52","modified_gmt":"2009-03-25T15:17:52","slug":"nachbetrachtung-zur-fake-zeit-aktion","status":"publish","type":"post","link":"https:\/\/konsumpf.de\/?p=3545","title":{"rendered":"Nachbetrachtung zur Fake-ZEIT-Aktion"},"content":{"rendered":"<p>Die <strong>Attac<\/strong>-Aktion der Verteilung von 150.000 gef\u00e4lschten ZEIT-Exemplaren mit <strong>\u201eNachrichten von morgen\u201c<\/strong> \u2013 also Meldungen, die heutzutage kaum in Zeitungen erscheinen k\u00f6nnen, die aber durchaus realistisch umsetzbar w\u00e4ren, wenn der entsprechende politische Wille vorhanden w\u00e4re \u2013 hat hohe Wellen geschlagen und f\u00fcr viel Aufmerksamkeit und Verwunderung gesorgt. Nicht nur bei den Gl\u00fccklichen, die ein reales Exemplar dieser Zeitung in die H\u00e4nde bekommen haben (heute lagen noch einmal 100.000 St\u00fcck der taz bei), sondern auch bei den Medien- und Pressevertretern. <strong>DIE ZEIT<\/strong> selbst <a href=\"http:\/\/blog.zeit.de\/zeitansage\/2009\/03\/21\/attac-kopiert-zeit-online-und-die- zeit_160\">reagierte zwar \u00fcberrascht, aber relativ souver\u00e4n<\/a> auf den gelungenen Coup des globalisierungskritischen Netzwerks und wird keine rechtlichen Schritte einleiten:<\/p>\n<blockquote><p><span id=\"contentmain\" class=\"storycontent\">Die beiden Chefredaktionen und Gesch\u00e4ftsf\u00fchrungen von ZEIT ONLINE und DIE ZEIT wussten nichts von dieser Aktion, wir sind aber beeindruckt von der Qualit\u00e4t der Kopien. Mein Kollege Giovanni di Lorenzo, Chefredakteur der Printausgabe, sagte: \u201cF\u00e4lschungen der ZEIT k\u00f6nnen wir nat\u00fcrlich nicht guthei\u00dfen, zumal nicht in dieser hohen Qualit\u00e4t. Am meisten staune ich aber \u00fcber den gro\u00dfen Aufwand, den man sich hier geleistet hat.\u00a0 Sch\u00f6n, dass es wenigstens Attac in der Krise noch gut geht.\u201d<\/span><\/p><\/blockquote>\n<p><span class=\"storycontent\">Die <strong>taz<\/strong> war offensichtlich schon etwas fr\u00fcher in die Aktion eingeweiht, denn sie konnte bereits sehr fr\u00fch am Samstag einen ausf\u00fchrlichen Bericht online pr\u00e4sentieren \u201e<a href=\"http:\/\/www.taz.de\/1\/leben\/medien\/artikel\/1\/eine-zeit-die-ihrer-zeit-voraus-ist\/\">Attac kapert Die Zeit \u2013 Eine \u201aZeit\u2018, die ihrer Zeit voraus ist<\/a>\u201c:<\/span><\/p>\n<blockquote>\n<p class=\"artikeltext\">Und auch in Sachen journalistischer Ethik hat sich in der hell strahlenden Zukunft etwas ge\u00e4ndert: ein gewisser Matthias Trocken stellt sich als stellvertretender Chefredakteur vor und entschuldigt sich. Die Chefetage der Zeitung sei lange Mitglied in sogenannten Elitezirkeln gewesen, in denen sich die Spitzen aus Politik und Wirtschaft treffen, &#8220;um dar\u00fcber zu diskutieren, welches Schicksal sie der Welt zugedenken wollen.&#8221; \u00dcber diese undemokratischen Treffen sei nie berichtet worden.<\/p>\n<p class=\"artikeltext\">Man habe sich vielmehr als Teil der Macht verstanden denn als ihr kritischer Gegenpart, schreibt Trocken, und damit den journalistischen Ethos verletzt. &#8220;Unsere Aufgabe als Journalisten besteht nicht darin, mit am Tisch zu sitzen, sondern zu berichten und kritische Fragen zu stellen&#8221;, schreibt Trocken. Der stellvertretende Chefredakteur der echten <em>Zeit<\/em> hei\u00dft Matthias Na\u00df.<\/p>\n<\/blockquote>\n<p><strong>Medienlese.com<\/strong> konstatiert \u201e<a href=\"http:\/\/medienlese.com\/2009\/03\/21\/attac-faelscht-die-zeit-froehlicher-medienstunt\/\">Attac f\u00e4lscht Die Zeit: Fr\u00f6hlicher Medienstunt<\/a>\u201c:<\/p>\n<blockquote><p>Nicht nur, dass die Wochenzeitung <em>Die Zeit<\/em> erschreckend d\u00fcnn geworden ist und neuerdings am Samstag kostenlos auf der Stra\u00dfe verteilt wird. Auch die Nachrichtenlage wird heute sicher den einen oder anderen stutzig machen: Die Nato will sich aufl\u00f6sen, armen L\u00e4ndern werden Schulden erlassen, die Verantwortlichen des Klimawandels werden angeklagt, und Opel fabriziert fortan nur noch umweltfreundliche Autos.<\/p><\/blockquote>\n<p>Der <strong>Spiegel<\/strong> berichtet selbstverst\u00e4ndlich ebenfalls dar\u00fcber \u201e<a href=\"http:\/\/www.spiegel.de\/kultur\/gesellschaft\/0,1518,614728,00.html\">Gef\u00e4lschte \u201aZeit\u2018: Mit freundlichen Gr\u00fc\u00dfen von Attac<\/a>\u201c, die <a href=\"http:\/\/www.fr-online.de\/top_news\/1695487_Attac-Gefaelschte-ZEIT-Berichte-verteilt.html\"><strong>Frankfurter Rundschau<\/strong><\/a>, <a href=\"http:\/\/www.freitag.de\/kultur\/0912-attac-zeit-faelschung-klimawandel-finanzkrise\"><strong>Der Freitag<\/strong><\/a> und sogar bis in die Tagesschau schaffte Attac es damit: \u201e<a href=\"http:\/\/www.tagesschau.de\/inland\/attac102.html\">Attac dreht die \u201aZeit\u2018 weiter<\/a>\u201c.<\/p>\n<blockquote><p>Die aktuellen Berichte \u00fcber die &#8220;globale Wirtschafts-, Finanz- Hunger- und Klimakrise&#8221; lie\u00dfen viele Menschen hilflos zur\u00fcck, erkl\u00e4rte Attac-Aktivistin Jutta Sundermann. Die Autoren h\u00e4tten deshalb &#8220;die Zeit weitergedreht&#8221; und &#8220;die Nachrichten verfasst, die wir morgen lesen wollen&#8221;. Alles, was in den Artikeln geschrieben sei, k\u00f6nne man &#8220;innerhalb von 13 Monaten umsetzen&#8221;. Ziel sei es, die Vorstellungskraft der Leser zu erweitern und ihnen Mut machen, sich politisch zu engagieren.<\/p><\/blockquote>\n<p><span class=\"storycontent\">Meine Lieblingsstelle aus der etwas anderen ZEIT ist \u00fcbrigens die sch\u00f6ne Anti-Anzeige von <strong>Nestl\u00e9<\/strong> (\u201eL\u00fcgen, Gentech, Nescaf\u00e9\u201c) auf Seite 5:<\/span><\/p>\n<p style=\"text-align: center;\"><span class=\"storycontent\"><a href=\"http:\/\/konsumpf.de\/wp-content\/uploads\/2009\/03\/attac-zeit-anzeige-nestle.jpg\"><img loading=\"lazy\" decoding=\"async\" class=\"aligncenter size-large wp-image-3547\" title=\"attac-zeit-anzeige-nestle\" src=\"http:\/\/konsumpf.de\/wp-content\/uploads\/2009\/03\/attac-zeit-anzeige-nestle-516x1024.jpg\" alt=\"attac-zeit-anzeige-nestle\" width=\"473\" height=\"940\" srcset=\"https:\/\/konsumpf.de\/wp-content\/uploads\/2009\/03\/attac-zeit-anzeige-nestle-516x1024.jpg 516w, https:\/\/konsumpf.de\/wp-content\/uploads\/2009\/03\/attac-zeit-anzeige-nestle-151x300.jpg 151w\" sizes=\"(max-width: 473px) 100vw, 473px\" \/><\/a><br \/>\n<\/span><\/p>\n<h3 class='related_post_title'>Verwandte Beitr\u00e4ge:<\/h3><ul class='related_post'><li><a href=\"http:\/\/konsumpf.de\/?p=3531\" title=\"Nachrichten von morgen: Attac bringt gef\u00e4lschte DIE ZEIT in Umlauf\">Nachrichten von morgen: Attac bringt gef\u00e4lschte DIE ZEIT in Umlauf<\/a><\/li><li><a href=\"http:\/\/konsumpf.de\/?p=4041\" title=\"Veranstaltungstipp f\u00fcr Kiel \u2013 Marketing und Manipulation\">Veranstaltungstipp f\u00fcr Kiel \u2013 Marketing und Manipulation<\/a><\/li><li><a href=\"http:\/\/konsumpf.de\/?p=14462\" title=\"Helft den Yes Men bei der Revolte!\">Helft den Yes Men bei der Revolte!<\/a><\/li><li><a href=\"http:\/\/konsumpf.de\/?p=13866\" title=\"McPlanet.com 2012 in Berlin\">McPlanet.com 2012 in Berlin<\/a><\/li><li><a href=\"http:\/\/konsumpf.de\/?p=13845\" title=\"Logo- &#038; Sloganpersiflagen\">Logo- &#038; Sloganpersiflagen<\/a><\/li><\/ul>","protected":false},"excerpt":{"rendered":"<p>Die Attac-Aktion der Verteilung von 150.000 gef\u00e4lschten ZEIT-Exemplaren mit \u201eNachrichten von morgen\u201c \u2013 also Meldungen, die heutzutage kaum in Zeitungen erscheinen k\u00f6nnen, die aber durchaus realistisch umsetzbar w\u00e4ren, wenn der entsprechende politische Wille vorhanden w\u00e4re \u2013 hat hohe Wellen geschlagen und f\u00fcr viel Aufmerksamkeit und Verwunderung gesorgt. Nicht nur bei den Gl\u00fccklichen, die ein reales [&hellip;]<\/p>\n","protected":false},"author":1,"featured_media":0,"comment_status":"open","ping_status":"open","sticky":false,"template":"","format":"standard","meta":{"footnotes":""},"categories":[18,5,12,33],"tags":[90,2855,620,624,625],"yoast_head":"<!-- This site is optimized with the Yoast SEO plugin v24.4 - https:\/\/yoast.com\/wordpress\/plugins\/seo\/ -->\n<title>Nachbetrachtung zur Fake-ZEIT-Aktion - Konsumpf - Forum f\u00fcr kreative Konsumkritik - Culture Jamming, Nachhaltigkeit, Konzernkritik, Adbusting<\/title>\n<meta name=\"robots\" content=\"index, follow, max-snippet:-1, max-image-preview:large, max-video-preview:-1\" \/>\n<link rel=\"canonical\" href=\"https:\/\/konsumpf.de\/?p=3545\" \/>\n<meta property=\"og:locale\" content=\"de_DE\" \/>\n<meta property=\"og:type\" content=\"article\" \/>\n<meta property=\"og:title\" content=\"Nachbetrachtung zur Fake-ZEIT-Aktion - Konsumpf - Forum f\u00fcr kreative Konsumkritik - Culture Jamming, Nachhaltigkeit, Konzernkritik, Adbusting\" \/>\n<meta property=\"og:description\" content=\"Die Attac-Aktion der Verteilung von 150.000 gef\u00e4lschten ZEIT-Exemplaren mit \u201eNachrichten von morgen\u201c \u2013 also Meldungen, die heutzutage kaum in Zeitungen erscheinen k\u00f6nnen, die aber durchaus realistisch umsetzbar w\u00e4ren, wenn der entsprechende politische Wille vorhanden w\u00e4re \u2013 hat hohe Wellen geschlagen und f\u00fcr viel Aufmerksamkeit und Verwunderung gesorgt. Nicht nur bei den Gl\u00fccklichen, die ein reales [&hellip;]\" \/>\n<meta property=\"og:url\" content=\"https:\/\/konsumpf.de\/?p=3545\" \/>\n<meta property=\"og:site_name\" content=\"Konsumpf - Forum f\u00fcr kreative Konsumkritik - Culture Jamming, Nachhaltigkeit, Konzernkritik, Adbusting\" \/>\n<meta property=\"article:published_time\" content=\"2009-03-23T09:03:06+00:00\" \/>\n<meta property=\"article:modified_time\" content=\"2009-03-25T15:17:52+00:00\" \/>\n<meta property=\"og:image\" content=\"http:\/\/konsumpf.de\/wp-content\/uploads\/2009\/03\/attac-zeit-anzeige-nestle-516x1024.jpg\" \/>\n<meta name=\"author\" content=\"Peter M.\" \/>\n<meta name=\"twitter:card\" content=\"summary_large_image\" \/>\n<meta name=\"twitter:label1\" content=\"Verfasst von\" \/>\n\t<meta name=\"twitter:data1\" content=\"Peter M.\" \/>\n\t<meta name=\"twitter:label2\" content=\"Gesch\u00e4tzte Lesezeit\" \/>\n\t<meta name=\"twitter:data2\" content=\"3\u00a0Minuten\" \/>\n<script type=\"application\/ld+json\" class=\"yoast-schema-graph\">{\"@context\":\"https:\/\/schema.org\",\"@graph\":[{\"@type\":\"WebPage\",\"@id\":\"https:\/\/konsumpf.de\/?p=3545\",\"url\":\"https:\/\/konsumpf.de\/?p=3545\",\"name\":\"Nachbetrachtung zur Fake-ZEIT-Aktion - Konsumpf - Forum f\u00fcr kreative Konsumkritik - Culture Jamming, Nachhaltigkeit, Konzernkritik, Adbusting\",\"isPartOf\":{\"@id\":\"https:\/\/konsumpf.de\/#website\"},\"primaryImageOfPage\":{\"@id\":\"https:\/\/konsumpf.de\/?p=3545#primaryimage\"},\"image\":{\"@id\":\"https:\/\/konsumpf.de\/?p=3545#primaryimage\"},\"thumbnailUrl\":\"http:\/\/konsumpf.de\/wp-content\/uploads\/2009\/03\/attac-zeit-anzeige-nestle-516x1024.jpg\",\"datePublished\":\"2009-03-23T09:03:06+00:00\",\"dateModified\":\"2009-03-25T15:17:52+00:00\",\"author\":{\"@id\":\"https:\/\/konsumpf.de\/#\/schema\/person\/e595a6d286b26994e7e0926d70699070\"},\"breadcrumb\":{\"@id\":\"https:\/\/konsumpf.de\/?p=3545#breadcrumb\"},\"inLanguage\":\"de\",\"potentialAction\":[{\"@type\":\"ReadAction\",\"target\":[\"https:\/\/konsumpf.de\/?p=3545\"]}]},{\"@type\":\"ImageObject\",\"inLanguage\":\"de\",\"@id\":\"https:\/\/konsumpf.de\/?p=3545#primaryimage\",\"url\":\"https:\/\/konsumpf.de\/wp-content\/uploads\/2009\/03\/attac-zeit-anzeige-nestle.jpg\",\"contentUrl\":\"https:\/\/konsumpf.de\/wp-content\/uploads\/2009\/03\/attac-zeit-anzeige-nestle.jpg\",\"width\":\"823\",\"height\":\"1632\"},{\"@type\":\"BreadcrumbList\",\"@id\":\"https:\/\/konsumpf.de\/?p=3545#breadcrumb\",\"itemListElement\":[{\"@type\":\"ListItem\",\"position\":1,\"name\":\"Startseite\",\"item\":\"https:\/\/konsumpf.de\/\"},{\"@type\":\"ListItem\",\"position\":2,\"name\":\"Nachbetrachtung zur Fake-ZEIT-Aktion\"}]},{\"@type\":\"WebSite\",\"@id\":\"https:\/\/konsumpf.de\/#website\",\"url\":\"https:\/\/konsumpf.de\/\",\"name\":\"Konsumpf - Forum f\u00fcr kreative Konsumkritik - Culture Jamming, Nachhaltigkeit, Konzernkritik, Adbusting\",\"description\":\"\",\"potentialAction\":[{\"@type\":\"SearchAction\",\"target\":{\"@type\":\"EntryPoint\",\"urlTemplate\":\"https:\/\/konsumpf.de\/?s={search_term_string}\"},\"query-input\":{\"@type\":\"PropertyValueSpecification\",\"valueRequired\":true,\"valueName\":\"search_term_string\"}}],\"inLanguage\":\"de\"},{\"@type\":\"Person\",\"@id\":\"https:\/\/konsumpf.de\/#\/schema\/person\/e595a6d286b26994e7e0926d70699070\",\"name\":\"Peter M.\",\"sameAs\":[\"http:\/\/konsumpf.de\"]}]}<\/script>\n<!-- \/ Yoast SEO plugin. -->","yoast_head_json":{"title":"Nachbetrachtung zur Fake-ZEIT-Aktion - Konsumpf - Forum f\u00fcr kreative Konsumkritik - Culture Jamming, Nachhaltigkeit, Konzernkritik, Adbusting","robots":{"index":"index","follow":"follow","max-snippet":"max-snippet:-1","max-image-preview":"max-image-preview:large","max-video-preview":"max-video-preview:-1"},"canonical":"https:\/\/konsumpf.de\/?p=3545","og_locale":"de_DE","og_type":"article","og_title":"Nachbetrachtung zur Fake-ZEIT-Aktion - Konsumpf - Forum f\u00fcr kreative Konsumkritik - Culture Jamming, Nachhaltigkeit, Konzernkritik, Adbusting","og_description":"Die Attac-Aktion der Verteilung von 150.000 gef\u00e4lschten ZEIT-Exemplaren mit \u201eNachrichten von morgen\u201c \u2013 also Meldungen, die heutzutage kaum in Zeitungen erscheinen k\u00f6nnen, die aber durchaus realistisch umsetzbar w\u00e4ren, wenn der entsprechende politische Wille vorhanden w\u00e4re \u2013 hat hohe Wellen geschlagen und f\u00fcr viel Aufmerksamkeit und Verwunderung gesorgt. Nicht nur bei den Gl\u00fccklichen, die ein reales [&hellip;]","og_url":"https:\/\/konsumpf.de\/?p=3545","og_site_name":"Konsumpf - Forum f\u00fcr kreative Konsumkritik - Culture Jamming, Nachhaltigkeit, Konzernkritik, Adbusting","article_published_time":"2009-03-23T09:03:06+00:00","article_modified_time":"2009-03-25T15:17:52+00:00","og_image":[{"url":"http:\/\/konsumpf.de\/wp-content\/uploads\/2009\/03\/attac-zeit-anzeige-nestle-516x1024.jpg","type":"","width":"","height":""}],"author":"Peter M.","twitter_card":"summary_large_image","twitter_misc":{"Verfasst von":"Peter M.","Gesch\u00e4tzte Lesezeit":"3\u00a0Minuten"},"schema":{"@context":"https:\/\/schema.org","@graph":[{"@type":"WebPage","@id":"https:\/\/konsumpf.de\/?p=3545","url":"https:\/\/konsumpf.de\/?p=3545","name":"Nachbetrachtung zur Fake-ZEIT-Aktion - Konsumpf - Forum f\u00fcr kreative Konsumkritik - Culture Jamming, Nachhaltigkeit, Konzernkritik, Adbusting","isPartOf":{"@id":"https:\/\/konsumpf.de\/#website"},"primaryImageOfPage":{"@id":"https:\/\/konsumpf.de\/?p=3545#primaryimage"},"image":{"@id":"https:\/\/konsumpf.de\/?p=3545#primaryimage"},"thumbnailUrl":"http:\/\/konsumpf.de\/wp-content\/uploads\/2009\/03\/attac-zeit-anzeige-nestle-516x1024.jpg","datePublished":"2009-03-23T09:03:06+00:00","dateModified":"2009-03-25T15:17:52+00:00","author":{"@id":"https:\/\/konsumpf.de\/#\/schema\/person\/e595a6d286b26994e7e0926d70699070"},"breadcrumb":{"@id":"https:\/\/konsumpf.de\/?p=3545#breadcrumb"},"inLanguage":"de","potentialAction":[{"@type":"ReadAction","target":["https:\/\/konsumpf.de\/?p=3545"]}]},{"@type":"ImageObject","inLanguage":"de","@id":"https:\/\/konsumpf.de\/?p=3545#primaryimage","url":"https:\/\/konsumpf.de\/wp-content\/uploads\/2009\/03\/attac-zeit-anzeige-nestle.jpg","contentUrl":"https:\/\/konsumpf.de\/wp-content\/uploads\/2009\/03\/attac-zeit-anzeige-nestle.jpg","width":"823","height":"1632"},{"@type":"BreadcrumbList","@id":"https:\/\/konsumpf.de\/?p=3545#breadcrumb","itemListElement":[{"@type":"ListItem","position":1,"name":"Startseite","item":"https:\/\/konsumpf.de\/"},{"@type":"ListItem","position":2,"name":"Nachbetrachtung zur Fake-ZEIT-Aktion"}]},{"@type":"WebSite","@id":"https:\/\/konsumpf.de\/#website","url":"https:\/\/konsumpf.de\/","name":"Konsumpf - Forum f\u00fcr kreative Konsumkritik - Culture Jamming, Nachhaltigkeit, Konzernkritik, Adbusting","description":"","potentialAction":[{"@type":"SearchAction","target":{"@type":"EntryPoint","urlTemplate":"https:\/\/konsumpf.de\/?s={search_term_string}"},"query-input":{"@type":"PropertyValueSpecification","valueRequired":true,"valueName":"search_term_string"}}],"inLanguage":"de"},{"@type":"Person","@id":"https:\/\/konsumpf.de\/#\/schema\/person\/e595a6d286b26994e7e0926d70699070","name":"Peter M.","sameAs":["http:\/\/konsumpf.de"]}]}},"_links":{"self":[{"href":"https:\/\/konsumpf.de\/index.php?rest_route=\/wp\/v2\/posts\/3545"}],"collection":[{"href":"https:\/\/konsumpf.de\/index.php?rest_route=\/wp\/v2\/posts"}],"about":[{"href":"https:\/\/konsumpf.de\/index.php?rest_route=\/wp\/v2\/types\/post"}],"author":[{"embeddable":true,"href":"https:\/\/konsumpf.de\/index.php?rest_route=\/wp\/v2\/users\/1"}],"replies":[{"embeddable":true,"href":"https:\/\/konsumpf.de\/index.php?rest_route=%2Fwp%2Fv2%2Fcomments&post=3545"}],"version-history":[{"count":9,"href":"https:\/\/konsumpf.de\/index.php?rest_route=\/wp\/v2\/posts\/3545\/revisions"}],"predecessor-version":[{"id":3607,"href":"https:\/\/konsumpf.de\/index.php?rest_route=\/wp\/v2\/posts\/3545\/revisions\/3607"}],"wp:attachment":[{"href":"https:\/\/konsumpf.de\/index.php?rest_route=%2Fwp%2Fv2%2Fmedia&parent=3545"}],"wp:term":[{"taxonomy":"category","embeddable":true,"href":"https:\/\/konsumpf.de\/index.php?rest_route=%2Fwp%2Fv2%2Fcategories&post=3545"},{"taxonomy":"post_tag","embeddable":true,"href":"https:\/\/konsumpf.de\/index.php?rest_route=%2Fwp%2Fv2%2Ftags&post=3545"}],"curies":[{"name":"wp","href":"https:\/\/api.w.org\/{rel}","templated":true}]}}