{"id":3484,"date":"2009-03-22T10:14:51","date_gmt":"2009-03-22T09:14:51","guid":{"rendered":"http:\/\/konsumpf.de\/?p=3484"},"modified":"2010-11-01T20:51:40","modified_gmt":"2010-11-01T19:51:40","slug":"die-akte-kik","status":"publish","type":"post","link":"https:\/\/konsumpf.de\/?p=3484","title":{"rendered":"Die Akte kik"},"content":{"rendered":"<p>Das Thema Discounter ist und bleibt leider aktuell wie eh und je und ist quasi ein Dauerthema auch in meinem Blog. Dabei sto\u00dfen wir nicht nur bei den klassischen Lebensmitteldiscountern wie <strong>Aldi<\/strong> und <strong>Lidl<\/strong> auf <a href=\"http:\/\/konsumpf.de\/?p=2353\">viele Verst\u00f6\u00dfe und Probleme<\/a>, auch bei Drogerieketten wie <strong>Schlecker<\/strong> oder dem \u201eTextildiskont\u201c <strong>kik<\/strong> geht so manches in die v\u00f6llig falsche Richtung. Ausbeutung und Bespitzelung der eigenen Mitarbeiter, Ausbluten der Dritten Welt, Ausnutzen der Notsituation vieler Menschen, Arbeitsrechtsverletzungen, Umweltsch\u00e4den, Ressourcenverschwendung uvm. \u2013 von Nachhaltigkeit, Ethik oder Menschenw\u00fcrde keine Spur. Vor einer Weile gab es schon einmal eine <a href=\"http:\/\/www.saubere-kleidung.de\/2008\/ccc_08-01-30_pu_discounter_lidl-kik.html\">ausf\u00fchrliche Studie, die sich damit befasste, wieso die Jeans bei Lidl &amp; kik so billig sind<\/a>. Angesichts der aktuellen peinlichen Reklamekampagne von kik via BILD (die ich nat\u00fcrlich nicht verlinke!) erscheint mir nachfolgender Fernsehbeitrag aus dem ORF 2 aktueller denn je. [<a href=\"http:\/\/nokturnaltimes.wordpress.com\/2009\/03\/17\/wer-verliert-bei-billigpreisen\/\">via<\/a>]<\/p>\n<p><object width=\"500\" height=\"300\"><param name=\"movie\" value=\"http:\/\/www.youtube.com\/v\/pRzUfvFJPZY?fs=1&amp;hl=de_DE\"><\/param><param name=\"allowFullScreen\" value=\"true\"><\/param><param name=\"allowscriptaccess\" value=\"always\"><\/param><embed src=\"http:\/\/www.youtube.com\/v\/pRzUfvFJPZY?fs=1&amp;hl=de_DE\" type=\"application\/x-shockwave-flash\" allowscriptaccess=\"always\" allowfullscreen=\"true\" width=\"500\" height=\"300\"><\/embed><\/object><\/p>\n<h3 class='related_post_title'>Verwandte Beitr\u00e4ge:<\/h3><ul class='related_post'><li><a href=\"http:\/\/konsumpf.de\/?p=12338\" title=\"Sch\u00f6nf\u00e4rberei konkret bei Discountern\">Sch\u00f6nf\u00e4rberei konkret bei Discountern<\/a><\/li><li><a href=\"http:\/\/konsumpf.de\/?p=8932\" title=\"Sch\u00f6n! F\u00e4rber! PR ist Augenwischerei\">Sch\u00f6n! F\u00e4rber! PR ist Augenwischerei<\/a><\/li><li><a href=\"http:\/\/konsumpf.de\/?p=8621\" title=\"Fernsehtipp: Hauptsache billig\">Fernsehtipp: Hauptsache billig<\/a><\/li><li><a href=\"http:\/\/konsumpf.de\/?p=7045\" title=\"Ein paar Lesetipps zum Wochenende: \u201eSie k\u00f6nnen nur billig\u201c, \u201eFacebook wei\u00df alles \u00fcber uns\u201c und \u201eWann stehen die Deutschen auf?\u201c\">Ein paar Lesetipps zum Wochenende: \u201eSie k\u00f6nnen nur billig\u201c, \u201eFacebook wei\u00df alles \u00fcber uns\u201c und \u201eWann stehen die Deutschen auf?\u201c<\/a><\/li><li><a href=\"http:\/\/konsumpf.de\/?p=6095\" title=\"Billigtempel am Pranger \u2013 Neues aus der Schn\u00e4ppchenwelt\">Billigtempel am Pranger \u2013 Neues aus der Schn\u00e4ppchenwelt<\/a><\/li><\/ul>","protected":false},"excerpt":{"rendered":"<p>Das Thema Discounter ist und bleibt leider aktuell wie eh und je und ist quasi ein Dauerthema auch in meinem Blog. Dabei sto\u00dfen wir nicht nur bei den klassischen Lebensmitteldiscountern wie Aldi und Lidl auf viele Verst\u00f6\u00dfe und Probleme, auch bei Drogerieketten wie Schlecker oder dem \u201eTextildiskont\u201c kik geht so manches in die v\u00f6llig falsche [&hellip;]<\/p>\n","protected":false},"author":1,"featured_media":0,"comment_status":"open","ping_status":"open","sticky":false,"template":"","format":"standard","meta":{"footnotes":""},"categories":[23,12,16,20],"tags":[25,109,2860,193,24,619],"yoast_head":"<!-- This site is optimized with the Yoast SEO plugin v24.4 - https:\/\/yoast.com\/wordpress\/plugins\/seo\/ -->\n<title>Die Akte kik - Konsumpf - Forum f\u00fcr kreative Konsumkritik - Culture Jamming, Nachhaltigkeit, Konzernkritik, Adbusting<\/title>\n<meta name=\"robots\" content=\"index, follow, max-snippet:-1, max-image-preview:large, max-video-preview:-1\" \/>\n<link rel=\"canonical\" href=\"https:\/\/konsumpf.de\/?p=3484\" \/>\n<meta property=\"og:locale\" content=\"de_DE\" \/>\n<meta property=\"og:type\" content=\"article\" \/>\n<meta property=\"og:title\" content=\"Die Akte kik - Konsumpf - Forum f\u00fcr kreative Konsumkritik - Culture Jamming, Nachhaltigkeit, Konzernkritik, Adbusting\" \/>\n<meta property=\"og:description\" content=\"Das Thema Discounter ist und bleibt leider aktuell wie eh und je und ist quasi ein Dauerthema auch in meinem Blog. Dabei sto\u00dfen wir nicht nur bei den klassischen Lebensmitteldiscountern wie Aldi und Lidl auf viele Verst\u00f6\u00dfe und Probleme, auch bei Drogerieketten wie Schlecker oder dem \u201eTextildiskont\u201c kik geht so manches in die v\u00f6llig falsche [&hellip;]\" \/>\n<meta property=\"og:url\" content=\"https:\/\/konsumpf.de\/?p=3484\" \/>\n<meta property=\"og:site_name\" content=\"Konsumpf - Forum f\u00fcr kreative Konsumkritik - Culture Jamming, Nachhaltigkeit, Konzernkritik, Adbusting\" \/>\n<meta property=\"article:published_time\" content=\"2009-03-22T09:14:51+00:00\" \/>\n<meta property=\"article:modified_time\" content=\"2010-11-01T19:51:40+00:00\" \/>\n<meta name=\"author\" content=\"Peter M.\" \/>\n<meta name=\"twitter:card\" content=\"summary_large_image\" \/>\n<meta name=\"twitter:label1\" content=\"Verfasst von\" \/>\n\t<meta name=\"twitter:data1\" content=\"Peter M.\" \/>\n\t<meta name=\"twitter:label2\" content=\"Gesch\u00e4tzte Lesezeit\" \/>\n\t<meta name=\"twitter:data2\" content=\"1\u00a0Minute\" \/>\n<script type=\"application\/ld+json\" class=\"yoast-schema-graph\">{\"@context\":\"https:\/\/schema.org\",\"@graph\":[{\"@type\":\"WebPage\",\"@id\":\"https:\/\/konsumpf.de\/?p=3484\",\"url\":\"https:\/\/konsumpf.de\/?p=3484\",\"name\":\"Die Akte kik - Konsumpf - Forum f\u00fcr kreative Konsumkritik - Culture Jamming, Nachhaltigkeit, Konzernkritik, Adbusting\",\"isPartOf\":{\"@id\":\"https:\/\/konsumpf.de\/#website\"},\"datePublished\":\"2009-03-22T09:14:51+00:00\",\"dateModified\":\"2010-11-01T19:51:40+00:00\",\"author\":{\"@id\":\"https:\/\/konsumpf.de\/#\/schema\/person\/e595a6d286b26994e7e0926d70699070\"},\"breadcrumb\":{\"@id\":\"https:\/\/konsumpf.de\/?p=3484#breadcrumb\"},\"inLanguage\":\"de\",\"potentialAction\":[{\"@type\":\"ReadAction\",\"target\":[\"https:\/\/konsumpf.de\/?p=3484\"]}]},{\"@type\":\"BreadcrumbList\",\"@id\":\"https:\/\/konsumpf.de\/?p=3484#breadcrumb\",\"itemListElement\":[{\"@type\":\"ListItem\",\"position\":1,\"name\":\"Startseite\",\"item\":\"https:\/\/konsumpf.de\/\"},{\"@type\":\"ListItem\",\"position\":2,\"name\":\"Die Akte kik\"}]},{\"@type\":\"WebSite\",\"@id\":\"https:\/\/konsumpf.de\/#website\",\"url\":\"https:\/\/konsumpf.de\/\",\"name\":\"Konsumpf - Forum f\u00fcr kreative Konsumkritik - Culture Jamming, Nachhaltigkeit, Konzernkritik, Adbusting\",\"description\":\"\",\"potentialAction\":[{\"@type\":\"SearchAction\",\"target\":{\"@type\":\"EntryPoint\",\"urlTemplate\":\"https:\/\/konsumpf.de\/?s={search_term_string}\"},\"query-input\":{\"@type\":\"PropertyValueSpecification\",\"valueRequired\":true,\"valueName\":\"search_term_string\"}}],\"inLanguage\":\"de\"},{\"@type\":\"Person\",\"@id\":\"https:\/\/konsumpf.de\/#\/schema\/person\/e595a6d286b26994e7e0926d70699070\",\"name\":\"Peter M.\",\"sameAs\":[\"http:\/\/konsumpf.de\"]}]}<\/script>\n<!-- \/ Yoast SEO plugin. -->","yoast_head_json":{"title":"Die Akte kik - Konsumpf - Forum f\u00fcr kreative Konsumkritik - Culture Jamming, Nachhaltigkeit, Konzernkritik, Adbusting","robots":{"index":"index","follow":"follow","max-snippet":"max-snippet:-1","max-image-preview":"max-image-preview:large","max-video-preview":"max-video-preview:-1"},"canonical":"https:\/\/konsumpf.de\/?p=3484","og_locale":"de_DE","og_type":"article","og_title":"Die Akte kik - Konsumpf - Forum f\u00fcr kreative Konsumkritik - Culture Jamming, Nachhaltigkeit, Konzernkritik, Adbusting","og_description":"Das Thema Discounter ist und bleibt leider aktuell wie eh und je und ist quasi ein Dauerthema auch in meinem Blog. Dabei sto\u00dfen wir nicht nur bei den klassischen Lebensmitteldiscountern wie Aldi und Lidl auf viele Verst\u00f6\u00dfe und Probleme, auch bei Drogerieketten wie Schlecker oder dem \u201eTextildiskont\u201c kik geht so manches in die v\u00f6llig falsche [&hellip;]","og_url":"https:\/\/konsumpf.de\/?p=3484","og_site_name":"Konsumpf - Forum f\u00fcr kreative Konsumkritik - Culture Jamming, Nachhaltigkeit, Konzernkritik, Adbusting","article_published_time":"2009-03-22T09:14:51+00:00","article_modified_time":"2010-11-01T19:51:40+00:00","author":"Peter M.","twitter_card":"summary_large_image","twitter_misc":{"Verfasst von":"Peter M.","Gesch\u00e4tzte Lesezeit":"1\u00a0Minute"},"schema":{"@context":"https:\/\/schema.org","@graph":[{"@type":"WebPage","@id":"https:\/\/konsumpf.de\/?p=3484","url":"https:\/\/konsumpf.de\/?p=3484","name":"Die Akte kik - Konsumpf - Forum f\u00fcr kreative Konsumkritik - Culture Jamming, Nachhaltigkeit, Konzernkritik, Adbusting","isPartOf":{"@id":"https:\/\/konsumpf.de\/#website"},"datePublished":"2009-03-22T09:14:51+00:00","dateModified":"2010-11-01T19:51:40+00:00","author":{"@id":"https:\/\/konsumpf.de\/#\/schema\/person\/e595a6d286b26994e7e0926d70699070"},"breadcrumb":{"@id":"https:\/\/konsumpf.de\/?p=3484#breadcrumb"},"inLanguage":"de","potentialAction":[{"@type":"ReadAction","target":["https:\/\/konsumpf.de\/?p=3484"]}]},{"@type":"BreadcrumbList","@id":"https:\/\/konsumpf.de\/?p=3484#breadcrumb","itemListElement":[{"@type":"ListItem","position":1,"name":"Startseite","item":"https:\/\/konsumpf.de\/"},{"@type":"ListItem","position":2,"name":"Die Akte kik"}]},{"@type":"WebSite","@id":"https:\/\/konsumpf.de\/#website","url":"https:\/\/konsumpf.de\/","name":"Konsumpf - Forum f\u00fcr kreative Konsumkritik - Culture Jamming, Nachhaltigkeit, Konzernkritik, Adbusting","description":"","potentialAction":[{"@type":"SearchAction","target":{"@type":"EntryPoint","urlTemplate":"https:\/\/konsumpf.de\/?s={search_term_string}"},"query-input":{"@type":"PropertyValueSpecification","valueRequired":true,"valueName":"search_term_string"}}],"inLanguage":"de"},{"@type":"Person","@id":"https:\/\/konsumpf.de\/#\/schema\/person\/e595a6d286b26994e7e0926d70699070","name":"Peter M.","sameAs":["http:\/\/konsumpf.de"]}]}},"_links":{"self":[{"href":"https:\/\/konsumpf.de\/index.php?rest_route=\/wp\/v2\/posts\/3484"}],"collection":[{"href":"https:\/\/konsumpf.de\/index.php?rest_route=\/wp\/v2\/posts"}],"about":[{"href":"https:\/\/konsumpf.de\/index.php?rest_route=\/wp\/v2\/types\/post"}],"author":[{"embeddable":true,"href":"https:\/\/konsumpf.de\/index.php?rest_route=\/wp\/v2\/users\/1"}],"replies":[{"embeddable":true,"href":"https:\/\/konsumpf.de\/index.php?rest_route=%2Fwp%2Fv2%2Fcomments&post=3484"}],"version-history":[{"count":7,"href":"https:\/\/konsumpf.de\/index.php?rest_route=\/wp\/v2\/posts\/3484\/revisions"}],"predecessor-version":[{"id":9611,"href":"https:\/\/konsumpf.de\/index.php?rest_route=\/wp\/v2\/posts\/3484\/revisions\/9611"}],"wp:attachment":[{"href":"https:\/\/konsumpf.de\/index.php?rest_route=%2Fwp%2Fv2%2Fmedia&parent=3484"}],"wp:term":[{"taxonomy":"category","embeddable":true,"href":"https:\/\/konsumpf.de\/index.php?rest_route=%2Fwp%2Fv2%2Fcategories&post=3484"},{"taxonomy":"post_tag","embeddable":true,"href":"https:\/\/konsumpf.de\/index.php?rest_route=%2Fwp%2Fv2%2Ftags&post=3484"}],"curies":[{"name":"wp","href":"https:\/\/api.w.org\/{rel}","templated":true}]}}