{"id":3391,"date":"2009-03-10T10:16:40","date_gmt":"2009-03-10T09:16:40","guid":{"rendered":"http:\/\/konsumpf.de\/?p=3391"},"modified":"2009-03-09T20:36:51","modified_gmt":"2009-03-09T19:36:51","slug":"lesetipp-klaus-werner-lobos-wirtschaftskolumne-bei-jetztde","status":"publish","type":"post","link":"https:\/\/konsumpf.de\/?p=3391","title":{"rendered":"Lesetipp: Klaus-Werner Lobos Wirtschaftskolumne bei jetzt.de"},"content":{"rendered":"<p><a href=\"http:\/\/konsumpf.de\/wp-content\/uploads\/2009\/03\/kw-lobo.jpg\"><img loading=\"lazy\" decoding=\"async\" class=\"alignright size-full wp-image-3396\" title=\"kw-lobo\" src=\"http:\/\/konsumpf.de\/wp-content\/uploads\/2009\/03\/kw-lobo.jpg\" alt=\"kw-lobo\" width=\"200\" height=\"134\" \/><\/a>Den Wiener Autoren <strong>Klaus-Werner Lobo<\/strong> habe ich ja schon <a href=\"http:\/\/konsumpf.de\/?p=1013\">ein<\/a> <a href=\"http:\/\/konsumpf.de\/?p=336\">paar<\/a> <a href=\"http:\/\/konsumpf.de\/?p=3083\">Mal<\/a> in meinem Blog erw\u00e4hnt \u2013 und Lobo bleibt hochaktiv. So hat er seit drei Wochen eine eigene Kolumne bei <strong>jetzt.de<\/strong>, dem Jugendblog der <strong>S\u00fcddeutschen Zeitung<\/strong>, und in seinen interessanten Texten nimmt er des Themas Globalisierung und Konzernkritik an. In Folge 1, <strong>\u201e<a href=\"http:\/\/klauswerner.com\/2009\/02\/jetztde-zum-beispiel-globalisierung-eine-wirtschaftskolumne-i\/\">Zum Beispiel Globalisierung<\/a>\u201c<\/strong> geht es um die grundlegende Problematik, die mit der rein auf (finanz-)wirtschaftliche Zwecke und Ziele ausgerichteten Globalisierung einhergehen.<\/p>\n<blockquote><p>Das Problem dabei: Diese Art der Globalisierung bringt nur Vorteile f\u00fcr jene, die von den gro\u00dfen Einkommensunterschieden zwischen reichen und \u00e4rmeren L\u00e4ndern, von der Ausbeutung von Menschen, Umwelt und billigen Rohstoffen profitieren. Das hat dazu gef\u00fchrt, dass heute die zwei reichsten Prozent der Weltbev\u00f6lkerung mehr als die H\u00e4lfte der Weltverm\u00f6gen besitzen, w\u00e4hrend sich die \u00e4rmere H\u00e4lfte der Menschheit gemeinsam ein Prozent der Reicht\u00fcmer der Erde teilen muss und in absoluter Armut lebt. Es ist vor allem eine Globalisierung der Konzerne: Die 500 gr\u00f6\u00dften Firmen der Welt dominieren 70 Prozent des globalen Handels und fast die H\u00e4lfte des Weltsozialproduktes, obwohl sie nur 0,05 Prozent der Arbeitspl\u00e4tze weltweit sichern und kaum noch Steuern zahlen, um zum Sozialsystem beizutragen.<\/p><\/blockquote>\n<p>In Folge 2, <strong>\u201e<a href=\"http:\/\/klauswerner.com\/2009\/02\/jetztde-zum-beispiel-freiheit-eine-wirtschaftskolumne-ii\/\">Zum Beispiel Freiheit<\/a>\u201c<\/strong> wird \u00fcber die Folgen f\u00fcr Freiheit und Demokratie des sog. \u201eneoliberalen\u201c Weltbildes berichtet \u2013 denn die Wanderbewegungen von Menschen sind, anders als die weltweiten Warenstr\u00f6me, alles andere als frei \u2013, und in Folge 3, <strong>\u201e<a href=\"http:\/\/klauswerner.com\/2009\/03\/jetztde-zum-beispiel-bayer-eine-wirtschaftskolumne-iii\/\">Zum Beispiel Bayer<\/a>\u201c<\/strong> schildert Lobo, auch als Reaktion auf einige Kommentare im Blog, anhand des konkreten Beispiels von Bayers Gesch\u00e4ften im Kongo, wie gro\u00dfe Konzerne vorgehen, um an Rohstoffe und Einfluss zu gelangen und die dritte Welt (\u201elegal\u201c) auszupl\u00fcndern.<\/p>\n<blockquote><p>Das ist nur eines von vielen Beispielen, die ich \u00fcber die Machenschaften korrupter Konzerne recherchiert habe. Ist es wirklich \u00fcbertrieben, hier von Raubz\u00fcgen zu sprechen? In den Geschichtsb\u00fcchern liest man von den Raubz\u00fcgen, die K\u00f6nig Leopold II im 19. Jahrhundert im Kongo veranstaltete &#8211; obwohl er niemals einen Fu\u00df dorthin gesetzt hat. Der belgische Monarch betrachtete das afrikanische Riesenland als sein Privateigentum und profitierte von der Kautschukausbeutung. Die Folge: Millionen tote Kongolesinnen und Kongolesen. Die Chefs und die meisten Aktion\u00e4rInnen von Bayer waren vermutlich auch noch nie im Kongo, aber sie profitieren von der Tantalausbeutung. Auch hier: Millionen tote Kongolesinnen und Kongolesen.<\/p>\n<p>Was also ist der Unterschied zwischen den finsteren Zeiten von Kolonialisierung und Sklaverei des 19. und der neoliberalen Globalisierung des 21. Jahrhunderts? Damals konnte jeder, der es wissen wollte, von den Raubz\u00fcgen Leopolds und anderer skrupelloser Kolonialherren erfahren. Heute muss ich mich als Journalist an den Rand der Illegalit\u00e4t begeben, um \u00fcberhaupt nachweisen zu k\u00f6nnen, woher ein multinationales Unternehmen seine Rohstoffe bezieht. Der globalisierte Kapitalismus ist also nur anonymer und schneller geworden.<\/p><\/blockquote>\n<h3 class='related_post_title'>Verwandte Beitr\u00e4ge:<\/h3><ul class='related_post'><li><a href=\"http:\/\/konsumpf.de\/?p=336\" title=\"Buchbesprechung: Klaus Werner \/ Hans Weiss \u201eDas neue Schwarzbuch Markenfirmen\u201d\">Buchbesprechung: Klaus Werner \/ Hans Weiss \u201eDas neue Schwarzbuch Markenfirmen\u201d<\/a><\/li><li><a href=\"http:\/\/konsumpf.de\/?p=10561\" title=\"Die miesesten Firmen des letzten Jahres \u2013 der Public Eye Award 2011\">Die miesesten Firmen des letzten Jahres \u2013 der Public Eye Award 2011<\/a><\/li><li><a href=\"http:\/\/konsumpf.de\/?p=9571\" title=\"Kinderschinder \u2013 Der Preis f\u00fcr eine Tasse Kaffee\">Kinderschinder \u2013 Der Preis f\u00fcr eine Tasse Kaffee<\/a><\/li><li><a href=\"http:\/\/konsumpf.de\/?p=9311\" title=\"GenReis von BAYER gef\u00e4hrdet weltweit die Ern\u00e4hrungssicherheit \u2013 Onlineaktion\">GenReis von BAYER gef\u00e4hrdet weltweit die Ern\u00e4hrungssicherheit \u2013 Onlineaktion<\/a><\/li><li><a href=\"http:\/\/konsumpf.de\/?p=7813\" title=\"(S)hell und die Verbrechen an den Menschen in Nigeria\">(S)hell und die Verbrechen an den Menschen in Nigeria<\/a><\/li><\/ul>","protected":false},"excerpt":{"rendered":"<p>Den Wiener Autoren Klaus-Werner Lobo habe ich ja schon ein paar Mal in meinem Blog erw\u00e4hnt \u2013 und Lobo bleibt hochaktiv. So hat er seit drei Wochen eine eigene Kolumne bei jetzt.de, dem Jugendblog der S\u00fcddeutschen Zeitung, und in seinen interessanten Texten nimmt er des Themas Globalisierung und Konzernkritik an. In Folge 1, \u201eZum Beispiel [&hellip;]<\/p>\n","protected":false},"author":1,"featured_media":0,"comment_status":"open","ping_status":"open","sticky":false,"template":"","format":"standard","meta":{"footnotes":""},"categories":[259,37,12,16,53,78],"tags":[118,2865,538,2857],"yoast_head":"<!-- This site is optimized with the Yoast SEO plugin v24.4 - https:\/\/yoast.com\/wordpress\/plugins\/seo\/ -->\n<title>Lesetipp: Klaus-Werner Lobos Wirtschaftskolumne bei jetzt.de - Konsumpf - Forum f\u00fcr kreative Konsumkritik - Culture Jamming, Nachhaltigkeit, Konzernkritik, Adbusting<\/title>\n<meta name=\"robots\" content=\"index, follow, max-snippet:-1, max-image-preview:large, max-video-preview:-1\" \/>\n<link rel=\"canonical\" href=\"https:\/\/konsumpf.de\/?p=3391\" \/>\n<meta property=\"og:locale\" content=\"de_DE\" \/>\n<meta property=\"og:type\" content=\"article\" \/>\n<meta property=\"og:title\" content=\"Lesetipp: Klaus-Werner Lobos Wirtschaftskolumne bei jetzt.de - Konsumpf - Forum f\u00fcr kreative Konsumkritik - Culture Jamming, Nachhaltigkeit, Konzernkritik, Adbusting\" \/>\n<meta property=\"og:description\" content=\"Den Wiener Autoren Klaus-Werner Lobo habe ich ja schon ein paar Mal in meinem Blog erw\u00e4hnt \u2013 und Lobo bleibt hochaktiv. So hat er seit drei Wochen eine eigene Kolumne bei jetzt.de, dem Jugendblog der S\u00fcddeutschen Zeitung, und in seinen interessanten Texten nimmt er des Themas Globalisierung und Konzernkritik an. In Folge 1, \u201eZum Beispiel [&hellip;]\" \/>\n<meta property=\"og:url\" content=\"https:\/\/konsumpf.de\/?p=3391\" \/>\n<meta property=\"og:site_name\" content=\"Konsumpf - Forum f\u00fcr kreative Konsumkritik - Culture Jamming, Nachhaltigkeit, Konzernkritik, Adbusting\" \/>\n<meta property=\"article:published_time\" content=\"2009-03-10T09:16:40+00:00\" \/>\n<meta property=\"og:image\" content=\"http:\/\/konsumpf.de\/wp-content\/uploads\/2009\/03\/kw-lobo.jpg\" \/>\n<meta name=\"author\" content=\"Peter M.\" \/>\n<meta name=\"twitter:card\" content=\"summary_large_image\" \/>\n<meta name=\"twitter:label1\" content=\"Verfasst von\" \/>\n\t<meta name=\"twitter:data1\" content=\"Peter M.\" \/>\n\t<meta name=\"twitter:label2\" content=\"Gesch\u00e4tzte Lesezeit\" \/>\n\t<meta name=\"twitter:data2\" content=\"2\u00a0Minuten\" \/>\n<script type=\"application\/ld+json\" class=\"yoast-schema-graph\">{\"@context\":\"https:\/\/schema.org\",\"@graph\":[{\"@type\":\"WebPage\",\"@id\":\"https:\/\/konsumpf.de\/?p=3391\",\"url\":\"https:\/\/konsumpf.de\/?p=3391\",\"name\":\"Lesetipp: Klaus-Werner Lobos Wirtschaftskolumne bei jetzt.de - Konsumpf - Forum f\u00fcr kreative Konsumkritik - Culture Jamming, Nachhaltigkeit, Konzernkritik, Adbusting\",\"isPartOf\":{\"@id\":\"https:\/\/konsumpf.de\/#website\"},\"primaryImageOfPage\":{\"@id\":\"https:\/\/konsumpf.de\/?p=3391#primaryimage\"},\"image\":{\"@id\":\"https:\/\/konsumpf.de\/?p=3391#primaryimage\"},\"thumbnailUrl\":\"http:\/\/konsumpf.de\/wp-content\/uploads\/2009\/03\/kw-lobo.jpg\",\"datePublished\":\"2009-03-10T09:16:40+00:00\",\"author\":{\"@id\":\"https:\/\/konsumpf.de\/#\/schema\/person\/e595a6d286b26994e7e0926d70699070\"},\"breadcrumb\":{\"@id\":\"https:\/\/konsumpf.de\/?p=3391#breadcrumb\"},\"inLanguage\":\"de\",\"potentialAction\":[{\"@type\":\"ReadAction\",\"target\":[\"https:\/\/konsumpf.de\/?p=3391\"]}]},{\"@type\":\"ImageObject\",\"inLanguage\":\"de\",\"@id\":\"https:\/\/konsumpf.de\/?p=3391#primaryimage\",\"url\":\"https:\/\/konsumpf.de\/wp-content\/uploads\/2009\/03\/kw-lobo.jpg\",\"contentUrl\":\"https:\/\/konsumpf.de\/wp-content\/uploads\/2009\/03\/kw-lobo.jpg\",\"width\":\"200\",\"height\":\"134\"},{\"@type\":\"BreadcrumbList\",\"@id\":\"https:\/\/konsumpf.de\/?p=3391#breadcrumb\",\"itemListElement\":[{\"@type\":\"ListItem\",\"position\":1,\"name\":\"Startseite\",\"item\":\"https:\/\/konsumpf.de\/\"},{\"@type\":\"ListItem\",\"position\":2,\"name\":\"Lesetipp: Klaus-Werner Lobos Wirtschaftskolumne bei jetzt.de\"}]},{\"@type\":\"WebSite\",\"@id\":\"https:\/\/konsumpf.de\/#website\",\"url\":\"https:\/\/konsumpf.de\/\",\"name\":\"Konsumpf - Forum f\u00fcr kreative Konsumkritik - Culture Jamming, Nachhaltigkeit, Konzernkritik, Adbusting\",\"description\":\"\",\"potentialAction\":[{\"@type\":\"SearchAction\",\"target\":{\"@type\":\"EntryPoint\",\"urlTemplate\":\"https:\/\/konsumpf.de\/?s={search_term_string}\"},\"query-input\":{\"@type\":\"PropertyValueSpecification\",\"valueRequired\":true,\"valueName\":\"search_term_string\"}}],\"inLanguage\":\"de\"},{\"@type\":\"Person\",\"@id\":\"https:\/\/konsumpf.de\/#\/schema\/person\/e595a6d286b26994e7e0926d70699070\",\"name\":\"Peter M.\",\"sameAs\":[\"http:\/\/konsumpf.de\"]}]}<\/script>\n<!-- \/ Yoast SEO plugin. -->","yoast_head_json":{"title":"Lesetipp: Klaus-Werner Lobos Wirtschaftskolumne bei jetzt.de - Konsumpf - Forum f\u00fcr kreative Konsumkritik - Culture Jamming, Nachhaltigkeit, Konzernkritik, Adbusting","robots":{"index":"index","follow":"follow","max-snippet":"max-snippet:-1","max-image-preview":"max-image-preview:large","max-video-preview":"max-video-preview:-1"},"canonical":"https:\/\/konsumpf.de\/?p=3391","og_locale":"de_DE","og_type":"article","og_title":"Lesetipp: Klaus-Werner Lobos Wirtschaftskolumne bei jetzt.de - Konsumpf - Forum f\u00fcr kreative Konsumkritik - Culture Jamming, Nachhaltigkeit, Konzernkritik, Adbusting","og_description":"Den Wiener Autoren Klaus-Werner Lobo habe ich ja schon ein paar Mal in meinem Blog erw\u00e4hnt \u2013 und Lobo bleibt hochaktiv. So hat er seit drei Wochen eine eigene Kolumne bei jetzt.de, dem Jugendblog der S\u00fcddeutschen Zeitung, und in seinen interessanten Texten nimmt er des Themas Globalisierung und Konzernkritik an. In Folge 1, \u201eZum Beispiel [&hellip;]","og_url":"https:\/\/konsumpf.de\/?p=3391","og_site_name":"Konsumpf - Forum f\u00fcr kreative Konsumkritik - Culture Jamming, Nachhaltigkeit, Konzernkritik, Adbusting","article_published_time":"2009-03-10T09:16:40+00:00","og_image":[{"url":"http:\/\/konsumpf.de\/wp-content\/uploads\/2009\/03\/kw-lobo.jpg","type":"","width":"","height":""}],"author":"Peter M.","twitter_card":"summary_large_image","twitter_misc":{"Verfasst von":"Peter M.","Gesch\u00e4tzte Lesezeit":"2\u00a0Minuten"},"schema":{"@context":"https:\/\/schema.org","@graph":[{"@type":"WebPage","@id":"https:\/\/konsumpf.de\/?p=3391","url":"https:\/\/konsumpf.de\/?p=3391","name":"Lesetipp: Klaus-Werner Lobos Wirtschaftskolumne bei jetzt.de - Konsumpf - Forum f\u00fcr kreative Konsumkritik - Culture Jamming, Nachhaltigkeit, Konzernkritik, Adbusting","isPartOf":{"@id":"https:\/\/konsumpf.de\/#website"},"primaryImageOfPage":{"@id":"https:\/\/konsumpf.de\/?p=3391#primaryimage"},"image":{"@id":"https:\/\/konsumpf.de\/?p=3391#primaryimage"},"thumbnailUrl":"http:\/\/konsumpf.de\/wp-content\/uploads\/2009\/03\/kw-lobo.jpg","datePublished":"2009-03-10T09:16:40+00:00","author":{"@id":"https:\/\/konsumpf.de\/#\/schema\/person\/e595a6d286b26994e7e0926d70699070"},"breadcrumb":{"@id":"https:\/\/konsumpf.de\/?p=3391#breadcrumb"},"inLanguage":"de","potentialAction":[{"@type":"ReadAction","target":["https:\/\/konsumpf.de\/?p=3391"]}]},{"@type":"ImageObject","inLanguage":"de","@id":"https:\/\/konsumpf.de\/?p=3391#primaryimage","url":"https:\/\/konsumpf.de\/wp-content\/uploads\/2009\/03\/kw-lobo.jpg","contentUrl":"https:\/\/konsumpf.de\/wp-content\/uploads\/2009\/03\/kw-lobo.jpg","width":"200","height":"134"},{"@type":"BreadcrumbList","@id":"https:\/\/konsumpf.de\/?p=3391#breadcrumb","itemListElement":[{"@type":"ListItem","position":1,"name":"Startseite","item":"https:\/\/konsumpf.de\/"},{"@type":"ListItem","position":2,"name":"Lesetipp: Klaus-Werner Lobos Wirtschaftskolumne bei jetzt.de"}]},{"@type":"WebSite","@id":"https:\/\/konsumpf.de\/#website","url":"https:\/\/konsumpf.de\/","name":"Konsumpf - Forum f\u00fcr kreative Konsumkritik - Culture Jamming, Nachhaltigkeit, Konzernkritik, Adbusting","description":"","potentialAction":[{"@type":"SearchAction","target":{"@type":"EntryPoint","urlTemplate":"https:\/\/konsumpf.de\/?s={search_term_string}"},"query-input":{"@type":"PropertyValueSpecification","valueRequired":true,"valueName":"search_term_string"}}],"inLanguage":"de"},{"@type":"Person","@id":"https:\/\/konsumpf.de\/#\/schema\/person\/e595a6d286b26994e7e0926d70699070","name":"Peter M.","sameAs":["http:\/\/konsumpf.de"]}]}},"_links":{"self":[{"href":"https:\/\/konsumpf.de\/index.php?rest_route=\/wp\/v2\/posts\/3391"}],"collection":[{"href":"https:\/\/konsumpf.de\/index.php?rest_route=\/wp\/v2\/posts"}],"about":[{"href":"https:\/\/konsumpf.de\/index.php?rest_route=\/wp\/v2\/types\/post"}],"author":[{"embeddable":true,"href":"https:\/\/konsumpf.de\/index.php?rest_route=\/wp\/v2\/users\/1"}],"replies":[{"embeddable":true,"href":"https:\/\/konsumpf.de\/index.php?rest_route=%2Fwp%2Fv2%2Fcomments&post=3391"}],"version-history":[{"count":9,"href":"https:\/\/konsumpf.de\/index.php?rest_route=\/wp\/v2\/posts\/3391\/revisions"}],"predecessor-version":[{"id":3401,"href":"https:\/\/konsumpf.de\/index.php?rest_route=\/wp\/v2\/posts\/3391\/revisions\/3401"}],"wp:attachment":[{"href":"https:\/\/konsumpf.de\/index.php?rest_route=%2Fwp%2Fv2%2Fmedia&parent=3391"}],"wp:term":[{"taxonomy":"category","embeddable":true,"href":"https:\/\/konsumpf.de\/index.php?rest_route=%2Fwp%2Fv2%2Fcategories&post=3391"},{"taxonomy":"post_tag","embeddable":true,"href":"https:\/\/konsumpf.de\/index.php?rest_route=%2Fwp%2Fv2%2Ftags&post=3391"}],"curies":[{"name":"wp","href":"https:\/\/api.w.org\/{rel}","templated":true}]}}