{"id":3384,"date":"2009-03-17T10:07:14","date_gmt":"2009-03-17T09:07:14","guid":{"rendered":"http:\/\/konsumpf.de\/?p=3384"},"modified":"2009-03-16T18:14:36","modified_gmt":"2009-03-16T17:14:36","slug":"die-krise","status":"publish","type":"post","link":"https:\/\/konsumpf.de\/?p=3384","title":{"rendered":"Die Krise"},"content":{"rendered":"<p>Die Krise ist zumindest in den Medien mittlerweile ja doch in aller Munde \u2013 \u00fcberall h\u00f6rt man schauerliche Meldungen und Berichte, wie sehr der Abschwung und die Rezession weltweit zuschl\u00e4gt. Seit diesem Jahr gibt es praktisch jede Woche beispielsweise in der ZDF-Wirtschaftssendung <strong>WISO<\/strong> mindestens einen Beitrag zu diesem Thema \u2013 vorletzte Woche u.a. zu den Auswirkungen auf den Arbeitsmarkt in den USA und die Folgen f\u00fcr den Anstieg der Armut und Obdachlosigkeit im Land:<\/p>\n<p><object width=\"425\" height=\"344\" data=\"http:\/\/www.youtube.com\/v\/m4opKKh255Y&amp;hl=en&amp;fs=1\" type=\"application\/x-shockwave-flash\"><param name=\"allowFullScreen\" value=\"true\" \/><param name=\"allowscriptaccess\" value=\"always\" \/><param name=\"src\" value=\"http:\/\/www.youtube.com\/v\/m4opKKh255Y&amp;hl=en&amp;fs=1\" \/><param name=\"allowfullscreen\" value=\"true\" \/><\/object><\/p>\n<p>Wohingegen das Magazin <strong>quer<\/strong> im Bayerischen Fernsehen den Eindruck best\u00e4tigte, den ich selbst in meinem Umfeld bisher habe: von einer Wirtschaftskrise, der schwersten seit Menschheitsgedenken gar, ist vielerorts noch nichts zu sp\u00fcren, das Leben geht weiter wie bisher, man kauft ein wie immer. Allerdings zeichnet sich ein Trend zum \u201eCocooning\u201c ab, also zum Sich-Einigeln in der eigenen kleinen Welt, um die b\u00f6se Welt dort drau\u00dfen von sich fern zu halten. \u201e<strong>Flucht nach Innen:\u00a0 Wie wir uns in der Krise einrichten<\/strong>\u201c, so der Beitrag:<\/p>\n<blockquote><p>Kurzarbeit bei BMW, Schaeffler schreit um Hilfe, die Krise hat die Deutsche Wirtschaft voll erwischt. Aber da gibt es auch Gewinner: M\u00f6belh\u00e4user, Feinkostl\u00e4den und Superm\u00e4rkte verzeichnen Rekordums\u00e4tze. Immer mehr Menschen leben nach der Devise: \u201eWenn es uns schon schlecht geht, dann wenigstens mit Stil\u201c. Das \u201eCocooning\u201c, der R\u00fcckzug in die eigenen vier W\u00e4nde, wird zur Krisenstrategie der Deutschen, Und w\u00e4hrend wir es uns in der neuen Wohnzimmergarnitur bei einem guten Gl\u00e4schen Wein bequem machen, leidet die Gastronomie.<\/p><\/blockquote>\n<p style=\"text-align: center;\"><a href=\"http:\/\/www.br-online.de\/bayerisches-fernsehen\/quer\/quer-video-cocooning-ID1236900494159.xml\"><img loading=\"lazy\" decoding=\"async\" class=\"aligncenter size-medium wp-image-3473\" title=\"bild-42\" src=\"http:\/\/konsumpf.de\/wp-content\/uploads\/2009\/03\/bild-42-300x176.png\" alt=\"bild-42\" width=\"300\" height=\"176\" srcset=\"https:\/\/konsumpf.de\/wp-content\/uploads\/2009\/03\/bild-42-300x176.png 300w, https:\/\/konsumpf.de\/wp-content\/uploads\/2009\/03\/bild-42.png 593w\" sizes=\"(max-width: 300px) 100vw, 300px\" \/><\/a>(Klicken, um den Film zu starten)<\/p>\n<p>Die Wochenzeitung <strong>Der Freitag<\/strong> befasst sich dennoch mit m\u00f6glichen Szenarien, die uns bevorstehen k\u00f6nnten, wenn der generelle Trend nach unten anh\u00e4lt oder, was manch einer bef\u00fcrchtet, sich noch verst\u00e4rkt. In \u201e<a href=\"http:\/\/www.freitag.de\/wochenthema\/0910-das-geheimnis-des-untergangs\">Hallo Apokalypse<\/a>\u201c werden neben einer Analyse von Untergangsszenarien der Vergangenheit drei m\u00f6gliche Optionen dargestellt, wie es weitergehen k\u00f6nnte:<\/p>\n<p>Robert Kurz \u201e<a href=\"http:\/\/www.freitag.de\/0910-der-wei-e-tod-des-kapitalismus\">Szenario I: Der \u201awei\u00dfe Tod\u2018 des Kapitalismus<\/a>\u201c<br \/>\nHermannus Pfeifer \u201e<a href=\"http:\/\/www.freitag.de\/0910-ende-dieser-globalisierung\">Szenario II: Das Ende dieser Globalisierung<\/a>\u201c<br \/>\nWerner Vontobel \u201e<a href=\"http:\/\/www.freitag.de\/0910-harmloser-anfang-duestere-aussicht-apokalypse\">Szenario III: Harmloser Anfang, d\u00fcstere Aussicht<\/a>\u201c<\/p>\n<p>Richtig Mut macht eigentlich keines der dort gemalten Zukunftsbilder \u2013 dann vielleicht doch lieber ins M\u00f6belhaus gehen und seine Wohnung sch\u00f6n neu einrichten&#8230;<\/p>\n<h3 class='related_post_title'>Verwandte Beitr\u00e4ge:<\/h3><ul class='related_post'><li><a href=\"http:\/\/konsumpf.de\/?p=14271\" title=\"Der \u00f6konomische Putsch \u2013 Was hinter den Finanzkrisen steckt\">Der \u00f6konomische Putsch \u2013 Was hinter den Finanzkrisen steckt<\/a><\/li><li><a href=\"http:\/\/konsumpf.de\/?p=13382\" title=\"Lesetipps: Krise und Wahn | 147 Konzerne kontrollieren die Wirtschaft | Fundamentalisten | \u00d6ko\">Lesetipps: Krise und Wahn | 147 Konzerne kontrollieren die Wirtschaft | Fundamentalisten | \u00d6ko<\/a><\/li><li><a href=\"http:\/\/konsumpf.de\/?p=9722\" title=\"Obama-Land ist abgebrannt \u2013\u00a0Zustand einer Supermacht\">Obama-Land ist abgebrannt \u2013\u00a0Zustand einer Supermacht<\/a><\/li><li><a href=\"http:\/\/konsumpf.de\/?p=2689\" title=\"Die \u201eFinanzkrise\u201c \u2013 nun also doch eine Systemkrise?\">Die \u201eFinanzkrise\u201c \u2013 nun also doch eine Systemkrise?<\/a><\/li><li><a href=\"http:\/\/konsumpf.de\/?p=14357\" title=\"Islands Weg aus der Krise \u2013\u00a0ein Lehrst\u00fcck?\">Islands Weg aus der Krise \u2013\u00a0ein Lehrst\u00fcck?<\/a><\/li><\/ul>","protected":false},"excerpt":{"rendered":"<p>Die Krise ist zumindest in den Medien mittlerweile ja doch in aller Munde \u2013 \u00fcberall h\u00f6rt man schauerliche Meldungen und Berichte, wie sehr der Abschwung und die Rezession weltweit zuschl\u00e4gt. Seit diesem Jahr gibt es praktisch jede Woche beispielsweise in der ZDF-Wirtschaftssendung WISO mindestens einen Beitrag zu diesem Thema \u2013 vorletzte Woche u.a. zu den [&hellip;]<\/p>\n","protected":false},"author":1,"featured_media":0,"comment_status":"open","ping_status":"open","sticky":false,"template":"","format":"standard","meta":{"footnotes":""},"categories":[259,37,12,53,78],"tags":[610,611,608,587,14,606,31,609,181,607],"yoast_head":"<!-- This site is optimized with the Yoast SEO plugin v24.4 - https:\/\/yoast.com\/wordpress\/plugins\/seo\/ -->\n<title>Die Krise - Konsumpf - Forum f\u00fcr kreative Konsumkritik - Culture Jamming, Nachhaltigkeit, Konzernkritik, Adbusting<\/title>\n<meta name=\"robots\" content=\"index, follow, max-snippet:-1, max-image-preview:large, max-video-preview:-1\" \/>\n<link rel=\"canonical\" href=\"https:\/\/konsumpf.de\/?p=3384\" \/>\n<meta property=\"og:locale\" content=\"de_DE\" \/>\n<meta property=\"og:type\" content=\"article\" \/>\n<meta property=\"og:title\" content=\"Die Krise - Konsumpf - Forum f\u00fcr kreative Konsumkritik - Culture Jamming, Nachhaltigkeit, Konzernkritik, Adbusting\" \/>\n<meta property=\"og:description\" content=\"Die Krise ist zumindest in den Medien mittlerweile ja doch in aller Munde \u2013 \u00fcberall h\u00f6rt man schauerliche Meldungen und Berichte, wie sehr der Abschwung und die Rezession weltweit zuschl\u00e4gt. Seit diesem Jahr gibt es praktisch jede Woche beispielsweise in der ZDF-Wirtschaftssendung WISO mindestens einen Beitrag zu diesem Thema \u2013 vorletzte Woche u.a. zu den [&hellip;]\" \/>\n<meta property=\"og:url\" content=\"https:\/\/konsumpf.de\/?p=3384\" \/>\n<meta property=\"og:site_name\" content=\"Konsumpf - Forum f\u00fcr kreative Konsumkritik - Culture Jamming, Nachhaltigkeit, Konzernkritik, Adbusting\" \/>\n<meta property=\"article:published_time\" content=\"2009-03-17T09:07:14+00:00\" \/>\n<meta property=\"og:image\" content=\"http:\/\/konsumpf.de\/wp-content\/uploads\/2009\/03\/bild-42-300x176.png\" \/>\n<meta name=\"author\" content=\"Peter M.\" \/>\n<meta name=\"twitter:card\" content=\"summary_large_image\" \/>\n<meta name=\"twitter:label1\" content=\"Verfasst von\" \/>\n\t<meta name=\"twitter:data1\" content=\"Peter M.\" \/>\n\t<meta name=\"twitter:label2\" content=\"Gesch\u00e4tzte Lesezeit\" \/>\n\t<meta name=\"twitter:data2\" content=\"2\u00a0Minuten\" \/>\n<script type=\"application\/ld+json\" class=\"yoast-schema-graph\">{\"@context\":\"https:\/\/schema.org\",\"@graph\":[{\"@type\":\"WebPage\",\"@id\":\"https:\/\/konsumpf.de\/?p=3384\",\"url\":\"https:\/\/konsumpf.de\/?p=3384\",\"name\":\"Die Krise - Konsumpf - Forum f\u00fcr kreative Konsumkritik - Culture Jamming, Nachhaltigkeit, Konzernkritik, Adbusting\",\"isPartOf\":{\"@id\":\"https:\/\/konsumpf.de\/#website\"},\"primaryImageOfPage\":{\"@id\":\"https:\/\/konsumpf.de\/?p=3384#primaryimage\"},\"image\":{\"@id\":\"https:\/\/konsumpf.de\/?p=3384#primaryimage\"},\"thumbnailUrl\":\"http:\/\/konsumpf.de\/wp-content\/uploads\/2009\/03\/bild-42-300x176.png\",\"datePublished\":\"2009-03-17T09:07:14+00:00\",\"author\":{\"@id\":\"https:\/\/konsumpf.de\/#\/schema\/person\/e595a6d286b26994e7e0926d70699070\"},\"breadcrumb\":{\"@id\":\"https:\/\/konsumpf.de\/?p=3384#breadcrumb\"},\"inLanguage\":\"de\",\"potentialAction\":[{\"@type\":\"ReadAction\",\"target\":[\"https:\/\/konsumpf.de\/?p=3384\"]}]},{\"@type\":\"ImageObject\",\"inLanguage\":\"de\",\"@id\":\"https:\/\/konsumpf.de\/?p=3384#primaryimage\",\"url\":\"https:\/\/konsumpf.de\/wp-content\/uploads\/2009\/03\/bild-42.png\",\"contentUrl\":\"https:\/\/konsumpf.de\/wp-content\/uploads\/2009\/03\/bild-42.png\",\"width\":\"593\",\"height\":\"348\"},{\"@type\":\"BreadcrumbList\",\"@id\":\"https:\/\/konsumpf.de\/?p=3384#breadcrumb\",\"itemListElement\":[{\"@type\":\"ListItem\",\"position\":1,\"name\":\"Startseite\",\"item\":\"https:\/\/konsumpf.de\/\"},{\"@type\":\"ListItem\",\"position\":2,\"name\":\"Die Krise\"}]},{\"@type\":\"WebSite\",\"@id\":\"https:\/\/konsumpf.de\/#website\",\"url\":\"https:\/\/konsumpf.de\/\",\"name\":\"Konsumpf - Forum f\u00fcr kreative Konsumkritik - Culture Jamming, Nachhaltigkeit, Konzernkritik, Adbusting\",\"description\":\"\",\"potentialAction\":[{\"@type\":\"SearchAction\",\"target\":{\"@type\":\"EntryPoint\",\"urlTemplate\":\"https:\/\/konsumpf.de\/?s={search_term_string}\"},\"query-input\":{\"@type\":\"PropertyValueSpecification\",\"valueRequired\":true,\"valueName\":\"search_term_string\"}}],\"inLanguage\":\"de\"},{\"@type\":\"Person\",\"@id\":\"https:\/\/konsumpf.de\/#\/schema\/person\/e595a6d286b26994e7e0926d70699070\",\"name\":\"Peter M.\",\"sameAs\":[\"http:\/\/konsumpf.de\"]}]}<\/script>\n<!-- \/ Yoast SEO plugin. -->","yoast_head_json":{"title":"Die Krise - Konsumpf - Forum f\u00fcr kreative Konsumkritik - Culture Jamming, Nachhaltigkeit, Konzernkritik, Adbusting","robots":{"index":"index","follow":"follow","max-snippet":"max-snippet:-1","max-image-preview":"max-image-preview:large","max-video-preview":"max-video-preview:-1"},"canonical":"https:\/\/konsumpf.de\/?p=3384","og_locale":"de_DE","og_type":"article","og_title":"Die Krise - Konsumpf - Forum f\u00fcr kreative Konsumkritik - Culture Jamming, Nachhaltigkeit, Konzernkritik, Adbusting","og_description":"Die Krise ist zumindest in den Medien mittlerweile ja doch in aller Munde \u2013 \u00fcberall h\u00f6rt man schauerliche Meldungen und Berichte, wie sehr der Abschwung und die Rezession weltweit zuschl\u00e4gt. Seit diesem Jahr gibt es praktisch jede Woche beispielsweise in der ZDF-Wirtschaftssendung WISO mindestens einen Beitrag zu diesem Thema \u2013 vorletzte Woche u.a. zu den [&hellip;]","og_url":"https:\/\/konsumpf.de\/?p=3384","og_site_name":"Konsumpf - Forum f\u00fcr kreative Konsumkritik - Culture Jamming, Nachhaltigkeit, Konzernkritik, Adbusting","article_published_time":"2009-03-17T09:07:14+00:00","og_image":[{"url":"http:\/\/konsumpf.de\/wp-content\/uploads\/2009\/03\/bild-42-300x176.png","type":"","width":"","height":""}],"author":"Peter M.","twitter_card":"summary_large_image","twitter_misc":{"Verfasst von":"Peter M.","Gesch\u00e4tzte Lesezeit":"2\u00a0Minuten"},"schema":{"@context":"https:\/\/schema.org","@graph":[{"@type":"WebPage","@id":"https:\/\/konsumpf.de\/?p=3384","url":"https:\/\/konsumpf.de\/?p=3384","name":"Die Krise - Konsumpf - Forum f\u00fcr kreative Konsumkritik - Culture Jamming, Nachhaltigkeit, Konzernkritik, Adbusting","isPartOf":{"@id":"https:\/\/konsumpf.de\/#website"},"primaryImageOfPage":{"@id":"https:\/\/konsumpf.de\/?p=3384#primaryimage"},"image":{"@id":"https:\/\/konsumpf.de\/?p=3384#primaryimage"},"thumbnailUrl":"http:\/\/konsumpf.de\/wp-content\/uploads\/2009\/03\/bild-42-300x176.png","datePublished":"2009-03-17T09:07:14+00:00","author":{"@id":"https:\/\/konsumpf.de\/#\/schema\/person\/e595a6d286b26994e7e0926d70699070"},"breadcrumb":{"@id":"https:\/\/konsumpf.de\/?p=3384#breadcrumb"},"inLanguage":"de","potentialAction":[{"@type":"ReadAction","target":["https:\/\/konsumpf.de\/?p=3384"]}]},{"@type":"ImageObject","inLanguage":"de","@id":"https:\/\/konsumpf.de\/?p=3384#primaryimage","url":"https:\/\/konsumpf.de\/wp-content\/uploads\/2009\/03\/bild-42.png","contentUrl":"https:\/\/konsumpf.de\/wp-content\/uploads\/2009\/03\/bild-42.png","width":"593","height":"348"},{"@type":"BreadcrumbList","@id":"https:\/\/konsumpf.de\/?p=3384#breadcrumb","itemListElement":[{"@type":"ListItem","position":1,"name":"Startseite","item":"https:\/\/konsumpf.de\/"},{"@type":"ListItem","position":2,"name":"Die Krise"}]},{"@type":"WebSite","@id":"https:\/\/konsumpf.de\/#website","url":"https:\/\/konsumpf.de\/","name":"Konsumpf - Forum f\u00fcr kreative Konsumkritik - Culture Jamming, Nachhaltigkeit, Konzernkritik, Adbusting","description":"","potentialAction":[{"@type":"SearchAction","target":{"@type":"EntryPoint","urlTemplate":"https:\/\/konsumpf.de\/?s={search_term_string}"},"query-input":{"@type":"PropertyValueSpecification","valueRequired":true,"valueName":"search_term_string"}}],"inLanguage":"de"},{"@type":"Person","@id":"https:\/\/konsumpf.de\/#\/schema\/person\/e595a6d286b26994e7e0926d70699070","name":"Peter M.","sameAs":["http:\/\/konsumpf.de"]}]}},"_links":{"self":[{"href":"https:\/\/konsumpf.de\/index.php?rest_route=\/wp\/v2\/posts\/3384"}],"collection":[{"href":"https:\/\/konsumpf.de\/index.php?rest_route=\/wp\/v2\/posts"}],"about":[{"href":"https:\/\/konsumpf.de\/index.php?rest_route=\/wp\/v2\/types\/post"}],"author":[{"embeddable":true,"href":"https:\/\/konsumpf.de\/index.php?rest_route=\/wp\/v2\/users\/1"}],"replies":[{"embeddable":true,"href":"https:\/\/konsumpf.de\/index.php?rest_route=%2Fwp%2Fv2%2Fcomments&post=3384"}],"version-history":[{"count":8,"href":"https:\/\/konsumpf.de\/index.php?rest_route=\/wp\/v2\/posts\/3384\/revisions"}],"predecessor-version":[{"id":3479,"href":"https:\/\/konsumpf.de\/index.php?rest_route=\/wp\/v2\/posts\/3384\/revisions\/3479"}],"wp:attachment":[{"href":"https:\/\/konsumpf.de\/index.php?rest_route=%2Fwp%2Fv2%2Fmedia&parent=3384"}],"wp:term":[{"taxonomy":"category","embeddable":true,"href":"https:\/\/konsumpf.de\/index.php?rest_route=%2Fwp%2Fv2%2Fcategories&post=3384"},{"taxonomy":"post_tag","embeddable":true,"href":"https:\/\/konsumpf.de\/index.php?rest_route=%2Fwp%2Fv2%2Ftags&post=3384"}],"curies":[{"name":"wp","href":"https:\/\/api.w.org\/{rel}","templated":true}]}}