{"id":3311,"date":"2009-03-05T10:01:32","date_gmt":"2009-03-05T09:01:32","guid":{"rendered":"http:\/\/konsumpf.de\/?p=3311"},"modified":"2009-03-05T11:42:18","modified_gmt":"2009-03-05T10:42:18","slug":"die-bessere-umweltpramie-%e2%80%93-initiative-fur-neue-fahrrader","status":"publish","type":"post","link":"https:\/\/konsumpf.de\/?p=3311","title":{"rendered":"Die bessere Umweltpr\u00e4mie \u2013 Initiative f\u00fcr neue Fahrr\u00e4der"},"content":{"rendered":"<p><a href=\"http:\/\/www.vcd.org\/umweltpraemie_jetzt.html\"><img loading=\"lazy\" decoding=\"async\" class=\"alignright size-full wp-image-3312\" title=\"umweltpraemie_fahrrad\" src=\"http:\/\/konsumpf.de\/wp-content\/uploads\/2009\/03\/umweltpraemie_fahrrad.gif\" alt=\"umweltpraemie_fahrrad\" width=\"227\" height=\"237\" \/><\/a>\u00dcber die irref\u00fchrend als \u201eUmweltpr\u00e4mie\u201c verbr\u00e4mte <strong>Abwrackpr\u00e4mie<\/strong> habe ich hier ja schon einige Male kritisch berichtet \u2013 dass dieses k\u00fcnstliche Ankurbeln von Autokonsum langfristig niemandem weiterhilft, sollte klar sein. \u00c4hnliches hat sich wohl auch der <strong>Verkehrsclub Deutschland (VCD)<\/strong> gedacht, denn er schl\u00e4gt eine <strong>Umweltpr\u00e4mie<\/strong> vor, die diesen Namen auch verdient: jeder, der ein neues Fahrrad kauft und daf\u00fcr sein mindestens 9 Jahre altes Auto oder sein betagtes Fahrrad abwrackt, erh\u00e4lt 2.500 \u20ac vom Staat. Von dem Geld kann er sich zum einen das neue Rad leisten und f\u00fcr den Rest dann z.B. Fahrausweise f\u00fcr den \u00f6ffentlichen Nahverkehr. Rein von der ordnungspolitischen Lenkungswirkung her ist das sicherlich sinnvoller als Autos noch mehr zu f\u00f6rdern, weil hierdurch eben der \u00d6PNV und auch das Fahrradnetz gest\u00e4rkt w\u00fcrden. Diese Initiative kann jeder B\u00fcrger unterst\u00fctzen und beim VCD <a href=\"http:\/\/www.vcd.org\/umweltpraemie_jetzt.html\">eine vorbereitete E-Mail<\/a> an das Bundesamt f\u00fcr Verkehr und Ausfuhrkontrolle senden. [<a href=\"http:\/\/www.dayinmylife.de\/2009\/03\/03\/anstatt-fuers-auto-umweltpraemie-fuer-neues-fahrrad\/\">via<\/a>]<\/p>\n<h3 class='related_post_title'>Verwandte Beitr\u00e4ge:<\/h3><ul class='related_post'><li><a href=\"http:\/\/konsumpf.de\/?p=8164\" title=\"Weise Worte (22): Fahrr\u00e4der sind schneller als Autos\">Weise Worte (22): Fahrr\u00e4der sind schneller als Autos<\/a><\/li><li><a href=\"http:\/\/konsumpf.de\/?p=6544\" title=\"Schrottlawine: Die rostige Hinterlassenschaft der Abwrackpr\u00e4mie \">Schrottlawine: Die rostige Hinterlassenschaft der Abwrackpr\u00e4mie <\/a><\/li><li><a href=\"http:\/\/konsumpf.de\/?p=14361\" title=\"Wegezoll \u2013 Reiche Bahn la\u0308sst Regionalverkehr ausbluten\">Wegezoll \u2013 Reiche Bahn la\u0308sst Regionalverkehr ausbluten<\/a><\/li><li><a href=\"http:\/\/konsumpf.de\/?p=14220\" title=\"Abgefahren \u2013 vom Ende des Autos\">Abgefahren \u2013 vom Ende des Autos<\/a><\/li><li><a href=\"http:\/\/konsumpf.de\/?p=14205\" title=\"Beschleunigte Welt\">Beschleunigte Welt<\/a><\/li><\/ul>","protected":false},"excerpt":{"rendered":"<p>\u00dcber die irref\u00fchrend als \u201eUmweltpr\u00e4mie\u201c verbr\u00e4mte Abwrackpr\u00e4mie habe ich hier ja schon einige Male kritisch berichtet \u2013 dass dieses k\u00fcnstliche Ankurbeln von Autokonsum langfristig niemandem weiterhilft, sollte klar sein. \u00c4hnliches hat sich wohl auch der Verkehrsclub Deutschland (VCD) gedacht, denn er schl\u00e4gt eine Umweltpr\u00e4mie vor, die diesen Namen auch verdient: jeder, der ein neues Fahrrad [&hellip;]<\/p>\n","protected":false},"author":1,"featured_media":0,"comment_status":"open","ping_status":"open","sticky":false,"template":"","format":"standard","meta":{"footnotes":""},"categories":[50,78],"tags":[492,570,567,569,2886],"yoast_head":"<!-- This site is optimized with the Yoast SEO plugin v24.4 - https:\/\/yoast.com\/wordpress\/plugins\/seo\/ -->\n<title>Die bessere Umweltpr\u00e4mie \u2013 Initiative f\u00fcr neue Fahrr\u00e4der - Konsumpf - Forum f\u00fcr kreative Konsumkritik - Culture Jamming, Nachhaltigkeit, Konzernkritik, Adbusting<\/title>\n<meta name=\"robots\" content=\"index, follow, max-snippet:-1, max-image-preview:large, max-video-preview:-1\" \/>\n<link rel=\"canonical\" href=\"https:\/\/konsumpf.de\/?p=3311\" \/>\n<meta property=\"og:locale\" content=\"de_DE\" \/>\n<meta property=\"og:type\" content=\"article\" \/>\n<meta property=\"og:title\" content=\"Die bessere Umweltpr\u00e4mie \u2013 Initiative f\u00fcr neue Fahrr\u00e4der - Konsumpf - Forum f\u00fcr kreative Konsumkritik - Culture Jamming, Nachhaltigkeit, Konzernkritik, Adbusting\" \/>\n<meta property=\"og:description\" content=\"\u00dcber die irref\u00fchrend als \u201eUmweltpr\u00e4mie\u201c verbr\u00e4mte Abwrackpr\u00e4mie habe ich hier ja schon einige Male kritisch berichtet \u2013 dass dieses k\u00fcnstliche Ankurbeln von Autokonsum langfristig niemandem weiterhilft, sollte klar sein. \u00c4hnliches hat sich wohl auch der Verkehrsclub Deutschland (VCD) gedacht, denn er schl\u00e4gt eine Umweltpr\u00e4mie vor, die diesen Namen auch verdient: jeder, der ein neues Fahrrad [&hellip;]\" \/>\n<meta property=\"og:url\" content=\"https:\/\/konsumpf.de\/?p=3311\" \/>\n<meta property=\"og:site_name\" content=\"Konsumpf - Forum f\u00fcr kreative Konsumkritik - Culture Jamming, Nachhaltigkeit, Konzernkritik, Adbusting\" \/>\n<meta property=\"article:published_time\" content=\"2009-03-05T09:01:32+00:00\" \/>\n<meta property=\"article:modified_time\" content=\"2009-03-05T10:42:18+00:00\" \/>\n<meta property=\"og:image\" content=\"http:\/\/konsumpf.de\/wp-content\/uploads\/2009\/03\/umweltpraemie_fahrrad.gif\" \/>\n<meta name=\"author\" content=\"Peter M.\" \/>\n<meta name=\"twitter:card\" content=\"summary_large_image\" \/>\n<meta name=\"twitter:label1\" content=\"Verfasst von\" \/>\n\t<meta name=\"twitter:data1\" content=\"Peter M.\" \/>\n\t<meta name=\"twitter:label2\" content=\"Gesch\u00e4tzte Lesezeit\" \/>\n\t<meta name=\"twitter:data2\" content=\"1\u00a0Minute\" \/>\n<script type=\"application\/ld+json\" class=\"yoast-schema-graph\">{\"@context\":\"https:\/\/schema.org\",\"@graph\":[{\"@type\":\"WebPage\",\"@id\":\"https:\/\/konsumpf.de\/?p=3311\",\"url\":\"https:\/\/konsumpf.de\/?p=3311\",\"name\":\"Die bessere Umweltpr\u00e4mie \u2013 Initiative f\u00fcr neue Fahrr\u00e4der - Konsumpf - Forum f\u00fcr kreative Konsumkritik - Culture Jamming, Nachhaltigkeit, Konzernkritik, Adbusting\",\"isPartOf\":{\"@id\":\"https:\/\/konsumpf.de\/#website\"},\"primaryImageOfPage\":{\"@id\":\"https:\/\/konsumpf.de\/?p=3311#primaryimage\"},\"image\":{\"@id\":\"https:\/\/konsumpf.de\/?p=3311#primaryimage\"},\"thumbnailUrl\":\"http:\/\/konsumpf.de\/wp-content\/uploads\/2009\/03\/umweltpraemie_fahrrad.gif\",\"datePublished\":\"2009-03-05T09:01:32+00:00\",\"dateModified\":\"2009-03-05T10:42:18+00:00\",\"author\":{\"@id\":\"https:\/\/konsumpf.de\/#\/schema\/person\/e595a6d286b26994e7e0926d70699070\"},\"breadcrumb\":{\"@id\":\"https:\/\/konsumpf.de\/?p=3311#breadcrumb\"},\"inLanguage\":\"de\",\"potentialAction\":[{\"@type\":\"ReadAction\",\"target\":[\"https:\/\/konsumpf.de\/?p=3311\"]}]},{\"@type\":\"ImageObject\",\"inLanguage\":\"de\",\"@id\":\"https:\/\/konsumpf.de\/?p=3311#primaryimage\",\"url\":\"https:\/\/konsumpf.de\/wp-content\/uploads\/2009\/03\/umweltpraemie_fahrrad.gif\",\"contentUrl\":\"https:\/\/konsumpf.de\/wp-content\/uploads\/2009\/03\/umweltpraemie_fahrrad.gif\",\"width\":\"227\",\"height\":\"237\"},{\"@type\":\"BreadcrumbList\",\"@id\":\"https:\/\/konsumpf.de\/?p=3311#breadcrumb\",\"itemListElement\":[{\"@type\":\"ListItem\",\"position\":1,\"name\":\"Startseite\",\"item\":\"https:\/\/konsumpf.de\/\"},{\"@type\":\"ListItem\",\"position\":2,\"name\":\"Die bessere Umweltpr\u00e4mie \u2013 Initiative f\u00fcr neue Fahrr\u00e4der\"}]},{\"@type\":\"WebSite\",\"@id\":\"https:\/\/konsumpf.de\/#website\",\"url\":\"https:\/\/konsumpf.de\/\",\"name\":\"Konsumpf - Forum f\u00fcr kreative Konsumkritik - Culture Jamming, Nachhaltigkeit, Konzernkritik, Adbusting\",\"description\":\"\",\"potentialAction\":[{\"@type\":\"SearchAction\",\"target\":{\"@type\":\"EntryPoint\",\"urlTemplate\":\"https:\/\/konsumpf.de\/?s={search_term_string}\"},\"query-input\":{\"@type\":\"PropertyValueSpecification\",\"valueRequired\":true,\"valueName\":\"search_term_string\"}}],\"inLanguage\":\"de\"},{\"@type\":\"Person\",\"@id\":\"https:\/\/konsumpf.de\/#\/schema\/person\/e595a6d286b26994e7e0926d70699070\",\"name\":\"Peter M.\",\"sameAs\":[\"http:\/\/konsumpf.de\"]}]}<\/script>\n<!-- \/ Yoast SEO plugin. -->","yoast_head_json":{"title":"Die bessere Umweltpr\u00e4mie \u2013 Initiative f\u00fcr neue Fahrr\u00e4der - Konsumpf - Forum f\u00fcr kreative Konsumkritik - Culture Jamming, Nachhaltigkeit, Konzernkritik, Adbusting","robots":{"index":"index","follow":"follow","max-snippet":"max-snippet:-1","max-image-preview":"max-image-preview:large","max-video-preview":"max-video-preview:-1"},"canonical":"https:\/\/konsumpf.de\/?p=3311","og_locale":"de_DE","og_type":"article","og_title":"Die bessere Umweltpr\u00e4mie \u2013 Initiative f\u00fcr neue Fahrr\u00e4der - Konsumpf - Forum f\u00fcr kreative Konsumkritik - Culture Jamming, Nachhaltigkeit, Konzernkritik, Adbusting","og_description":"\u00dcber die irref\u00fchrend als \u201eUmweltpr\u00e4mie\u201c verbr\u00e4mte Abwrackpr\u00e4mie habe ich hier ja schon einige Male kritisch berichtet \u2013 dass dieses k\u00fcnstliche Ankurbeln von Autokonsum langfristig niemandem weiterhilft, sollte klar sein. \u00c4hnliches hat sich wohl auch der Verkehrsclub Deutschland (VCD) gedacht, denn er schl\u00e4gt eine Umweltpr\u00e4mie vor, die diesen Namen auch verdient: jeder, der ein neues Fahrrad [&hellip;]","og_url":"https:\/\/konsumpf.de\/?p=3311","og_site_name":"Konsumpf - Forum f\u00fcr kreative Konsumkritik - Culture Jamming, Nachhaltigkeit, Konzernkritik, Adbusting","article_published_time":"2009-03-05T09:01:32+00:00","article_modified_time":"2009-03-05T10:42:18+00:00","og_image":[{"url":"http:\/\/konsumpf.de\/wp-content\/uploads\/2009\/03\/umweltpraemie_fahrrad.gif","type":"","width":"","height":""}],"author":"Peter M.","twitter_card":"summary_large_image","twitter_misc":{"Verfasst von":"Peter M.","Gesch\u00e4tzte Lesezeit":"1\u00a0Minute"},"schema":{"@context":"https:\/\/schema.org","@graph":[{"@type":"WebPage","@id":"https:\/\/konsumpf.de\/?p=3311","url":"https:\/\/konsumpf.de\/?p=3311","name":"Die bessere Umweltpr\u00e4mie \u2013 Initiative f\u00fcr neue Fahrr\u00e4der - Konsumpf - Forum f\u00fcr kreative Konsumkritik - Culture Jamming, Nachhaltigkeit, Konzernkritik, Adbusting","isPartOf":{"@id":"https:\/\/konsumpf.de\/#website"},"primaryImageOfPage":{"@id":"https:\/\/konsumpf.de\/?p=3311#primaryimage"},"image":{"@id":"https:\/\/konsumpf.de\/?p=3311#primaryimage"},"thumbnailUrl":"http:\/\/konsumpf.de\/wp-content\/uploads\/2009\/03\/umweltpraemie_fahrrad.gif","datePublished":"2009-03-05T09:01:32+00:00","dateModified":"2009-03-05T10:42:18+00:00","author":{"@id":"https:\/\/konsumpf.de\/#\/schema\/person\/e595a6d286b26994e7e0926d70699070"},"breadcrumb":{"@id":"https:\/\/konsumpf.de\/?p=3311#breadcrumb"},"inLanguage":"de","potentialAction":[{"@type":"ReadAction","target":["https:\/\/konsumpf.de\/?p=3311"]}]},{"@type":"ImageObject","inLanguage":"de","@id":"https:\/\/konsumpf.de\/?p=3311#primaryimage","url":"https:\/\/konsumpf.de\/wp-content\/uploads\/2009\/03\/umweltpraemie_fahrrad.gif","contentUrl":"https:\/\/konsumpf.de\/wp-content\/uploads\/2009\/03\/umweltpraemie_fahrrad.gif","width":"227","height":"237"},{"@type":"BreadcrumbList","@id":"https:\/\/konsumpf.de\/?p=3311#breadcrumb","itemListElement":[{"@type":"ListItem","position":1,"name":"Startseite","item":"https:\/\/konsumpf.de\/"},{"@type":"ListItem","position":2,"name":"Die bessere Umweltpr\u00e4mie \u2013 Initiative f\u00fcr neue Fahrr\u00e4der"}]},{"@type":"WebSite","@id":"https:\/\/konsumpf.de\/#website","url":"https:\/\/konsumpf.de\/","name":"Konsumpf - Forum f\u00fcr kreative Konsumkritik - Culture Jamming, Nachhaltigkeit, Konzernkritik, Adbusting","description":"","potentialAction":[{"@type":"SearchAction","target":{"@type":"EntryPoint","urlTemplate":"https:\/\/konsumpf.de\/?s={search_term_string}"},"query-input":{"@type":"PropertyValueSpecification","valueRequired":true,"valueName":"search_term_string"}}],"inLanguage":"de"},{"@type":"Person","@id":"https:\/\/konsumpf.de\/#\/schema\/person\/e595a6d286b26994e7e0926d70699070","name":"Peter M.","sameAs":["http:\/\/konsumpf.de"]}]}},"_links":{"self":[{"href":"https:\/\/konsumpf.de\/index.php?rest_route=\/wp\/v2\/posts\/3311"}],"collection":[{"href":"https:\/\/konsumpf.de\/index.php?rest_route=\/wp\/v2\/posts"}],"about":[{"href":"https:\/\/konsumpf.de\/index.php?rest_route=\/wp\/v2\/types\/post"}],"author":[{"embeddable":true,"href":"https:\/\/konsumpf.de\/index.php?rest_route=\/wp\/v2\/users\/1"}],"replies":[{"embeddable":true,"href":"https:\/\/konsumpf.de\/index.php?rest_route=%2Fwp%2Fv2%2Fcomments&post=3311"}],"version-history":[{"count":4,"href":"https:\/\/konsumpf.de\/index.php?rest_route=\/wp\/v2\/posts\/3311\/revisions"}],"predecessor-version":[{"id":3322,"href":"https:\/\/konsumpf.de\/index.php?rest_route=\/wp\/v2\/posts\/3311\/revisions\/3322"}],"wp:attachment":[{"href":"https:\/\/konsumpf.de\/index.php?rest_route=%2Fwp%2Fv2%2Fmedia&parent=3311"}],"wp:term":[{"taxonomy":"category","embeddable":true,"href":"https:\/\/konsumpf.de\/index.php?rest_route=%2Fwp%2Fv2%2Fcategories&post=3311"},{"taxonomy":"post_tag","embeddable":true,"href":"https:\/\/konsumpf.de\/index.php?rest_route=%2Fwp%2Fv2%2Ftags&post=3311"}],"curies":[{"name":"wp","href":"https:\/\/api.w.org\/{rel}","templated":true}]}}