{"id":3216,"date":"2009-03-01T10:10:53","date_gmt":"2009-03-01T09:10:53","guid":{"rendered":"http:\/\/konsumpf.de\/?p=3216"},"modified":"2009-03-01T16:56:11","modified_gmt":"2009-03-01T15:56:11","slug":"warum-es-zivilen-ungehorsam-braucht-um-unsere-allgemeinguter-zu-verteidigen","status":"publish","type":"post","link":"https:\/\/konsumpf.de\/?p=3216","title":{"rendered":"\u201eWarum es zivilen Ungehorsam braucht, um unsere Allgemeing\u00fcter zu verteidigen\u201c"},"content":{"rendered":"<div id=\"attachment_3218\" style=\"width: 271px\" class=\"wp-caption alignright\"><a href=\"http:\/\/konsumpf.de\/wp-content\/uploads\/2009\/02\/vandana-shiva.jpg\"><img loading=\"lazy\" decoding=\"async\" aria-describedby=\"caption-attachment-3218\" class=\"size-medium wp-image-3218\" title=\"vandana-shiva\" src=\"http:\/\/konsumpf.de\/wp-content\/uploads\/2009\/02\/vandana-shiva-300x199.jpg\" alt=\"vandana-shiva\" width=\"261\" height=\"173\" srcset=\"https:\/\/konsumpf.de\/wp-content\/uploads\/2009\/02\/vandana-shiva-300x199.jpg 300w, https:\/\/konsumpf.de\/wp-content\/uploads\/2009\/02\/vandana-shiva.jpg 440w\" sizes=\"(max-width: 261px) 100vw, 261px\" \/><\/a><p id=\"caption-attachment-3218\" class=\"wp-caption-text\">Quelle: medico international<\/p><\/div>\n<p>Die indische Tr\u00e4gerin des Alternativen Nobelpreises und bekannte Globalisierungskritikerin <strong>Vandana Shiva<\/strong> setzt sich in ihrer Heimat schon seit l\u00e4ngerem f\u00fcr die Rechte der indischen Urbev\u00f6lkerung und ein und k\u00e4mpft gegen die sich immer weiter ausbreitenden, \u00fcberm\u00e4chtig wirkenden Gro\u00dfkonzerne, die dabei sind, den Globus unter sich aufzuteilen. Auf der Konferenz <strong>\u201eMedico international\u201c<\/strong> hielt sie eine bemerkenswerte Rede \u00fcber die Zust\u00e4nde in Indien und dem Rest der Welt vor dem Hintergrund dieser Konzernmacht und ihrer negativen Folgen f\u00fcr die meisten Menschen. Ihre Rede erschien vor einigen Tagen in der <strong>Neuen Rheinischen Zeitung<\/strong> (einem unabh\u00e4ngigen Nachrichtenportal f\u00fcr K\u00f6ln &amp; Umgebung) unter dem Titel \u201e<a href=\"http:\/\/www.nrhz.de\/flyer\/beitrag.php?id=13486\">Wider die Angst: Satygraha. <\/a><span class=\"text_small\"><a href=\"http:\/\/www.nrhz.de\/flyer\/beitrag.php?id=13486\">Warum es zivilen Ungehorsam braucht, um unsere Allgemeing\u00fcter zu verteidigen.<\/a>\u201c, hier ein paar Ausz\u00fcge:<br \/>\n<\/span><\/p>\n<blockquote><p>Die Herrschaft der internationalen Konzerne hat f\u00fcr die Menschen in Indien bereits Z\u00fcge der totalen Kontrolle \u00fcber Handel und Wirtschaft angenommen, so wie sie einst die East Indian Company aus\u00fcbte. Damals hatten wir die East Indian Company, jetzt haben wir Saatguthersteller, Pharmamultis, chemische und biogenetische Bigplayer, die unser Land regieren.<\/p>\n<p><strong><span class=\"text_teaser_cc\"><span class=\"text_teaser_cc\">Diktatur von f\u00fcnf Konzernen<\/span><\/span><\/strong><br \/>\nImmer deutlicher wird, dass das Gesundheitswesen und die Lebensmittelversorgung weltweit von f\u00fcnf Konzernen bestimmt werden. Aus meiner Sicht ist das Diktatur und keine Wirtschaftsdemokratie. Ein Wandlungsprozess hat stattgefunden. Die Demokratie ist nicht mehr vom und f\u00fcr das Volk, sondern von und f\u00fcr die Konzerne. Wenn wir uns heute hier mit einer Neubestimmung von Solidarit\u00e4t besch\u00e4ftigen, dann m\u00fcssen wir mit dieser Herrschaft der Konzerne umgehen. Wenn wir dar\u00fcber nicht reden, werden wir nicht die n\u00e4chsten Schritte auf dem Weg zur Verteidigung unserer Freiheiten und zu unserer Befreiung bestimmen k\u00f6nnen.<\/p>\n<p>(&#8230;) Meine T\u00e4tigkeit ist darauf ausgerichtet, dass Lebensgrundlagen nicht privatisiert werden, dass Bauern das Recht auf Reproduktion von Saatgut haben, dass wir pharmazeutische Produkte selbst herstellen k\u00f6nnen. Denn unsere eigenen Medikamente kosten hundertmal weniger als die der gro\u00dfen internationalen Unternehmen.<\/p>\n<p>Wir befinden uns mitten in einer Lebensmittelkrise. Die Financial Times und das Wall Street Journal berichten von einem neuen Plan der Weltbank. Aber der neue Plan der Weltbank ist der alte Plan, der diese Ern\u00e4hrungskrise verursacht hat. Nun sollen unsere Steuergelder daf\u00fcr eingesetzt werden, um genetisch ver\u00e4ndertes Saatgut und D\u00fcngemittel noch h\u00f6her zu subventionieren und um sie noch schneller im S\u00fcden einzusetzen. Subventioniert werden auch Suez, Vivendi und RWE, die ganz scharf darauf sind, jeden Tropfen Wasser zu privatisieren.<\/p>\n<p>(&#8230;) Die Privatisierung von Wasser bringt Milliardenprofite. Ein ungeheures Gesch\u00e4ft mit einem existentiellen Bed\u00fcrfnis der Menschen, das nun zu Marktpreisen befriedigt werden soll. Was Marktpreise bedeuten, wissen wir. Coca Cola stiehlt jeden Tag zwischen 1,5 und 2 Millionen Liter Wasser, jede einzelne Coca-Cola-Niederlassung nimmt sich ihr Wasser. Es brauchte den Mut einer Frau aus Kerala, die sich dagegen wehrte, dass sie jeden Tag noch mehr Meilen laufen musste, um an Trinkwasser zu kommen, w\u00e4hrend Coca Cola es einfach nahm und verschmutzt zur\u00fccklie\u00df. Sie hat zusammen mit weiteren zehn Frauen vor sechs Jahren eine Aktion zivilen Ungehorsams vor den Werkstoren von Coca Cola begonnen. Daraus entstand eine zivilgesellschaftliche Bewegung, der es am Ende gelang, die Schlie\u00dfung des Werkes zu erreichen.<\/p>\n<p>(&#8230;) Eine der Illusionen, die sie uns verkaufen, ist, dass es mehr \u00f6konomische Freiheit bringen w\u00fcrde, wenn wir wirtschaftliche Unabh\u00e4ngigkeit aufgeben. Sie ersetzen unsere Freiheiten als Arbeiter, als Angestellte, als Bauern, als Krankenschwestern, als \u00c4rzte durch das Recht der Superm\u00e4rkte, das Recht und die Freiheit zu kaufen. Wir werden zu Konsumenten reduziert. Der Konsumismus soll unsere Erfahrung der Freiheit sein und damit partizipieren wir am Katastrophenkapitalismus.<\/p>\n<p><strong>Unsere Allgemeing\u00fcter solidarisch verteidigen!<\/strong><br \/>\nDer Konsumismus ist f\u00fcr unseren Planeten ein Krebsgeschw\u00fcr im Endstadium. Er hat einen unstillbaren Appetit auf unsere Ressourcen und unsere Allgemeing\u00fcter, unsere Commons. Solidarit\u00e4t hei\u00dft deshalb heute, unsere Allgemeing\u00fcter auf lokaler und globaler Ebene zu verteidigen.<\/p>\n<p>(&#8230;) Der letzte Widerstand ist der Widerstand gegen die Angst. Wir m\u00fcssen klarmachen, dass wir nur die Gesetze anerkennen, die auf Gerechtigkeit und \u00d6kologie basieren und nicht die der Konzerne. Solche Gesetze werden tagt\u00e4glich geschaffen, um unser Leben zu kontrollieren und uns davon abzuhalten, aktiv zu werden. Sie reduzieren uns auf die Angst.<\/p>\n<p>Das ist Faschismus, das ist das endg\u00fcltige Ende der Freiheit, die wir so sehr brauchen. Wir k\u00f6nnen uns nicht leisten, dass das Prinzip der Angst die Welt beherrscht, als letzter Weg, um eine Menschheit, die sich nach Freiheit, Gemeinsamkeit und Solidarit\u00e4t sehnt, zum Schweigen zu bringen.<\/p><\/blockquote>\n<p>[via <a href=\"http:\/\/www.duckhome.de\/tb\/archives\/5523-Aufgelesen-117.html\">Duckhome<\/a>]<\/p>\n<h3 class='related_post_title'>Verwandte Beitr\u00e4ge:<\/h3><ul class='related_post'><li><a href=\"http:\/\/konsumpf.de\/?p=15259\" title=\"Lesetipps: Freihandelsabkommen | Wirtschaftswachstum | Billiggesellschaft | Kampf gegen Verpackungen | Autofrei | Adbusting\">Lesetipps: Freihandelsabkommen | Wirtschaftswachstum | Billiggesellschaft | Kampf gegen Verpackungen | Autofrei | Adbusting<\/a><\/li><li><a href=\"http:\/\/konsumpf.de\/?p=4379\" title=\"Nichts geht ohne Coca Cola\">Nichts geht ohne Coca Cola<\/a><\/li><li><a href=\"http:\/\/konsumpf.de\/?p=4563\" title=\"Kritik am Konsumwahn\">Kritik am Konsumwahn<\/a><\/li><li><a href=\"http:\/\/konsumpf.de\/?p=12802\" title=\"Der Fall Coca-Cola\">Der Fall Coca-Cola<\/a><\/li><li><a href=\"http:\/\/konsumpf.de\/?p=11641\" title=\"Agropoly &#8211; Wenige Konzerne beherrschen die weltweite Lebensmittelproduktion\">Agropoly &#8211; Wenige Konzerne beherrschen die weltweite Lebensmittelproduktion<\/a><\/li><\/ul>","protected":false},"excerpt":{"rendered":"<p>Die indische Tr\u00e4gerin des Alternativen Nobelpreises und bekannte Globalisierungskritikerin Vandana Shiva setzt sich in ihrer Heimat schon seit l\u00e4ngerem f\u00fcr die Rechte der indischen Urbev\u00f6lkerung und ein und k\u00e4mpft gegen die sich immer weiter ausbreitenden, \u00fcberm\u00e4chtig wirkenden Gro\u00dfkonzerne, die dabei sind, den Globus unter sich aufzuteilen. Auf der Konferenz \u201eMedico international\u201c hielt sie eine bemerkenswerte [&hellip;]<\/p>\n","protected":false},"author":1,"featured_media":0,"comment_status":"open","ping_status":"open","sticky":false,"template":"","format":"standard","meta":{"footnotes":""},"categories":[37,12,53,78],"tags":[258,2865,555,556,130,271,558,554,557],"yoast_head":"<!-- This site is optimized with the Yoast SEO plugin v24.4 - https:\/\/yoast.com\/wordpress\/plugins\/seo\/ -->\n<title>\u201eWarum es zivilen Ungehorsam braucht, um unsere Allgemeing\u00fcter zu verteidigen\u201c - Konsumpf - Forum f\u00fcr kreative Konsumkritik - Culture Jamming, Nachhaltigkeit, Konzernkritik, Adbusting<\/title>\n<meta name=\"robots\" content=\"index, follow, max-snippet:-1, max-image-preview:large, max-video-preview:-1\" \/>\n<link rel=\"canonical\" href=\"https:\/\/konsumpf.de\/?p=3216\" \/>\n<meta property=\"og:locale\" content=\"de_DE\" \/>\n<meta property=\"og:type\" content=\"article\" \/>\n<meta property=\"og:title\" content=\"\u201eWarum es zivilen Ungehorsam braucht, um unsere Allgemeing\u00fcter zu verteidigen\u201c - Konsumpf - Forum f\u00fcr kreative Konsumkritik - Culture Jamming, Nachhaltigkeit, Konzernkritik, Adbusting\" \/>\n<meta property=\"og:description\" content=\"Die indische Tr\u00e4gerin des Alternativen Nobelpreises und bekannte Globalisierungskritikerin Vandana Shiva setzt sich in ihrer Heimat schon seit l\u00e4ngerem f\u00fcr die Rechte der indischen Urbev\u00f6lkerung und ein und k\u00e4mpft gegen die sich immer weiter ausbreitenden, \u00fcberm\u00e4chtig wirkenden Gro\u00dfkonzerne, die dabei sind, den Globus unter sich aufzuteilen. Auf der Konferenz \u201eMedico international\u201c hielt sie eine bemerkenswerte [&hellip;]\" \/>\n<meta property=\"og:url\" content=\"https:\/\/konsumpf.de\/?p=3216\" \/>\n<meta property=\"og:site_name\" content=\"Konsumpf - Forum f\u00fcr kreative Konsumkritik - Culture Jamming, Nachhaltigkeit, Konzernkritik, Adbusting\" \/>\n<meta property=\"article:published_time\" content=\"2009-03-01T09:10:53+00:00\" \/>\n<meta property=\"article:modified_time\" content=\"2009-03-01T15:56:11+00:00\" \/>\n<meta property=\"og:image\" content=\"http:\/\/konsumpf.de\/wp-content\/uploads\/2009\/02\/vandana-shiva-300x199.jpg\" \/>\n<meta name=\"author\" content=\"Peter M.\" \/>\n<meta name=\"twitter:card\" content=\"summary_large_image\" \/>\n<meta name=\"twitter:label1\" content=\"Verfasst von\" \/>\n\t<meta name=\"twitter:data1\" content=\"Peter M.\" \/>\n\t<meta name=\"twitter:label2\" content=\"Gesch\u00e4tzte Lesezeit\" \/>\n\t<meta name=\"twitter:data2\" content=\"4\u00a0Minuten\" \/>\n<script type=\"application\/ld+json\" class=\"yoast-schema-graph\">{\"@context\":\"https:\/\/schema.org\",\"@graph\":[{\"@type\":\"WebPage\",\"@id\":\"https:\/\/konsumpf.de\/?p=3216\",\"url\":\"https:\/\/konsumpf.de\/?p=3216\",\"name\":\"\u201eWarum es zivilen Ungehorsam braucht, um unsere Allgemeing\u00fcter zu verteidigen\u201c - Konsumpf - Forum f\u00fcr kreative Konsumkritik - Culture Jamming, Nachhaltigkeit, Konzernkritik, Adbusting\",\"isPartOf\":{\"@id\":\"https:\/\/konsumpf.de\/#website\"},\"primaryImageOfPage\":{\"@id\":\"https:\/\/konsumpf.de\/?p=3216#primaryimage\"},\"image\":{\"@id\":\"https:\/\/konsumpf.de\/?p=3216#primaryimage\"},\"thumbnailUrl\":\"http:\/\/konsumpf.de\/wp-content\/uploads\/2009\/02\/vandana-shiva-300x199.jpg\",\"datePublished\":\"2009-03-01T09:10:53+00:00\",\"dateModified\":\"2009-03-01T15:56:11+00:00\",\"author\":{\"@id\":\"https:\/\/konsumpf.de\/#\/schema\/person\/e595a6d286b26994e7e0926d70699070\"},\"breadcrumb\":{\"@id\":\"https:\/\/konsumpf.de\/?p=3216#breadcrumb\"},\"inLanguage\":\"de\",\"potentialAction\":[{\"@type\":\"ReadAction\",\"target\":[\"https:\/\/konsumpf.de\/?p=3216\"]}]},{\"@type\":\"ImageObject\",\"inLanguage\":\"de\",\"@id\":\"https:\/\/konsumpf.de\/?p=3216#primaryimage\",\"url\":\"https:\/\/konsumpf.de\/wp-content\/uploads\/2009\/02\/vandana-shiva.jpg\",\"contentUrl\":\"https:\/\/konsumpf.de\/wp-content\/uploads\/2009\/02\/vandana-shiva.jpg\",\"width\":\"440\",\"height\":\"293\"},{\"@type\":\"BreadcrumbList\",\"@id\":\"https:\/\/konsumpf.de\/?p=3216#breadcrumb\",\"itemListElement\":[{\"@type\":\"ListItem\",\"position\":1,\"name\":\"Startseite\",\"item\":\"https:\/\/konsumpf.de\/\"},{\"@type\":\"ListItem\",\"position\":2,\"name\":\"\u201eWarum es zivilen Ungehorsam braucht, um unsere Allgemeing\u00fcter zu verteidigen\u201c\"}]},{\"@type\":\"WebSite\",\"@id\":\"https:\/\/konsumpf.de\/#website\",\"url\":\"https:\/\/konsumpf.de\/\",\"name\":\"Konsumpf - Forum f\u00fcr kreative Konsumkritik - Culture Jamming, Nachhaltigkeit, Konzernkritik, Adbusting\",\"description\":\"\",\"potentialAction\":[{\"@type\":\"SearchAction\",\"target\":{\"@type\":\"EntryPoint\",\"urlTemplate\":\"https:\/\/konsumpf.de\/?s={search_term_string}\"},\"query-input\":{\"@type\":\"PropertyValueSpecification\",\"valueRequired\":true,\"valueName\":\"search_term_string\"}}],\"inLanguage\":\"de\"},{\"@type\":\"Person\",\"@id\":\"https:\/\/konsumpf.de\/#\/schema\/person\/e595a6d286b26994e7e0926d70699070\",\"name\":\"Peter M.\",\"sameAs\":[\"http:\/\/konsumpf.de\"]}]}<\/script>\n<!-- \/ Yoast SEO plugin. -->","yoast_head_json":{"title":"\u201eWarum es zivilen Ungehorsam braucht, um unsere Allgemeing\u00fcter zu verteidigen\u201c - Konsumpf - Forum f\u00fcr kreative Konsumkritik - Culture Jamming, Nachhaltigkeit, Konzernkritik, Adbusting","robots":{"index":"index","follow":"follow","max-snippet":"max-snippet:-1","max-image-preview":"max-image-preview:large","max-video-preview":"max-video-preview:-1"},"canonical":"https:\/\/konsumpf.de\/?p=3216","og_locale":"de_DE","og_type":"article","og_title":"\u201eWarum es zivilen Ungehorsam braucht, um unsere Allgemeing\u00fcter zu verteidigen\u201c - Konsumpf - Forum f\u00fcr kreative Konsumkritik - Culture Jamming, Nachhaltigkeit, Konzernkritik, Adbusting","og_description":"Die indische Tr\u00e4gerin des Alternativen Nobelpreises und bekannte Globalisierungskritikerin Vandana Shiva setzt sich in ihrer Heimat schon seit l\u00e4ngerem f\u00fcr die Rechte der indischen Urbev\u00f6lkerung und ein und k\u00e4mpft gegen die sich immer weiter ausbreitenden, \u00fcberm\u00e4chtig wirkenden Gro\u00dfkonzerne, die dabei sind, den Globus unter sich aufzuteilen. Auf der Konferenz \u201eMedico international\u201c hielt sie eine bemerkenswerte [&hellip;]","og_url":"https:\/\/konsumpf.de\/?p=3216","og_site_name":"Konsumpf - Forum f\u00fcr kreative Konsumkritik - Culture Jamming, Nachhaltigkeit, Konzernkritik, Adbusting","article_published_time":"2009-03-01T09:10:53+00:00","article_modified_time":"2009-03-01T15:56:11+00:00","og_image":[{"url":"http:\/\/konsumpf.de\/wp-content\/uploads\/2009\/02\/vandana-shiva-300x199.jpg","type":"","width":"","height":""}],"author":"Peter M.","twitter_card":"summary_large_image","twitter_misc":{"Verfasst von":"Peter M.","Gesch\u00e4tzte Lesezeit":"4\u00a0Minuten"},"schema":{"@context":"https:\/\/schema.org","@graph":[{"@type":"WebPage","@id":"https:\/\/konsumpf.de\/?p=3216","url":"https:\/\/konsumpf.de\/?p=3216","name":"\u201eWarum es zivilen Ungehorsam braucht, um unsere Allgemeing\u00fcter zu verteidigen\u201c - Konsumpf - Forum f\u00fcr kreative Konsumkritik - Culture Jamming, Nachhaltigkeit, Konzernkritik, Adbusting","isPartOf":{"@id":"https:\/\/konsumpf.de\/#website"},"primaryImageOfPage":{"@id":"https:\/\/konsumpf.de\/?p=3216#primaryimage"},"image":{"@id":"https:\/\/konsumpf.de\/?p=3216#primaryimage"},"thumbnailUrl":"http:\/\/konsumpf.de\/wp-content\/uploads\/2009\/02\/vandana-shiva-300x199.jpg","datePublished":"2009-03-01T09:10:53+00:00","dateModified":"2009-03-01T15:56:11+00:00","author":{"@id":"https:\/\/konsumpf.de\/#\/schema\/person\/e595a6d286b26994e7e0926d70699070"},"breadcrumb":{"@id":"https:\/\/konsumpf.de\/?p=3216#breadcrumb"},"inLanguage":"de","potentialAction":[{"@type":"ReadAction","target":["https:\/\/konsumpf.de\/?p=3216"]}]},{"@type":"ImageObject","inLanguage":"de","@id":"https:\/\/konsumpf.de\/?p=3216#primaryimage","url":"https:\/\/konsumpf.de\/wp-content\/uploads\/2009\/02\/vandana-shiva.jpg","contentUrl":"https:\/\/konsumpf.de\/wp-content\/uploads\/2009\/02\/vandana-shiva.jpg","width":"440","height":"293"},{"@type":"BreadcrumbList","@id":"https:\/\/konsumpf.de\/?p=3216#breadcrumb","itemListElement":[{"@type":"ListItem","position":1,"name":"Startseite","item":"https:\/\/konsumpf.de\/"},{"@type":"ListItem","position":2,"name":"\u201eWarum es zivilen Ungehorsam braucht, um unsere Allgemeing\u00fcter zu verteidigen\u201c"}]},{"@type":"WebSite","@id":"https:\/\/konsumpf.de\/#website","url":"https:\/\/konsumpf.de\/","name":"Konsumpf - Forum f\u00fcr kreative Konsumkritik - Culture Jamming, Nachhaltigkeit, Konzernkritik, Adbusting","description":"","potentialAction":[{"@type":"SearchAction","target":{"@type":"EntryPoint","urlTemplate":"https:\/\/konsumpf.de\/?s={search_term_string}"},"query-input":{"@type":"PropertyValueSpecification","valueRequired":true,"valueName":"search_term_string"}}],"inLanguage":"de"},{"@type":"Person","@id":"https:\/\/konsumpf.de\/#\/schema\/person\/e595a6d286b26994e7e0926d70699070","name":"Peter M.","sameAs":["http:\/\/konsumpf.de"]}]}},"_links":{"self":[{"href":"https:\/\/konsumpf.de\/index.php?rest_route=\/wp\/v2\/posts\/3216"}],"collection":[{"href":"https:\/\/konsumpf.de\/index.php?rest_route=\/wp\/v2\/posts"}],"about":[{"href":"https:\/\/konsumpf.de\/index.php?rest_route=\/wp\/v2\/types\/post"}],"author":[{"embeddable":true,"href":"https:\/\/konsumpf.de\/index.php?rest_route=\/wp\/v2\/users\/1"}],"replies":[{"embeddable":true,"href":"https:\/\/konsumpf.de\/index.php?rest_route=%2Fwp%2Fv2%2Fcomments&post=3216"}],"version-history":[{"count":9,"href":"https:\/\/konsumpf.de\/index.php?rest_route=\/wp\/v2\/posts\/3216\/revisions"}],"predecessor-version":[{"id":3232,"href":"https:\/\/konsumpf.de\/index.php?rest_route=\/wp\/v2\/posts\/3216\/revisions\/3232"}],"wp:attachment":[{"href":"https:\/\/konsumpf.de\/index.php?rest_route=%2Fwp%2Fv2%2Fmedia&parent=3216"}],"wp:term":[{"taxonomy":"category","embeddable":true,"href":"https:\/\/konsumpf.de\/index.php?rest_route=%2Fwp%2Fv2%2Fcategories&post=3216"},{"taxonomy":"post_tag","embeddable":true,"href":"https:\/\/konsumpf.de\/index.php?rest_route=%2Fwp%2Fv2%2Ftags&post=3216"}],"curies":[{"name":"wp","href":"https:\/\/api.w.org\/{rel}","templated":true}]}}