{"id":3203,"date":"2009-03-02T09:55:19","date_gmt":"2009-03-02T08:55:19","guid":{"rendered":"http:\/\/konsumpf.de\/?p=3203"},"modified":"2009-03-02T14:56:47","modified_gmt":"2009-03-02T13:56:47","slug":"der-goldene-windbeutel-2009-%e2%80%93-die-wahl-zur-dreistesten-werbeluge","status":"publish","type":"post","link":"https:\/\/konsumpf.de\/?p=3203","title":{"rendered":"Der Goldene Windbeutel 2009 \u2013 Die Wahl zur dreistesten Werbel\u00fcge"},"content":{"rendered":"<p><a href=\"http:\/\/konsumpf.de\/wp-content\/uploads\/2009\/02\/goldener-windbeutel_final.jpg\"><img loading=\"lazy\" decoding=\"async\" class=\"aligncenter size-full wp-image-3205\" title=\"goldener-windbeutel_final\" src=\"http:\/\/konsumpf.de\/wp-content\/uploads\/2009\/02\/goldener-windbeutel_final.jpg\" alt=\"goldener-windbeutel_final\" width=\"500\" height=\"112\" srcset=\"https:\/\/konsumpf.de\/wp-content\/uploads\/2009\/02\/goldener-windbeutel_final.jpg 620w, https:\/\/konsumpf.de\/wp-content\/uploads\/2009\/02\/goldener-windbeutel_final-300x67.jpg 300w\" sizes=\"(max-width: 500px) 100vw, 500px\" \/><\/a><\/p>\n<p><a href=\"http:\/\/www.abgespeist.de\"><strong>Abgespeist<\/strong><\/a>, die Initiative von <strong>foodwatch<\/strong>, die ein kritisches Auge auf die Verschleierungen wirft, die uns die Firmen auf ihren Etiketten angedeihen lassen, um den Verbraucher z.B. ein zuckriges M\u00fcsli als gesund und nat\u00fcrlich vorzugaukeln, ruft derzeit auf, sich an der Abstimmung zum <a href=\"http:\/\/www.abgespeist.de\/der_goldene_windbeutel\/abstimmen\/index_ger.html\">Goldenen Windbeutel, der Wahl der dreistesten Werbel\u00fcge 2009<\/a> zu beteiligen. Noch bis zum 19 .M\u00e4rz kann jeder seinen \u201eFavoriten\u201c aus den vorgeschlagenen Etikettenschwindel-F\u00e4llen herauspicken \u2013 nominiert sind diesmal:<\/p>\n<blockquote><p><strong>Actimel von Danone<\/strong><br \/>\nDanones angebliches Wundermittel pl\u00fcndert zwar ordentlich die Haushaltskasse, ist aber kaum wirkungsvoller als ein normaler Naturjoghurt \u2013 nur doppelt so s\u00fc\u00df. Activer Etikettenschwindel!<\/p>\n<p><strong>Bahlsen Gourmet-Genie\u00dferkuchen von Bahlsen<\/strong><br \/>\nBeworben als eine \u201ebesondere Kombination erlesener Zutaten&#8221;, enth\u00e4lt der Bahlsenkuchen vor allem Zusatzstoffe und Aromen. Und aus welcher Haltungsform die verwendeten Eier stammen, erfahren Verbraucher nicht. Verbrauchtransparenz, Verbraucherservice \u2013 f\u00fcr Bahlsen Fremdw\u00f6rter!<\/p>\n<p><strong>Biene Maja von Bauer<\/strong><br \/>\nWas wie ein gesundes Milchprodukt f\u00fcr Kinder aussieht, ist in Wirklichkeit eine echte Zuckerbombe. Insgesamt 44 St\u00fcck W\u00fcrfelzucker enth\u00e4lt der Trinkjoghurt pro Liter. Das ist mehr als in einem Liter Cola.<\/p>\n<p><strong>Frucht-Tiger von Eckes-Granini<\/strong><br \/>\nFrucht-Tiger ist kein \u201egesunder Durstl\u00f6scher&#8221;, sondern ein Getr\u00e4nk, das die zahnsch\u00e4digende Citronens\u00e4ure (E330) und den umstrittenen S\u00fc\u00dfstoff Aspartam enth\u00e4lt. Eckes-Granini scheint sich Irref\u00fchrung bis zur Zahnf\u00e4ule vorgenommen zu haben!<\/p>\n<p><strong>Bertolli Pesto Verde von Unilever<\/strong><br \/>\nObwohl sie ausdr\u00fccklich beworben werden, sind Pinienkerne und Oliven\u00f6l nur in winzigen Alibi-Mengen enthalten. Ersetzt werden sie durch billigeres Sonnenblumen\u00f6l und Cashewn\u00fcsse. Aufgepeppt mit Aroma und einem S\u00e4uerungsmittel ist der angebliche \u201eKlassiker&#8221; also vor allem eines: eine Mogelpackung.<\/p><\/blockquote>\n<p>Und dazu noch ein kurzes Video mit <strong>Thilo Bode<\/strong> von foodwatch und <a href=\"http:\/\/konsumpf.de\/?p=2659\"><strong>Tobi Schlegl<\/strong><\/a>:<\/p>\n<p><script language=\"javascript\" src=\"http:\/\/abgespeist.de\/common\/js\/swfobject.js\" type=\"text\/javascript\"><\/script><br \/>\n\t<embed type=\"application\/x-shockwave-flash\" src=\"http:\/\/www.abgespeist.de\/common\/flash\/videoplayer.swf\" style=\"\" id=\"mpl\" name=\"mpl\" quality=\"high\" allowscriptaccess=\"always\" allowfullscreen=\"true\" flashvars=\"&amp;file=http:\/\/www.abgespeist.de\/abgespeist\/content\/e7223\/e7580\/e7224\/resVideos7239\/Etikettenschwindel.flv&amp;fullscreen=true&amp;image=http:\/\/www.abgespeist.de\/abgespeist\/content\/e7223\/e7580\/e7224\/resVideos7239\/Bode_und_Schlegel_600x430.jpg&amp;logo=http:\/\/www.abgespeist.de\/common\/flash\/foodwatch-logo_small.png\" width=\"500\" height=\"360\"><\/p>\n<h3 class='related_post_title'>Verwandte Beitr\u00e4ge:<\/h3><ul class='related_post'><li><a href=\"http:\/\/konsumpf.de\/?p=7530\" title=\"Zott \u201egewinnt\u201c den Goldenen Windbeutel 2010 und die Komplett-Kommerzialisierung der Sozialen Netzwerke\">Zott \u201egewinnt\u201c den Goldenen Windbeutel 2010 und die Komplett-Kommerzialisierung der Sozialen Netzwerke<\/a><\/li><li><a href=\"http:\/\/konsumpf.de\/?p=1534\" title=\"Surftipp: Abgespeist\">Surftipp: Abgespeist<\/a><\/li><li><a href=\"http:\/\/konsumpf.de\/?p=14889\" title=\"Die Werbel\u00fcge des Jahres\">Die Werbel\u00fcge des Jahres<\/a><\/li><li><a href=\"http:\/\/konsumpf.de\/?p=14818\" title=\"McDonald&#8217;s raus aus der Schule!\">McDonald&#8217;s raus aus der Schule!<\/a><\/li><li><a href=\"http:\/\/konsumpf.de\/?p=13905\" title=\"Wie die Industrie aus Kindern Junkfood-Junkies macht\">Wie die Industrie aus Kindern Junkfood-Junkies macht<\/a><\/li><\/ul>","protected":false},"excerpt":{"rendered":"<p>Abgespeist, die Initiative von foodwatch, die ein kritisches Auge auf die Verschleierungen wirft, die uns die Firmen auf ihren Etiketten angedeihen lassen, um den Verbraucher z.B. ein zuckriges M\u00fcsli als gesund und nat\u00fcrlich vorzugaukeln, ruft derzeit auf, sich an der Abstimmung zum Goldenen Windbeutel, der Wahl der dreistesten Werbel\u00fcge 2009 zu beteiligen. Noch bis zum [&hellip;]<\/p>\n","protected":false},"author":1,"featured_media":0,"comment_status":"open","ping_status":"open","sticky":false,"template":"","format":"standard","meta":{"footnotes":""},"categories":[16,20,78],"tags":[254,553,255,2859,552],"yoast_head":"<!-- This site is optimized with the Yoast SEO plugin v24.4 - https:\/\/yoast.com\/wordpress\/plugins\/seo\/ -->\n<title>Der Goldene Windbeutel 2009 \u2013 Die Wahl zur dreistesten Werbel\u00fcge - Konsumpf - Forum f\u00fcr kreative Konsumkritik - Culture Jamming, Nachhaltigkeit, Konzernkritik, Adbusting<\/title>\n<meta name=\"robots\" content=\"index, follow, max-snippet:-1, max-image-preview:large, max-video-preview:-1\" \/>\n<link rel=\"canonical\" href=\"https:\/\/konsumpf.de\/?p=3203\" \/>\n<meta property=\"og:locale\" content=\"de_DE\" \/>\n<meta property=\"og:type\" content=\"article\" \/>\n<meta property=\"og:title\" content=\"Der Goldene Windbeutel 2009 \u2013 Die Wahl zur dreistesten Werbel\u00fcge - Konsumpf - Forum f\u00fcr kreative Konsumkritik - Culture Jamming, Nachhaltigkeit, Konzernkritik, Adbusting\" \/>\n<meta property=\"og:description\" content=\"Abgespeist, die Initiative von foodwatch, die ein kritisches Auge auf die Verschleierungen wirft, die uns die Firmen auf ihren Etiketten angedeihen lassen, um den Verbraucher z.B. ein zuckriges M\u00fcsli als gesund und nat\u00fcrlich vorzugaukeln, ruft derzeit auf, sich an der Abstimmung zum Goldenen Windbeutel, der Wahl der dreistesten Werbel\u00fcge 2009 zu beteiligen. Noch bis zum [&hellip;]\" \/>\n<meta property=\"og:url\" content=\"https:\/\/konsumpf.de\/?p=3203\" \/>\n<meta property=\"og:site_name\" content=\"Konsumpf - Forum f\u00fcr kreative Konsumkritik - Culture Jamming, Nachhaltigkeit, Konzernkritik, Adbusting\" \/>\n<meta property=\"article:published_time\" content=\"2009-03-02T08:55:19+00:00\" \/>\n<meta property=\"article:modified_time\" content=\"2009-03-02T13:56:47+00:00\" \/>\n<meta property=\"og:image\" content=\"http:\/\/konsumpf.de\/wp-content\/uploads\/2009\/02\/goldener-windbeutel_final.jpg\" \/>\n<meta name=\"author\" content=\"Peter M.\" \/>\n<meta name=\"twitter:card\" content=\"summary_large_image\" \/>\n<meta name=\"twitter:label1\" content=\"Verfasst von\" \/>\n\t<meta name=\"twitter:data1\" content=\"Peter M.\" \/>\n\t<meta name=\"twitter:label2\" content=\"Gesch\u00e4tzte Lesezeit\" \/>\n\t<meta name=\"twitter:data2\" content=\"1\u00a0Minute\" \/>\n<script type=\"application\/ld+json\" class=\"yoast-schema-graph\">{\"@context\":\"https:\/\/schema.org\",\"@graph\":[{\"@type\":\"WebPage\",\"@id\":\"https:\/\/konsumpf.de\/?p=3203\",\"url\":\"https:\/\/konsumpf.de\/?p=3203\",\"name\":\"Der Goldene Windbeutel 2009 \u2013 Die Wahl zur dreistesten Werbel\u00fcge - Konsumpf - Forum f\u00fcr kreative Konsumkritik - Culture Jamming, Nachhaltigkeit, Konzernkritik, Adbusting\",\"isPartOf\":{\"@id\":\"https:\/\/konsumpf.de\/#website\"},\"primaryImageOfPage\":{\"@id\":\"https:\/\/konsumpf.de\/?p=3203#primaryimage\"},\"image\":{\"@id\":\"https:\/\/konsumpf.de\/?p=3203#primaryimage\"},\"thumbnailUrl\":\"http:\/\/konsumpf.de\/wp-content\/uploads\/2009\/02\/goldener-windbeutel_final.jpg\",\"datePublished\":\"2009-03-02T08:55:19+00:00\",\"dateModified\":\"2009-03-02T13:56:47+00:00\",\"author\":{\"@id\":\"https:\/\/konsumpf.de\/#\/schema\/person\/e595a6d286b26994e7e0926d70699070\"},\"breadcrumb\":{\"@id\":\"https:\/\/konsumpf.de\/?p=3203#breadcrumb\"},\"inLanguage\":\"de\",\"potentialAction\":[{\"@type\":\"ReadAction\",\"target\":[\"https:\/\/konsumpf.de\/?p=3203\"]}]},{\"@type\":\"ImageObject\",\"inLanguage\":\"de\",\"@id\":\"https:\/\/konsumpf.de\/?p=3203#primaryimage\",\"url\":\"https:\/\/konsumpf.de\/wp-content\/uploads\/2009\/02\/goldener-windbeutel_final.jpg\",\"contentUrl\":\"https:\/\/konsumpf.de\/wp-content\/uploads\/2009\/02\/goldener-windbeutel_final.jpg\",\"width\":\"620\",\"height\":\"139\"},{\"@type\":\"BreadcrumbList\",\"@id\":\"https:\/\/konsumpf.de\/?p=3203#breadcrumb\",\"itemListElement\":[{\"@type\":\"ListItem\",\"position\":1,\"name\":\"Startseite\",\"item\":\"https:\/\/konsumpf.de\/\"},{\"@type\":\"ListItem\",\"position\":2,\"name\":\"Der Goldene Windbeutel 2009 \u2013 Die Wahl zur dreistesten Werbel\u00fcge\"}]},{\"@type\":\"WebSite\",\"@id\":\"https:\/\/konsumpf.de\/#website\",\"url\":\"https:\/\/konsumpf.de\/\",\"name\":\"Konsumpf - Forum f\u00fcr kreative Konsumkritik - Culture Jamming, Nachhaltigkeit, Konzernkritik, Adbusting\",\"description\":\"\",\"potentialAction\":[{\"@type\":\"SearchAction\",\"target\":{\"@type\":\"EntryPoint\",\"urlTemplate\":\"https:\/\/konsumpf.de\/?s={search_term_string}\"},\"query-input\":{\"@type\":\"PropertyValueSpecification\",\"valueRequired\":true,\"valueName\":\"search_term_string\"}}],\"inLanguage\":\"de\"},{\"@type\":\"Person\",\"@id\":\"https:\/\/konsumpf.de\/#\/schema\/person\/e595a6d286b26994e7e0926d70699070\",\"name\":\"Peter M.\",\"sameAs\":[\"http:\/\/konsumpf.de\"]}]}<\/script>\n<!-- \/ Yoast SEO plugin. -->","yoast_head_json":{"title":"Der Goldene Windbeutel 2009 \u2013 Die Wahl zur dreistesten Werbel\u00fcge - Konsumpf - Forum f\u00fcr kreative Konsumkritik - Culture Jamming, Nachhaltigkeit, Konzernkritik, Adbusting","robots":{"index":"index","follow":"follow","max-snippet":"max-snippet:-1","max-image-preview":"max-image-preview:large","max-video-preview":"max-video-preview:-1"},"canonical":"https:\/\/konsumpf.de\/?p=3203","og_locale":"de_DE","og_type":"article","og_title":"Der Goldene Windbeutel 2009 \u2013 Die Wahl zur dreistesten Werbel\u00fcge - Konsumpf - Forum f\u00fcr kreative Konsumkritik - Culture Jamming, Nachhaltigkeit, Konzernkritik, Adbusting","og_description":"Abgespeist, die Initiative von foodwatch, die ein kritisches Auge auf die Verschleierungen wirft, die uns die Firmen auf ihren Etiketten angedeihen lassen, um den Verbraucher z.B. ein zuckriges M\u00fcsli als gesund und nat\u00fcrlich vorzugaukeln, ruft derzeit auf, sich an der Abstimmung zum Goldenen Windbeutel, der Wahl der dreistesten Werbel\u00fcge 2009 zu beteiligen. Noch bis zum [&hellip;]","og_url":"https:\/\/konsumpf.de\/?p=3203","og_site_name":"Konsumpf - Forum f\u00fcr kreative Konsumkritik - Culture Jamming, Nachhaltigkeit, Konzernkritik, Adbusting","article_published_time":"2009-03-02T08:55:19+00:00","article_modified_time":"2009-03-02T13:56:47+00:00","og_image":[{"url":"http:\/\/konsumpf.de\/wp-content\/uploads\/2009\/02\/goldener-windbeutel_final.jpg","type":"","width":"","height":""}],"author":"Peter M.","twitter_card":"summary_large_image","twitter_misc":{"Verfasst von":"Peter M.","Gesch\u00e4tzte Lesezeit":"1\u00a0Minute"},"schema":{"@context":"https:\/\/schema.org","@graph":[{"@type":"WebPage","@id":"https:\/\/konsumpf.de\/?p=3203","url":"https:\/\/konsumpf.de\/?p=3203","name":"Der Goldene Windbeutel 2009 \u2013 Die Wahl zur dreistesten Werbel\u00fcge - Konsumpf - Forum f\u00fcr kreative Konsumkritik - Culture Jamming, Nachhaltigkeit, Konzernkritik, Adbusting","isPartOf":{"@id":"https:\/\/konsumpf.de\/#website"},"primaryImageOfPage":{"@id":"https:\/\/konsumpf.de\/?p=3203#primaryimage"},"image":{"@id":"https:\/\/konsumpf.de\/?p=3203#primaryimage"},"thumbnailUrl":"http:\/\/konsumpf.de\/wp-content\/uploads\/2009\/02\/goldener-windbeutel_final.jpg","datePublished":"2009-03-02T08:55:19+00:00","dateModified":"2009-03-02T13:56:47+00:00","author":{"@id":"https:\/\/konsumpf.de\/#\/schema\/person\/e595a6d286b26994e7e0926d70699070"},"breadcrumb":{"@id":"https:\/\/konsumpf.de\/?p=3203#breadcrumb"},"inLanguage":"de","potentialAction":[{"@type":"ReadAction","target":["https:\/\/konsumpf.de\/?p=3203"]}]},{"@type":"ImageObject","inLanguage":"de","@id":"https:\/\/konsumpf.de\/?p=3203#primaryimage","url":"https:\/\/konsumpf.de\/wp-content\/uploads\/2009\/02\/goldener-windbeutel_final.jpg","contentUrl":"https:\/\/konsumpf.de\/wp-content\/uploads\/2009\/02\/goldener-windbeutel_final.jpg","width":"620","height":"139"},{"@type":"BreadcrumbList","@id":"https:\/\/konsumpf.de\/?p=3203#breadcrumb","itemListElement":[{"@type":"ListItem","position":1,"name":"Startseite","item":"https:\/\/konsumpf.de\/"},{"@type":"ListItem","position":2,"name":"Der Goldene Windbeutel 2009 \u2013 Die Wahl zur dreistesten Werbel\u00fcge"}]},{"@type":"WebSite","@id":"https:\/\/konsumpf.de\/#website","url":"https:\/\/konsumpf.de\/","name":"Konsumpf - Forum f\u00fcr kreative Konsumkritik - Culture Jamming, Nachhaltigkeit, Konzernkritik, Adbusting","description":"","potentialAction":[{"@type":"SearchAction","target":{"@type":"EntryPoint","urlTemplate":"https:\/\/konsumpf.de\/?s={search_term_string}"},"query-input":{"@type":"PropertyValueSpecification","valueRequired":true,"valueName":"search_term_string"}}],"inLanguage":"de"},{"@type":"Person","@id":"https:\/\/konsumpf.de\/#\/schema\/person\/e595a6d286b26994e7e0926d70699070","name":"Peter M.","sameAs":["http:\/\/konsumpf.de"]}]}},"_links":{"self":[{"href":"https:\/\/konsumpf.de\/index.php?rest_route=\/wp\/v2\/posts\/3203"}],"collection":[{"href":"https:\/\/konsumpf.de\/index.php?rest_route=\/wp\/v2\/posts"}],"about":[{"href":"https:\/\/konsumpf.de\/index.php?rest_route=\/wp\/v2\/types\/post"}],"author":[{"embeddable":true,"href":"https:\/\/konsumpf.de\/index.php?rest_route=\/wp\/v2\/users\/1"}],"replies":[{"embeddable":true,"href":"https:\/\/konsumpf.de\/index.php?rest_route=%2Fwp%2Fv2%2Fcomments&post=3203"}],"version-history":[{"count":9,"href":"https:\/\/konsumpf.de\/index.php?rest_route=\/wp\/v2\/posts\/3203\/revisions"}],"predecessor-version":[{"id":3235,"href":"https:\/\/konsumpf.de\/index.php?rest_route=\/wp\/v2\/posts\/3203\/revisions\/3235"}],"wp:attachment":[{"href":"https:\/\/konsumpf.de\/index.php?rest_route=%2Fwp%2Fv2%2Fmedia&parent=3203"}],"wp:term":[{"taxonomy":"category","embeddable":true,"href":"https:\/\/konsumpf.de\/index.php?rest_route=%2Fwp%2Fv2%2Fcategories&post=3203"},{"taxonomy":"post_tag","embeddable":true,"href":"https:\/\/konsumpf.de\/index.php?rest_route=%2Fwp%2Fv2%2Ftags&post=3203"}],"curies":[{"name":"wp","href":"https:\/\/api.w.org\/{rel}","templated":true}]}}